{"id":8182,"date":"2017-12-27T21:05:26","date_gmt":"2017-12-27T20:05:26","guid":{"rendered":"https:\/\/marekkuchcinski.pl\/?p=8182"},"modified":"2017-12-27T21:05:26","modified_gmt":"2017-12-27T20:05:26","slug":"list-marszalka-sejmu-okazji-99-rocznicy-powstania-wielkopolskiego","status":"publish","type":"post","link":"https:\/\/marekkuchcinski.pl\/en\/wydarzenia\/list-marszalka-sejmu-okazji-99-rocznicy-powstania-wielkopolskiego\/","title":{"rendered":"Letter of the Speaker of the Sejm on the 99th anniversary of the Wielkopolska Uprising"},"content":{"rendered":"<p><strong>When in 1918, after one hundred and twenty three years of slavery, the independent Republic of Poland was reborn, the Wielkopolska Uprising had a significant impact on the shape of its borders - wrote Marek Kuchci\u0144ski, Speaker of the Sejm, in his letter to the participants of the central celebrations of the 99th anniversary of the Wielkopolska Uprising.<\/strong><\/p>\n<p><a href=\"https:\/\/marekkuchcinski.pl\/wp-content\/uploads\/2017\/12\/PW.png\"><img fetchpriority=\"high\" decoding=\"async\" class=\"alignnone size-full wp-image-8184\" src=\"https:\/\/marekkuchcinski.pl\/wp-content\/uploads\/2017\/12\/PW.png\" alt=\"PW\" width=\"944\" height=\"1346\" srcset=\"https:\/\/marekkuchcinski.pl\/wp-content\/uploads\/2017\/12\/PW.png 944w, https:\/\/marekkuchcinski.pl\/wp-content\/uploads\/2017\/12\/PW-210x300.png 210w, https:\/\/marekkuchcinski.pl\/wp-content\/uploads\/2017\/12\/PW-768x1095.png 768w, https:\/\/marekkuchcinski.pl\/wp-content\/uploads\/2017\/12\/PW-718x1024.png 718w\" sizes=\"(max-width: 944px) 100vw, 944px\" \/><\/a><\/p>\n<p><em>photo: http:\/\/www.nowastrategia.org.pl\/wp-content\/uploads\/2014\/11\/powstanie_wielkopolskie-692\u00d7360.jpg<\/em><\/p>","protected":false},"excerpt":{"rendered":"<p>Kiedy w 1918 roku, po stu dwudziestu trzech latach niewoli, odradza\u0142a si\u0119 niepodleg\u0142a Rzeczpospolita, na kszta\u0142t jej granic znacz\u0105co wp\u0142yn\u0119\u0142o Powstanie Wielkopolskie &#8211; napisa\u0142 w li\u015bcie do uczestnik\u00f3w centralnych obchod\u00f3w 99. rocznicy Powstania Wielkopolskiego marsza\u0142ek Sejmu Marek Kuchci\u0144ski. fot.\u00a0http:\/\/www.nowastrategia.org.pl\/wp-content\/uploads\/2014\/11\/powstanie_wielkopolskie-692&#215;360.jpg<\/p>","protected":false},"author":6,"featured_media":8185,"comment_status":"open","ping_status":"open","sticky":false,"template":"","format":"standard","meta":{"ngg_post_thumbnail":0,"footnotes":""},"categories":[77,3],"tags":[],"class_list":["post-8182","post","type-post","status-publish","format-standard","has-post-thumbnail","hentry","category-wazne-daty","category-wydarzenia"],"_links":{"self":[{"href":"https:\/\/marekkuchcinski.pl\/en\/wp-json\/wp\/v2\/posts\/8182","targetHints":{"allow":["GET"]}}],"collection":[{"href":"https:\/\/marekkuchcinski.pl\/en\/wp-json\/wp\/v2\/posts"}],"about":[{"href":"https:\/\/marekkuchcinski.pl\/en\/wp-json\/wp\/v2\/types\/post"}],"author":[{"embeddable":true,"href":"https:\/\/marekkuchcinski.pl\/en\/wp-json\/wp\/v2\/users\/6"}],"replies":[{"embeddable":true,"href":"https:\/\/marekkuchcinski.pl\/en\/wp-json\/wp\/v2\/comments?post=8182"}],"version-history":[{"count":1,"href":"https:\/\/marekkuchcinski.pl\/en\/wp-json\/wp\/v2\/posts\/8182\/revisions"}],"predecessor-version":[{"id":8186,"href":"https:\/\/marekkuchcinski.pl\/en\/wp-json\/wp\/v2\/posts\/8182\/revisions\/8186"}],"wp:featuredmedia":[{"embeddable":true,"href":"https:\/\/marekkuchcinski.pl\/en\/wp-json\/wp\/v2\/media\/8185"}],"wp:attachment":[{"href":"https:\/\/marekkuchcinski.pl\/en\/wp-json\/wp\/v2\/media?parent=8182"}],"wp:term":[{"taxonomy":"category","embeddable":true,"href":"https:\/\/marekkuchcinski.pl\/en\/wp-json\/wp\/v2\/categories?post=8182"},{"taxonomy":"post_tag","embeddable":true,"href":"https:\/\/marekkuchcinski.pl\/en\/wp-json\/wp\/v2\/tags?post=8182"}],"curies":[{"name":"wp","href":"https:\/\/api.w.org\/{rel}","templated":true}]}}