{"id":8055,"date":"2017-12-12T10:45:28","date_gmt":"2017-12-12T09:45:28","guid":{"rendered":"https:\/\/marekkuchcinski.pl\/?p=8055"},"modified":"2017-12-12T10:51:33","modified_gmt":"2017-12-12T09:51:33","slug":"prezydent-rp-powolal-prezesa-rady-ministrow-wraz-rzadem","status":"publish","type":"post","link":"https:\/\/marekkuchcinski.pl\/en\/wydarzenia\/prezydent-rp-powolal-prezesa-rady-ministrow-wraz-rzadem\/","title":{"rendered":"The President of the Republic of Poland appointed the Prime Minister along with the government"},"content":{"rendered":"<p><strong>President of the Republic of Poland Andrzej Duda appointed Mateusz Morawiecki as the Prime Minister. As he stressed: the new Prime Minister has decided that he wants to work with these people and convince himself.\u00a0<\/strong>- We will try to make the government of the United Right wing a government of united Poland, a government of all citizens,\" said the Prime Minister.<\/p>\n<p>The president also made appointments to the Council of Ministers:<\/p>\n<ul>\n<li>Mr Mateusz MORAWIECKI - for the post of the Minister of Development and Finance<\/li>\n<li>Beata SZYD\u0141O - for the post of Deputy Prime Minister<\/li>\n<li>Piotr GLI\u0143SKI - for the offices of Deputy Prime Minister and Minister of Culture and National Heritage<\/li>\n<li>Jaros\u0142aw GOWIN - for the offices of the Deputy Prime Minister and Minister of Science and Higher Education<\/li>\n<li>Mariusz B\u0141ASZCZAK - for the post of Minister of Internal Affairs and Administration<\/li>\n<li>Antoni MACIEREWICZ - for the post of the Minister of National Defence<\/li>\n<li>Mr Witold WASZCZYKOWSKI - for the post of Minister of Foreign Affairs<\/li>\n<li>Krzysztof TCH\u00d3RZEWSKI - for the post of the Minister of Energy<\/li>\n<li>Zbigniew ZIOBRA - for the office of the Minister of Justice<\/li>\n<li>Anna ZALEWSKA - for the post of the Minister of National Education<\/li>\n<li>Jan SZYSZKA - for the post of Minister of the Environment<\/li>\n<li>Ms El\u017cbieta RAFALSKA - for the post of Minister of Family Affairs, Labour and Social Policy<\/li>\n<li>Krzysztof JURGIEL - for the post of Minister of Agriculture and Rural Development<\/li>\n<li>Andrzej ADAMCZYK - for the post of Minister of Infrastructure and Construction<\/li>\n<li>Konstanty RADZIWI\u00a3 - for the post of the Minister of Health<\/li>\n<li>Marek GR\u00d3BARCZYK - as Minister of Maritime Economy and Inland Navigation<\/li>\n<li>Anna STRE\u017bY\u0143SKA - for the post of the Minister of Digitalisation<\/li>\n<li>Witold BA\u00d1KA - for the post of the Minister of Sport and Tourism<\/li>\n<li>Ms Beata KEMPA - for the post of Minister - Member of the Council of Ministers<\/li>\n<li>El\u017cbieta WITEK - for the post of Minister - Member of the Council of Ministers<\/li>\n<li>Mariusz KAMI\u0143SKI - for the post of Minister - Member of the Council of Ministers<\/li>\n<li>Henryk KOWALCZYK - for the post of Minister - Member of the Council of Ministers<\/li>\n<\/ul>\n<p>The new members of the Council of Ministers took an oath before the President of Poland.<\/p>\n<p><em>president.pl<\/em><\/p>\n<p><em>Photo: Pawel Kula<\/em><\/p>\n<p><a href=\"https:\/\/marekkuchcinski.pl\/wp-content\/uploads\/2017\/12\/DSCF7692.jpg\"><img fetchpriority=\"high\" decoding=\"async\" class=\"alignnone size-full wp-image-8056\" src=\"https:\/\/marekkuchcinski.pl\/wp-content\/uploads\/2017\/12\/DSCF7692.jpg\" alt=\"DSCF7692\" width=\"4244\" height=\"2598\" srcset=\"https:\/\/marekkuchcinski.pl\/wp-content\/uploads\/2017\/12\/DSCF7692.jpg 2048w, https:\/\/marekkuchcinski.pl\/wp-content\/uploads\/2017\/12\/DSCF7692-300x184.jpg 300w, https:\/\/marekkuchcinski.pl\/wp-content\/uploads\/2017\/12\/DSCF7692-768x470.jpg 768w, https:\/\/marekkuchcinski.pl\/wp-content\/uploads\/2017\/12\/DSCF7692-1024x627.jpg 1024w\" sizes=\"(max-width: 4244px) 100vw, 4244px\" \/><\/a> <a href=\"https:\/\/marekkuchcinski.pl\/wp-content\/uploads\/2017\/12\/KU259519.jpg\"><img decoding=\"async\" class=\"alignnone size-full wp-image-8058\" src=\"https:\/\/marekkuchcinski.pl\/wp-content\/uploads\/2017\/12\/KU259519.jpg\" alt=\"KU259519\" width=\"1800\" height=\"1200\" srcset=\"https:\/\/marekkuchcinski.pl\/wp-content\/uploads\/2017\/12\/KU259519.jpg 1800w, https:\/\/marekkuchcinski.pl\/wp-content\/uploads\/2017\/12\/KU259519-300x200.jpg 300w, https:\/\/marekkuchcinski.pl\/wp-content\/uploads\/2017\/12\/KU259519-768x512.jpg 768w, https:\/\/marekkuchcinski.pl\/wp-content\/uploads\/2017\/12\/KU259519-1024x683.jpg 1024w\" sizes=\"(max-width: 1800px) 100vw, 1800px\" \/><\/a> <a href=\"https:\/\/marekkuchcinski.pl\/wp-content\/uploads\/2017\/12\/KU259538.jpg\"><img decoding=\"async\" class=\"alignnone size-full wp-image-8059\" src=\"https:\/\/marekkuchcinski.pl\/wp-content\/uploads\/2017\/12\/KU259538.jpg\" alt=\"KU259538\" width=\"1800\" height=\"1200\" srcset=\"https:\/\/marekkuchcinski.pl\/wp-content\/uploads\/2017\/12\/KU259538.jpg 1800w, https:\/\/marekkuchcinski.pl\/wp-content\/uploads\/2017\/12\/KU259538-300x200.jpg 300w, https:\/\/marekkuchcinski.pl\/wp-content\/uploads\/2017\/12\/KU259538-768x512.jpg 768w, https:\/\/marekkuchcinski.pl\/wp-content\/uploads\/2017\/12\/KU259538-1024x683.jpg 1024w\" sizes=\"(max-width: 1800px) 100vw, 1800px\" \/><\/a> <a href=\"https:\/\/marekkuchcinski.pl\/wp-content\/uploads\/2017\/12\/KU259570.jpg\"><img loading=\"lazy\" decoding=\"async\" class=\"alignnone size-full wp-image-8060\" src=\"https:\/\/marekkuchcinski.pl\/wp-content\/uploads\/2017\/12\/KU259570.jpg\" alt=\"KU259570\" width=\"1800\" height=\"1200\" srcset=\"https:\/\/marekkuchcinski.pl\/wp-content\/uploads\/2017\/12\/KU259570.jpg 1800w, https:\/\/marekkuchcinski.pl\/wp-content\/uploads\/2017\/12\/KU259570-300x200.jpg 300w, https:\/\/marekkuchcinski.pl\/wp-content\/uploads\/2017\/12\/KU259570-768x512.jpg 768w, https:\/\/marekkuchcinski.pl\/wp-content\/uploads\/2017\/12\/KU259570-1024x683.jpg 1024w\" sizes=\"(max-width: 1800px) 100vw, 1800px\" \/><\/a> <a href=\"https:\/\/marekkuchcinski.pl\/wp-content\/uploads\/2017\/12\/KU259677.jpg\"><img loading=\"lazy\" decoding=\"async\" class=\"alignnone size-full wp-image-8061\" src=\"https:\/\/marekkuchcinski.pl\/wp-content\/uploads\/2017\/12\/KU259677.jpg\" alt=\"KU259677\" width=\"1800\" height=\"1200\" srcset=\"https:\/\/marekkuchcinski.pl\/wp-content\/uploads\/2017\/12\/KU259677.jpg 1800w, https:\/\/marekkuchcinski.pl\/wp-content\/uploads\/2017\/12\/KU259677-300x200.jpg 300w, https:\/\/marekkuchcinski.pl\/wp-content\/uploads\/2017\/12\/KU259677-768x512.jpg 768w, https:\/\/marekkuchcinski.pl\/wp-content\/uploads\/2017\/12\/KU259677-1024x683.jpg 1024w\" sizes=\"(max-width: 1800px) 100vw, 1800px\" \/><\/a> <a href=\"https:\/\/marekkuchcinski.pl\/wp-content\/uploads\/2017\/12\/KU259814.jpg\"><img loading=\"lazy\" decoding=\"async\" class=\"alignnone size-full wp-image-8062\" src=\"https:\/\/marekkuchcinski.pl\/wp-content\/uploads\/2017\/12\/KU259814.jpg\" alt=\"KU259814\" width=\"1800\" height=\"1200\" srcset=\"https:\/\/marekkuchcinski.pl\/wp-content\/uploads\/2017\/12\/KU259814.jpg 1800w, https:\/\/marekkuchcinski.pl\/wp-content\/uploads\/2017\/12\/KU259814-300x200.jpg 300w, https:\/\/marekkuchcinski.pl\/wp-content\/uploads\/2017\/12\/KU259814-768x512.jpg 768w, https:\/\/marekkuchcinski.pl\/wp-content\/uploads\/2017\/12\/KU259814-1024x683.jpg 1024w\" sizes=\"(max-width: 1800px) 100vw, 1800px\" \/><\/a> <a href=\"https:\/\/marekkuchcinski.pl\/wp-content\/uploads\/2017\/12\/KU259927.jpg\"><img loading=\"lazy\" decoding=\"async\" class=\"alignnone size-full wp-image-8063\" src=\"https:\/\/marekkuchcinski.pl\/wp-content\/uploads\/2017\/12\/KU259927.jpg\" alt=\"KU259927\" width=\"1800\" height=\"1200\" srcset=\"https:\/\/marekkuchcinski.pl\/wp-content\/uploads\/2017\/12\/KU259927.jpg 1800w, https:\/\/marekkuchcinski.pl\/wp-content\/uploads\/2017\/12\/KU259927-300x200.jpg 300w, https:\/\/marekkuchcinski.pl\/wp-content\/uploads\/2017\/12\/KU259927-768x512.jpg 768w, https:\/\/marekkuchcinski.pl\/wp-content\/uploads\/2017\/12\/KU259927-1024x683.jpg 1024w\" sizes=\"(max-width: 1800px) 100vw, 1800px\" \/><\/a> <a href=\"https:\/\/marekkuchcinski.pl\/wp-content\/uploads\/2017\/12\/KU260517.jpg\"><img loading=\"lazy\" decoding=\"async\" class=\"alignnone size-full wp-image-8064\" src=\"https:\/\/marekkuchcinski.pl\/wp-content\/uploads\/2017\/12\/KU260517.jpg\" alt=\"KU260517\" width=\"1800\" height=\"1200\" srcset=\"https:\/\/marekkuchcinski.pl\/wp-content\/uploads\/2017\/12\/KU260517.jpg 1800w, https:\/\/marekkuchcinski.pl\/wp-content\/uploads\/2017\/12\/KU260517-300x200.jpg 300w, https:\/\/marekkuchcinski.pl\/wp-content\/uploads\/2017\/12\/KU260517-768x512.jpg 768w, https:\/\/marekkuchcinski.pl\/wp-content\/uploads\/2017\/12\/KU260517-1024x683.jpg 1024w\" sizes=\"(max-width: 1800px) 100vw, 1800px\" \/><\/a> <a href=\"https:\/\/marekkuchcinski.pl\/wp-content\/uploads\/2017\/12\/KU261037.jpg\"><img loading=\"lazy\" decoding=\"async\" class=\"alignnone size-full wp-image-8065\" src=\"https:\/\/marekkuchcinski.pl\/wp-content\/uploads\/2017\/12\/KU261037.jpg\" alt=\"KU261037\" width=\"1800\" height=\"1200\" srcset=\"https:\/\/marekkuchcinski.pl\/wp-content\/uploads\/2017\/12\/KU261037.jpg 1800w, https:\/\/marekkuchcinski.pl\/wp-content\/uploads\/2017\/12\/KU261037-300x200.jpg 300w, https:\/\/marekkuchcinski.pl\/wp-content\/uploads\/2017\/12\/KU261037-768x512.jpg 768w, https:\/\/marekkuchcinski.pl\/wp-content\/uploads\/2017\/12\/KU261037-1024x683.jpg 1024w\" sizes=\"(max-width: 1800px) 100vw, 1800px\" \/><\/a> <a href=\"https:\/\/marekkuchcinski.pl\/wp-content\/uploads\/2017\/12\/KU261126.jpg\"><img loading=\"lazy\" decoding=\"async\" class=\"alignnone size-full wp-image-8067\" src=\"https:\/\/marekkuchcinski.pl\/wp-content\/uploads\/2017\/12\/KU261126.jpg\" alt=\"KU261126\" width=\"1800\" height=\"1200\" srcset=\"https:\/\/marekkuchcinski.pl\/wp-content\/uploads\/2017\/12\/KU261126.jpg 1800w, https:\/\/marekkuchcinski.pl\/wp-content\/uploads\/2017\/12\/KU261126-300x200.jpg 300w, https:\/\/marekkuchcinski.pl\/wp-content\/uploads\/2017\/12\/KU261126-768x512.jpg 768w, https:\/\/marekkuchcinski.pl\/wp-content\/uploads\/2017\/12\/KU261126-1024x683.jpg 1024w\" sizes=\"(max-width: 1800px) 100vw, 1800px\" \/><\/a><\/p>","protected":false},"excerpt":{"rendered":"<p>Prezydent Rzeczypospolitej Polskiej Andrzej Duda powo\u0142a\u0142 Mateusza Morawieckiego na urz\u0105d Prezesa Rady Ministr\u00f3w. Jak podkre\u015bli\u0142: nowy premier zdecydowa\u0142, \u017ce chce pracowa\u0107 z tymi lud\u017ami i si\u0119 do nich przekona\u0107.\u00a0&#8211; B\u0119dziemy starali si\u0119, \u017ceby rz\u0105d Zjednoczonej Prawicy by\u0142 rz\u0105dem zjednoczonej Polski, \u017ceby by\u0142 rz\u0105dem wszystkich obywateli\u00a0&#8211; powiedzia\u0142 premier. Prezydent\u00a0 powo\u0142a\u0142 tak\u017ce w sk\u0142ad Rady Ministr\u00f3w: Mateusza [&hellip;]<\/p>\n","protected":false},"author":6,"featured_media":8062,"comment_status":"open","ping_status":"open","sticky":false,"template":"","format":"standard","meta":{"ngg_post_thumbnail":0,"footnotes":""},"categories":[82,3],"tags":[],"class_list":["post-8055","post","type-post","status-publish","format-standard","has-post-thumbnail","hentry","category-prawo-i-sprawiedliwosc","category-wydarzenia"],"_links":{"self":[{"href":"https:\/\/marekkuchcinski.pl\/en\/wp-json\/wp\/v2\/posts\/8055","targetHints":{"allow":["GET"]}}],"collection":[{"href":"https:\/\/marekkuchcinski.pl\/en\/wp-json\/wp\/v2\/posts"}],"about":[{"href":"https:\/\/marekkuchcinski.pl\/en\/wp-json\/wp\/v2\/types\/post"}],"author":[{"embeddable":true,"href":"https:\/\/marekkuchcinski.pl\/en\/wp-json\/wp\/v2\/users\/6"}],"replies":[{"embeddable":true,"href":"https:\/\/marekkuchcinski.pl\/en\/wp-json\/wp\/v2\/comments?post=8055"}],"version-history":[{"count":3,"href":"https:\/\/marekkuchcinski.pl\/en\/wp-json\/wp\/v2\/posts\/8055\/revisions"}],"predecessor-version":[{"id":8070,"href":"https:\/\/marekkuchcinski.pl\/en\/wp-json\/wp\/v2\/posts\/8055\/revisions\/8070"}],"wp:featuredmedia":[{"embeddable":true,"href":"https:\/\/marekkuchcinski.pl\/en\/wp-json\/wp\/v2\/media\/8062"}],"wp:attachment":[{"href":"https:\/\/marekkuchcinski.pl\/en\/wp-json\/wp\/v2\/media?parent=8055"}],"wp:term":[{"taxonomy":"category","embeddable":true,"href":"https:\/\/marekkuchcinski.pl\/en\/wp-json\/wp\/v2\/categories?post=8055"},{"taxonomy":"post_tag","embeddable":true,"href":"https:\/\/marekkuchcinski.pl\/en\/wp-json\/wp\/v2\/tags?post=8055"}],"curies":[{"name":"wp","href":"https:\/\/api.w.org\/{rel}","templated":true}]}}