{"id":7641,"date":"2022-11-01T10:29:00","date_gmt":"2022-11-01T09:29:00","guid":{"rendered":"https:\/\/marekkuchcinski.pl\/?p=7641"},"modified":"2022-11-01T11:39:47","modified_gmt":"2022-11-01T10:39:47","slug":"7641","status":"publish","type":"post","link":"https:\/\/marekkuchcinski.pl\/en\/wydarzenia\/7641\/","title":{"rendered":"Przemysl Necropolises"},"content":{"rendered":"<hr \/>\n<p><strong>Someone once said that if you want to know the history of the city and its citizens, you have to go to the cemetery. It is like an open book, from which you can read a lot.<\/strong><\/p>\n<p>Soldiers of two wars, soldiers of the Austro-Hungarian army, legionaries who died fighting for Przemysl, borderlanders murdered by the OUN-UPA, victims of the NKVD, soldiers of the Home Army, the Przemysl Eaglets, the Enclaved Soldiers and many others rest in the cemeteries of Przemysl.<\/p>\n<p>One cannot understand a city without immersing oneself in its history. Subcarpathian necropolises, like the one in Yaroslavl, are among the oldest in Europe. They spin a tale of ancient history, cemetery paths lead us between atmospheric monuments carved in the workshops of masters, lead us into the world, or perhaps the afterworld of soldiers, insurgents, thinkers, artists and ordinary residents of the region, each of whom, after all, had their own interesting fate. It would be unfeasible to remind you of all of them. So we would like to draw your attention to a few graves:<\/p>\n<p><em>Photo: Piotr Michalski<\/em><\/p>\n<p><a href=\"https:\/\/marekkuchcinski.pl\/wp-content\/uploads\/2017\/10\/pjk.jpg\"><img fetchpriority=\"high\" decoding=\"async\" class=\"alignnone size-full wp-image-10550\" src=\"https:\/\/marekkuchcinski.pl\/wp-content\/uploads\/2017\/10\/pjk.jpg\" alt=\"pjk\" width=\"1365\" height=\"2048\" srcset=\"https:\/\/marekkuchcinski.pl\/wp-content\/uploads\/2017\/10\/pjk.jpg 1365w, https:\/\/marekkuchcinski.pl\/wp-content\/uploads\/2017\/10\/pjk-200x300.jpg 200w, https:\/\/marekkuchcinski.pl\/wp-content\/uploads\/2017\/10\/pjk-768x1152.jpg 768w, https:\/\/marekkuchcinski.pl\/wp-content\/uploads\/2017\/10\/pjk-683x1024.jpg 683w\" sizes=\"(max-width: 1365px) 100vw, 1365px\" \/><\/a>First president of Przemysl buried at the main cemetery<a href=\"https:\/\/marekkuchcinski.pl\/wp-content\/uploads\/2017\/10\/14753853_1229535310452827_8810917204655088661_o.jpg\"><img decoding=\"async\" class=\"alignnone size-full wp-image-7654\" src=\"https:\/\/marekkuchcinski.pl\/wp-content\/uploads\/2017\/10\/14753853_1229535310452827_8810917204655088661_o.jpg\" alt=\"14753853_1229535310452827_8810917204655088661_o\" width=\"1362\" height=\"2048\" srcset=\"https:\/\/marekkuchcinski.pl\/wp-content\/uploads\/2017\/10\/14753853_1229535310452827_8810917204655088661_o.jpg 1362w, https:\/\/marekkuchcinski.pl\/wp-content\/uploads\/2017\/10\/14753853_1229535310452827_8810917204655088661_o-200x300.jpg 200w, https:\/\/marekkuchcinski.pl\/wp-content\/uploads\/2017\/10\/14753853_1229535310452827_8810917204655088661_o-768x1155.jpg 768w, https:\/\/marekkuchcinski.pl\/wp-content\/uploads\/2017\/10\/14753853_1229535310452827_8810917204655088661_o-681x1024.jpg 681w\" sizes=\"(max-width: 1362px) 100vw, 1362px\" \/><\/a>On the Zasan cemetery attention is drawn to a huge 28-meter cross made of fragments of the spans of a destroyed bridge.<a href=\"https:\/\/marekkuchcinski.pl\/wp-content\/uploads\/2017\/10\/23131529_1717857454953941_229588672_o.jpg\"><img decoding=\"async\" class=\"alignnone size-full wp-image-7643\" src=\"https:\/\/marekkuchcinski.pl\/wp-content\/uploads\/2017\/10\/23131529_1717857454953941_229588672_o.jpg\" alt=\"23131529_1717857454953941_229588672_o\" width=\"2048\" height=\"1365\" srcset=\"https:\/\/marekkuchcinski.pl\/wp-content\/uploads\/2017\/10\/23131529_1717857454953941_229588672_o.jpg 2048w, https:\/\/marekkuchcinski.pl\/wp-content\/uploads\/2017\/10\/23131529_1717857454953941_229588672_o-300x200.jpg 300w, https:\/\/marekkuchcinski.pl\/wp-content\/uploads\/2017\/10\/23131529_1717857454953941_229588672_o-768x512.jpg 768w, https:\/\/marekkuchcinski.pl\/wp-content\/uploads\/2017\/10\/23131529_1717857454953941_229588672_o-1024x683.jpg 1024w\" sizes=\"(max-width: 2048px) 100vw, 2048px\" \/><\/a>The Cemetery of Austro-Hungarian Soldiers (1914-1918) is a complex of four cemeteries from World War I. They are connected with the role of the Przemy\u015bl Fortress during the Great War. Their creation is connected with the role that the Przemy\u015bl Fortress played during the Great War. Thousands of soldiers killed during the bloody, three-fold siege of the Przemy\u015bl Fortress in the years 1914-1915 found their final resting place here. (White and red ribbon on the flowers: Marek Kuchci\u0144ski, Speaker of the Polish Parliament).<\/p>\n<p><a href=\"https:\/\/marekkuchcinski.pl\/wp-content\/uploads\/2017\/10\/23157995_1717854338287586_73979395_o.jpg\"><img loading=\"lazy\" decoding=\"async\" class=\"alignnone size-full wp-image-7649\" src=\"https:\/\/marekkuchcinski.pl\/wp-content\/uploads\/2017\/10\/23157995_1717854338287586_73979395_o.jpg\" alt=\"23157995_1717854338287586_73979395_o\" width=\"1363\" height=\"2048\" srcset=\"https:\/\/marekkuchcinski.pl\/wp-content\/uploads\/2017\/10\/23157995_1717854338287586_73979395_o.jpg 1363w, https:\/\/marekkuchcinski.pl\/wp-content\/uploads\/2017\/10\/23157995_1717854338287586_73979395_o-200x300.jpg 200w, https:\/\/marekkuchcinski.pl\/wp-content\/uploads\/2017\/10\/23157995_1717854338287586_73979395_o-768x1154.jpg 768w, https:\/\/marekkuchcinski.pl\/wp-content\/uploads\/2017\/10\/23157995_1717854338287586_73979395_o-682x1024.jpg 682w\" sizes=\"(max-width: 1363px) 100vw, 1363px\" \/><\/a>Monument commemorating the soldiers of the Home Army - the underground armed forces of the Polish Underground State during World War II, operating on the territory of the Republic of Poland occupied by Germany and the USSR.<a href=\"https:\/\/marekkuchcinski.pl\/wp-content\/uploads\/2017\/10\/23131191_1717821934957493_1745297038_o.jpg\"><img loading=\"lazy\" decoding=\"async\" class=\"alignnone size-full wp-image-7652\" src=\"https:\/\/marekkuchcinski.pl\/wp-content\/uploads\/2017\/10\/23131191_1717821934957493_1745297038_o.jpg\" alt=\"23131191_1717821934957493_1745297038_o\" width=\"2048\" height=\"1365\" srcset=\"https:\/\/marekkuchcinski.pl\/wp-content\/uploads\/2017\/10\/23131191_1717821934957493_1745297038_o.jpg 2048w, https:\/\/marekkuchcinski.pl\/wp-content\/uploads\/2017\/10\/23131191_1717821934957493_1745297038_o-300x200.jpg 300w, https:\/\/marekkuchcinski.pl\/wp-content\/uploads\/2017\/10\/23131191_1717821934957493_1745297038_o-768x512.jpg 768w, https:\/\/marekkuchcinski.pl\/wp-content\/uploads\/2017\/10\/23131191_1717821934957493_1745297038_o-1024x683.jpg 1024w\" sizes=\"(max-width: 2048px) 100vw, 2048px\" \/><\/a>Tomb of the Defenders of Przemysl<a href=\"https:\/\/marekkuchcinski.pl\/wp-content\/uploads\/2017\/10\/23134982_1717990318273988_1237749262_o.jpg\"><img loading=\"lazy\" decoding=\"async\" class=\"alignnone size-full wp-image-7678\" src=\"https:\/\/marekkuchcinski.pl\/wp-content\/uploads\/2017\/10\/23134982_1717990318273988_1237749262_o.jpg\" alt=\"23134982_1717990318273988_1237749262_o\" width=\"2048\" height=\"1365\" srcset=\"https:\/\/marekkuchcinski.pl\/wp-content\/uploads\/2017\/10\/23134982_1717990318273988_1237749262_o.jpg 2048w, https:\/\/marekkuchcinski.pl\/wp-content\/uploads\/2017\/10\/23134982_1717990318273988_1237749262_o-300x200.jpg 300w, https:\/\/marekkuchcinski.pl\/wp-content\/uploads\/2017\/10\/23134982_1717990318273988_1237749262_o-768x512.jpg 768w, https:\/\/marekkuchcinski.pl\/wp-content\/uploads\/2017\/10\/23134982_1717990318273988_1237749262_o-1024x683.jpg 1024w\" sizes=\"(max-width: 2048px) 100vw, 2048px\" \/><\/a><a href=\"https:\/\/marekkuchcinski.pl\/wp-content\/uploads\/2017\/10\/23134950_1717822551624098_1010820101_o.jpg\"><img loading=\"lazy\" decoding=\"async\" class=\"alignnone size-full wp-image-7656\" src=\"https:\/\/marekkuchcinski.pl\/wp-content\/uploads\/2017\/10\/23134950_1717822551624098_1010820101_o.jpg\" alt=\"23134950_1717822551624098_1010820101_o\" width=\"1365\" height=\"2048\" srcset=\"https:\/\/marekkuchcinski.pl\/wp-content\/uploads\/2017\/10\/23134950_1717822551624098_1010820101_o.jpg 1365w, https:\/\/marekkuchcinski.pl\/wp-content\/uploads\/2017\/10\/23134950_1717822551624098_1010820101_o-200x300.jpg 200w, https:\/\/marekkuchcinski.pl\/wp-content\/uploads\/2017\/10\/23134950_1717822551624098_1010820101_o-768x1152.jpg 768w, https:\/\/marekkuchcinski.pl\/wp-content\/uploads\/2017\/10\/23134950_1717822551624098_1010820101_o-683x1024.jpg 683w\" sizes=\"(max-width: 1365px) 100vw, 1365px\" \/><\/a><strong>Star of Przemysl<\/strong> was a badge awarded to participants of fights for the conquest of Przemysl which took place from November 1918 to May 1919. In November 1919. The Military and Civic Committee worked out the Statute of the Badge of Honour for the defenders of Przemy\u015bl under the name \"The Star of Przemy\u015bl\". The project of the badge was made by Prof. Jankowski and Engineer Kazimierz Osinski. The stamp was made by Wiktor Wlosinski, an artist, and the badges were minted in E. Unger's company in Lvov. Unger company in Lviv.<\/p>\n<p><a href=\"https:\/\/marekkuchcinski.pl\/wp-content\/uploads\/2017\/10\/23134885_1717853538287666_461682229_o.jpg\"><img loading=\"lazy\" decoding=\"async\" class=\"alignnone size-full wp-image-7655\" src=\"https:\/\/marekkuchcinski.pl\/wp-content\/uploads\/2017\/10\/23134885_1717853538287666_461682229_o.jpg\" alt=\"23134885_1717853538287666_461682229_o\" width=\"1363\" height=\"2048\" srcset=\"https:\/\/marekkuchcinski.pl\/wp-content\/uploads\/2017\/10\/23134885_1717853538287666_461682229_o.jpg 1363w, https:\/\/marekkuchcinski.pl\/wp-content\/uploads\/2017\/10\/23134885_1717853538287666_461682229_o-200x300.jpg 200w, https:\/\/marekkuchcinski.pl\/wp-content\/uploads\/2017\/10\/23134885_1717853538287666_461682229_o-768x1154.jpg 768w, https:\/\/marekkuchcinski.pl\/wp-content\/uploads\/2017\/10\/23134885_1717853538287666_461682229_o-682x1024.jpg 682w\" sizes=\"(max-width: 1363px) 100vw, 1363px\" \/><\/a><strong>Monument commemorating the Poles from the Eastern Borderlands murdered by OUN-UPA.<\/strong>\u00a0The inscription on the monument reads: ...If I forget about them, You, God... forget about me... In memory of Poles murdered in 1943-1945 in Volhynia and Eastern Lesser Poland, including those who left their homeland to escape terror and extermination at the hands of OUN-UPA on the 60th anniversary of this great tragedy - Compatriots, Przemy\u015bl, July 2003.<a href=\"https:\/\/marekkuchcinski.pl\/wp-content\/uploads\/2017\/10\/23113210_1717856214954065_290753323_o.jpg\"><img loading=\"lazy\" decoding=\"async\" class=\"alignnone size-full wp-image-7647\" src=\"https:\/\/marekkuchcinski.pl\/wp-content\/uploads\/2017\/10\/23113210_1717856214954065_290753323_o.jpg\" alt=\"23113210_1717856214954065_290753323_o\" width=\"2048\" height=\"1365\" srcset=\"https:\/\/marekkuchcinski.pl\/wp-content\/uploads\/2017\/10\/23113210_1717856214954065_290753323_o.jpg 2048w, https:\/\/marekkuchcinski.pl\/wp-content\/uploads\/2017\/10\/23113210_1717856214954065_290753323_o-300x200.jpg 300w, https:\/\/marekkuchcinski.pl\/wp-content\/uploads\/2017\/10\/23113210_1717856214954065_290753323_o-768x512.jpg 768w, https:\/\/marekkuchcinski.pl\/wp-content\/uploads\/2017\/10\/23113210_1717856214954065_290753323_o-1024x683.jpg 1024w\" sizes=\"(max-width: 2048px) 100vw, 2048px\" \/><\/a><strong>Tomb of the Unknown Soldier.<\/strong> It contains the nameless remains of a soldier killed in 1918 on the outskirts of Przemy\u015bl during the battle of Nizankowice. The inscription on the grave reads: To the Unknown Soldier - Compatriots 31 V MCMXXV.<a href=\"https:\/\/marekkuchcinski.pl\/wp-content\/uploads\/2017\/10\/23131436_1717856828287337_2107238758_o.jpg\"><img loading=\"lazy\" decoding=\"async\" class=\"alignnone size-full wp-image-7646\" src=\"https:\/\/marekkuchcinski.pl\/wp-content\/uploads\/2017\/10\/23131436_1717856828287337_2107238758_o.jpg\" alt=\"23131436_1717856828287337_2107238758_o\" width=\"2048\" height=\"1366\" srcset=\"https:\/\/marekkuchcinski.pl\/wp-content\/uploads\/2017\/10\/23131436_1717856828287337_2107238758_o.jpg 2048w, https:\/\/marekkuchcinski.pl\/wp-content\/uploads\/2017\/10\/23131436_1717856828287337_2107238758_o-300x200.jpg 300w, https:\/\/marekkuchcinski.pl\/wp-content\/uploads\/2017\/10\/23131436_1717856828287337_2107238758_o-768x512.jpg 768w, https:\/\/marekkuchcinski.pl\/wp-content\/uploads\/2017\/10\/23131436_1717856828287337_2107238758_o-1024x683.jpg 1024w\" sizes=\"(max-width: 2048px) 100vw, 2048px\" \/><\/a><strong>Obelisk dedicated to fallen Polish Legionaries<\/strong>which was moved to the Military Cemetery from the Main Cemetery.<a href=\"https:\/\/marekkuchcinski.pl\/wp-content\/uploads\/2017\/10\/23131310_1717983111608042_727793413_o.jpg\"><img loading=\"lazy\" decoding=\"async\" class=\"alignnone size-full wp-image-7673\" src=\"https:\/\/marekkuchcinski.pl\/wp-content\/uploads\/2017\/10\/23131310_1717983111608042_727793413_o.jpg\" alt=\"23131310_1717983111608042_727793413_o\" width=\"2048\" height=\"1367\" srcset=\"https:\/\/marekkuchcinski.pl\/wp-content\/uploads\/2017\/10\/23131310_1717983111608042_727793413_o.jpg 2048w, https:\/\/marekkuchcinski.pl\/wp-content\/uploads\/2017\/10\/23131310_1717983111608042_727793413_o-300x200.jpg 300w, https:\/\/marekkuchcinski.pl\/wp-content\/uploads\/2017\/10\/23131310_1717983111608042_727793413_o-768x513.jpg 768w, https:\/\/marekkuchcinski.pl\/wp-content\/uploads\/2017\/10\/23131310_1717983111608042_727793413_o-1024x684.jpg 1024w\" sizes=\"(max-width: 2048px) 100vw, 2048px\" \/><\/a>The inscription on it reads: To the Fallen Polish Legionaries 1914-1918 on the 70th Anniversary of Regaining Polish Independence, thanks to the efforts of the Society of Friends of the City and Region this commemorative obelisk was saved from destruction, renovated and placed in a new place.<a href=\"https:\/\/marekkuchcinski.pl\/wp-content\/uploads\/2017\/10\/23113033_1717823888290631_1650057608_o.jpg\"><img loading=\"lazy\" decoding=\"async\" class=\"alignnone size-full wp-image-7651\" src=\"https:\/\/marekkuchcinski.pl\/wp-content\/uploads\/2017\/10\/23113033_1717823888290631_1650057608_o.jpg\" alt=\"23113033_1717823888290631_1650057608_o\" width=\"2048\" height=\"1365\" srcset=\"https:\/\/marekkuchcinski.pl\/wp-content\/uploads\/2017\/10\/23113033_1717823888290631_1650057608_o.jpg 2048w, https:\/\/marekkuchcinski.pl\/wp-content\/uploads\/2017\/10\/23113033_1717823888290631_1650057608_o-300x200.jpg 300w, https:\/\/marekkuchcinski.pl\/wp-content\/uploads\/2017\/10\/23113033_1717823888290631_1650057608_o-768x512.jpg 768w, https:\/\/marekkuchcinski.pl\/wp-content\/uploads\/2017\/10\/23113033_1717823888290631_1650057608_o-1024x683.jpg 1024w\" sizes=\"(max-width: 2048px) 100vw, 2048px\" \/><\/a><strong>The tomb of the Wnorowski family.<\/strong> Alicja Wnorowska \"Ewa\", Irena Szajowska \"Hanka\", and Maria Grzegorczyk worked for the Przemy\u015bl Intelligence Brigades. By mid-1946, they were handing over plans of operational activities, lists and photographs of clerks, lists of people wanted by appointment letters and those wanted for underground activity, excerpts from protocols of interrogation of the arrested, personal data and tasks of the agents, lists of prisoners, as well as reporting documents and the scheme of functioning of the WUBP.  Wnorowska was sentenced to death, which was changed to life imprisonment due to her advanced pregnancy. Grzegorczyk was sentenced to life imprisonment. Szajowska received a 15-year prison sentence.<a href=\"https:\/\/marekkuchcinski.pl\/wp-content\/uploads\/2017\/10\/23135045_1717852671621086_512518898_o.jpg\"><img loading=\"lazy\" decoding=\"async\" class=\"alignnone size-full wp-image-7657\" src=\"https:\/\/marekkuchcinski.pl\/wp-content\/uploads\/2017\/10\/23135045_1717852671621086_512518898_o.jpg\" alt=\"23135045_1717852671621086_512518898_o\" width=\"2048\" height=\"1365\" srcset=\"https:\/\/marekkuchcinski.pl\/wp-content\/uploads\/2017\/10\/23135045_1717852671621086_512518898_o.jpg 2048w, https:\/\/marekkuchcinski.pl\/wp-content\/uploads\/2017\/10\/23135045_1717852671621086_512518898_o-300x200.jpg 300w, https:\/\/marekkuchcinski.pl\/wp-content\/uploads\/2017\/10\/23135045_1717852671621086_512518898_o-768x512.jpg 768w, https:\/\/marekkuchcinski.pl\/wp-content\/uploads\/2017\/10\/23135045_1717852671621086_512518898_o-1024x683.jpg 1024w\" sizes=\"(max-width: 2048px) 100vw, 2048px\" \/><\/a><a href=\"https:\/\/marekkuchcinski.pl\/wp-content\/uploads\/2017\/10\/IMG_3710-1.jpg\"><img loading=\"lazy\" decoding=\"async\" class=\"alignnone wp-image-7718\" src=\"https:\/\/marekkuchcinski.pl\/wp-content\/uploads\/2017\/10\/IMG_3710-1.jpg\" alt=\"IMG_3710 (1)\" width=\"873\" height=\"1164\" srcset=\"https:\/\/marekkuchcinski.pl\/wp-content\/uploads\/2017\/10\/IMG_3710-1.jpg 600w, https:\/\/marekkuchcinski.pl\/wp-content\/uploads\/2017\/10\/IMG_3710-1-225x300.jpg 225w\" sizes=\"(max-width: 873px) 100vw, 873px\" \/><\/a><\/p>\n<p>Here he rests\u00a0<strong>Alexander Dworski<\/strong>He was a Polish social activist, advocate, deputy to the State Council and the Galicia Regional Sejm (Parliament), and mayor of Przemy\u015bl for many years. He established the Communal Savings Bank, and on his initiative, the Association of Galician Towns was founded. During his time in office, Przemy\u015bl's schools were expanded, waterworks were introduced, the city was electrified, a Brother Albert shelter for the homeless was built, as well as a \"House of shelter and work for the elderly\". He was the chairman of the hospital committee, at the initiative of which the general hospital was built. He was awarded the Commandery of the Order of St. Gregory by Pope Leo XIII and the Order of Francis Joseph.<a href=\"https:\/\/marekkuchcinski.pl\/wp-content\/uploads\/2017\/10\/received_1719110504828636-1.jpeg\"><img loading=\"lazy\" decoding=\"async\" class=\"alignnone size-full wp-image-7723\" src=\"https:\/\/marekkuchcinski.pl\/wp-content\/uploads\/2017\/10\/received_1719110504828636-1.jpeg\" alt=\"received_1719110504828636\" width=\"2048\" height=\"1355\" srcset=\"https:\/\/marekkuchcinski.pl\/wp-content\/uploads\/2017\/10\/received_1719110504828636-1.jpeg 2048w, https:\/\/marekkuchcinski.pl\/wp-content\/uploads\/2017\/10\/received_1719110504828636-1-300x198.jpeg 300w, https:\/\/marekkuchcinski.pl\/wp-content\/uploads\/2017\/10\/received_1719110504828636-1-768x508.jpeg 768w, https:\/\/marekkuchcinski.pl\/wp-content\/uploads\/2017\/10\/received_1719110504828636-1-1024x678.jpeg 1024w\" sizes=\"(max-width: 2048px) 100vw, 2048px\" \/><\/a>Bas-relief of St. Joseph crowning the tomb of the Lanikiewicz family, in which J\u00f3zef Lanikiewicz, participant of the uprising of 1863, starost of Przemy\u015bl in 1897-1910 and government commissioner (in the position of mayor) from January 28, 1914 to November 5, 19134, is buried.<a href=\"https:\/\/marekkuchcinski.pl\/wp-content\/uploads\/2017\/10\/23131475_1717987684940918_1104667609_o.jpg\"><img loading=\"lazy\" decoding=\"async\" class=\"alignnone size-full wp-image-7676\" src=\"https:\/\/marekkuchcinski.pl\/wp-content\/uploads\/2017\/10\/23131475_1717987684940918_1104667609_o.jpg\" alt=\"23131475_1717987684940918_1104667609_o\" width=\"1381\" height=\"2048\" srcset=\"https:\/\/marekkuchcinski.pl\/wp-content\/uploads\/2017\/10\/23131475_1717987684940918_1104667609_o.jpg 1381w, https:\/\/marekkuchcinski.pl\/wp-content\/uploads\/2017\/10\/23131475_1717987684940918_1104667609_o-202x300.jpg 202w, https:\/\/marekkuchcinski.pl\/wp-content\/uploads\/2017\/10\/23131475_1717987684940918_1104667609_o-768x1139.jpg 768w, https:\/\/marekkuchcinski.pl\/wp-content\/uploads\/2017\/10\/23131475_1717987684940918_1104667609_o-691x1024.jpg 691w\" sizes=\"(max-width: 1381px) 100vw, 1381px\" \/><\/a> <a href=\"https:\/\/marekkuchcinski.pl\/wp-content\/uploads\/2017\/10\/23135078_1717987498274270_2040358593_o.jpg\"><img loading=\"lazy\" decoding=\"async\" class=\"alignnone size-full wp-image-7677\" src=\"https:\/\/marekkuchcinski.pl\/wp-content\/uploads\/2017\/10\/23135078_1717987498274270_2040358593_o.jpg\" alt=\"23135078_1717987498274270_2040358593_o\" width=\"2048\" height=\"1365\" srcset=\"https:\/\/marekkuchcinski.pl\/wp-content\/uploads\/2017\/10\/23135078_1717987498274270_2040358593_o.jpg 2048w, https:\/\/marekkuchcinski.pl\/wp-content\/uploads\/2017\/10\/23135078_1717987498274270_2040358593_o-300x200.jpg 300w, https:\/\/marekkuchcinski.pl\/wp-content\/uploads\/2017\/10\/23135078_1717987498274270_2040358593_o-768x512.jpg 768w, https:\/\/marekkuchcinski.pl\/wp-content\/uploads\/2017\/10\/23135078_1717987498274270_2040358593_o-1024x683.jpg 1024w\" sizes=\"(max-width: 2048px) 100vw, 2048px\" \/><\/a>Railroad workers associated with the Hungarian-Galician railroad.<em><a href=\"https:\/\/marekkuchcinski.pl\/wp-content\/uploads\/2017\/10\/23134972_1716592005080486_13718885_o.jpg\"><img loading=\"lazy\" decoding=\"async\" class=\"alignnone size-full wp-image-7679\" src=\"https:\/\/marekkuchcinski.pl\/wp-content\/uploads\/2017\/10\/23134972_1716592005080486_13718885_o.jpg\" alt=\"23134972_1716592005080486_13718885_o\" width=\"1355\" height=\"2048\" srcset=\"https:\/\/marekkuchcinski.pl\/wp-content\/uploads\/2017\/10\/23134972_1716592005080486_13718885_o.jpg 1355w, https:\/\/marekkuchcinski.pl\/wp-content\/uploads\/2017\/10\/23134972_1716592005080486_13718885_o-198x300.jpg 198w, https:\/\/marekkuchcinski.pl\/wp-content\/uploads\/2017\/10\/23134972_1716592005080486_13718885_o-768x1161.jpg 768w, https:\/\/marekkuchcinski.pl\/wp-content\/uploads\/2017\/10\/23134972_1716592005080486_13718885_o-678x1024.jpg 678w\" sizes=\"(max-width: 1355px) 100vw, 1355px\" \/><\/a> <a href=\"https:\/\/marekkuchcinski.pl\/wp-content\/uploads\/2017\/10\/23157953_1716657175073969_131672227_o.jpg\"><img loading=\"lazy\" decoding=\"async\" class=\"alignnone size-full wp-image-7680\" src=\"https:\/\/marekkuchcinski.pl\/wp-content\/uploads\/2017\/10\/23157953_1716657175073969_131672227_o.jpg\" alt=\"23157953_1716657175073969_131672227_o\" width=\"1365\" height=\"2048\" srcset=\"https:\/\/marekkuchcinski.pl\/wp-content\/uploads\/2017\/10\/23157953_1716657175073969_131672227_o.jpg 1365w, https:\/\/marekkuchcinski.pl\/wp-content\/uploads\/2017\/10\/23157953_1716657175073969_131672227_o-200x300.jpg 200w, https:\/\/marekkuchcinski.pl\/wp-content\/uploads\/2017\/10\/23157953_1716657175073969_131672227_o-768x1152.jpg 768w, https:\/\/marekkuchcinski.pl\/wp-content\/uploads\/2017\/10\/23157953_1716657175073969_131672227_o-683x1024.jpg 683w\" sizes=\"(max-width: 1365px) 100vw, 1365px\" \/><\/a> <a href=\"https:\/\/marekkuchcinski.pl\/wp-content\/uploads\/2017\/10\/23113225_1716656151740738_1429173171_o.jpg\"><img loading=\"lazy\" decoding=\"async\" class=\"alignnone size-full wp-image-7681\" src=\"https:\/\/marekkuchcinski.pl\/wp-content\/uploads\/2017\/10\/23113225_1716656151740738_1429173171_o.jpg\" alt=\"23113225_1716656151740738_1429173171_o\" width=\"1369\" height=\"2048\" srcset=\"https:\/\/marekkuchcinski.pl\/wp-content\/uploads\/2017\/10\/23113225_1716656151740738_1429173171_o.jpg 1369w, https:\/\/marekkuchcinski.pl\/wp-content\/uploads\/2017\/10\/23113225_1716656151740738_1429173171_o-201x300.jpg 201w, https:\/\/marekkuchcinski.pl\/wp-content\/uploads\/2017\/10\/23113225_1716656151740738_1429173171_o-768x1149.jpg 768w, https:\/\/marekkuchcinski.pl\/wp-content\/uploads\/2017\/10\/23113225_1716656151740738_1429173171_o-685x1024.jpg 685w\" sizes=\"(max-width: 1369px) 100vw, 1369px\" \/><\/a><\/em><a href=\"https:\/\/marekkuchcinski.pl\/wp-content\/uploads\/2017\/10\/22829212_1714913918581628_1911785337789979390_o.jpg\"><img loading=\"lazy\" decoding=\"async\" class=\"alignnone size-full wp-image-7688\" src=\"https:\/\/marekkuchcinski.pl\/wp-content\/uploads\/2017\/10\/22829212_1714913918581628_1911785337789979390_o.jpg\" alt=\"22829212_1714913918581628_1911785337789979390_o\" width=\"2048\" height=\"1365\" srcset=\"https:\/\/marekkuchcinski.pl\/wp-content\/uploads\/2017\/10\/22829212_1714913918581628_1911785337789979390_o.jpg 2048w, https:\/\/marekkuchcinski.pl\/wp-content\/uploads\/2017\/10\/22829212_1714913918581628_1911785337789979390_o-300x200.jpg 300w, https:\/\/marekkuchcinski.pl\/wp-content\/uploads\/2017\/10\/22829212_1714913918581628_1911785337789979390_o-768x512.jpg 768w, https:\/\/marekkuchcinski.pl\/wp-content\/uploads\/2017\/10\/22829212_1714913918581628_1911785337789979390_o-1024x683.jpg 1024w\" sizes=\"(max-width: 2048px) 100vw, 2048px\" \/><\/a> <a href=\"https:\/\/marekkuchcinski.pl\/wp-content\/uploads\/2017\/10\/22713376_1705476522858701_1811237956598670209_o.jpg\"><img loading=\"lazy\" decoding=\"async\" class=\"alignnone size-full wp-image-7689\" src=\"https:\/\/marekkuchcinski.pl\/wp-content\/uploads\/2017\/10\/22713376_1705476522858701_1811237956598670209_o.jpg\" alt=\"22713376_1705476522858701_1811237956598670209_o\" width=\"1365\" height=\"2048\" srcset=\"https:\/\/marekkuchcinski.pl\/wp-content\/uploads\/2017\/10\/22713376_1705476522858701_1811237956598670209_o.jpg 1365w, https:\/\/marekkuchcinski.pl\/wp-content\/uploads\/2017\/10\/22713376_1705476522858701_1811237956598670209_o-200x300.jpg 200w, https:\/\/marekkuchcinski.pl\/wp-content\/uploads\/2017\/10\/22713376_1705476522858701_1811237956598670209_o-768x1152.jpg 768w, https:\/\/marekkuchcinski.pl\/wp-content\/uploads\/2017\/10\/22713376_1705476522858701_1811237956598670209_o-683x1024.jpg 683w\" sizes=\"(max-width: 1365px) 100vw, 1365px\" \/><\/a> Tombstone of general Maciej Maruniak. At the age of 18 he joined the Austrian army as a volunteer and was assigned to the 10th Infantry Regiment in Przemysl. In 1849, he received the first officer's rank. After 27 years of service in the 10th Infantry Regiment, he was transferred to the National Defense in 1872. In 1874, he passed the exam for staff officer, was promoted to major and became commander of the 59th Battalion of National Defense in Przemysl. <a href=\"https:\/\/marekkuchcinski.pl\/wp-content\/uploads\/2017\/10\/22549071_1705539819519038_8076641234468170915_o.jpg\"><img loading=\"lazy\" decoding=\"async\" class=\"alignnone size-full wp-image-7690\" src=\"https:\/\/marekkuchcinski.pl\/wp-content\/uploads\/2017\/10\/22549071_1705539819519038_8076641234468170915_o.jpg\" alt=\"22549071_1705539819519038_8076641234468170915_o\" width=\"1367\" height=\"2048\" srcset=\"https:\/\/marekkuchcinski.pl\/wp-content\/uploads\/2017\/10\/22549071_1705539819519038_8076641234468170915_o.jpg 1367w, https:\/\/marekkuchcinski.pl\/wp-content\/uploads\/2017\/10\/22549071_1705539819519038_8076641234468170915_o-200x300.jpg 200w, https:\/\/marekkuchcinski.pl\/wp-content\/uploads\/2017\/10\/22549071_1705539819519038_8076641234468170915_o-768x1151.jpg 768w, https:\/\/marekkuchcinski.pl\/wp-content\/uploads\/2017\/10\/22549071_1705539819519038_8076641234468170915_o-684x1024.jpg 684w\" sizes=\"(max-width: 1367px) 100vw, 1367px\" \/><\/a> <a href=\"https:\/\/marekkuchcinski.pl\/wp-content\/uploads\/2017\/10\/22555641_1706459172760436_6167898631354337267_o.jpg\"><img loading=\"lazy\" decoding=\"async\" class=\"alignnone size-full wp-image-7691\" src=\"https:\/\/marekkuchcinski.pl\/wp-content\/uploads\/2017\/10\/22555641_1706459172760436_6167898631354337267_o.jpg\" alt=\"22555641_1706459172760436_6167898631354337267_o\" width=\"1365\" height=\"2048\" srcset=\"https:\/\/marekkuchcinski.pl\/wp-content\/uploads\/2017\/10\/22555641_1706459172760436_6167898631354337267_o.jpg 1365w, https:\/\/marekkuchcinski.pl\/wp-content\/uploads\/2017\/10\/22555641_1706459172760436_6167898631354337267_o-200x300.jpg 200w, https:\/\/marekkuchcinski.pl\/wp-content\/uploads\/2017\/10\/22555641_1706459172760436_6167898631354337267_o-768x1152.jpg 768w, https:\/\/marekkuchcinski.pl\/wp-content\/uploads\/2017\/10\/22555641_1706459172760436_6167898631354337267_o-683x1024.jpg 683w\" sizes=\"(max-width: 1365px) 100vw, 1365px\" \/><\/a> Grave of Kazimierz Schaller, 23 year old lieutenant of the 37th Infantry Regiment, who died a heroic death in the defense of the Eastern Borderlands near Lviv on April 30, 1919. On April 30, 1919 in the village of Glinna his unit was surrounded and Schaller himself was killed in battle. He was decorated with the Virtuti Militari Order and the \"Star of Przemysl\". <a href=\"https:\/\/marekkuchcinski.pl\/wp-content\/uploads\/2017\/10\/22555607_1706314746108212_5869912935474862851_o.jpg\"><img loading=\"lazy\" decoding=\"async\" class=\"alignnone size-full wp-image-7692\" src=\"https:\/\/marekkuchcinski.pl\/wp-content\/uploads\/2017\/10\/22555607_1706314746108212_5869912935474862851_o.jpg\" alt=\"22555607_1706314746108212_5869912935474862851_o\" width=\"2048\" height=\"1365\" srcset=\"https:\/\/marekkuchcinski.pl\/wp-content\/uploads\/2017\/10\/22555607_1706314746108212_5869912935474862851_o.jpg 2048w, https:\/\/marekkuchcinski.pl\/wp-content\/uploads\/2017\/10\/22555607_1706314746108212_5869912935474862851_o-300x200.jpg 300w, https:\/\/marekkuchcinski.pl\/wp-content\/uploads\/2017\/10\/22555607_1706314746108212_5869912935474862851_o-768x512.jpg 768w, https:\/\/marekkuchcinski.pl\/wp-content\/uploads\/2017\/10\/22555607_1706314746108212_5869912935474862851_o-1024x683.jpg 1024w\" sizes=\"(max-width: 2048px) 100vw, 2048px\" \/><\/a> <a href=\"https:\/\/marekkuchcinski.pl\/wp-content\/uploads\/2017\/10\/22829030_1709017562504597_4897967895364143590_o.jpg\"><img loading=\"lazy\" decoding=\"async\" class=\"alignnone size-full wp-image-7693\" src=\"https:\/\/marekkuchcinski.pl\/wp-content\/uploads\/2017\/10\/22829030_1709017562504597_4897967895364143590_o.jpg\" alt=\"22829030_1709017562504597_4897967895364143590_o\" width=\"2048\" height=\"1386\" srcset=\"https:\/\/marekkuchcinski.pl\/wp-content\/uploads\/2017\/10\/22829030_1709017562504597_4897967895364143590_o.jpg 2048w, https:\/\/marekkuchcinski.pl\/wp-content\/uploads\/2017\/10\/22829030_1709017562504597_4897967895364143590_o-300x203.jpg 300w, https:\/\/marekkuchcinski.pl\/wp-content\/uploads\/2017\/10\/22829030_1709017562504597_4897967895364143590_o-768x520.jpg 768w, https:\/\/marekkuchcinski.pl\/wp-content\/uploads\/2017\/10\/22829030_1709017562504597_4897967895364143590_o-1024x693.jpg 1024w\" sizes=\"(max-width: 2048px) 100vw, 2048px\" \/><\/a> <a href=\"https:\/\/marekkuchcinski.pl\/wp-content\/uploads\/2017\/10\/23172442_1725129704226716_3957114162695109585_n.jpg\"><img loading=\"lazy\" decoding=\"async\" class=\"alignnone  wp-image-7763\" src=\"https:\/\/marekkuchcinski.pl\/wp-content\/uploads\/2017\/10\/23172442_1725129704226716_3957114162695109585_n.jpg\" alt=\"23172442_1725129704226716_3957114162695109585_n\" width=\"913\" height=\"1370\" srcset=\"https:\/\/marekkuchcinski.pl\/wp-content\/uploads\/2017\/10\/23172442_1725129704226716_3957114162695109585_n.jpg 640w, https:\/\/marekkuchcinski.pl\/wp-content\/uploads\/2017\/10\/23172442_1725129704226716_3957114162695109585_n-200x300.jpg 200w\" sizes=\"(max-width: 913px) 100vw, 913px\" \/><\/a><a href=\"https:\/\/marekkuchcinski.pl\/wp-content\/uploads\/2017\/10\/23172735_1726258890780464_3269487978065371923_n.jpg\"><img loading=\"lazy\" decoding=\"async\" class=\"alignnone  wp-image-7764\" src=\"https:\/\/marekkuchcinski.pl\/wp-content\/uploads\/2017\/10\/23172735_1726258890780464_3269487978065371923_n.jpg\" alt=\"23172735_1726258890780464_3269487978065371923_n\" width=\"859\" height=\"1289\" srcset=\"https:\/\/marekkuchcinski.pl\/wp-content\/uploads\/2017\/10\/23172735_1726258890780464_3269487978065371923_n.jpg 640w, https:\/\/marekkuchcinski.pl\/wp-content\/uploads\/2017\/10\/23172735_1726258890780464_3269487978065371923_n-200x300.jpg 200w\" sizes=\"(max-width: 859px) 100vw, 859px\" \/><\/a> <a href=\"https:\/\/marekkuchcinski.pl\/wp-content\/uploads\/2017\/10\/23215541_1723565101049843_2410519086298710660_o.jpg\"><img loading=\"lazy\" decoding=\"async\" class=\"alignnone size-full wp-image-7765\" src=\"https:\/\/marekkuchcinski.pl\/wp-content\/uploads\/2017\/10\/23215541_1723565101049843_2410519086298710660_o.jpg\" alt=\"23215541_1723565101049843_2410519086298710660_o\" width=\"2048\" height=\"1367\" srcset=\"https:\/\/marekkuchcinski.pl\/wp-content\/uploads\/2017\/10\/23215541_1723565101049843_2410519086298710660_o.jpg 2048w, https:\/\/marekkuchcinski.pl\/wp-content\/uploads\/2017\/10\/23215541_1723565101049843_2410519086298710660_o-300x200.jpg 300w, https:\/\/marekkuchcinski.pl\/wp-content\/uploads\/2017\/10\/23215541_1723565101049843_2410519086298710660_o-768x513.jpg 768w, https:\/\/marekkuchcinski.pl\/wp-content\/uploads\/2017\/10\/23215541_1723565101049843_2410519086298710660_o-1024x684.jpg 1024w\" sizes=\"(max-width: 2048px) 100vw, 2048px\" \/><\/a>\u00a0<a href=\"https:\/\/marekkuchcinski.pl\/wp-content\/uploads\/2017\/10\/23270112_1726253340781019_4660197318406454605_o.jpg\"><img loading=\"lazy\" decoding=\"async\" class=\"alignnone size-full wp-image-7767\" src=\"https:\/\/marekkuchcinski.pl\/wp-content\/uploads\/2017\/10\/23270112_1726253340781019_4660197318406454605_o.jpg\" alt=\"23270112_1726253340781019_4660197318406454605_o\" width=\"2048\" height=\"1365\" srcset=\"https:\/\/marekkuchcinski.pl\/wp-content\/uploads\/2017\/10\/23270112_1726253340781019_4660197318406454605_o.jpg 2048w, https:\/\/marekkuchcinski.pl\/wp-content\/uploads\/2017\/10\/23270112_1726253340781019_4660197318406454605_o-300x200.jpg 300w, https:\/\/marekkuchcinski.pl\/wp-content\/uploads\/2017\/10\/23270112_1726253340781019_4660197318406454605_o-768x512.jpg 768w, https:\/\/marekkuchcinski.pl\/wp-content\/uploads\/2017\/10\/23270112_1726253340781019_4660197318406454605_o-1024x683.jpg 1024w\" sizes=\"(max-width: 2048px) 100vw, 2048px\" \/><\/a> <a href=\"https:\/\/marekkuchcinski.pl\/wp-content\/uploads\/2017\/10\/23316708_1726258824113804_7983266386168127469_n.jpg\"><img loading=\"lazy\" decoding=\"async\" class=\"alignnone  wp-image-7768\" src=\"https:\/\/marekkuchcinski.pl\/wp-content\/uploads\/2017\/10\/23316708_1726258824113804_7983266386168127469_n.jpg\" alt=\"23316708_1726258824113804_7983266386168127469_n\" width=\"834\" height=\"1251\" srcset=\"https:\/\/marekkuchcinski.pl\/wp-content\/uploads\/2017\/10\/23316708_1726258824113804_7983266386168127469_n.jpg 640w, https:\/\/marekkuchcinski.pl\/wp-content\/uploads\/2017\/10\/23316708_1726258824113804_7983266386168127469_n-200x300.jpg 200w\" sizes=\"(max-width: 834px) 100vw, 834px\" \/><\/a><a href=\"https:\/\/marekkuchcinski.pl\/wp-content\/uploads\/2017\/10\/22792008_1710324139040606_5916074600236349574_o.jpg\"><img loading=\"lazy\" decoding=\"async\" class=\"alignnone size-full wp-image-7694\" src=\"https:\/\/marekkuchcinski.pl\/wp-content\/uploads\/2017\/10\/22792008_1710324139040606_5916074600236349574_o.jpg\" alt=\"22792008_1710324139040606_5916074600236349574_o\" width=\"2048\" height=\"1386\" srcset=\"https:\/\/marekkuchcinski.pl\/wp-content\/uploads\/2017\/10\/22792008_1710324139040606_5916074600236349574_o.jpg 2048w, https:\/\/marekkuchcinski.pl\/wp-content\/uploads\/2017\/10\/22792008_1710324139040606_5916074600236349574_o-300x203.jpg 300w, https:\/\/marekkuchcinski.pl\/wp-content\/uploads\/2017\/10\/22792008_1710324139040606_5916074600236349574_o-768x520.jpg 768w, https:\/\/marekkuchcinski.pl\/wp-content\/uploads\/2017\/10\/22792008_1710324139040606_5916074600236349574_o-1024x693.jpg 1024w\" sizes=\"(max-width: 2048px) 100vw, 2048px\" \/><\/a> <a href=\"https:\/\/marekkuchcinski.pl\/wp-content\/uploads\/2017\/10\/22791697_1712694132136940_6324121462643483742_o.jpg\"><img loading=\"lazy\" decoding=\"async\" class=\"alignnone size-full wp-image-7695\" src=\"https:\/\/marekkuchcinski.pl\/wp-content\/uploads\/2017\/10\/22791697_1712694132136940_6324121462643483742_o.jpg\" alt=\"22791697_1712694132136940_6324121462643483742_o\" width=\"1365\" height=\"2048\" srcset=\"https:\/\/marekkuchcinski.pl\/wp-content\/uploads\/2017\/10\/22791697_1712694132136940_6324121462643483742_o.jpg 1365w, https:\/\/marekkuchcinski.pl\/wp-content\/uploads\/2017\/10\/22791697_1712694132136940_6324121462643483742_o-200x300.jpg 200w, https:\/\/marekkuchcinski.pl\/wp-content\/uploads\/2017\/10\/22791697_1712694132136940_6324121462643483742_o-768x1152.jpg 768w, https:\/\/marekkuchcinski.pl\/wp-content\/uploads\/2017\/10\/22791697_1712694132136940_6324121462643483742_o-683x1024.jpg 683w\" sizes=\"(max-width: 1365px) 100vw, 1365px\" \/><\/a> <a href=\"https:\/\/marekkuchcinski.pl\/wp-content\/uploads\/2017\/10\/22792288_1713551875384499_1438115001718709660_o.jpg\"><img loading=\"lazy\" decoding=\"async\" class=\"alignnone size-full wp-image-7696\" src=\"https:\/\/marekkuchcinski.pl\/wp-content\/uploads\/2017\/10\/22792288_1713551875384499_1438115001718709660_o.jpg\" alt=\"22792288_1713551875384499_1438115001718709660_o\" width=\"2048\" height=\"1365\" srcset=\"https:\/\/marekkuchcinski.pl\/wp-content\/uploads\/2017\/10\/22792288_1713551875384499_1438115001718709660_o.jpg 2048w, https:\/\/marekkuchcinski.pl\/wp-content\/uploads\/2017\/10\/22792288_1713551875384499_1438115001718709660_o-300x200.jpg 300w, https:\/\/marekkuchcinski.pl\/wp-content\/uploads\/2017\/10\/22792288_1713551875384499_1438115001718709660_o-768x512.jpg 768w, https:\/\/marekkuchcinski.pl\/wp-content\/uploads\/2017\/10\/22792288_1713551875384499_1438115001718709660_o-1024x683.jpg 1024w\" sizes=\"(max-width: 2048px) 100vw, 2048px\" \/><\/a> <a href=\"https:\/\/marekkuchcinski.pl\/wp-content\/uploads\/2017\/10\/22859754_1714922525247434_8789341561454646164_o.jpg\"><img loading=\"lazy\" decoding=\"async\" class=\"alignnone size-full wp-image-7697\" src=\"https:\/\/marekkuchcinski.pl\/wp-content\/uploads\/2017\/10\/22859754_1714922525247434_8789341561454646164_o.jpg\" alt=\"22859754_1714922525247434_8789341561454646164_o\" width=\"1367\" height=\"2048\" srcset=\"https:\/\/marekkuchcinski.pl\/wp-content\/uploads\/2017\/10\/22859754_1714922525247434_8789341561454646164_o.jpg 1367w, https:\/\/marekkuchcinski.pl\/wp-content\/uploads\/2017\/10\/22859754_1714922525247434_8789341561454646164_o-200x300.jpg 200w, https:\/\/marekkuchcinski.pl\/wp-content\/uploads\/2017\/10\/22859754_1714922525247434_8789341561454646164_o-768x1151.jpg 768w, https:\/\/marekkuchcinski.pl\/wp-content\/uploads\/2017\/10\/22859754_1714922525247434_8789341561454646164_o-684x1024.jpg 684w\" sizes=\"(max-width: 1367px) 100vw, 1367px\" \/><\/a> <a href=\"https:\/\/marekkuchcinski.pl\/wp-content\/uploads\/2017\/10\/22860112_1716655038407516_1287516788227956390_o.jpg\"><img loading=\"lazy\" decoding=\"async\" class=\"alignnone size-full wp-image-7698\" src=\"https:\/\/marekkuchcinski.pl\/wp-content\/uploads\/2017\/10\/22860112_1716655038407516_1287516788227956390_o.jpg\" alt=\"22860112_1716655038407516_1287516788227956390_o\" width=\"2048\" height=\"1365\" srcset=\"https:\/\/marekkuchcinski.pl\/wp-content\/uploads\/2017\/10\/22860112_1716655038407516_1287516788227956390_o.jpg 2048w, https:\/\/marekkuchcinski.pl\/wp-content\/uploads\/2017\/10\/22860112_1716655038407516_1287516788227956390_o-300x200.jpg 300w, https:\/\/marekkuchcinski.pl\/wp-content\/uploads\/2017\/10\/22860112_1716655038407516_1287516788227956390_o-768x512.jpg 768w, https:\/\/marekkuchcinski.pl\/wp-content\/uploads\/2017\/10\/22860112_1716655038407516_1287516788227956390_o-1024x683.jpg 1024w\" sizes=\"(max-width: 2048px) 100vw, 2048px\" \/><\/a><a href=\"https:\/\/marekkuchcinski.pl\/wp-content\/uploads\/2017\/10\/gur.jpg\"><img loading=\"lazy\" decoding=\"async\" class=\"wp-image-7707 alignleft\" src=\"https:\/\/marekkuchcinski.pl\/wp-content\/uploads\/2017\/10\/gur.jpg\" alt=\"gur\" width=\"350\" height=\"506\" srcset=\"https:\/\/marekkuchcinski.pl\/wp-content\/uploads\/2017\/10\/gur.jpg 358w, https:\/\/marekkuchcinski.pl\/wp-content\/uploads\/2017\/10\/gur-207x300.jpg 207w\" sizes=\"(max-width: 350px) 100vw, 350px\" \/><\/a><\/p>\n<p>Kazimierz Gurbiel took part in the September campaign. During the fighting near Krakowiec, he was wounded, and then taken prisoner by the Germans, from which he escaped. During an attempt to get to Hungary, he was arrested by the NKVD and sent to a labor camp. In March 1942, he joined the Polish Army under General Anders. He fought on the Italian front as a soldier of the 12th Podolski Lancer Regiment, which was a part of the 2nd Polish Corps. He became famous as a commander of the first patrol that entered the Monte Cassino Abbey on May 18, 1944, and thanks to him the Polish flag was hung on the ruins of the conquered monastery (sewn by another Thinker, platoon sergeant Jan Donocik).<\/p>\n<p><a href=\"https:\/\/marekkuchcinski.pl\/wp-content\/uploads\/2017\/10\/IMG_3711.jpg\"><img loading=\"lazy\" decoding=\"async\" class=\"alignnone size-full wp-image-7711\" src=\"https:\/\/marekkuchcinski.pl\/wp-content\/uploads\/2017\/10\/IMG_3711.jpg\" alt=\"IMG_3711\" width=\"3024\" height=\"4032\" srcset=\"https:\/\/marekkuchcinski.pl\/wp-content\/uploads\/2017\/10\/IMG_3711.jpg 1536w, https:\/\/marekkuchcinski.pl\/wp-content\/uploads\/2017\/10\/IMG_3711-225x300.jpg 225w, https:\/\/marekkuchcinski.pl\/wp-content\/uploads\/2017\/10\/IMG_3711-768x1024.jpg 768w\" sizes=\"(max-width: 3024px) 100vw, 3024px\" \/><\/a> <a href=\"https:\/\/marekkuchcinski.pl\/wp-content\/uploads\/2017\/10\/IMG_3709.jpg\"><img loading=\"lazy\" decoding=\"async\" class=\"alignnone size-full wp-image-7712\" src=\"https:\/\/marekkuchcinski.pl\/wp-content\/uploads\/2017\/10\/IMG_3709.jpg\" alt=\"IMG_3709\" width=\"2773\" height=\"3156\" srcset=\"https:\/\/marekkuchcinski.pl\/wp-content\/uploads\/2017\/10\/IMG_3709.jpg 1799w, https:\/\/marekkuchcinski.pl\/wp-content\/uploads\/2017\/10\/IMG_3709-264x300.jpg 264w, https:\/\/marekkuchcinski.pl\/wp-content\/uploads\/2017\/10\/IMG_3709-768x874.jpg 768w, https:\/\/marekkuchcinski.pl\/wp-content\/uploads\/2017\/10\/IMG_3709-900x1024.jpg 900w\" sizes=\"(max-width: 2773px) 100vw, 2773px\" \/><\/a> <a href=\"https:\/\/marekkuchcinski.pl\/wp-content\/uploads\/2017\/10\/IMG_3705.jpg\"><img loading=\"lazy\" decoding=\"async\" class=\"alignnone size-full wp-image-7714\" src=\"https:\/\/marekkuchcinski.pl\/wp-content\/uploads\/2017\/10\/IMG_3705.jpg\" alt=\"IMG_3705\" width=\"3024\" height=\"4032\" srcset=\"https:\/\/marekkuchcinski.pl\/wp-content\/uploads\/2017\/10\/IMG_3705.jpg 1536w, https:\/\/marekkuchcinski.pl\/wp-content\/uploads\/2017\/10\/IMG_3705-225x300.jpg 225w, https:\/\/marekkuchcinski.pl\/wp-content\/uploads\/2017\/10\/IMG_3705-768x1024.jpg 768w\" sizes=\"(max-width: 3024px) 100vw, 3024px\" \/><\/a>Cemeteries of January and November insurgents. On the cemetery in Przemysl there are several dozen of them.<a href=\"https:\/\/marekkuchcinski.pl\/wp-content\/uploads\/2017\/10\/IMG_3698.jpg\"><img loading=\"lazy\" decoding=\"async\" class=\"alignnone size-full wp-image-7713\" src=\"https:\/\/marekkuchcinski.pl\/wp-content\/uploads\/2017\/10\/IMG_3698.jpg\" alt=\"IMG_3698\" width=\"3163\" height=\"2876\" srcset=\"https:\/\/marekkuchcinski.pl\/wp-content\/uploads\/2017\/10\/IMG_3698.jpg 2048w, https:\/\/marekkuchcinski.pl\/wp-content\/uploads\/2017\/10\/IMG_3698-300x273.jpg 300w, https:\/\/marekkuchcinski.pl\/wp-content\/uploads\/2017\/10\/IMG_3698-768x698.jpg 768w, https:\/\/marekkuchcinski.pl\/wp-content\/uploads\/2017\/10\/IMG_3698-1024x931.jpg 1024w\" sizes=\"(max-width: 3163px) 100vw, 3163px\" \/><\/a>The grave of Zbigniew Kuchci\u0144ski, the first president of TML in Przemysl and the father of the present Marshal of the Sejm. The project was designed by the architect Mieczys\u0142aw G\u0119barowicz, an outstanding and big-hearted man. Those were the first years of freedom after communism.<\/p>\n<p><strong>Tomb of Rev. Ignacy Tokarczuk<\/strong>\u00a0in the crypts of the Archcathedral of Przemysl - the first Metropolitan of Przemysl, an opponent of communist authorities, builder of several hundred churches during the period of the People's Republic of Poland, knight of the Order of the White Eagle.<\/p>\n<p><strong>Monument commemorating Home Army soldiers<\/strong>\u00a0- the conspiratorial armed forces of the Polish Underground State during World War II, operating on the territory of the Republic of Poland occupied by Germany and the USSR.<\/p>\n<p><strong>Obelisk dedicated to the fallen Polish Legionaries,<\/strong>\u00a0which was moved to the Military Cemetery from the Main Cemetery. The inscription on the obelisk reads: To the Fallen Polish Legionaries 1914-1918 on the 70th Anniversary of Regaining Polish Independence. Thanks to the efforts of the Society of Friends of the City and Region this memorial obelisk was saved from destruction, renovated and placed in a new place.<\/p>\n<p><strong>Tomb of the Unknown Soldier<\/strong>\u00a0- It contains the unnamed remains of a soldier who died in 1918 on the outskirts of Przemy\u015bl during the battle of Nizankowice. The inscription on the slab of the grave reads: To the Unknown Soldier - Compatriots 31 V MCMXXV.<\/p>\n<p>The grave of Wladyslaw Bukowski - Chairman of the City Council in Przemysl, Councillor of the City Council in Przemysl of the 5th, 6th, 7th term, Director of the National Museum of the Przemysl Land.<\/p>\n<p><strong>Cemeteries with ashes from the graves of the participants of the November Uprising and the January Uprising<\/strong>.<\/p>\n<p><strong>Tomb of the Defenders of Przemysl at the Main Cemetery<\/strong>\u00a0in S\u0142owackiego St. - to the middle school students heroically defending their town against the Ukrainian assault. Monument commemorating the Poles from the Eastern Borderlands murdered by the OUN-UPA - the inscription on the monument reads: ...If I forget about them, you, God... forget about me... In memory of the Poles murdered in 1943-1945 in Volhynia and Eastern Lesser Poland, including those who left their homeland to escape terror and extermination at the hands of the OUN-UPA on the 60th anniversary of this great tragedy - Compatriots, Przemy\u015bl, July 2003.<\/p>\n<p><strong>Sigmund Majger's grave\u00a0<\/strong>- member of the Founding Committee, chairman. Since October 7, 1980 member of the presidium of the Founding Committee of the NSZZ \"Solidarity\" South-Eastern Region, co-organizer and member of the Provisional Regional Commission\/RKW of the South-Eastern Region, responsible for contacts with secret company committees, distributor and printer of the underground magazine \"Busola\"; co-organizer of assistance to the repressed and their families. Co-organizer of meetings and lectures in churches in Przemy\u015bl and Krasiczyn (among others Andrzej Stelmachowski, W\u0142adys\u0142aw Si\u0142a-Nowicki, Maria Jablonska-Deptu\u0142a); co-organizer and participant in rallies and demonstrations on the occasion of May 3 and November 11, leaflet actions, masses for the Homeland, mass on the 13th of every month and on the anniversaries of the death of Father Jerzy Popieluszko. Co-organizer of a trip to Warsaw to the grave of Fr. J. Popieluszko, Pilgrimages of working people to Jasna G\u00f3ra; associate of Solidarity RI in the Przemy\u015bl region. Zygmunt Majgier was repeatedly detained and interrogated, fined by misdemeanor colleges, subjected to searches; his driver's license was confiscated (making gainful employment impossible), tires in his car were punctured. In 1989, member of the KO of the Przemy\u015bl province. In 1990, initiator, founding member of the Przemy\u015bl Association of the Friends of Mo\u015bcis and Eastern Borderlands. Since 1995 in ROP, co-founder of branch in Przemy\u015bl (Ogniwo Przemy\u015bl), since 2002 chairman. ROP there. Since 1995 participant in the Light-Life Movement. 1998-2002 Przemy\u015bl City Councilman from the list of the Patriotic Fatherland Movement, 2002-2006 from the list of Przemy\u015bl Together. Grave of Leonard Tarnawski - MP, lawyer, social activist, politician, co-founder of the March Constitution. Second lieutenant, veteran of the January Uprising.<\/p>\n<p><strong>Grave of Marian Stro\u0144ski\u00a0<\/strong>- an outstanding painter, for his lifetime work honored with the Knight's Cross of the Order of Polonia Restituta.<\/p>\n<p><strong>The grave of Rev. Stanislaw Krzywinski,<\/strong>\u00a0a pastor, a friend of Solidarity, an unwavering supporter of the democratic opposition.<\/p>\n<p><strong>Grave of Ryszard Siwiec<\/strong>\u00a0- a philosophy graduate and Home Army soldier who, in protest against the invasion of Czechoslovakia, immolated himself on September 8, 1968 during the national harvest festival at the 10th-Anniversary Stadium in Warsaw in the presence of the leaders of the Polish United Workers' Party, diplomats, and 100,000 spectators.<\/p>\n<p><strong>Grave of Major W\u0142adys\u0142aw Koby<\/strong>\u00a0- The grave of Stanislaw Baran - Polish trade union activist, member of the parliament of the first term.<\/p>\n<p><strong>Grave of Andrzej Tadeusz Mazurkiewicz<\/strong>\u00a0- lawyer and politician, member of Sejm of the first term, senator of the fourth, sixth and seventh term.<\/p>\n<p><strong>Tomb of Stanis\u0142aw Sudo\u0142<\/strong>\u00a0- In 1978 he was a Home Army soldier; a representative of Przemy\u015bl in the Council of the Civic Initiative Group; after the split in ROPCiO, a collaborator of the Workers' Defence Committee (KSS KOR); a distributor of independent periodicals of the agricultural circles in Przemy\u015bl, imported from Warsaw by Wies\u0142aw K\u0119cik; in 1978 an activist of the Peasants' Self-Defense Committee of the Rzesz\u00f3w Land; a participant of peasants' opposition meetings in Wola Zarczycka; on 4 August 1979 a co-founder of the Przemysl Committee for the Self-Defense of Believing People.<\/p>\n<p>\u00a0<\/p>\n\n\n<figure class=\"wp-block-image size-large\"><a href=\"https:\/\/marekkuchcinski.pl\/wp-content\/uploads\/2022\/11\/Majgier-3.jpg\"><img loading=\"lazy\" decoding=\"async\" width=\"1024\" height=\"461\" src=\"https:\/\/marekkuchcinski.pl\/wp-content\/uploads\/2022\/11\/Majgier-3-1024x461.jpg\" alt=\"\" class=\"wp-image-26864\" srcset=\"https:\/\/marekkuchcinski.pl\/wp-content\/uploads\/2022\/11\/Majgier-3-1024x461.jpg 1024w, https:\/\/marekkuchcinski.pl\/wp-content\/uploads\/2022\/11\/Majgier-3-300x135.jpg 300w, https:\/\/marekkuchcinski.pl\/wp-content\/uploads\/2022\/11\/Majgier-3-768x346.jpg 768w, https:\/\/marekkuchcinski.pl\/wp-content\/uploads\/2022\/11\/Majgier-3-1536x691.jpg 1536w, https:\/\/marekkuchcinski.pl\/wp-content\/uploads\/2022\/11\/Majgier-3-18x8.jpg 18w, https:\/\/marekkuchcinski.pl\/wp-content\/uploads\/2022\/11\/Majgier-3.jpg 1600w\" sizes=\"(max-width: 1024px) 100vw, 1024px\" \/><\/a><\/figure>\n\n\n\n<figure class=\"wp-block-image size-large\"><a href=\"https:\/\/marekkuchcinski.pl\/wp-content\/uploads\/2022\/11\/313361103_801137044446239_6761118077685412016_n.jpg\"><img loading=\"lazy\" decoding=\"async\" width=\"1024\" height=\"577\" src=\"https:\/\/marekkuchcinski.pl\/wp-content\/uploads\/2022\/11\/313361103_801137044446239_6761118077685412016_n-1024x577.jpg\" alt=\"\" class=\"wp-image-26865\" srcset=\"https:\/\/marekkuchcinski.pl\/wp-content\/uploads\/2022\/11\/313361103_801137044446239_6761118077685412016_n-1024x577.jpg 1024w, https:\/\/marekkuchcinski.pl\/wp-content\/uploads\/2022\/11\/313361103_801137044446239_6761118077685412016_n-300x169.jpg 300w, https:\/\/marekkuchcinski.pl\/wp-content\/uploads\/2022\/11\/313361103_801137044446239_6761118077685412016_n-768x433.jpg 768w, https:\/\/marekkuchcinski.pl\/wp-content\/uploads\/2022\/11\/313361103_801137044446239_6761118077685412016_n-1536x866.jpg 1536w, https:\/\/marekkuchcinski.pl\/wp-content\/uploads\/2022\/11\/313361103_801137044446239_6761118077685412016_n-18x10.jpg 18w, https:\/\/marekkuchcinski.pl\/wp-content\/uploads\/2022\/11\/313361103_801137044446239_6761118077685412016_n.jpg 1600w\" sizes=\"(max-width: 1024px) 100vw, 1024px\" \/><\/a><\/figure>\n\n\n\n<figure class=\"wp-block-image size-large\"><a href=\"https:\/\/marekkuchcinski.pl\/wp-content\/uploads\/2022\/11\/313216839_2619508314853107_458559183874683701_n-1.jpg\"><img loading=\"lazy\" decoding=\"async\" width=\"1024\" height=\"461\" src=\"https:\/\/marekkuchcinski.pl\/wp-content\/uploads\/2022\/11\/313216839_2619508314853107_458559183874683701_n-1-1024x461.jpg\" alt=\"\" class=\"wp-image-26866\" srcset=\"https:\/\/marekkuchcinski.pl\/wp-content\/uploads\/2022\/11\/313216839_2619508314853107_458559183874683701_n-1-1024x461.jpg 1024w, https:\/\/marekkuchcinski.pl\/wp-content\/uploads\/2022\/11\/313216839_2619508314853107_458559183874683701_n-1-300x135.jpg 300w, https:\/\/marekkuchcinski.pl\/wp-content\/uploads\/2022\/11\/313216839_2619508314853107_458559183874683701_n-1-768x346.jpg 768w, https:\/\/marekkuchcinski.pl\/wp-content\/uploads\/2022\/11\/313216839_2619508314853107_458559183874683701_n-1-1536x691.jpg 1536w, https:\/\/marekkuchcinski.pl\/wp-content\/uploads\/2022\/11\/313216839_2619508314853107_458559183874683701_n-1-18x8.jpg 18w, https:\/\/marekkuchcinski.pl\/wp-content\/uploads\/2022\/11\/313216839_2619508314853107_458559183874683701_n-1.jpg 1600w\" sizes=\"(max-width: 1024px) 100vw, 1024px\" \/><\/a><\/figure>\n\n\n\n<figure class=\"wp-block-image size-large\"><a href=\"https:\/\/marekkuchcinski.pl\/wp-content\/uploads\/2022\/11\/307771008_443188494590368_6086207111079506121_n-2.jpg\"><img loading=\"lazy\" decoding=\"async\" width=\"1024\" height=\"576\" src=\"https:\/\/marekkuchcinski.pl\/wp-content\/uploads\/2022\/11\/307771008_443188494590368_6086207111079506121_n-2-1024x576.jpg\" alt=\"\" class=\"wp-image-26867\" srcset=\"https:\/\/marekkuchcinski.pl\/wp-content\/uploads\/2022\/11\/307771008_443188494590368_6086207111079506121_n-2-1024x576.jpg 1024w, https:\/\/marekkuchcinski.pl\/wp-content\/uploads\/2022\/11\/307771008_443188494590368_6086207111079506121_n-2-300x169.jpg 300w, https:\/\/marekkuchcinski.pl\/wp-content\/uploads\/2022\/11\/307771008_443188494590368_6086207111079506121_n-2-768x432.jpg 768w, https:\/\/marekkuchcinski.pl\/wp-content\/uploads\/2022\/11\/307771008_443188494590368_6086207111079506121_n-2-1536x864.jpg 1536w, https:\/\/marekkuchcinski.pl\/wp-content\/uploads\/2022\/11\/307771008_443188494590368_6086207111079506121_n-2-18x10.jpg 18w, https:\/\/marekkuchcinski.pl\/wp-content\/uploads\/2022\/11\/307771008_443188494590368_6086207111079506121_n-2.jpg 1600w\" sizes=\"(max-width: 1024px) 100vw, 1024px\" \/><\/a><\/figure>\n\n\n\n<figure class=\"wp-block-image size-large\"><a href=\"https:\/\/marekkuchcinski.pl\/wp-content\/uploads\/2022\/11\/312542843_612403100665878_8839783013036040114_n-1.jpg\"><img loading=\"lazy\" decoding=\"async\" width=\"1024\" height=\"461\" src=\"https:\/\/marekkuchcinski.pl\/wp-content\/uploads\/2022\/11\/312542843_612403100665878_8839783013036040114_n-1-1024x461.jpg\" alt=\"\" class=\"wp-image-26868\" srcset=\"https:\/\/marekkuchcinski.pl\/wp-content\/uploads\/2022\/11\/312542843_612403100665878_8839783013036040114_n-1-1024x461.jpg 1024w, https:\/\/marekkuchcinski.pl\/wp-content\/uploads\/2022\/11\/312542843_612403100665878_8839783013036040114_n-1-300x135.jpg 300w, https:\/\/marekkuchcinski.pl\/wp-content\/uploads\/2022\/11\/312542843_612403100665878_8839783013036040114_n-1-768x346.jpg 768w, https:\/\/marekkuchcinski.pl\/wp-content\/uploads\/2022\/11\/312542843_612403100665878_8839783013036040114_n-1-1536x691.jpg 1536w, https:\/\/marekkuchcinski.pl\/wp-content\/uploads\/2022\/11\/312542843_612403100665878_8839783013036040114_n-1-18x8.jpg 18w, https:\/\/marekkuchcinski.pl\/wp-content\/uploads\/2022\/11\/312542843_612403100665878_8839783013036040114_n-1.jpg 1600w\" sizes=\"(max-width: 1024px) 100vw, 1024px\" \/><\/a><\/figure>\n\n\n\n<figure class=\"wp-block-image size-large\"><a href=\"https:\/\/marekkuchcinski.pl\/wp-content\/uploads\/2022\/11\/313298437_1342717146533303_2791879687384187396_n-1.jpg\"><img loading=\"lazy\" decoding=\"async\" width=\"1024\" height=\"577\" src=\"https:\/\/marekkuchcinski.pl\/wp-content\/uploads\/2022\/11\/313298437_1342717146533303_2791879687384187396_n-1-1024x577.jpg\" alt=\"\" class=\"wp-image-26869\" srcset=\"https:\/\/marekkuchcinski.pl\/wp-content\/uploads\/2022\/11\/313298437_1342717146533303_2791879687384187396_n-1-1024x577.jpg 1024w, https:\/\/marekkuchcinski.pl\/wp-content\/uploads\/2022\/11\/313298437_1342717146533303_2791879687384187396_n-1-300x169.jpg 300w, https:\/\/marekkuchcinski.pl\/wp-content\/uploads\/2022\/11\/313298437_1342717146533303_2791879687384187396_n-1-768x433.jpg 768w, https:\/\/marekkuchcinski.pl\/wp-content\/uploads\/2022\/11\/313298437_1342717146533303_2791879687384187396_n-1-1536x866.jpg 1536w, https:\/\/marekkuchcinski.pl\/wp-content\/uploads\/2022\/11\/313298437_1342717146533303_2791879687384187396_n-1-18x10.jpg 18w, https:\/\/marekkuchcinski.pl\/wp-content\/uploads\/2022\/11\/313298437_1342717146533303_2791879687384187396_n-1.jpg 1600w\" sizes=\"(max-width: 1024px) 100vw, 1024px\" \/><\/a><\/figure>\n\n\n\n<figure class=\"wp-block-image size-large\"><a href=\"https:\/\/marekkuchcinski.pl\/wp-content\/uploads\/2022\/11\/313338213_1733409260360738_7537598976626592411_n.jpg\"><img loading=\"lazy\" decoding=\"async\" width=\"1024\" height=\"461\" src=\"https:\/\/marekkuchcinski.pl\/wp-content\/uploads\/2022\/11\/313338213_1733409260360738_7537598976626592411_n-1024x461.jpg\" alt=\"\" class=\"wp-image-26870\" srcset=\"https:\/\/marekkuchcinski.pl\/wp-content\/uploads\/2022\/11\/313338213_1733409260360738_7537598976626592411_n-1024x461.jpg 1024w, https:\/\/marekkuchcinski.pl\/wp-content\/uploads\/2022\/11\/313338213_1733409260360738_7537598976626592411_n-300x135.jpg 300w, https:\/\/marekkuchcinski.pl\/wp-content\/uploads\/2022\/11\/313338213_1733409260360738_7537598976626592411_n-768x346.jpg 768w, https:\/\/marekkuchcinski.pl\/wp-content\/uploads\/2022\/11\/313338213_1733409260360738_7537598976626592411_n-1536x691.jpg 1536w, https:\/\/marekkuchcinski.pl\/wp-content\/uploads\/2022\/11\/313338213_1733409260360738_7537598976626592411_n-18x8.jpg 18w, https:\/\/marekkuchcinski.pl\/wp-content\/uploads\/2022\/11\/313338213_1733409260360738_7537598976626592411_n.jpg 1600w\" sizes=\"(max-width: 1024px) 100vw, 1024px\" \/><\/a><\/figure>","protected":false},"excerpt":{"rendered":"<p>Kto\u015b kiedy\u015b powiedzia\u0142, \u017ce je\u017celi chce si\u0119 pozna\u0107 histori\u0119 miasta i jego obywateli, trzeba si\u0119 wybra\u0107 na cmentarz. Jest on jakby otwart\u0105 ksi\u0119g\u0105, z kt\u00f3rej wiele mo\u017cna wyczyta\u0107. Na przemyskich cmentarzach spoczywaj\u0105 \u017co\u0142nierze dw\u00f3ch wojen, \u017co\u0142nierze armii austro-w\u0119gierskiej, legioni\u015bci polegli w walkach o Przemy\u015bl, kresowiacy pomordowani przez OUN-UPA, ofiary NKWD, \u017co\u0142nierze AK, Orl\u0119ta Przemyskie, \u017bo\u0142nierze [&hellip;]<\/p>","protected":false},"author":6,"featured_media":26878,"comment_status":"open","ping_status":"open","sticky":false,"template":"","format":"standard","meta":{"ngg_post_thumbnail":0,"footnotes":""},"categories":[49,3],"tags":[],"class_list":["post-7641","post","type-post","status-publish","format-standard","has-post-thumbnail","hentry","category-podkarpacie","category-wydarzenia"],"yoast_head":"<!-- This site is optimized with the Yoast SEO plugin v24.7 - https:\/\/yoast.com\/wordpress\/plugins\/seo\/ -->\n<title>Przemyskie nekropolie &#8211; Marek Kuchci\u0144ski<\/title>\n<meta name=\"robots\" content=\"index, follow, max-snippet:-1, max-image-preview:large, max-video-preview:-1\" \/>\n<link rel=\"canonical\" href=\"https:\/\/marekkuchcinski.pl\/en\/wydarzenia\/7641\/\" \/>\n<meta property=\"og:locale\" content=\"en_GB\" \/>\n<meta property=\"og:type\" content=\"article\" \/>\n<meta property=\"og:title\" content=\"Przemyskie nekropolie &#8211; Marek Kuchci\u0144ski\" \/>\n<meta property=\"og:description\" content=\"Kto\u015b kiedy\u015b powiedzia\u0142, \u017ce je\u017celi chce si\u0119 pozna\u0107 histori\u0119 miasta i jego obywateli, trzeba si\u0119 wybra\u0107 na cmentarz. Jest on jakby otwart\u0105 ksi\u0119g\u0105, z kt\u00f3rej wiele mo\u017cna wyczyta\u0107. Na przemyskich cmentarzach spoczywaj\u0105 \u017co\u0142nierze dw\u00f3ch wojen, \u017co\u0142nierze armii austro-w\u0119gierskiej, legioni\u015bci polegli w walkach o Przemy\u015bl, kresowiacy pomordowani przez OUN-UPA, ofiary NKWD, \u017co\u0142nierze AK, Orl\u0119ta Przemyskie, \u017bo\u0142nierze [&hellip;]\" \/>\n<meta property=\"og:url\" content=\"https:\/\/marekkuchcinski.pl\/en\/wydarzenia\/7641\/\" \/>\n<meta property=\"og:site_name\" content=\"Marek Kuchci\u0144ski\" \/>\n<meta property=\"article:published_time\" content=\"2022-11-01T09:29:00+00:00\" \/>\n<meta property=\"article:modified_time\" content=\"2022-11-01T10:39:47+00:00\" \/>\n<meta property=\"og:image\" content=\"https:\/\/marekkuchcinski.pl\/wp-content\/uploads\/2022\/11\/23134972_1716592005080486_13718885_o_edited.jpg\" \/>\n\t<meta property=\"og:image:width\" content=\"1344\" \/>\n\t<meta property=\"og:image:height\" content=\"896\" \/>\n\t<meta property=\"og:image:type\" content=\"image\/jpeg\" \/>\n<meta name=\"author\" content=\"admin\" \/>\n<meta name=\"twitter:card\" content=\"summary_large_image\" \/>\n<meta name=\"twitter:label1\" content=\"Written by\" \/>\n\t<meta name=\"twitter:data1\" content=\"admin\" \/>\n\t<meta name=\"twitter:label2\" content=\"Estimated reading time\" \/>\n\t<meta name=\"twitter:data2\" content=\"9 minutes\" \/>\n<script type=\"application\/ld+json\" class=\"yoast-schema-graph\">{\"@context\":\"https:\/\/schema.org\",\"@graph\":[{\"@type\":\"Article\",\"@id\":\"https:\/\/marekkuchcinski.pl\/wydarzenia\/7641\/#article\",\"isPartOf\":{\"@id\":\"https:\/\/marekkuchcinski.pl\/wydarzenia\/7641\/\"},\"author\":{\"name\":\"admin\",\"@id\":\"https:\/\/marekkuchcinski.pl\/#\/schema\/person\/6f62700996b4d950b6ea2d1183b6c6be\"},\"headline\":\"Przemyskie nekropolie\",\"datePublished\":\"2022-11-01T09:29:00+00:00\",\"dateModified\":\"2022-11-01T10:39:47+00:00\",\"mainEntityOfPage\":{\"@id\":\"https:\/\/marekkuchcinski.pl\/wydarzenia\/7641\/\"},\"wordCount\":1851,\"commentCount\":0,\"publisher\":{\"@id\":\"https:\/\/marekkuchcinski.pl\/#organization\"},\"image\":{\"@id\":\"https:\/\/marekkuchcinski.pl\/wydarzenia\/7641\/#primaryimage\"},\"thumbnailUrl\":\"https:\/\/marekkuchcinski.pl\/wp-content\/uploads\/2022\/11\/23134972_1716592005080486_13718885_o_edited.jpg\",\"articleSection\":[\"Podkarpacie\",\"Wydarzenia\"],\"inLanguage\":\"en-GB\",\"potentialAction\":[{\"@type\":\"CommentAction\",\"name\":\"Comment\",\"target\":[\"https:\/\/marekkuchcinski.pl\/wydarzenia\/7641\/#respond\"]}]},{\"@type\":\"WebPage\",\"@id\":\"https:\/\/marekkuchcinski.pl\/wydarzenia\/7641\/\",\"url\":\"https:\/\/marekkuchcinski.pl\/wydarzenia\/7641\/\",\"name\":\"Przemyskie nekropolie &#8211; Marek Kuchci\u0144ski\",\"isPartOf\":{\"@id\":\"https:\/\/marekkuchcinski.pl\/#website\"},\"primaryImageOfPage\":{\"@id\":\"https:\/\/marekkuchcinski.pl\/wydarzenia\/7641\/#primaryimage\"},\"image\":{\"@id\":\"https:\/\/marekkuchcinski.pl\/wydarzenia\/7641\/#primaryimage\"},\"thumbnailUrl\":\"https:\/\/marekkuchcinski.pl\/wp-content\/uploads\/2022\/11\/23134972_1716592005080486_13718885_o_edited.jpg\",\"datePublished\":\"2022-11-01T09:29:00+00:00\",\"dateModified\":\"2022-11-01T10:39:47+00:00\",\"breadcrumb\":{\"@id\":\"https:\/\/marekkuchcinski.pl\/wydarzenia\/7641\/#breadcrumb\"},\"inLanguage\":\"en-GB\",\"potentialAction\":[{\"@type\":\"ReadAction\",\"target\":[\"https:\/\/marekkuchcinski.pl\/wydarzenia\/7641\/\"]}]},{\"@type\":\"ImageObject\",\"inLanguage\":\"en-GB\",\"@id\":\"https:\/\/marekkuchcinski.pl\/wydarzenia\/7641\/#primaryimage\",\"url\":\"https:\/\/marekkuchcinski.pl\/wp-content\/uploads\/2022\/11\/23134972_1716592005080486_13718885_o_edited.jpg\",\"contentUrl\":\"https:\/\/marekkuchcinski.pl\/wp-content\/uploads\/2022\/11\/23134972_1716592005080486_13718885_o_edited.jpg\",\"width\":1344,\"height\":896},{\"@type\":\"BreadcrumbList\",\"@id\":\"https:\/\/marekkuchcinski.pl\/wydarzenia\/7641\/#breadcrumb\",\"itemListElement\":[{\"@type\":\"ListItem\",\"position\":1,\"name\":\"Strona g\u0142\u00f3wna\",\"item\":\"https:\/\/marekkuchcinski.pl\/\"},{\"@type\":\"ListItem\",\"position\":2,\"name\":\"Przemyskie nekropolie\"}]},{\"@type\":\"WebSite\",\"@id\":\"https:\/\/marekkuchcinski.pl\/#website\",\"url\":\"https:\/\/marekkuchcinski.pl\/\",\"name\":\"Marek Kuchci\u0144ski\",\"description\":\"Pose\u0142 na sejm RP &ndash; okr\u0119g nr 22\",\"publisher\":{\"@id\":\"https:\/\/marekkuchcinski.pl\/#organization\"},\"potentialAction\":[{\"@type\":\"SearchAction\",\"target\":{\"@type\":\"EntryPoint\",\"urlTemplate\":\"https:\/\/marekkuchcinski.pl\/?s={search_term_string}\"},\"query-input\":{\"@type\":\"PropertyValueSpecification\",\"valueRequired\":true,\"valueName\":\"search_term_string\"}}],\"inLanguage\":\"en-GB\"},{\"@type\":\"Organization\",\"@id\":\"https:\/\/marekkuchcinski.pl\/#organization\",\"name\":\"Marek Kuchci\u0144ski\",\"url\":\"https:\/\/marekkuchcinski.pl\/\",\"logo\":{\"@type\":\"ImageObject\",\"inLanguage\":\"en-GB\",\"@id\":\"https:\/\/marekkuchcinski.pl\/#\/schema\/logo\/image\/\",\"url\":\"https:\/\/marekkuchcinski.pl\/wp-content\/uploads\/2022\/09\/Marek.jpg\",\"contentUrl\":\"https:\/\/marekkuchcinski.pl\/wp-content\/uploads\/2022\/09\/Marek.jpg\",\"width\":1600,\"height\":971,\"caption\":\"Marek Kuchci\u0144ski\"},\"image\":{\"@id\":\"https:\/\/marekkuchcinski.pl\/#\/schema\/logo\/image\/\"}},{\"@type\":\"Person\",\"@id\":\"https:\/\/marekkuchcinski.pl\/#\/schema\/person\/6f62700996b4d950b6ea2d1183b6c6be\",\"name\":\"admin\",\"image\":{\"@type\":\"ImageObject\",\"inLanguage\":\"en-GB\",\"@id\":\"https:\/\/marekkuchcinski.pl\/#\/schema\/person\/image\/\",\"url\":\"https:\/\/secure.gravatar.com\/avatar\/4bab693b9d55c3d6b52c0296a8765085?s=96&d=mm&r=g\",\"contentUrl\":\"https:\/\/secure.gravatar.com\/avatar\/4bab693b9d55c3d6b52c0296a8765085?s=96&d=mm&r=g\",\"caption\":\"admin\"},\"url\":\"https:\/\/marekkuchcinski.pl\/en\/author\/marta-olejnik\/\"}]}<\/script>\n<!-- \/ Yoast SEO plugin. -->","yoast_head_json":{"title":"Przemyskie nekropolie &#8211; Marek Kuchci\u0144ski","robots":{"index":"index","follow":"follow","max-snippet":"max-snippet:-1","max-image-preview":"max-image-preview:large","max-video-preview":"max-video-preview:-1"},"canonical":"https:\/\/marekkuchcinski.pl\/en\/wydarzenia\/7641\/","og_locale":"en_GB","og_type":"article","og_title":"Przemyskie nekropolie &#8211; Marek Kuchci\u0144ski","og_description":"Kto\u015b kiedy\u015b powiedzia\u0142, \u017ce je\u017celi chce si\u0119 pozna\u0107 histori\u0119 miasta i jego obywateli, trzeba si\u0119 wybra\u0107 na cmentarz. Jest on jakby otwart\u0105 ksi\u0119g\u0105, z kt\u00f3rej wiele mo\u017cna wyczyta\u0107. Na przemyskich cmentarzach spoczywaj\u0105 \u017co\u0142nierze dw\u00f3ch wojen, \u017co\u0142nierze armii austro-w\u0119gierskiej, legioni\u015bci polegli w walkach o Przemy\u015bl, kresowiacy pomordowani przez OUN-UPA, ofiary NKWD, \u017co\u0142nierze AK, Orl\u0119ta Przemyskie, \u017bo\u0142nierze [&hellip;]","og_url":"https:\/\/marekkuchcinski.pl\/en\/wydarzenia\/7641\/","og_site_name":"Marek Kuchci\u0144ski","article_published_time":"2022-11-01T09:29:00+00:00","article_modified_time":"2022-11-01T10:39:47+00:00","og_image":[{"width":1344,"height":896,"url":"https:\/\/marekkuchcinski.pl\/wp-content\/uploads\/2022\/11\/23134972_1716592005080486_13718885_o_edited.jpg","type":"image\/jpeg"}],"author":"admin","twitter_card":"summary_large_image","twitter_misc":{"Written by":"admin","Estimated reading time":"9 minutes"},"schema":{"@context":"https:\/\/schema.org","@graph":[{"@type":"Article","@id":"https:\/\/marekkuchcinski.pl\/wydarzenia\/7641\/#article","isPartOf":{"@id":"https:\/\/marekkuchcinski.pl\/wydarzenia\/7641\/"},"author":{"name":"admin","@id":"https:\/\/marekkuchcinski.pl\/#\/schema\/person\/6f62700996b4d950b6ea2d1183b6c6be"},"headline":"Przemyskie nekropolie","datePublished":"2022-11-01T09:29:00+00:00","dateModified":"2022-11-01T10:39:47+00:00","mainEntityOfPage":{"@id":"https:\/\/marekkuchcinski.pl\/wydarzenia\/7641\/"},"wordCount":1851,"commentCount":0,"publisher":{"@id":"https:\/\/marekkuchcinski.pl\/#organization"},"image":{"@id":"https:\/\/marekkuchcinski.pl\/wydarzenia\/7641\/#primaryimage"},"thumbnailUrl":"https:\/\/marekkuchcinski.pl\/wp-content\/uploads\/2022\/11\/23134972_1716592005080486_13718885_o_edited.jpg","articleSection":["Podkarpacie","Wydarzenia"],"inLanguage":"en-GB","potentialAction":[{"@type":"CommentAction","name":"Comment","target":["https:\/\/marekkuchcinski.pl\/wydarzenia\/7641\/#respond"]}]},{"@type":"WebPage","@id":"https:\/\/marekkuchcinski.pl\/wydarzenia\/7641\/","url":"https:\/\/marekkuchcinski.pl\/wydarzenia\/7641\/","name":"Przemyskie nekropolie &#8211; Marek Kuchci\u0144ski","isPartOf":{"@id":"https:\/\/marekkuchcinski.pl\/#website"},"primaryImageOfPage":{"@id":"https:\/\/marekkuchcinski.pl\/wydarzenia\/7641\/#primaryimage"},"image":{"@id":"https:\/\/marekkuchcinski.pl\/wydarzenia\/7641\/#primaryimage"},"thumbnailUrl":"https:\/\/marekkuchcinski.pl\/wp-content\/uploads\/2022\/11\/23134972_1716592005080486_13718885_o_edited.jpg","datePublished":"2022-11-01T09:29:00+00:00","dateModified":"2022-11-01T10:39:47+00:00","breadcrumb":{"@id":"https:\/\/marekkuchcinski.pl\/wydarzenia\/7641\/#breadcrumb"},"inLanguage":"en-GB","potentialAction":[{"@type":"ReadAction","target":["https:\/\/marekkuchcinski.pl\/wydarzenia\/7641\/"]}]},{"@type":"ImageObject","inLanguage":"en-GB","@id":"https:\/\/marekkuchcinski.pl\/wydarzenia\/7641\/#primaryimage","url":"https:\/\/marekkuchcinski.pl\/wp-content\/uploads\/2022\/11\/23134972_1716592005080486_13718885_o_edited.jpg","contentUrl":"https:\/\/marekkuchcinski.pl\/wp-content\/uploads\/2022\/11\/23134972_1716592005080486_13718885_o_edited.jpg","width":1344,"height":896},{"@type":"BreadcrumbList","@id":"https:\/\/marekkuchcinski.pl\/wydarzenia\/7641\/#breadcrumb","itemListElement":[{"@type":"ListItem","position":1,"name":"Strona g\u0142\u00f3wna","item":"https:\/\/marekkuchcinski.pl\/"},{"@type":"ListItem","position":2,"name":"Przemyskie nekropolie"}]},{"@type":"WebSite","@id":"https:\/\/marekkuchcinski.pl\/#website","url":"https:\/\/marekkuchcinski.pl\/","name":"Marek Kuchci\u0144ski","description":"Pose\u0142 na sejm RP &ndash; okr\u0119g nr 22","publisher":{"@id":"https:\/\/marekkuchcinski.pl\/#organization"},"potentialAction":[{"@type":"SearchAction","target":{"@type":"EntryPoint","urlTemplate":"https:\/\/marekkuchcinski.pl\/?s={search_term_string}"},"query-input":{"@type":"PropertyValueSpecification","valueRequired":true,"valueName":"search_term_string"}}],"inLanguage":"en-GB"},{"@type":"Organization","@id":"https:\/\/marekkuchcinski.pl\/#organization","name":"Marek Kuchci\u0144ski","url":"https:\/\/marekkuchcinski.pl\/","logo":{"@type":"ImageObject","inLanguage":"en-GB","@id":"https:\/\/marekkuchcinski.pl\/#\/schema\/logo\/image\/","url":"https:\/\/marekkuchcinski.pl\/wp-content\/uploads\/2022\/09\/Marek.jpg","contentUrl":"https:\/\/marekkuchcinski.pl\/wp-content\/uploads\/2022\/09\/Marek.jpg","width":1600,"height":971,"caption":"Marek Kuchci\u0144ski"},"image":{"@id":"https:\/\/marekkuchcinski.pl\/#\/schema\/logo\/image\/"}},{"@type":"Person","@id":"https:\/\/marekkuchcinski.pl\/#\/schema\/person\/6f62700996b4d950b6ea2d1183b6c6be","name":"admin","image":{"@type":"ImageObject","inLanguage":"en-GB","@id":"https:\/\/marekkuchcinski.pl\/#\/schema\/person\/image\/","url":"https:\/\/secure.gravatar.com\/avatar\/4bab693b9d55c3d6b52c0296a8765085?s=96&d=mm&r=g","contentUrl":"https:\/\/secure.gravatar.com\/avatar\/4bab693b9d55c3d6b52c0296a8765085?s=96&d=mm&r=g","caption":"admin"},"url":"https:\/\/marekkuchcinski.pl\/en\/author\/marta-olejnik\/"}]}},"_links":{"self":[{"href":"https:\/\/marekkuchcinski.pl\/en\/wp-json\/wp\/v2\/posts\/7641","targetHints":{"allow":["GET"]}}],"collection":[{"href":"https:\/\/marekkuchcinski.pl\/en\/wp-json\/wp\/v2\/posts"}],"about":[{"href":"https:\/\/marekkuchcinski.pl\/en\/wp-json\/wp\/v2\/types\/post"}],"author":[{"embeddable":true,"href":"https:\/\/marekkuchcinski.pl\/en\/wp-json\/wp\/v2\/users\/6"}],"replies":[{"embeddable":true,"href":"https:\/\/marekkuchcinski.pl\/en\/wp-json\/wp\/v2\/comments?post=7641"}],"version-history":[{"count":42,"href":"https:\/\/marekkuchcinski.pl\/en\/wp-json\/wp\/v2\/posts\/7641\/revisions"}],"predecessor-version":[{"id":26879,"href":"https:\/\/marekkuchcinski.pl\/en\/wp-json\/wp\/v2\/posts\/7641\/revisions\/26879"}],"wp:featuredmedia":[{"embeddable":true,"href":"https:\/\/marekkuchcinski.pl\/en\/wp-json\/wp\/v2\/media\/26878"}],"wp:attachment":[{"href":"https:\/\/marekkuchcinski.pl\/en\/wp-json\/wp\/v2\/media?parent=7641"}],"wp:term":[{"taxonomy":"category","embeddable":true,"href":"https:\/\/marekkuchcinski.pl\/en\/wp-json\/wp\/v2\/categories?post=7641"},{"taxonomy":"post_tag","embeddable":true,"href":"https:\/\/marekkuchcinski.pl\/en\/wp-json\/wp\/v2\/tags?post=7641"}],"curies":[{"name":"wp","href":"https:\/\/api.w.org\/{rel}","templated":true}]}}