{"id":7484,"date":"2017-10-14T11:03:09","date_gmt":"2017-10-14T09:03:09","guid":{"rendered":"https:\/\/marekkuchcinski.pl\/?p=7484"},"modified":"2017-10-14T11:03:09","modified_gmt":"2017-10-14T09:03:09","slug":"zyczenia-okazji-edukacji-narodowej","status":"publish","type":"post","link":"https:\/\/marekkuchcinski.pl\/en\/wydarzenia\/zyczenia-okazji-edukacji-narodowej\/","title":{"rendered":"Best wishes on the occasion of National Education Day"},"content":{"rendered":"<p style=\"text-align: center;\"><em>On the occasion of National Education Day, all teachers and students\u00a0<\/em><br \/>\n<em>I wish you and your students that your relationships will be full of mutual respect and understanding, and that schools will be associated with a place of positive energy, giving joy and satisfaction from the acquired knowledge and development. May the morning alarm clock be a symbol of the beginning of a new chapter of the book that draws you in, falls in your memory, entertains, teaches and awakens your appetite for more, for further exploration of knowledge. We are still writing this book, adding new pages, expanding our horizons - this is what progress is all about. And for this discovery of successive chapters I sincerely thank those who teach and those who are taught.<\/em><\/p>\n<p><em>Marek Kuchci\u0144ski<\/em><\/p>","protected":false},"excerpt":{"rendered":"<p>Z okazji Dnia Edukacji Narodowej wszystkim nauczycielkom i nauczycielom oraz uczniom\u00a0 i uczennicom \u017cycz\u0119, by Wasze relacje by\u0142y pe\u0142ne wzajemnego szacunku i zrozumienia, szko\u0142y kojarzy\u0142y si\u0119 z miejscem pozytywnej energii, daj\u0105cym rado\u015b\u0107\u00a0i satysfakcj\u0119 ze zdobywanej wiedzy i rozwoju. Niech poranny budzik b\u0119dzie symbolem pocz\u0105tku nowego rozdzia\u0142u ksi\u0105\u017cki, kt\u00f3ra wci\u0105ga, zapada w pami\u0119\u0107, bawi, uczy i [&hellip;]<\/p>\n","protected":false},"author":6,"featured_media":7485,"comment_status":"open","ping_status":"open","sticky":false,"template":"","format":"standard","meta":{"ngg_post_thumbnail":0,"footnotes":""},"categories":[3],"tags":[],"class_list":["post-7484","post","type-post","status-publish","format-standard","has-post-thumbnail","hentry","category-wydarzenia"],"_links":{"self":[{"href":"https:\/\/marekkuchcinski.pl\/en\/wp-json\/wp\/v2\/posts\/7484","targetHints":{"allow":["GET"]}}],"collection":[{"href":"https:\/\/marekkuchcinski.pl\/en\/wp-json\/wp\/v2\/posts"}],"about":[{"href":"https:\/\/marekkuchcinski.pl\/en\/wp-json\/wp\/v2\/types\/post"}],"author":[{"embeddable":true,"href":"https:\/\/marekkuchcinski.pl\/en\/wp-json\/wp\/v2\/users\/6"}],"replies":[{"embeddable":true,"href":"https:\/\/marekkuchcinski.pl\/en\/wp-json\/wp\/v2\/comments?post=7484"}],"version-history":[{"count":1,"href":"https:\/\/marekkuchcinski.pl\/en\/wp-json\/wp\/v2\/posts\/7484\/revisions"}],"predecessor-version":[{"id":7486,"href":"https:\/\/marekkuchcinski.pl\/en\/wp-json\/wp\/v2\/posts\/7484\/revisions\/7486"}],"wp:featuredmedia":[{"embeddable":true,"href":"https:\/\/marekkuchcinski.pl\/en\/wp-json\/wp\/v2\/media\/7485"}],"wp:attachment":[{"href":"https:\/\/marekkuchcinski.pl\/en\/wp-json\/wp\/v2\/media?parent=7484"}],"wp:term":[{"taxonomy":"category","embeddable":true,"href":"https:\/\/marekkuchcinski.pl\/en\/wp-json\/wp\/v2\/categories?post=7484"},{"taxonomy":"post_tag","embeddable":true,"href":"https:\/\/marekkuchcinski.pl\/en\/wp-json\/wp\/v2\/tags?post=7484"}],"curies":[{"name":"wp","href":"https:\/\/api.w.org\/{rel}","templated":true}]}}