{"id":6483,"date":"2017-05-22T15:45:47","date_gmt":"2017-05-22T13:45:47","guid":{"rendered":"https:\/\/marekkuchcinski.pl\/?p=6483"},"modified":"2017-05-22T15:52:39","modified_gmt":"2017-05-22T13:52:39","slug":"kongres-polska-wielki-projekt","status":"publish","type":"post","link":"https:\/\/marekkuchcinski.pl\/en\/wydarzenia\/kongres-polska-wielki-projekt\/","title":{"rendered":"Congress Poland - The Great Project"},"content":{"rendered":"<p><strong>During this year's edition of the Poland the Great Project congress, the Speaker of the Sejm Marek Kuchci\u0144ski opened the vernissage of Andrzej Krauze's works and presented the \"Courage and Credibility\" medal.<\/strong><\/p>\n<p>On Saturday, Andrzej Krauze, a cartoonist, and his brother Antoni, a director, received the Lech Kaczy\u0144ski Award. During the evening vernissage at the Kordegarda gallery, Marek Kuchci\u0144ski emphasized that it was enough to consult a weekly magazine to see how subtly Andrzej Krauze comments on our reality.<\/p>\n<p><a href=\"https:\/\/marekkuchcinski.pl\/wp-content\/uploads\/2017\/05\/DARw5WnXYAE2dkG.jpg\"><img fetchpriority=\"high\" decoding=\"async\" class=\"alignnone wp-image-6490\" src=\"https:\/\/marekkuchcinski.pl\/wp-content\/uploads\/2017\/05\/DARw5WnXYAE2dkG.jpg\" alt=\"DARw5WnXYAE2dkG\" width=\"712\" height=\"565\" srcset=\"https:\/\/marekkuchcinski.pl\/wp-content\/uploads\/2017\/05\/DARw5WnXYAE2dkG.jpg 558w, https:\/\/marekkuchcinski.pl\/wp-content\/uploads\/2017\/05\/DARw5WnXYAE2dkG-300x238.jpg 300w\" sizes=\"(max-width: 712px) 100vw, 712px\" \/><\/a><\/p>\n<p>- Mr. Andrew actually draws all of us, as his comments apply to each of us. He shows our greatness and smallness, he shows our pride and ridicule, but it is always true.<\/p>\n<p>The Speaker of the Sejm also drew attention to the place where the exhibition was held. - We are on Krakowskie Przedmie\u015bcie between the Cathedral, Plac Zamkowy, the Castle, the Dean's Academy and the University, so in a place where various attributes and symbols of Polish fine arts, our beautiful culture, are combined in an extremely strange and important way - he noted.<\/p>\n<p><a href=\"https:\/\/marekkuchcinski.pl\/wp-content\/uploads\/2017\/05\/18557275_1912710908945129_7653784846136522944_n.jpg\"><img decoding=\"async\" class=\"alignnone size-full wp-image-6485\" src=\"https:\/\/marekkuchcinski.pl\/wp-content\/uploads\/2017\/05\/18557275_1912710908945129_7653784846136522944_n.jpg\" alt=\"18557275_1912710908945129_7653784846136522944_n\" width=\"960\" height=\"639\" srcset=\"https:\/\/marekkuchcinski.pl\/wp-content\/uploads\/2017\/05\/18557275_1912710908945129_7653784846136522944_n.jpg 960w, https:\/\/marekkuchcinski.pl\/wp-content\/uploads\/2017\/05\/18557275_1912710908945129_7653784846136522944_n-300x200.jpg 300w, https:\/\/marekkuchcinski.pl\/wp-content\/uploads\/2017\/05\/18557275_1912710908945129_7653784846136522944_n-768x511.jpg 768w\" sizes=\"(max-width: 960px) 100vw, 960px\" \/><\/a> <a href=\"https:\/\/marekkuchcinski.pl\/wp-content\/uploads\/2017\/05\/18557288_1912710912278462_6158436971168451333_n-1.jpg\"><img decoding=\"async\" class=\"alignnone size-full wp-image-6486\" src=\"https:\/\/marekkuchcinski.pl\/wp-content\/uploads\/2017\/05\/18557288_1912710912278462_6158436971168451333_n-1.jpg\" alt=\"18557288_1912710912278462_6158436971168451333_n\" width=\"960\" height=\"639\" srcset=\"https:\/\/marekkuchcinski.pl\/wp-content\/uploads\/2017\/05\/18557288_1912710912278462_6158436971168451333_n-1.jpg 960w, https:\/\/marekkuchcinski.pl\/wp-content\/uploads\/2017\/05\/18557288_1912710912278462_6158436971168451333_n-1-300x200.jpg 300w, https:\/\/marekkuchcinski.pl\/wp-content\/uploads\/2017\/05\/18557288_1912710912278462_6158436971168451333_n-1-768x511.jpg 768w\" sizes=\"(max-width: 960px) 100vw, 960px\" \/><\/a> <a href=\"https:\/\/marekkuchcinski.pl\/wp-content\/uploads\/2017\/05\/18582395_1912710915611795_4776337381995764317_n.jpg\"><img loading=\"lazy\" decoding=\"async\" class=\"alignnone size-full wp-image-6487\" src=\"https:\/\/marekkuchcinski.pl\/wp-content\/uploads\/2017\/05\/18582395_1912710915611795_4776337381995764317_n.jpg\" alt=\"18582395_1912710915611795_4776337381995764317_n\" width=\"639\" height=\"960\" srcset=\"https:\/\/marekkuchcinski.pl\/wp-content\/uploads\/2017\/05\/18582395_1912710915611795_4776337381995764317_n.jpg 639w, https:\/\/marekkuchcinski.pl\/wp-content\/uploads\/2017\/05\/18582395_1912710915611795_4776337381995764317_n-200x300.jpg 200w\" sizes=\"(max-width: 639px) 100vw, 639px\" \/><\/a> <a href=\"https:\/\/marekkuchcinski.pl\/wp-content\/uploads\/2017\/05\/18557020_1912710918945128_6241477588930681819_n-Kopia.jpg\"><img loading=\"lazy\" decoding=\"async\" class=\"alignnone size-full wp-image-6488\" src=\"https:\/\/marekkuchcinski.pl\/wp-content\/uploads\/2017\/05\/18557020_1912710918945128_6241477588930681819_n-Kopia.jpg\" alt=\"18557020_1912710918945128_6241477588930681819_n - Kopia\" width=\"960\" height=\"639\" srcset=\"https:\/\/marekkuchcinski.pl\/wp-content\/uploads\/2017\/05\/18557020_1912710918945128_6241477588930681819_n-Kopia.jpg 960w, https:\/\/marekkuchcinski.pl\/wp-content\/uploads\/2017\/05\/18557020_1912710918945128_6241477588930681819_n-Kopia-300x200.jpg 300w, https:\/\/marekkuchcinski.pl\/wp-content\/uploads\/2017\/05\/18557020_1912710918945128_6241477588930681819_n-Kopia-768x511.jpg 768w\" sizes=\"(max-width: 960px) 100vw, 960px\" \/><\/a><\/p>\n<p>On Sunday, Irena Lasota, an opposition activist, had her brother receive the \"Courage and Credibility\" medal from the Speaker of the Sejm.<\/p>\n<p><a href=\"https:\/\/marekkuchcinski.pl\/wp-content\/uploads\/2017\/05\/RZ__1846.jpg\"><img loading=\"lazy\" decoding=\"async\" class=\"alignnone size-full wp-image-6496\" src=\"https:\/\/marekkuchcinski.pl\/wp-content\/uploads\/2017\/05\/RZ__1846.jpg\" alt=\"RZ__1846\" width=\"2835\" height=\"1890\" srcset=\"https:\/\/marekkuchcinski.pl\/wp-content\/uploads\/2017\/05\/RZ__1846.jpg 2048w, https:\/\/marekkuchcinski.pl\/wp-content\/uploads\/2017\/05\/RZ__1846-300x200.jpg 300w, https:\/\/marekkuchcinski.pl\/wp-content\/uploads\/2017\/05\/RZ__1846-768x512.jpg 768w, https:\/\/marekkuchcinski.pl\/wp-content\/uploads\/2017\/05\/RZ__1846-1024x683.jpg 1024w\" sizes=\"(max-width: 2835px) 100vw, 2835px\" \/><\/a><\/p>\n<p>- Irena is a charismatic figure who can be found wherever freedom and democracy are important. I would like to thank Irena for this and the jury for awarding such a person who raises awareness in various places, not only in Central Europe, because we are also talking about Cuba and Asian countries or nations fighting for freedom in Asia. It awakens national awareness and shows that support, assistance and solidarity are the best ways to be a free man,\" said the Speaker of the Sejm.<\/p>\n<p><a href=\"https:\/\/marekkuchcinski.pl\/wp-content\/uploads\/2017\/05\/RZ__1735.jpg\"><img loading=\"lazy\" decoding=\"async\" class=\"alignnone size-full wp-image-6495\" src=\"https:\/\/marekkuchcinski.pl\/wp-content\/uploads\/2017\/05\/RZ__1735.jpg\" alt=\"RZ__1735\" width=\"3360\" height=\"2240\" srcset=\"https:\/\/marekkuchcinski.pl\/wp-content\/uploads\/2017\/05\/RZ__1735.jpg 2048w, https:\/\/marekkuchcinski.pl\/wp-content\/uploads\/2017\/05\/RZ__1735-300x200.jpg 300w, https:\/\/marekkuchcinski.pl\/wp-content\/uploads\/2017\/05\/RZ__1735-768x512.jpg 768w, https:\/\/marekkuchcinski.pl\/wp-content\/uploads\/2017\/05\/RZ__1735-1024x683.jpg 1024w\" sizes=\"(max-width: 3360px) 100vw, 3360px\" \/><\/a><a href=\"https:\/\/marekkuchcinski.pl\/wp-content\/uploads\/2017\/05\/RZ__1672.jpg\"><img loading=\"lazy\" decoding=\"async\" class=\"alignnone size-full wp-image-6494\" src=\"https:\/\/marekkuchcinski.pl\/wp-content\/uploads\/2017\/05\/RZ__1672.jpg\" alt=\"RZ__1672\" width=\"2835\" height=\"1890\" srcset=\"https:\/\/marekkuchcinski.pl\/wp-content\/uploads\/2017\/05\/RZ__1672.jpg 2048w, https:\/\/marekkuchcinski.pl\/wp-content\/uploads\/2017\/05\/RZ__1672-300x200.jpg 300w, https:\/\/marekkuchcinski.pl\/wp-content\/uploads\/2017\/05\/RZ__1672-768x512.jpg 768w, https:\/\/marekkuchcinski.pl\/wp-content\/uploads\/2017\/05\/RZ__1672-1024x683.jpg 1024w\" sizes=\"(max-width: 2835px) 100vw, 2835px\" \/><\/a><a href=\"https:\/\/marekkuchcinski.pl\/wp-content\/uploads\/2017\/05\/RZ__1636.jpg\"><img loading=\"lazy\" decoding=\"async\" class=\"alignnone size-full wp-image-6492\" src=\"https:\/\/marekkuchcinski.pl\/wp-content\/uploads\/2017\/05\/RZ__1636.jpg\" alt=\"RZ__1636\" width=\"2835\" height=\"1890\" srcset=\"https:\/\/marekkuchcinski.pl\/wp-content\/uploads\/2017\/05\/RZ__1636.jpg 2048w, https:\/\/marekkuchcinski.pl\/wp-content\/uploads\/2017\/05\/RZ__1636-300x200.jpg 300w, https:\/\/marekkuchcinski.pl\/wp-content\/uploads\/2017\/05\/RZ__1636-768x512.jpg 768w, https:\/\/marekkuchcinski.pl\/wp-content\/uploads\/2017\/05\/RZ__1636-1024x683.jpg 1024w\" sizes=\"(max-width: 2835px) 100vw, 2835px\" \/><\/a><\/p>","protected":false},"excerpt":{"rendered":"<p>Podczas tegorocznej edycji kongresu Polska Wielki Projekt marsza\u0142ek Sejmu Marek Kuchci\u0144ski otworzy\u0142 wernisa\u017c prac Andrzeja Krauzego oraz wr\u0119czy\u0142 medal \u201eOdwaga i Wiarygodno\u015b\u0107\u201d. W sobot\u0119 Andrzej Krauze, rysownik, razem ze swoim bratem re\u017cyserem Antonim odebrali Nagrod\u0119 im. Lecha Kaczy\u0144skiego. Podczas wieczornego wernisa\u017cu w galerii Kordegarda Marek Kuchci\u0144ski podkre\u015bla\u0142, \u017ce wystarczy si\u0119gn\u0105\u0107 do kt\u00f3rego\u015b z tygodnik\u00f3w, by [&hellip;]<\/p>\n","protected":false},"author":6,"featured_media":6484,"comment_status":"open","ping_status":"open","sticky":false,"template":"","format":"standard","meta":{"ngg_post_thumbnail":0,"footnotes":""},"categories":[49,3],"tags":[],"class_list":["post-6483","post","type-post","status-publish","format-standard","has-post-thumbnail","hentry","category-podkarpacie","category-wydarzenia"],"_links":{"self":[{"href":"https:\/\/marekkuchcinski.pl\/en\/wp-json\/wp\/v2\/posts\/6483","targetHints":{"allow":["GET"]}}],"collection":[{"href":"https:\/\/marekkuchcinski.pl\/en\/wp-json\/wp\/v2\/posts"}],"about":[{"href":"https:\/\/marekkuchcinski.pl\/en\/wp-json\/wp\/v2\/types\/post"}],"author":[{"embeddable":true,"href":"https:\/\/marekkuchcinski.pl\/en\/wp-json\/wp\/v2\/users\/6"}],"replies":[{"embeddable":true,"href":"https:\/\/marekkuchcinski.pl\/en\/wp-json\/wp\/v2\/comments?post=6483"}],"version-history":[{"count":5,"href":"https:\/\/marekkuchcinski.pl\/en\/wp-json\/wp\/v2\/posts\/6483\/revisions"}],"predecessor-version":[{"id":6501,"href":"https:\/\/marekkuchcinski.pl\/en\/wp-json\/wp\/v2\/posts\/6483\/revisions\/6501"}],"wp:featuredmedia":[{"embeddable":true,"href":"https:\/\/marekkuchcinski.pl\/en\/wp-json\/wp\/v2\/media\/6484"}],"wp:attachment":[{"href":"https:\/\/marekkuchcinski.pl\/en\/wp-json\/wp\/v2\/media?parent=6483"}],"wp:term":[{"taxonomy":"category","embeddable":true,"href":"https:\/\/marekkuchcinski.pl\/en\/wp-json\/wp\/v2\/categories?post=6483"},{"taxonomy":"post_tag","embeddable":true,"href":"https:\/\/marekkuchcinski.pl\/en\/wp-json\/wp\/v2\/tags?post=6483"}],"curies":[{"name":"wp","href":"https:\/\/api.w.org\/{rel}","templated":true}]}}