{"id":6265,"date":"2017-05-03T10:40:24","date_gmt":"2017-05-03T08:40:24","guid":{"rendered":"https:\/\/marekkuchcinski.pl\/?p=6265"},"modified":"2017-05-03T10:40:24","modified_gmt":"2017-05-03T08:40:24","slug":"centralne-obchody-flagi-rp-oraz-polonii-polakow-granica-udzialem-marszalka-sejmu","status":"publish","type":"post","link":"https:\/\/marekkuchcinski.pl\/en\/wydarzenia\/centralne-obchody-flagi-rp-oraz-polonii-polakow-granica-udzialem-marszalka-sejmu\/","title":{"rendered":"Central celebration of the Polish Flag Day and the Day of Poles and Polish Communities Abroad with the participation of the Speaker of the Sejm"},"content":{"rendered":"<p dir=\"ltr\">Marsza\u0142ek Sejmu Marek Kuchci\u0144ski wzi\u0105\u0142 udzia\u0142 w centralnych obchodach Dnia Flagi RP oraz Dnia Polonii i Polak\u00f3w za Granic\u0105 organizowanych w Warszawie przez Kancelari\u0119 Prezydenta RP.<\/p>\n<p dir=\"ltr\">Obchody rozpocz\u0119\u0142y si\u0119 na Placu Zamkowym od uroczystego podniesienia Flagi Pa\u0144stwowej RP na Wie\u017cy Zegarowej Zamku Kr\u00f3lewskiego. Nast\u0119pnie uczestnicy z\u0142o\u017cyli wie\u0144ce przed pomnikiem Marsza\u0142ka J\u00f3zefa Pi\u0142sudskiego przy Belwederze. W po\u0142udnie na dziedzi\u0144cu Belwederu prezydent Andrzej Duda wr\u0119czy\u0142 odznaczenia pa\u0144stwowe, a tak\u017ce flagi pa\u0144stwowe organizacjom krajowym i polonijnym. Przekaza\u0142 te\u017c pierwsze legitymacje uczniom z sobotniej szko\u0142y im. Dywizjonu 303 w Sutton w Wielkiej Brytanii.<\/p>\n<p dir=\"ltr\">Podczas wyst\u0105pienia prezydent Duda podkre\u015bli\u0142, \u017ce dzie\u0144 2 maja \u0142\u0105czy w sobie dwa elementy: &#8222;[\u2026]wyj\u0105tkow\u0105 cze\u015b\u0107 i rado\u015b\u0107 z naszych bia\u0142o-czerwonych barw z nasz\u0105 wielk\u0105 wsp\u00f3lnot\u0105, pod kt\u00f3r\u0105 wszyscy jeste\u015bmy, pod kt\u00f3r\u0105 wszyscy \u017cyjemy na ca\u0142ym \u015bwiecie, \u0142\u0105czy nas Polak\u00f3w w Dniu Flagi i w Dniu Polonii i Polak\u00f3w za granic\u0105&#8221;. Prezydent podzi\u0119kowa\u0142 te\u017c polskiemu rz\u0105dowi i parlamentowi &#8211; Sejmowi i Senatowi &#8211; za zmiany, jakie nast\u0105pi\u0142y w ustawie o repatriacji. Zwracaj\u0105c si\u0119 do os\u00f3b uhonorowanych za zas\u0142ugi w dzia\u0142alno\u015bci na rzecz Polonii, Andrzej Duda powiedzia\u0142: \u201eOdznaczenia to symbol podzi\u0119kowania ze strony Rzeczpospolitej za wasze pi\u0119kne \u017cycie, za pi\u0119kn\u0105 dzia\u0142alno\u015b\u0107, za to, co robicie dla polsko\u015bci i Polski\u201d.<\/p>\n<p dir=\"ltr\"><em>tekst: Kancelaria Sejmu<\/em><\/p>\n<p dir=\"ltr\"><em>foto: Rafa\u0142 Zambrzycki<\/em><\/p>\n<p dir=\"ltr\"><a href=\"https:\/\/marekkuchcinski.pl\/wp-content\/uploads\/2017\/05\/RZ__4895.jpg\"><img fetchpriority=\"high\" decoding=\"async\" class=\"alignnone size-full wp-image-6267\" src=\"https:\/\/marekkuchcinski.pl\/wp-content\/uploads\/2017\/05\/RZ__4895.jpg\" alt=\"RZ__4895\" width=\"3360\" height=\"2240\" srcset=\"https:\/\/marekkuchcinski.pl\/wp-content\/uploads\/2017\/05\/RZ__4895.jpg 2048w, https:\/\/marekkuchcinski.pl\/wp-content\/uploads\/2017\/05\/RZ__4895-300x200.jpg 300w, https:\/\/marekkuchcinski.pl\/wp-content\/uploads\/2017\/05\/RZ__4895-768x512.jpg 768w, https:\/\/marekkuchcinski.pl\/wp-content\/uploads\/2017\/05\/RZ__4895-1024x683.jpg 1024w\" sizes=\"(max-width: 3360px) 100vw, 3360px\" \/><\/a> <a href=\"https:\/\/marekkuchcinski.pl\/wp-content\/uploads\/2017\/05\/RZ__4949.jpg\"><img decoding=\"async\" class=\"alignnone size-full wp-image-6268\" src=\"https:\/\/marekkuchcinski.pl\/wp-content\/uploads\/2017\/05\/RZ__4949.jpg\" alt=\"RZ__4949\" width=\"2835\" height=\"1890\" srcset=\"https:\/\/marekkuchcinski.pl\/wp-content\/uploads\/2017\/05\/RZ__4949.jpg 2048w, https:\/\/marekkuchcinski.pl\/wp-content\/uploads\/2017\/05\/RZ__4949-300x200.jpg 300w, https:\/\/marekkuchcinski.pl\/wp-content\/uploads\/2017\/05\/RZ__4949-768x512.jpg 768w, https:\/\/marekkuchcinski.pl\/wp-content\/uploads\/2017\/05\/RZ__4949-1024x683.jpg 1024w\" sizes=\"(max-width: 2835px) 100vw, 2835px\" \/><\/a> <a href=\"https:\/\/marekkuchcinski.pl\/wp-content\/uploads\/2017\/05\/RZ__4687-1.jpg\"><img decoding=\"async\" class=\"alignnone size-full wp-image-6269\" src=\"https:\/\/marekkuchcinski.pl\/wp-content\/uploads\/2017\/05\/RZ__4687-1.jpg\" alt=\"RZ__4687\" width=\"3360\" height=\"2240\" srcset=\"https:\/\/marekkuchcinski.pl\/wp-content\/uploads\/2017\/05\/RZ__4687-1.jpg 2048w, https:\/\/marekkuchcinski.pl\/wp-content\/uploads\/2017\/05\/RZ__4687-1-300x200.jpg 300w, https:\/\/marekkuchcinski.pl\/wp-content\/uploads\/2017\/05\/RZ__4687-1-768x512.jpg 768w, https:\/\/marekkuchcinski.pl\/wp-content\/uploads\/2017\/05\/RZ__4687-1-1024x683.jpg 1024w\" sizes=\"(max-width: 3360px) 100vw, 3360px\" \/><\/a> <a href=\"https:\/\/marekkuchcinski.pl\/wp-content\/uploads\/2017\/05\/RZ__4736-1.jpg\"><img loading=\"lazy\" decoding=\"async\" class=\"alignnone size-full wp-image-6270\" src=\"https:\/\/marekkuchcinski.pl\/wp-content\/uploads\/2017\/05\/RZ__4736-1.jpg\" alt=\"RZ__4736 (1)\" width=\"2835\" height=\"1890\" srcset=\"https:\/\/marekkuchcinski.pl\/wp-content\/uploads\/2017\/05\/RZ__4736-1.jpg 2048w, https:\/\/marekkuchcinski.pl\/wp-content\/uploads\/2017\/05\/RZ__4736-1-300x200.jpg 300w, https:\/\/marekkuchcinski.pl\/wp-content\/uploads\/2017\/05\/RZ__4736-1-768x512.jpg 768w, https:\/\/marekkuchcinski.pl\/wp-content\/uploads\/2017\/05\/RZ__4736-1-1024x683.jpg 1024w\" sizes=\"(max-width: 2835px) 100vw, 2835px\" \/><\/a><\/p>\n","protected":false},"excerpt":{"rendered":"<p>Marsza\u0142ek Sejmu Marek Kuchci\u0144ski wzi\u0105\u0142 udzia\u0142 w centralnych obchodach Dnia Flagi RP oraz Dnia Polonii i Polak\u00f3w za Granic\u0105 organizowanych w Warszawie przez Kancelari\u0119 Prezydenta RP. Obchody rozpocz\u0119\u0142y si\u0119 na Placu Zamkowym od uroczystego podniesienia Flagi Pa\u0144stwowej RP na Wie\u017cy Zegarowej Zamku Kr\u00f3lewskiego. Nast\u0119pnie uczestnicy z\u0142o\u017cyli wie\u0144ce przed pomnikiem Marsza\u0142ka J\u00f3zefa Pi\u0142sudskiego przy Belwederze. W [&hellip;]<\/p>\n","protected":false},"author":6,"featured_media":6271,"comment_status":"open","ping_status":"open","sticky":false,"template":"","format":"standard","meta":{"ngg_post_thumbnail":0,"footnotes":""},"categories":[77,3],"tags":[],"class_list":["post-6265","post","type-post","status-publish","format-standard","has-post-thumbnail","hentry","category-wazne-daty","category-wydarzenia"],"_links":{"self":[{"href":"https:\/\/marekkuchcinski.pl\/en\/wp-json\/wp\/v2\/posts\/6265","targetHints":{"allow":["GET"]}}],"collection":[{"href":"https:\/\/marekkuchcinski.pl\/en\/wp-json\/wp\/v2\/posts"}],"about":[{"href":"https:\/\/marekkuchcinski.pl\/en\/wp-json\/wp\/v2\/types\/post"}],"author":[{"embeddable":true,"href":"https:\/\/marekkuchcinski.pl\/en\/wp-json\/wp\/v2\/users\/6"}],"replies":[{"embeddable":true,"href":"https:\/\/marekkuchcinski.pl\/en\/wp-json\/wp\/v2\/comments?post=6265"}],"version-history":[{"count":1,"href":"https:\/\/marekkuchcinski.pl\/en\/wp-json\/wp\/v2\/posts\/6265\/revisions"}],"predecessor-version":[{"id":6272,"href":"https:\/\/marekkuchcinski.pl\/en\/wp-json\/wp\/v2\/posts\/6265\/revisions\/6272"}],"wp:featuredmedia":[{"embeddable":true,"href":"https:\/\/marekkuchcinski.pl\/en\/wp-json\/wp\/v2\/media\/6271"}],"wp:attachment":[{"href":"https:\/\/marekkuchcinski.pl\/en\/wp-json\/wp\/v2\/media?parent=6265"}],"wp:term":[{"taxonomy":"category","embeddable":true,"href":"https:\/\/marekkuchcinski.pl\/en\/wp-json\/wp\/v2\/categories?post=6265"},{"taxonomy":"post_tag","embeddable":true,"href":"https:\/\/marekkuchcinski.pl\/en\/wp-json\/wp\/v2\/tags?post=6265"}],"curies":[{"name":"wp","href":"https:\/\/api.w.org\/{rel}","templated":true}]}}