{"id":5778,"date":"2017-04-05T15:10:02","date_gmt":"2017-04-05T13:10:02","guid":{"rendered":"https:\/\/marekkuchcinski.pl\/?p=5778"},"modified":"2017-04-05T15:10:02","modified_gmt":"2017-04-05T13:10:02","slug":"zmarla-olga-johann-wiceprzewodniczaca-rady-m-st-warszawy-radna-pis","status":"publish","type":"post","link":"https:\/\/marekkuchcinski.pl\/en\/wydarzenia\/zmarla-olga-johann-wiceprzewodniczaca-rady-m-st-warszawy-radna-pis\/","title":{"rendered":"Olga Johann, Vice-Chairman of the Warsaw City Council, member of the Law and Justice party, passed away."},"content":{"rendered":"<p>Olga Johann always stood on the right side. She had great respect for her country and a big heart for people. She was a member of a committee in the Ministry of Education dealing with the problems of disabled youth. She also worked in Youth Helpline, was an expert in juvenile court, then a Law and Justice candidate for the Children's Rights Ombudsman. As a Warsaw councilor she fought for old tenement houses, land given up under the Bierut Decree, decommunization of streets, and for the return of old, pre-war names. \"We have to fight for historical truth\" - she said.<\/p>\n<p>From 2002 to 2006, she was Vice-Chairwoman of the Mazovian Regional Assembly. She was also the chairwoman of the National Audit Committee of Law and Justice.<\/p>\n<p>On December 13, 2016, on the 35th anniversary of the imposition of martial law in Poland - for outstanding contributions to the democratic changes in Poland, for achievements in professional and social work undertaken to the benefit of the country - the President of the Republic of Poland Andrzej Duda decorated Olga Johann with the Knight's Cross of the Order of the Rebirth of Poland.<\/p>\n<p><a href=\"https:\/\/marekkuchcinski.pl\/wp-content\/uploads\/2017\/04\/dwnld68971816-1.jpg\"><img fetchpriority=\"high\" decoding=\"async\" class=\"alignnone size-full wp-image-5779\" src=\"https:\/\/marekkuchcinski.pl\/wp-content\/uploads\/2017\/04\/dwnld68971816-1.jpg\" alt=\"dwnld68971816 (1)\" width=\"1500\" height=\"1000\" srcset=\"https:\/\/marekkuchcinski.pl\/wp-content\/uploads\/2017\/04\/dwnld68971816-1.jpg 1500w, https:\/\/marekkuchcinski.pl\/wp-content\/uploads\/2017\/04\/dwnld68971816-1-300x200.jpg 300w, https:\/\/marekkuchcinski.pl\/wp-content\/uploads\/2017\/04\/dwnld68971816-1-768x512.jpg 768w, https:\/\/marekkuchcinski.pl\/wp-content\/uploads\/2017\/04\/dwnld68971816-1-1024x683.jpg 1024w\" sizes=\"(max-width: 1500px) 100vw, 1500px\" \/><\/a><\/p>\n<p><em>photo: Krzysztof Sitkowski \/KPRP<\/em><\/p>","protected":false},"excerpt":{"rendered":"<p>Olga Johann zawsze sta\u0142a po odpowiedniej stronie.\u00a0Mia\u0142a wielki szacunek dla swojego kraju i wielkie serce dla ludzi. By\u0142a cz\u0142onkini\u0105 komisji w Ministerstwie O\u015bwiaty zajmuj\u0105c\u0105 si\u0119 problematyk\u0105 m\u0142odzie\u017cy niepe\u0142nosprawnej. Pracowa\u0142a tak\u017ce w M\u0142odzie\u017cowym Telefonie Zaufania, by\u0142a bieg\u0142\u0105 w s\u0105dzie dla nieletnich, potem kandydatk\u0105 PiS na rzecznika praw dziecka. Jako radna Warszawy walczy\u0142a o stare kamienice, grunty [&hellip;]<\/p>\n","protected":false},"author":6,"featured_media":5779,"comment_status":"open","ping_status":"open","sticky":false,"template":"","format":"standard","meta":{"ngg_post_thumbnail":0,"footnotes":""},"categories":[82,77,3],"tags":[],"class_list":["post-5778","post","type-post","status-publish","format-standard","has-post-thumbnail","hentry","category-prawo-i-sprawiedliwosc","category-wazne-daty","category-wydarzenia"],"_links":{"self":[{"href":"https:\/\/marekkuchcinski.pl\/en\/wp-json\/wp\/v2\/posts\/5778","targetHints":{"allow":["GET"]}}],"collection":[{"href":"https:\/\/marekkuchcinski.pl\/en\/wp-json\/wp\/v2\/posts"}],"about":[{"href":"https:\/\/marekkuchcinski.pl\/en\/wp-json\/wp\/v2\/types\/post"}],"author":[{"embeddable":true,"href":"https:\/\/marekkuchcinski.pl\/en\/wp-json\/wp\/v2\/users\/6"}],"replies":[{"embeddable":true,"href":"https:\/\/marekkuchcinski.pl\/en\/wp-json\/wp\/v2\/comments?post=5778"}],"version-history":[{"count":1,"href":"https:\/\/marekkuchcinski.pl\/en\/wp-json\/wp\/v2\/posts\/5778\/revisions"}],"predecessor-version":[{"id":5780,"href":"https:\/\/marekkuchcinski.pl\/en\/wp-json\/wp\/v2\/posts\/5778\/revisions\/5780"}],"wp:featuredmedia":[{"embeddable":true,"href":"https:\/\/marekkuchcinski.pl\/en\/wp-json\/wp\/v2\/media\/5779"}],"wp:attachment":[{"href":"https:\/\/marekkuchcinski.pl\/en\/wp-json\/wp\/v2\/media?parent=5778"}],"wp:term":[{"taxonomy":"category","embeddable":true,"href":"https:\/\/marekkuchcinski.pl\/en\/wp-json\/wp\/v2\/categories?post=5778"},{"taxonomy":"post_tag","embeddable":true,"href":"https:\/\/marekkuchcinski.pl\/en\/wp-json\/wp\/v2\/tags?post=5778"}],"curies":[{"name":"wp","href":"https:\/\/api.w.org\/{rel}","templated":true}]}}