{"id":567,"date":"2015-11-04T18:07:59","date_gmt":"2015-11-04T17:07:59","guid":{"rendered":"https:\/\/marekkuchcinski.pl\/lipiec-2013\/"},"modified":"2016-08-25T16:58:23","modified_gmt":"2016-08-25T14:58:23","slug":"lipiec-2013","status":"publish","type":"post","link":"https:\/\/marekkuchcinski.pl\/en\/bez-kategorii\/lipiec-2013\/","title":{"rendered":"JULY 2013"},"content":{"rendered":"<p><strong>July 2, 2013<\/strong><\/p>\n<p>11:00 a.m. Przemy\u015bl, duty in MP's office<\/p>\n<p><strong>July 4, 2013<\/strong><\/p>\n<p>Krakow - Second Trilateral Meeting of Presidiums of the Weimar Triangle Parliaments (Presidium of the Polish Sejm, the National Assembly of the French Republic and the German Bundestag<\/p>\n<p>  <!--more-->  <\/p>\n<p><strong>July 5, 2013<\/strong><\/p>\n<p>Krakow - Second Trilateral Meeting of Presidiums of the Weimar Triangle Parliaments (Presidium of the Polish Sejm, the National Assembly of the French Republic and the German Bundestag<\/p>\n<p><strong>July 9, 2013<\/strong><\/p>\n<p>18.00 Meeting of the Law and Justice Parliamentary Club<\/p>\n<p><strong>July 10, 2013<\/strong><\/p>\n<p>Sitting of the Polish Sejm<\/p>\n<p>8 a.m. - Warsaw, celebration of the Smolensk monthly disaster commemoration, Holy Mass in the Seminary Church, placing flowers and lighting symbolic candles at the Presidential Palace and the Pow\u0105zki Military Cemetery<\/p>\n<p><strong>July 11, 2013<\/strong><\/p>\n<p>Sitting of the Polish Sejm<\/p>\n<p>11.15 am - Warsaw, Sejm of the Republic of Poland, opening of the exhibition \"Genocide committed against Polish citizens by the Organization of Ukrainian Nationalists (OUN) and the so-called Ukrainian Insurgent Army (UPA) in the South Eastern Borderlands of the Second Polish Republic\". \"Genocide committed against Polish citizens by the Organization of Ukrainian Nationalists (OUN) and the so-called Ukrainian Insurgent Army (UPA) in the South-Eastern Borderlands of the Second Polish Republic\".<\/p>\n<p>12.00 - Warsaw, Plac Trzech Krzy\u017cy, Mass in St. Aleksander Church - celebrations of the 70th anniversary of the Volhynian Massacre and Solidarity of Kresowiaks<\/p>\n<p>13.30 pm Warsaw, Trzech Krzy\u00bfy Square March of Memory from Trzech Krzy\u00bfy Square, Nowy \u00a6wiat street, Krakowskie Przedmie\u00b6cie street to the Castle Square. The laying of flowers at the commemorative plaque on the Dom Polonii (Polish House), 64 Krakowskie Przedmie\u00b6cie St., occasional speeches, presentation of borderland associations, invitation to accompanying events.<\/p>\n<p><strong>July 12, 2013<\/strong><\/p>\n<p>Sitting of the Polish Sejm<\/p>\n<p><strong>July 22, 2013<\/strong><\/p>\n<p>18.00 Meeting of the Law and Justice Parliamentary Club<\/p>\n<p><strong>July 23, 2013<\/strong><\/p>\n<p>Sitting of the Polish Sejm<\/p>\n<p><strong>July 25, 2013<\/strong><\/p>\n<p>Sitting of the Polish Sejm<\/p>\n<p>17:00 Warsaw, Sejm of the Republic of Poland, Meeting of the Regional Council of PiS<\/p>\n<p><strong>July 26, 2013<\/strong><\/p>\n<p>Sitting of the Polish Sejm<\/p>\n<p>&nbsp;<\/p>","protected":false},"excerpt":{"rendered":"<p>2 lipca 2013 godz. 11:00 Przemy\u015bl, dy\u017cur poselski w biurze poselskim 4 lipca 2013 Krak\u00f3w &#8211; Drugie posiedzenie tr\u00f3jstronne prezydi\u00f3w parlament\u00f3w pa\u0144stw Tr\u00f3jk\u0105ta Weimarskiego (Prezydium Sejmu RP, Zgromadzenia Narodowego Republiki Francuskiej i niemieckiego Bundestagu<\/p>","protected":false},"author":6,"featured_media":0,"comment_status":"open","ping_status":"open","sticky":false,"template":"","format":"standard","meta":{"ngg_post_thumbnail":0,"footnotes":""},"categories":[1],"tags":[],"class_list":["post-567","post","type-post","status-publish","format-standard","hentry","category-bez-kategorii"],"yoast_head":"<!-- This site is optimized with the Yoast SEO plugin v24.7 - https:\/\/yoast.com\/wordpress\/plugins\/seo\/ -->\n<title>LIPIEC 2013 &#8211; Marek Kuchci\u0144ski<\/title>\n<meta name=\"robots\" content=\"index, follow, max-snippet:-1, max-image-preview:large, max-video-preview:-1\" \/>\n<link rel=\"canonical\" href=\"https:\/\/marekkuchcinski.pl\/en\/bez-kategorii\/lipiec-2013\/\" \/>\n<meta property=\"og:locale\" content=\"en_GB\" \/>\n<meta property=\"og:type\" content=\"article\" \/>\n<meta property=\"og:title\" content=\"LIPIEC 2013 &#8211; Marek Kuchci\u0144ski\" \/>\n<meta property=\"og:description\" content=\"2 lipca 2013 godz. 11:00 Przemy\u015bl, dy\u017cur poselski w biurze poselskim 4 lipca 2013 Krak\u00f3w &#8211; Drugie posiedzenie tr\u00f3jstronne prezydi\u00f3w parlament\u00f3w pa\u0144stw Tr\u00f3jk\u0105ta Weimarskiego (Prezydium Sejmu RP, Zgromadzenia Narodowego Republiki Francuskiej i niemieckiego Bundestagu\" \/>\n<meta property=\"og:url\" content=\"https:\/\/marekkuchcinski.pl\/en\/bez-kategorii\/lipiec-2013\/\" \/>\n<meta property=\"og:site_name\" content=\"Marek Kuchci\u0144ski\" \/>\n<meta property=\"article:published_time\" content=\"2015-11-04T17:07:59+00:00\" \/>\n<meta property=\"article:modified_time\" content=\"2016-08-25T14:58:23+00:00\" \/>\n<meta property=\"og:image\" content=\"https:\/\/marekkuchcinski.pl\/wp-content\/uploads\/2022\/09\/Marek.jpg\" \/>\n\t<meta property=\"og:image:width\" content=\"1600\" \/>\n\t<meta property=\"og:image:height\" content=\"971\" \/>\n\t<meta property=\"og:image:type\" content=\"image\/jpeg\" \/>\n<meta name=\"author\" content=\"admin\" \/>\n<meta name=\"twitter:card\" content=\"summary_large_image\" \/>\n<meta name=\"twitter:label1\" content=\"Written by\" \/>\n\t<meta name=\"twitter:data1\" content=\"admin\" \/>\n\t<meta name=\"twitter:label2\" content=\"Estimated reading time\" \/>\n\t<meta name=\"twitter:data2\" content=\"1 minute\" \/>\n<script type=\"application\/ld+json\" class=\"yoast-schema-graph\">{\"@context\":\"https:\/\/schema.org\",\"@graph\":[{\"@type\":\"Article\",\"@id\":\"https:\/\/marekkuchcinski.pl\/en\/bez-kategorii\/lipiec-2013\/#article\",\"isPartOf\":{\"@id\":\"https:\/\/marekkuchcinski.pl\/en\/bez-kategorii\/lipiec-2013\/\"},\"author\":{\"name\":\"admin\",\"@id\":\"https:\/\/marekkuchcinski.pl\/#\/schema\/person\/6f62700996b4d950b6ea2d1183b6c6be\"},\"headline\":\"LIPIEC 2013\",\"datePublished\":\"2015-11-04T17:07:59+00:00\",\"dateModified\":\"2016-08-25T14:58:23+00:00\",\"mainEntityOfPage\":{\"@id\":\"https:\/\/marekkuchcinski.pl\/en\/bez-kategorii\/lipiec-2013\/\"},\"wordCount\":278,\"commentCount\":0,\"publisher\":{\"@id\":\"https:\/\/marekkuchcinski.pl\/#organization\"},\"articleSection\":[\"Bez kategorii\"],\"inLanguage\":\"en-GB\",\"potentialAction\":[{\"@type\":\"CommentAction\",\"name\":\"Comment\",\"target\":[\"https:\/\/marekkuchcinski.pl\/en\/bez-kategorii\/lipiec-2013\/#respond\"]}]},{\"@type\":\"WebPage\",\"@id\":\"https:\/\/marekkuchcinski.pl\/en\/bez-kategorii\/lipiec-2013\/\",\"url\":\"https:\/\/marekkuchcinski.pl\/en\/bez-kategorii\/lipiec-2013\/\",\"name\":\"LIPIEC 2013 &#8211; Marek Kuchci\u0144ski\",\"isPartOf\":{\"@id\":\"https:\/\/marekkuchcinski.pl\/#website\"},\"datePublished\":\"2015-11-04T17:07:59+00:00\",\"dateModified\":\"2016-08-25T14:58:23+00:00\",\"breadcrumb\":{\"@id\":\"https:\/\/marekkuchcinski.pl\/en\/bez-kategorii\/lipiec-2013\/#breadcrumb\"},\"inLanguage\":\"en-GB\",\"potentialAction\":[{\"@type\":\"ReadAction\",\"target\":[\"https:\/\/marekkuchcinski.pl\/en\/bez-kategorii\/lipiec-2013\/\"]}]},{\"@type\":\"BreadcrumbList\",\"@id\":\"https:\/\/marekkuchcinski.pl\/en\/bez-kategorii\/lipiec-2013\/#breadcrumb\",\"itemListElement\":[{\"@type\":\"ListItem\",\"position\":1,\"name\":\"Strona g\u0142\u00f3wna\",\"item\":\"https:\/\/marekkuchcinski.pl\/\"},{\"@type\":\"ListItem\",\"position\":2,\"name\":\"LIPIEC 2013\"}]},{\"@type\":\"WebSite\",\"@id\":\"https:\/\/marekkuchcinski.pl\/#website\",\"url\":\"https:\/\/marekkuchcinski.pl\/\",\"name\":\"Marek Kuchci\u0144ski\",\"description\":\"Pose\u0142 na sejm RP &ndash; okr\u0119g nr 22\",\"publisher\":{\"@id\":\"https:\/\/marekkuchcinski.pl\/#organization\"},\"potentialAction\":[{\"@type\":\"SearchAction\",\"target\":{\"@type\":\"EntryPoint\",\"urlTemplate\":\"https:\/\/marekkuchcinski.pl\/?s={search_term_string}\"},\"query-input\":{\"@type\":\"PropertyValueSpecification\",\"valueRequired\":true,\"valueName\":\"search_term_string\"}}],\"inLanguage\":\"en-GB\"},{\"@type\":\"Organization\",\"@id\":\"https:\/\/marekkuchcinski.pl\/#organization\",\"name\":\"Marek Kuchci\u0144ski\",\"url\":\"https:\/\/marekkuchcinski.pl\/\",\"logo\":{\"@type\":\"ImageObject\",\"inLanguage\":\"en-GB\",\"@id\":\"https:\/\/marekkuchcinski.pl\/#\/schema\/logo\/image\/\",\"url\":\"https:\/\/marekkuchcinski.pl\/wp-content\/uploads\/2022\/09\/Marek.jpg\",\"contentUrl\":\"https:\/\/marekkuchcinski.pl\/wp-content\/uploads\/2022\/09\/Marek.jpg\",\"width\":1600,\"height\":971,\"caption\":\"Marek Kuchci\u0144ski\"},\"image\":{\"@id\":\"https:\/\/marekkuchcinski.pl\/#\/schema\/logo\/image\/\"}},{\"@type\":\"Person\",\"@id\":\"https:\/\/marekkuchcinski.pl\/#\/schema\/person\/6f62700996b4d950b6ea2d1183b6c6be\",\"name\":\"admin\",\"image\":{\"@type\":\"ImageObject\",\"inLanguage\":\"en-GB\",\"@id\":\"https:\/\/marekkuchcinski.pl\/#\/schema\/person\/image\/\",\"url\":\"https:\/\/secure.gravatar.com\/avatar\/4bab693b9d55c3d6b52c0296a8765085?s=96&d=mm&r=g\",\"contentUrl\":\"https:\/\/secure.gravatar.com\/avatar\/4bab693b9d55c3d6b52c0296a8765085?s=96&d=mm&r=g\",\"caption\":\"admin\"},\"url\":\"https:\/\/marekkuchcinski.pl\/en\/author\/marta-olejnik\/\"}]}<\/script>\n<!-- \/ Yoast SEO plugin. -->","yoast_head_json":{"title":"LIPIEC 2013 &#8211; Marek Kuchci\u0144ski","robots":{"index":"index","follow":"follow","max-snippet":"max-snippet:-1","max-image-preview":"max-image-preview:large","max-video-preview":"max-video-preview:-1"},"canonical":"https:\/\/marekkuchcinski.pl\/en\/bez-kategorii\/lipiec-2013\/","og_locale":"en_GB","og_type":"article","og_title":"LIPIEC 2013 &#8211; Marek Kuchci\u0144ski","og_description":"2 lipca 2013 godz. 11:00 Przemy\u015bl, dy\u017cur poselski w biurze poselskim 4 lipca 2013 Krak\u00f3w &#8211; Drugie posiedzenie tr\u00f3jstronne prezydi\u00f3w parlament\u00f3w pa\u0144stw Tr\u00f3jk\u0105ta Weimarskiego (Prezydium Sejmu RP, Zgromadzenia Narodowego Republiki Francuskiej i niemieckiego Bundestagu","og_url":"https:\/\/marekkuchcinski.pl\/en\/bez-kategorii\/lipiec-2013\/","og_site_name":"Marek Kuchci\u0144ski","article_published_time":"2015-11-04T17:07:59+00:00","article_modified_time":"2016-08-25T14:58:23+00:00","og_image":[{"width":1600,"height":971,"url":"https:\/\/marekkuchcinski.pl\/wp-content\/uploads\/2022\/09\/Marek.jpg","type":"image\/jpeg"}],"author":"admin","twitter_card":"summary_large_image","twitter_misc":{"Written by":"admin","Estimated reading time":"1 minute"},"schema":{"@context":"https:\/\/schema.org","@graph":[{"@type":"Article","@id":"https:\/\/marekkuchcinski.pl\/en\/bez-kategorii\/lipiec-2013\/#article","isPartOf":{"@id":"https:\/\/marekkuchcinski.pl\/en\/bez-kategorii\/lipiec-2013\/"},"author":{"name":"admin","@id":"https:\/\/marekkuchcinski.pl\/#\/schema\/person\/6f62700996b4d950b6ea2d1183b6c6be"},"headline":"LIPIEC 2013","datePublished":"2015-11-04T17:07:59+00:00","dateModified":"2016-08-25T14:58:23+00:00","mainEntityOfPage":{"@id":"https:\/\/marekkuchcinski.pl\/en\/bez-kategorii\/lipiec-2013\/"},"wordCount":278,"commentCount":0,"publisher":{"@id":"https:\/\/marekkuchcinski.pl\/#organization"},"articleSection":["Bez kategorii"],"inLanguage":"en-GB","potentialAction":[{"@type":"CommentAction","name":"Comment","target":["https:\/\/marekkuchcinski.pl\/en\/bez-kategorii\/lipiec-2013\/#respond"]}]},{"@type":"WebPage","@id":"https:\/\/marekkuchcinski.pl\/en\/bez-kategorii\/lipiec-2013\/","url":"https:\/\/marekkuchcinski.pl\/en\/bez-kategorii\/lipiec-2013\/","name":"LIPIEC 2013 &#8211; Marek Kuchci\u0144ski","isPartOf":{"@id":"https:\/\/marekkuchcinski.pl\/#website"},"datePublished":"2015-11-04T17:07:59+00:00","dateModified":"2016-08-25T14:58:23+00:00","breadcrumb":{"@id":"https:\/\/marekkuchcinski.pl\/en\/bez-kategorii\/lipiec-2013\/#breadcrumb"},"inLanguage":"en-GB","potentialAction":[{"@type":"ReadAction","target":["https:\/\/marekkuchcinski.pl\/en\/bez-kategorii\/lipiec-2013\/"]}]},{"@type":"BreadcrumbList","@id":"https:\/\/marekkuchcinski.pl\/en\/bez-kategorii\/lipiec-2013\/#breadcrumb","itemListElement":[{"@type":"ListItem","position":1,"name":"Strona g\u0142\u00f3wna","item":"https:\/\/marekkuchcinski.pl\/"},{"@type":"ListItem","position":2,"name":"LIPIEC 2013"}]},{"@type":"WebSite","@id":"https:\/\/marekkuchcinski.pl\/#website","url":"https:\/\/marekkuchcinski.pl\/","name":"Marek Kuchci\u0144ski","description":"Pose\u0142 na sejm RP &ndash; okr\u0119g nr 22","publisher":{"@id":"https:\/\/marekkuchcinski.pl\/#organization"},"potentialAction":[{"@type":"SearchAction","target":{"@type":"EntryPoint","urlTemplate":"https:\/\/marekkuchcinski.pl\/?s={search_term_string}"},"query-input":{"@type":"PropertyValueSpecification","valueRequired":true,"valueName":"search_term_string"}}],"inLanguage":"en-GB"},{"@type":"Organization","@id":"https:\/\/marekkuchcinski.pl\/#organization","name":"Marek Kuchci\u0144ski","url":"https:\/\/marekkuchcinski.pl\/","logo":{"@type":"ImageObject","inLanguage":"en-GB","@id":"https:\/\/marekkuchcinski.pl\/#\/schema\/logo\/image\/","url":"https:\/\/marekkuchcinski.pl\/wp-content\/uploads\/2022\/09\/Marek.jpg","contentUrl":"https:\/\/marekkuchcinski.pl\/wp-content\/uploads\/2022\/09\/Marek.jpg","width":1600,"height":971,"caption":"Marek Kuchci\u0144ski"},"image":{"@id":"https:\/\/marekkuchcinski.pl\/#\/schema\/logo\/image\/"}},{"@type":"Person","@id":"https:\/\/marekkuchcinski.pl\/#\/schema\/person\/6f62700996b4d950b6ea2d1183b6c6be","name":"admin","image":{"@type":"ImageObject","inLanguage":"en-GB","@id":"https:\/\/marekkuchcinski.pl\/#\/schema\/person\/image\/","url":"https:\/\/secure.gravatar.com\/avatar\/4bab693b9d55c3d6b52c0296a8765085?s=96&d=mm&r=g","contentUrl":"https:\/\/secure.gravatar.com\/avatar\/4bab693b9d55c3d6b52c0296a8765085?s=96&d=mm&r=g","caption":"admin"},"url":"https:\/\/marekkuchcinski.pl\/en\/author\/marta-olejnik\/"}]}},"_links":{"self":[{"href":"https:\/\/marekkuchcinski.pl\/en\/wp-json\/wp\/v2\/posts\/567","targetHints":{"allow":["GET"]}}],"collection":[{"href":"https:\/\/marekkuchcinski.pl\/en\/wp-json\/wp\/v2\/posts"}],"about":[{"href":"https:\/\/marekkuchcinski.pl\/en\/wp-json\/wp\/v2\/types\/post"}],"author":[{"embeddable":true,"href":"https:\/\/marekkuchcinski.pl\/en\/wp-json\/wp\/v2\/users\/6"}],"replies":[{"embeddable":true,"href":"https:\/\/marekkuchcinski.pl\/en\/wp-json\/wp\/v2\/comments?post=567"}],"version-history":[{"count":1,"href":"https:\/\/marekkuchcinski.pl\/en\/wp-json\/wp\/v2\/posts\/567\/revisions"}],"predecessor-version":[{"id":3135,"href":"https:\/\/marekkuchcinski.pl\/en\/wp-json\/wp\/v2\/posts\/567\/revisions\/3135"}],"wp:attachment":[{"href":"https:\/\/marekkuchcinski.pl\/en\/wp-json\/wp\/v2\/media?parent=567"}],"wp:term":[{"taxonomy":"category","embeddable":true,"href":"https:\/\/marekkuchcinski.pl\/en\/wp-json\/wp\/v2\/categories?post=567"},{"taxonomy":"post_tag","embeddable":true,"href":"https:\/\/marekkuchcinski.pl\/en\/wp-json\/wp\/v2\/tags?post=567"}],"curies":[{"name":"wp","href":"https:\/\/api.w.org\/{rel}","templated":true}]}}