{"id":5620,"date":"2017-03-11T13:31:05","date_gmt":"2017-03-11T12:31:05","guid":{"rendered":"https:\/\/marekkuchcinski.pl\/?p=5620"},"modified":"2017-03-11T13:31:05","modified_gmt":"2017-03-11T12:31:05","slug":"litwa-oglosila-niepodleglosc","status":"publish","type":"post","link":"https:\/\/marekkuchcinski.pl\/en\/wazne-daty\/litwa-oglosila-niepodleglosc\/","title":{"rendered":"Lithuania has declared independence"},"content":{"rendered":"<p><strong>On March 11, 1990, the Supreme Council of Lithuania was the first of the Soviet republics to proclaim the Act of Restitution of the Independent State of Lithuania.<\/strong><\/p>\n<p>The act, signed by all members of the Supreme Council of the Republic of Lithuania, emphasized the renewal and legal continuation of the interwar Lithuanian state, which fell under the occupation of the Soviet Union and lost its independence in June 1940.<\/p>\n<p>&nbsp;<\/p>\n<p>&nbsp;<\/p>\n<p><a href=\"https:\/\/marekkuchcinski.pl\/wp-content\/uploads\/2017\/03\/lit.jpg\"><img fetchpriority=\"high\" decoding=\"async\" class=\"alignnone size-full wp-image-5621\" src=\"https:\/\/marekkuchcinski.pl\/wp-content\/uploads\/2017\/03\/lit.jpg\" alt=\"lit\" width=\"800\" height=\"1136\" srcset=\"https:\/\/marekkuchcinski.pl\/wp-content\/uploads\/2017\/03\/lit.jpg 800w, https:\/\/marekkuchcinski.pl\/wp-content\/uploads\/2017\/03\/lit-211x300.jpg 211w, https:\/\/marekkuchcinski.pl\/wp-content\/uploads\/2017\/03\/lit-768x1091.jpg 768w, https:\/\/marekkuchcinski.pl\/wp-content\/uploads\/2017\/03\/lit-721x1024.jpg 721w\" sizes=\"(max-width: 800px) 100vw, 800px\" \/><\/a><\/p>","protected":false},"excerpt":{"rendered":"<p>11 marca 1990 r. Rada Najwy\u017csza Litwy, jako pierwsza z republik radzieckich, proklamowa\u0142a akt o restytucji niepodleg\u0142ego pa\u0144stwa litewskiego. Podpisany przez wszystkich cz\u0142onk\u00f3w Rady Najwy\u017cszej Republiki Litewskiej akt podkre\u015bla\u0142 odnowienie i prawn\u0105 kontynuacj\u0119 pa\u0144stwa litewskiego z okresu mi\u0119dzywojennego, kt\u00f3re znalaz\u0142o si\u0119 pod okupacj\u0105 Zwi\u0105zku Radzieckiego i utraci\u0142o niepodleg\u0142o\u015b\u0107 w czerwcu 1940 roku. &nbsp; &nbsp;<\/p>","protected":false},"author":6,"featured_media":5622,"comment_status":"open","ping_status":"open","sticky":false,"template":"","format":"standard","meta":{"ngg_post_thumbnail":0,"footnotes":""},"categories":[77],"tags":[],"class_list":["post-5620","post","type-post","status-publish","format-standard","has-post-thumbnail","hentry","category-wazne-daty"],"_links":{"self":[{"href":"https:\/\/marekkuchcinski.pl\/en\/wp-json\/wp\/v2\/posts\/5620","targetHints":{"allow":["GET"]}}],"collection":[{"href":"https:\/\/marekkuchcinski.pl\/en\/wp-json\/wp\/v2\/posts"}],"about":[{"href":"https:\/\/marekkuchcinski.pl\/en\/wp-json\/wp\/v2\/types\/post"}],"author":[{"embeddable":true,"href":"https:\/\/marekkuchcinski.pl\/en\/wp-json\/wp\/v2\/users\/6"}],"replies":[{"embeddable":true,"href":"https:\/\/marekkuchcinski.pl\/en\/wp-json\/wp\/v2\/comments?post=5620"}],"version-history":[{"count":1,"href":"https:\/\/marekkuchcinski.pl\/en\/wp-json\/wp\/v2\/posts\/5620\/revisions"}],"predecessor-version":[{"id":5623,"href":"https:\/\/marekkuchcinski.pl\/en\/wp-json\/wp\/v2\/posts\/5620\/revisions\/5623"}],"wp:featuredmedia":[{"embeddable":true,"href":"https:\/\/marekkuchcinski.pl\/en\/wp-json\/wp\/v2\/media\/5622"}],"wp:attachment":[{"href":"https:\/\/marekkuchcinski.pl\/en\/wp-json\/wp\/v2\/media?parent=5620"}],"wp:term":[{"taxonomy":"category","embeddable":true,"href":"https:\/\/marekkuchcinski.pl\/en\/wp-json\/wp\/v2\/categories?post=5620"},{"taxonomy":"post_tag","embeddable":true,"href":"https:\/\/marekkuchcinski.pl\/en\/wp-json\/wp\/v2\/tags?post=5620"}],"curies":[{"name":"wp","href":"https:\/\/api.w.org\/{rel}","templated":true}]}}