{"id":5510,"date":"2017-03-02T10:00:49","date_gmt":"2017-03-02T09:00:49","guid":{"rendered":"https:\/\/marekkuchcinski.pl\/?p=5510"},"modified":"2017-03-02T11:43:10","modified_gmt":"2017-03-02T10:43:10","slug":"dzien-zolnierzy-wykletych","status":"publish","type":"post","link":"https:\/\/marekkuchcinski.pl\/en\/wydarzenia\/dzien-zolnierzy-wykletych\/","title":{"rendered":"Soldiers of the Classifieds Day"},"content":{"rendered":"<p>They did not agree to Poland becoming the 17th Soviet republic, they did not accept injustice and contempt. Katzed, persecuted, they did not give in. They put the homeland higher than their own lives. On March 1 we celebrate their day, the Day of the Wykl\u0119tych Soldiers.<\/p>\n<p>On March 1, President Andrzej Duda decorated veterans and those nurturing the memory of the Wykl\u0119t Soldiers. The president was accompanied, among others, by Sejm Speaker Marek Kuchcinski, IPN head Jaroslaw Szarek and UDSKiOR head Jan Jozef Kasprzyk.<\/p>\n<p><em>These are those who hid in the forest for years, suffering hunger, misery, cold, disease, constant persecution. It was those who supported them, who helped them, who set up all sorts of organizations. Each of these actions was punishable by death, imprisonment, torture, persecution, at best a wolf ticket for life - to study, to work, everywhere. At best! So it was the Unbroken Soldiers, the Ex-Cursed Soldiers, but not only them. These were cursed families, these were children without fathers, without mothers, these were single wives, suffering privation, persecution. These were entire families cursed, persecuted, oppressed, and unfortunately often murdered by the communists.<\/em><\/p>\n<p><em>And it was finally those who said: \"No!\" to this greatest goal that the Communists had - to murder and bury, so that no one would ever know, so that history would fall on deaf ears about them. Those who decided to bring out this memory. And they devoted many years of their lives to make this memory. So that the younger generation would know about them, so that monuments would be erected, so that finally the defenders of the Republic, the soldiers of independence would be given due honor.<\/em> - said the President.<\/p>\n<p><a href=\"https:\/\/marekkuchcinski.pl\/wp-content\/uploads\/2017\/03\/KA204286.jpg\"><img fetchpriority=\"high\" decoding=\"async\" class=\"alignnone size-full wp-image-5513\" src=\"https:\/\/marekkuchcinski.pl\/wp-content\/uploads\/2017\/03\/KA204286.jpg\" alt=\"KA204286\" width=\"1800\" height=\"1200\" srcset=\"https:\/\/marekkuchcinski.pl\/wp-content\/uploads\/2017\/03\/KA204286.jpg 1800w, https:\/\/marekkuchcinski.pl\/wp-content\/uploads\/2017\/03\/KA204286-300x200.jpg 300w, https:\/\/marekkuchcinski.pl\/wp-content\/uploads\/2017\/03\/KA204286-768x512.jpg 768w, https:\/\/marekkuchcinski.pl\/wp-content\/uploads\/2017\/03\/KA204286-1024x683.jpg 1024w\" sizes=\"(max-width: 1800px) 100vw, 1800px\" \/><\/a> <a href=\"https:\/\/marekkuchcinski.pl\/wp-content\/uploads\/2017\/03\/KU108030.jpg\"><img decoding=\"async\" class=\"alignnone size-full wp-image-5514\" src=\"https:\/\/marekkuchcinski.pl\/wp-content\/uploads\/2017\/03\/KU108030.jpg\" alt=\"KU108030\" width=\"1800\" height=\"1200\" srcset=\"https:\/\/marekkuchcinski.pl\/wp-content\/uploads\/2017\/03\/KU108030.jpg 1800w, https:\/\/marekkuchcinski.pl\/wp-content\/uploads\/2017\/03\/KU108030-300x200.jpg 300w, https:\/\/marekkuchcinski.pl\/wp-content\/uploads\/2017\/03\/KU108030-768x512.jpg 768w, https:\/\/marekkuchcinski.pl\/wp-content\/uploads\/2017\/03\/KU108030-1024x683.jpg 1024w\" sizes=\"(max-width: 1800px) 100vw, 1800px\" \/><\/a><\/p>\n<p>The Speaker of the Sejm took part in the Solemn Appeal of Remembrance in front of the Tomb of the Unknown Soldier.<\/p>\n<p><a href=\"https:\/\/marekkuchcinski.pl\/wp-content\/uploads\/2017\/03\/KU109259.jpg\"><img decoding=\"async\" class=\"alignnone size-full wp-image-5519\" src=\"https:\/\/marekkuchcinski.pl\/wp-content\/uploads\/2017\/03\/KU109259.jpg\" alt=\"KU109259\" width=\"2736\" height=\"1824\" srcset=\"https:\/\/marekkuchcinski.pl\/wp-content\/uploads\/2017\/03\/KU109259.jpg 2048w, https:\/\/marekkuchcinski.pl\/wp-content\/uploads\/2017\/03\/KU109259-300x200.jpg 300w, https:\/\/marekkuchcinski.pl\/wp-content\/uploads\/2017\/03\/KU109259-768x512.jpg 768w, https:\/\/marekkuchcinski.pl\/wp-content\/uploads\/2017\/03\/KU109259-1024x683.jpg 1024w\" sizes=\"(max-width: 2736px) 100vw, 2736px\" \/><\/a><\/p>\n<p><a href=\"https:\/\/marekkuchcinski.pl\/wp-content\/uploads\/2017\/03\/KU109066.jpg\"><img loading=\"lazy\" decoding=\"async\" class=\"alignnone size-full wp-image-5526\" src=\"https:\/\/marekkuchcinski.pl\/wp-content\/uploads\/2017\/03\/KU109066.jpg\" alt=\"KU109066\" width=\"2736\" height=\"1824\" srcset=\"https:\/\/marekkuchcinski.pl\/wp-content\/uploads\/2017\/03\/KU109066.jpg 2048w, https:\/\/marekkuchcinski.pl\/wp-content\/uploads\/2017\/03\/KU109066-300x200.jpg 300w, https:\/\/marekkuchcinski.pl\/wp-content\/uploads\/2017\/03\/KU109066-768x512.jpg 768w, https:\/\/marekkuchcinski.pl\/wp-content\/uploads\/2017\/03\/KU109066-1024x683.jpg 1024w\" sizes=\"(max-width: 2736px) 100vw, 2736px\" \/><\/a> <a href=\"https:\/\/marekkuchcinski.pl\/wp-content\/uploads\/2017\/03\/KU108950.jpg\"><img loading=\"lazy\" decoding=\"async\" class=\"alignnone size-full wp-image-5527\" src=\"https:\/\/marekkuchcinski.pl\/wp-content\/uploads\/2017\/03\/KU108950.jpg\" alt=\"KU108950\" width=\"2736\" height=\"1824\" srcset=\"https:\/\/marekkuchcinski.pl\/wp-content\/uploads\/2017\/03\/KU108950.jpg 2048w, https:\/\/marekkuchcinski.pl\/wp-content\/uploads\/2017\/03\/KU108950-300x200.jpg 300w, https:\/\/marekkuchcinski.pl\/wp-content\/uploads\/2017\/03\/KU108950-768x512.jpg 768w, https:\/\/marekkuchcinski.pl\/wp-content\/uploads\/2017\/03\/KU108950-1024x683.jpg 1024w\" sizes=\"(max-width: 2736px) 100vw, 2736px\" \/><\/a> <a href=\"https:\/\/marekkuchcinski.pl\/wp-content\/uploads\/2017\/03\/KU108938.jpg\"><img loading=\"lazy\" decoding=\"async\" class=\"alignnone size-full wp-image-5528\" src=\"https:\/\/marekkuchcinski.pl\/wp-content\/uploads\/2017\/03\/KU108938.jpg\" alt=\"KU108938\" width=\"2736\" height=\"1824\" srcset=\"https:\/\/marekkuchcinski.pl\/wp-content\/uploads\/2017\/03\/KU108938.jpg 2048w, https:\/\/marekkuchcinski.pl\/wp-content\/uploads\/2017\/03\/KU108938-300x200.jpg 300w, https:\/\/marekkuchcinski.pl\/wp-content\/uploads\/2017\/03\/KU108938-768x512.jpg 768w, https:\/\/marekkuchcinski.pl\/wp-content\/uploads\/2017\/03\/KU108938-1024x683.jpg 1024w\" sizes=\"(max-width: 2736px) 100vw, 2736px\" \/><\/a> <a href=\"https:\/\/marekkuchcinski.pl\/wp-content\/uploads\/2017\/03\/KU108780.jpg\"><img loading=\"lazy\" decoding=\"async\" class=\"alignnone size-full wp-image-5530\" src=\"https:\/\/marekkuchcinski.pl\/wp-content\/uploads\/2017\/03\/KU108780.jpg\" alt=\"KU108780\" width=\"2736\" height=\"1824\" srcset=\"https:\/\/marekkuchcinski.pl\/wp-content\/uploads\/2017\/03\/KU108780.jpg 2048w, https:\/\/marekkuchcinski.pl\/wp-content\/uploads\/2017\/03\/KU108780-300x200.jpg 300w, https:\/\/marekkuchcinski.pl\/wp-content\/uploads\/2017\/03\/KU108780-768x512.jpg 768w, https:\/\/marekkuchcinski.pl\/wp-content\/uploads\/2017\/03\/KU108780-1024x683.jpg 1024w\" sizes=\"(max-width: 2736px) 100vw, 2736px\" \/><\/a><\/p>\n<p>The state commemoration of the Day of the Wykl\u0119tych Soldiers was crowned by a mass at St. John's Archcathedral in Krakowskie Przedmie\u015bcie.<\/p>\n<p><a href=\"https:\/\/marekkuchcinski.pl\/wp-content\/uploads\/2017\/03\/KU109904.jpg\"><img loading=\"lazy\" decoding=\"async\" class=\"alignnone size-full wp-image-5522\" src=\"https:\/\/marekkuchcinski.pl\/wp-content\/uploads\/2017\/03\/KU109904.jpg\" alt=\"KU109904\" width=\"2736\" height=\"1824\" srcset=\"https:\/\/marekkuchcinski.pl\/wp-content\/uploads\/2017\/03\/KU109904.jpg 2048w, https:\/\/marekkuchcinski.pl\/wp-content\/uploads\/2017\/03\/KU109904-300x200.jpg 300w, https:\/\/marekkuchcinski.pl\/wp-content\/uploads\/2017\/03\/KU109904-768x512.jpg 768w, https:\/\/marekkuchcinski.pl\/wp-content\/uploads\/2017\/03\/KU109904-1024x683.jpg 1024w\" sizes=\"(max-width: 2736px) 100vw, 2736px\" \/><\/a> <a href=\"https:\/\/marekkuchcinski.pl\/wp-content\/uploads\/2017\/03\/KU109839.jpg\"><img loading=\"lazy\" decoding=\"async\" class=\"alignnone size-full wp-image-5523\" src=\"https:\/\/marekkuchcinski.pl\/wp-content\/uploads\/2017\/03\/KU109839.jpg\" alt=\"KU109839\" width=\"2736\" height=\"1824\" srcset=\"https:\/\/marekkuchcinski.pl\/wp-content\/uploads\/2017\/03\/KU109839.jpg 2048w, https:\/\/marekkuchcinski.pl\/wp-content\/uploads\/2017\/03\/KU109839-300x200.jpg 300w, https:\/\/marekkuchcinski.pl\/wp-content\/uploads\/2017\/03\/KU109839-768x512.jpg 768w, https:\/\/marekkuchcinski.pl\/wp-content\/uploads\/2017\/03\/KU109839-1024x683.jpg 1024w\" sizes=\"(max-width: 2736px) 100vw, 2736px\" \/><\/a> <a href=\"https:\/\/marekkuchcinski.pl\/wp-content\/uploads\/2017\/03\/KU109790-1.jpg\"><img loading=\"lazy\" decoding=\"async\" class=\"alignnone size-full wp-image-5524\" src=\"https:\/\/marekkuchcinski.pl\/wp-content\/uploads\/2017\/03\/KU109790-1.jpg\" alt=\"KU109790\" width=\"2736\" height=\"1824\" srcset=\"https:\/\/marekkuchcinski.pl\/wp-content\/uploads\/2017\/03\/KU109790-1.jpg 2048w, https:\/\/marekkuchcinski.pl\/wp-content\/uploads\/2017\/03\/KU109790-1-300x200.jpg 300w, https:\/\/marekkuchcinski.pl\/wp-content\/uploads\/2017\/03\/KU109790-1-768x512.jpg 768w, https:\/\/marekkuchcinski.pl\/wp-content\/uploads\/2017\/03\/KU109790-1-1024x683.jpg 1024w\" sizes=\"(max-width: 2736px) 100vw, 2736px\" \/><\/a> <a href=\"https:\/\/marekkuchcinski.pl\/wp-content\/uploads\/2017\/03\/KU109507.jpg\"><img loading=\"lazy\" decoding=\"async\" class=\"alignnone size-full wp-image-5525\" src=\"https:\/\/marekkuchcinski.pl\/wp-content\/uploads\/2017\/03\/KU109507.jpg\" alt=\"KU109507\" width=\"2736\" height=\"1824\" srcset=\"https:\/\/marekkuchcinski.pl\/wp-content\/uploads\/2017\/03\/KU109507.jpg 2048w, https:\/\/marekkuchcinski.pl\/wp-content\/uploads\/2017\/03\/KU109507-300x200.jpg 300w, https:\/\/marekkuchcinski.pl\/wp-content\/uploads\/2017\/03\/KU109507-768x512.jpg 768w, https:\/\/marekkuchcinski.pl\/wp-content\/uploads\/2017\/03\/KU109507-1024x683.jpg 1024w\" sizes=\"(max-width: 2736px) 100vw, 2736px\" \/><\/a><\/p>","protected":false},"excerpt":{"rendered":"<p>Nie zgodzili si\u0119 na to, by Polska sta\u0142a si\u0119 17. republik\u0105 radzieck\u0105, nie godzili si\u0119 na niesprawiedliwo\u015b\u0107 i pogard\u0119. Katowani, prze\u015bladowani nie ulegli. Ojczyzn\u0119 stawiali wy\u017cej ni\u017c w\u0142asne \u017cycie. 1 marca obchodzimy Ich dzie\u0144, Dzie\u0144 \u00a0\u017bo\u0142nierzy Wykl\u0119tych. 1 marca prezydent Andrzej Duda odznaczy\u0142 kombatant\u00f3w i osoby piel\u0119gnuj\u0105ce pami\u0119\u0107 o \u017bo\u0142nierzach Wykl\u0119tych. Prezydentowi towarzyszy\u0142 m.in. marsza\u0142ek [&hellip;]<\/p>\n","protected":false},"author":6,"featured_media":5511,"comment_status":"open","ping_status":"open","sticky":false,"template":"","format":"standard","meta":{"ngg_post_thumbnail":0,"footnotes":""},"categories":[77,3],"tags":[],"class_list":["post-5510","post","type-post","status-publish","format-standard","has-post-thumbnail","hentry","category-wazne-daty","category-wydarzenia"],"_links":{"self":[{"href":"https:\/\/marekkuchcinski.pl\/en\/wp-json\/wp\/v2\/posts\/5510","targetHints":{"allow":["GET"]}}],"collection":[{"href":"https:\/\/marekkuchcinski.pl\/en\/wp-json\/wp\/v2\/posts"}],"about":[{"href":"https:\/\/marekkuchcinski.pl\/en\/wp-json\/wp\/v2\/types\/post"}],"author":[{"embeddable":true,"href":"https:\/\/marekkuchcinski.pl\/en\/wp-json\/wp\/v2\/users\/6"}],"replies":[{"embeddable":true,"href":"https:\/\/marekkuchcinski.pl\/en\/wp-json\/wp\/v2\/comments?post=5510"}],"version-history":[{"count":7,"href":"https:\/\/marekkuchcinski.pl\/en\/wp-json\/wp\/v2\/posts\/5510\/revisions"}],"predecessor-version":[{"id":5531,"href":"https:\/\/marekkuchcinski.pl\/en\/wp-json\/wp\/v2\/posts\/5510\/revisions\/5531"}],"wp:featuredmedia":[{"embeddable":true,"href":"https:\/\/marekkuchcinski.pl\/en\/wp-json\/wp\/v2\/media\/5511"}],"wp:attachment":[{"href":"https:\/\/marekkuchcinski.pl\/en\/wp-json\/wp\/v2\/media?parent=5510"}],"wp:term":[{"taxonomy":"category","embeddable":true,"href":"https:\/\/marekkuchcinski.pl\/en\/wp-json\/wp\/v2\/categories?post=5510"},{"taxonomy":"post_tag","embeddable":true,"href":"https:\/\/marekkuchcinski.pl\/en\/wp-json\/wp\/v2\/tags?post=5510"}],"curies":[{"name":"wp","href":"https:\/\/api.w.org\/{rel}","templated":true}]}}