{"id":5381,"date":"2017-02-23T12:55:01","date_gmt":"2017-02-23T11:55:01","guid":{"rendered":"https:\/\/marekkuchcinski.pl\/?p=5381"},"modified":"2017-02-23T12:55:01","modified_gmt":"2017-02-23T11:55:01","slug":"ultramaraton-wyszehradzki-24-czerwca-przemyslu","status":"publish","type":"post","link":"https:\/\/marekkuchcinski.pl\/en\/podkarpacie\/ultramaraton-wyszehradzki-24-czerwca-przemyslu\/","title":{"rendered":"Visegrad Ultramarathon:  June 24 in Przemy\u015bl"},"content":{"rendered":"<p>On June 24, 2017, the following will be held in Przemy\u015bl\u00a0<span class=\"_5yl5\">Visegrad Ultramarathon TWIERDZA PRZEMYSL<\/span> at a distance of about 55 km and for less experienced runners an accompanying run at a distance of about 21 km.<\/p>\n<p><a href=\"https:\/\/marekkuchcinski.pl\/wp-content\/uploads\/2017\/02\/ultra.jpg\"><img fetchpriority=\"high\" decoding=\"async\" class=\"alignleft wp-image-5382 size-full\" src=\"https:\/\/marekkuchcinski.pl\/wp-content\/uploads\/2017\/02\/ultra.jpg\" alt=\"ultra\" width=\"675\" height=\"960\" srcset=\"https:\/\/marekkuchcinski.pl\/wp-content\/uploads\/2017\/02\/ultra.jpg 675w, https:\/\/marekkuchcinski.pl\/wp-content\/uploads\/2017\/02\/ultra-211x300.jpg 211w\" sizes=\"(max-width: 675px) 100vw, 675px\" \/><\/a><\/p>\n<p><a href=\"https:\/\/marekkuchcinski.pl\/wp-content\/uploads\/2017\/02\/UT.jpg\"><img decoding=\"async\" class=\"alignnone wp-image-5384 size-full\" src=\"https:\/\/marekkuchcinski.pl\/wp-content\/uploads\/2017\/02\/UT.jpg\" alt=\"UT\" width=\"673\" height=\"423\" srcset=\"https:\/\/marekkuchcinski.pl\/wp-content\/uploads\/2017\/02\/UT.jpg 673w, https:\/\/marekkuchcinski.pl\/wp-content\/uploads\/2017\/02\/UT-300x189.jpg 300w\" sizes=\"(max-width: 673px) 100vw, 673px\" \/><\/a><\/p>","protected":false},"excerpt":{"rendered":"<p>24 czerwca 2017 r. w Przemy\u015blu odb\u0119dzie si\u0119\u00a0Wyszehradzki Ultramaraton TWIERDZA PRZEMY\u015aL na dystansie oko\u0142o 55 km oraz dla mniej do\u015bwiadczonych biegaczy bieg towarzysz\u0105cy na dystansie oko\u0142o 21 km.<\/p>","protected":false},"author":6,"featured_media":5383,"comment_status":"open","ping_status":"open","sticky":false,"template":"","format":"standard","meta":{"ngg_post_thumbnail":0,"footnotes":""},"categories":[49,80],"tags":[],"class_list":["post-5381","post","type-post","status-publish","format-standard","has-post-thumbnail","hentry","category-podkarpacie","category-zapowiedzi"],"_links":{"self":[{"href":"https:\/\/marekkuchcinski.pl\/en\/wp-json\/wp\/v2\/posts\/5381","targetHints":{"allow":["GET"]}}],"collection":[{"href":"https:\/\/marekkuchcinski.pl\/en\/wp-json\/wp\/v2\/posts"}],"about":[{"href":"https:\/\/marekkuchcinski.pl\/en\/wp-json\/wp\/v2\/types\/post"}],"author":[{"embeddable":true,"href":"https:\/\/marekkuchcinski.pl\/en\/wp-json\/wp\/v2\/users\/6"}],"replies":[{"embeddable":true,"href":"https:\/\/marekkuchcinski.pl\/en\/wp-json\/wp\/v2\/comments?post=5381"}],"version-history":[{"count":1,"href":"https:\/\/marekkuchcinski.pl\/en\/wp-json\/wp\/v2\/posts\/5381\/revisions"}],"predecessor-version":[{"id":5385,"href":"https:\/\/marekkuchcinski.pl\/en\/wp-json\/wp\/v2\/posts\/5381\/revisions\/5385"}],"wp:featuredmedia":[{"embeddable":true,"href":"https:\/\/marekkuchcinski.pl\/en\/wp-json\/wp\/v2\/media\/5383"}],"wp:attachment":[{"href":"https:\/\/marekkuchcinski.pl\/en\/wp-json\/wp\/v2\/media?parent=5381"}],"wp:term":[{"taxonomy":"category","embeddable":true,"href":"https:\/\/marekkuchcinski.pl\/en\/wp-json\/wp\/v2\/categories?post=5381"},{"taxonomy":"post_tag","embeddable":true,"href":"https:\/\/marekkuchcinski.pl\/en\/wp-json\/wp\/v2\/tags?post=5381"}],"curies":[{"name":"wp","href":"https:\/\/api.w.org\/{rel}","templated":true}]}}