{"id":5305,"date":"2019-03-15T14:00:39","date_gmt":"2019-03-15T13:00:39","guid":{"rendered":"https:\/\/marekkuchcinski.pl\/?p=5305"},"modified":"2019-03-15T15:26:47","modified_gmt":"2019-03-15T14:26:47","slug":"69-temu-zmarl-bohater-przemysla-westerplatte-major-mieczyslaw-slaby","status":"publish","type":"post","link":"https:\/\/marekkuchcinski.pl\/en\/podkarpacie\/69-temu-zmarl-bohater-przemysla-westerplatte-major-mieczyslaw-slaby\/","title":{"rendered":"Major Mieczys\u0142aw S\u0142aby, the hero of Przemy\u015bl and Westerplatte, died 71 years ago"},"content":{"rendered":"<p>Mieczys\u0142aw S\u0142aby and his brothers were heavily involved in scouting before the Great War and in scouting after Poland regained its independence. In Przemy\u015bl this activity had an additional meaning. In November 1918, Polish-Ukrainian fights started and scouting groups were involved in these fights. Many young people from Przemy\u015bl sacrificed their lives then. Mieczys\u0142aw, at the age of 12, due to his age, did not fight in the armed struggle, however, as he was active in the supply units he was awarded the \"Star of Przemysl\".<\/p>\n<div id=\"attachment_31993\" class=\"wp-caption aligncenter\">\n<p><img fetchpriority=\"high\" decoding=\"async\" class=\"wp-image-31993 size-full\" src=\"https:\/\/www.portalprzemyski.pl\/wp-content\/uploads\/2017\/02\/uczestnicy_walk_.jpg\" sizes=\"(max-width: 600px) 100vw, 600px\" srcset=\"https:\/\/www.portalprzemyski.pl\/wp-content\/uploads\/2017\/02\/uczestnicy_walk_.jpg 600w, https:\/\/www.portalprzemyski.pl\/wp-content\/uploads\/2017\/02\/uczestnicy_walk_-300x157.jpg 300w, https:\/\/www.portalprzemyski.pl\/wp-content\/uploads\/2017\/02\/uczestnicy_walk_-520x271.jpg 520w, https:\/\/www.portalprzemyski.pl\/wp-content\/uploads\/2017\/02\/uczestnicy_walk_-15x8.jpg 15w\" width=\"600\" height=\"313\" \/><\/p>\n<p class=\"wp-caption-text\">Participants of the Polish-Ukrainian fights (photo: National Museum of the Przemysl Land)<\/p>\n<\/div>\n<p>After the period of peace, the future hero from Westerplatte, then a 15-year-old middle school student, joined the activities of the Scout Sports Club \"Czuwaj\" founded by, among others, his brother Franciszek S\u0142aby. In 1924, the team in which brothers Franciszek and Mieczys\u0142aw S\u0142aby played, won the championship of ZHP.<\/p>\n<p>A year later S\u0142aby began his medical studies in Lw\u00f3w and after finishing them he joined the army as a military doctor. In August 1939, Mieczys\u0142aw S\u0142aby, already in the rank of captain, arrived at the military depot at Westerplatte. The medical equipment he found there was at an alarmingly low level. There was a shortage of medical tools, bandages, medicines and, above all, operating tables. The depot was separated from Poland by the Free City of Gdansk. All orders had to be sent through Gdansk.<\/p>\n<p><a href=\"https:\/\/marekkuchcinski.pl\/wp-content\/uploads\/2017\/02\/westerplatte_5.jpg\"><img decoding=\"async\" class=\"alignnone size-full wp-image-5306\" src=\"https:\/\/marekkuchcinski.pl\/wp-content\/uploads\/2017\/02\/westerplatte_5.jpg\" alt=\"westerplatte_5\" width=\"689\" height=\"425\" srcset=\"https:\/\/marekkuchcinski.pl\/wp-content\/uploads\/2017\/02\/westerplatte_5.jpg 689w, https:\/\/marekkuchcinski.pl\/wp-content\/uploads\/2017\/02\/westerplatte_5-300x185.jpg 300w\" sizes=\"(max-width: 689px) 100vw, 689px\" \/><\/a><\/p>\n<p>And the medical equipment that had just been ordered was requisitioned just before the outbreak of war. When on the first of September Westerplatte came under fire from the battleship Schleswig-Holstein, and a hail of bombs fell from the sky on defending soldiers, for Captain Slaby there came a week during which he had to pass the biggest exam in his life of heroism and medical craftsmanship. All accounts of the surviving defenders testify that Mieczys\u0142aw S\u0142aby passed this exam. Because he had to save soldiers' lives in incredibly primitive conditions, where even keeping wounds clean was a huge problem. The wounded lieutenant Pajak, whose abdomen was torn by the explosion, was operated on live, without anesthetics, using cosmetic scissors as clips of torn muscles. As the shocked German doctors later admitted, Dr. Slaby saved his life and that of many other wounded men.<\/p>\n<p>After seven days of fighting Westerplatte capitulated. The defenders were sent to prisoner of war camps.<br \/>\nDue to lack of doctors, Weak was sent to a camp for non-commissioned officers in East Prussia (today most of the area where the camp was located is on the Russian side of the border). He stayed in the camp until the end of the war. Knowing German very well, Captain S\u0142aby worked in the camp hospital. While in captivity, he contracted an ulcer that contributed to his death a few years later.<\/p>\n<p>After the end of the war, Mieczys\u0142aw S\u0142aby returned to his hometown Przemy\u015bl. As a professional officer and, additionally, a physician, he was immediately mobilized and assigned to the Border Protection Force, and a year later promoted to the rank of major. He also attended to civilian patients in the social insurance office and was a school physician in the School of Commerce. In his few free moments he helped his colleagues in the city hospital.<\/p>\n<p>At that time, he moved with his sister and father to an apartment in \u015aw. From this apartment, on November 1, 1947, Major Mieczys\u0142aw S\u0142aby was asked by the military policemen to report to the unit in Mickiewicza Street. However, he was escorted by a gas van to the headquarters of the Military In-formation, located in the Frenkel Villa in Dworskiego Street (until recently the headquarters of the ING Bank \u015al\u0105ski). There he was informed that he was arrested on suspicion of collaboration with the Freedom and Independence organization.<\/p>\n<p>The major's family was not informed about the arrest, and they learned about it a day later from information circulated in Przemy\u015bl. Mieczys\u0142aw S\u0142aby, as a hero from Westerplatte, was a very well-known and popular person in the town at that time.<\/p>\n<p>Weak was held in the Przemy\u015bl detention center for a month. The investigation against him was carried out with the use of very brutal methods, which the Stalinist terror of that time was famous for. Beatings with kidney bottles were an everyday occurrence.  On December 1, 1947, Major was taken to Cracow and imprisoned in a tenement house in the J\u00f3zefa street. After the arrest, his health deteriorated dramatically. While still in Przemy\u015bl, his ulcer disease, which had been cured, became apparent again. In March 1948, the major's health deteriorated so much that he was taken to the Military Hospital. Unfortunately, it was too late. On March 15 Mieczyslaw Slaby died. He was buried in an unnamed grave in the Military Cemetery in Cracow. It was possible to determine the location of the grave because one of the<br \/>\nOne of the nurses who were watching over the weakling in his last days of life, broke and put up a cross with his name and date of death written on it.<\/p>\n<p>The arrest of Major Slabe was a consequence of the incriminating testimony of Kazimierz Socha\u0144ski alias \"Kulesza\", the previously detained chief of military intelligence of the Freedom and Independence Organization. During the investigation conducted by the Military Information Services, Mieczys\u0142aw S\u0142aby also admitted to the charges against him, i.e. providing secret information to WiN and issuing forged medical certificates to the members of the organization.  However, on the basis of the information gathered by a historian from Przemy\u015bl, Mr. Zenon Andrzejewski, it seems unlikely that S\u0142aby actually cooperated with the independence conspiracy. He spent the entire occupation in captivity, so he had no chance to establish any contacts with members of the resistance movement. Thus, he could not trust anyone who claimed to be a representative of the underground and offered him cooperation. He also knew that as a pre-war officer, the new authorities constantly looked at his hands. Especially, as already mentioned above, Slabby was a well-known man and any conspiratorial activity would be easy to detect. The testimony, which he signed during the investigation, is written in poor Polish, full of grammatical errors<br \/>\nand stylistic. Such qualities were characteristic of the confessions fabricated earlier by the military investigators, whose signature was forced under beatings and torture. Ill-treated prisoners often could not endure such interrogations and eventually signed whatever they were made to sign.<\/p>\n<p>The question why \"Kulesza\" pointed at Weak remains unanswered to this day. It should be assumed that the investigation of his case was carried out with the same methods. But it is not known up to this day whether the charge against Major Slabe was fabricated by UB and forced during the investigation or whether \"Kulesza\" himself gave a name, breaking down under the pressure of questioning.<\/p>\n<p>After Major Mieczyslaw Slabe's death, the communist authorities also tried to destroy his memory. His sister Waleria was prevented from transporting his body to Przemy\u015bl. S\u0142aby's name was almost banned until 1956. Later, if it had to appear in public, it was only in the context of the defense of Westerplatte. In the 1970s, it was admitted that Slaby was arrested as a result of an \"unfortunate coincidence.\" It was not until the 1980s that Zenon Andrzejewski began to write openly<br \/>\nThe investigation was first reported in 1981 in \"Wroclaw Catholic Weekly\" and in 1988 in \"Polityka\". The major's remains were never brought to Przemysl. It lies .<br \/>\nin a restored grave in the cemetery in Krakow.<\/p>\n<p>Today the sports stadium of \"Czuwaju\" and the medical school in Gdansk bear the major's name. Gdansk and Przemysl also have Major Mieczyslaw Slabe streets.<\/p>\n<p><em>text: Piotr Gdu\u0142a, portalprzemyski.pl, based on the book \"The doctor from Westerplatte\" <\/em><\/p>","protected":false},"excerpt":{"rendered":"<p>Mieczys\u0142aw S\u0142aby wraz z bra\u0107mi, jeszcze przed Wielk\u0105 Wojn\u0105 zaanga\u017cowa\u0142 si\u0119 mocno w dzia\u0142alno\u015b\u0107 skautowsk\u0105, a po odzyskaniu przez Polsk\u0119 niepodleg\u0142o\u015bci \u2013 harcersk\u0105. W Przemy\u015blu aktywno\u015b\u0107 ta mia\u0142a dodatkowe znaczenie. W listopadzie 1918 roku rozpocz\u0119\u0142y si\u0119 walki polsko ukrai\u0144skie, w kt\u00f3re tak\u017ce zbrojnie, zaanga\u017cowa\u0142y si\u0119 dru\u017cyny harcerskie. Wielu m\u0142odych przemy\u015blan odda\u0142o wtedy swoje \u017cycie. Mieczys\u0142aw, [&hellip;]<\/p>","protected":false},"author":6,"featured_media":5306,"comment_status":"open","ping_status":"open","sticky":false,"template":"","format":"standard","meta":{"ngg_post_thumbnail":0,"footnotes":""},"categories":[49,77,3],"tags":[],"class_list":["post-5305","post","type-post","status-publish","format-standard","has-post-thumbnail","hentry","category-podkarpacie","category-wazne-daty","category-wydarzenia"],"yoast_head":"<!-- This site is optimized with the Yoast SEO plugin v24.7 - https:\/\/yoast.com\/wordpress\/plugins\/seo\/ -->\n<title>71 lat temu zmar\u0142 bohater Przemy\u015bla i Westerplatte major Mieczys\u0142aw S\u0142aby &#8211; Marek Kuchci\u0144ski<\/title>\n<meta name=\"robots\" content=\"index, follow, max-snippet:-1, max-image-preview:large, max-video-preview:-1\" \/>\n<link rel=\"canonical\" href=\"https:\/\/marekkuchcinski.pl\/en\/podkarpacie\/69-temu-zmarl-bohater-przemysla-westerplatte-major-mieczyslaw-slaby\/\" \/>\n<meta property=\"og:locale\" content=\"en_GB\" \/>\n<meta property=\"og:type\" content=\"article\" \/>\n<meta property=\"og:title\" content=\"71 lat temu zmar\u0142 bohater Przemy\u015bla i Westerplatte major Mieczys\u0142aw S\u0142aby &#8211; Marek Kuchci\u0144ski\" \/>\n<meta property=\"og:description\" content=\"Mieczys\u0142aw S\u0142aby wraz z bra\u0107mi, jeszcze przed Wielk\u0105 Wojn\u0105 zaanga\u017cowa\u0142 si\u0119 mocno w dzia\u0142alno\u015b\u0107 skautowsk\u0105, a po odzyskaniu przez Polsk\u0119 niepodleg\u0142o\u015bci \u2013 harcersk\u0105. W Przemy\u015blu aktywno\u015b\u0107 ta mia\u0142a dodatkowe znaczenie. W listopadzie 1918 roku rozpocz\u0119\u0142y si\u0119 walki polsko ukrai\u0144skie, w kt\u00f3re tak\u017ce zbrojnie, zaanga\u017cowa\u0142y si\u0119 dru\u017cyny harcerskie. Wielu m\u0142odych przemy\u015blan odda\u0142o wtedy swoje \u017cycie. Mieczys\u0142aw, [&hellip;]\" \/>\n<meta property=\"og:url\" content=\"https:\/\/marekkuchcinski.pl\/en\/podkarpacie\/69-temu-zmarl-bohater-przemysla-westerplatte-major-mieczyslaw-slaby\/\" \/>\n<meta property=\"og:site_name\" content=\"Marek Kuchci\u0144ski\" \/>\n<meta property=\"article:published_time\" content=\"2019-03-15T13:00:39+00:00\" \/>\n<meta property=\"article:modified_time\" content=\"2019-03-15T14:26:47+00:00\" \/>\n<meta property=\"og:image\" content=\"https:\/\/marekkuchcinski.pl\/wp-content\/uploads\/2017\/02\/westerplatte_5.jpg\" \/>\n\t<meta property=\"og:image:width\" content=\"689\" \/>\n\t<meta property=\"og:image:height\" content=\"425\" \/>\n\t<meta property=\"og:image:type\" content=\"image\/jpeg\" \/>\n<meta name=\"author\" content=\"admin\" \/>\n<meta name=\"twitter:card\" content=\"summary_large_image\" \/>\n<meta name=\"twitter:label1\" content=\"Written by\" \/>\n\t<meta name=\"twitter:data1\" content=\"admin\" \/>\n\t<meta name=\"twitter:label2\" content=\"Estimated reading time\" \/>\n\t<meta name=\"twitter:data2\" content=\"7 minutes\" \/>\n<script type=\"application\/ld+json\" class=\"yoast-schema-graph\">{\"@context\":\"https:\/\/schema.org\",\"@graph\":[{\"@type\":\"Article\",\"@id\":\"https:\/\/marekkuchcinski.pl\/podkarpacie\/69-temu-zmarl-bohater-przemysla-westerplatte-major-mieczyslaw-slaby\/#article\",\"isPartOf\":{\"@id\":\"https:\/\/marekkuchcinski.pl\/podkarpacie\/69-temu-zmarl-bohater-przemysla-westerplatte-major-mieczyslaw-slaby\/\"},\"author\":{\"name\":\"admin\",\"@id\":\"https:\/\/marekkuchcinski.pl\/#\/schema\/person\/6f62700996b4d950b6ea2d1183b6c6be\"},\"headline\":\"71 lat temu zmar\u0142 bohater Przemy\u015bla i Westerplatte major Mieczys\u0142aw S\u0142aby\",\"datePublished\":\"2019-03-15T13:00:39+00:00\",\"dateModified\":\"2019-03-15T14:26:47+00:00\",\"mainEntityOfPage\":{\"@id\":\"https:\/\/marekkuchcinski.pl\/podkarpacie\/69-temu-zmarl-bohater-przemysla-westerplatte-major-mieczyslaw-slaby\/\"},\"wordCount\":1366,\"commentCount\":0,\"publisher\":{\"@id\":\"https:\/\/marekkuchcinski.pl\/#organization\"},\"image\":{\"@id\":\"https:\/\/marekkuchcinski.pl\/podkarpacie\/69-temu-zmarl-bohater-przemysla-westerplatte-major-mieczyslaw-slaby\/#primaryimage\"},\"thumbnailUrl\":\"https:\/\/marekkuchcinski.pl\/wp-content\/uploads\/2017\/02\/westerplatte_5.jpg\",\"articleSection\":[\"Podkarpacie\",\"Wa\u017cne daty\",\"Wydarzenia\"],\"inLanguage\":\"en-GB\",\"potentialAction\":[{\"@type\":\"CommentAction\",\"name\":\"Comment\",\"target\":[\"https:\/\/marekkuchcinski.pl\/podkarpacie\/69-temu-zmarl-bohater-przemysla-westerplatte-major-mieczyslaw-slaby\/#respond\"]}]},{\"@type\":\"WebPage\",\"@id\":\"https:\/\/marekkuchcinski.pl\/podkarpacie\/69-temu-zmarl-bohater-przemysla-westerplatte-major-mieczyslaw-slaby\/\",\"url\":\"https:\/\/marekkuchcinski.pl\/podkarpacie\/69-temu-zmarl-bohater-przemysla-westerplatte-major-mieczyslaw-slaby\/\",\"name\":\"71 lat temu zmar\u0142 bohater Przemy\u015bla i Westerplatte major Mieczys\u0142aw S\u0142aby &#8211; Marek Kuchci\u0144ski\",\"isPartOf\":{\"@id\":\"https:\/\/marekkuchcinski.pl\/#website\"},\"primaryImageOfPage\":{\"@id\":\"https:\/\/marekkuchcinski.pl\/podkarpacie\/69-temu-zmarl-bohater-przemysla-westerplatte-major-mieczyslaw-slaby\/#primaryimage\"},\"image\":{\"@id\":\"https:\/\/marekkuchcinski.pl\/podkarpacie\/69-temu-zmarl-bohater-przemysla-westerplatte-major-mieczyslaw-slaby\/#primaryimage\"},\"thumbnailUrl\":\"https:\/\/marekkuchcinski.pl\/wp-content\/uploads\/2017\/02\/westerplatte_5.jpg\",\"datePublished\":\"2019-03-15T13:00:39+00:00\",\"dateModified\":\"2019-03-15T14:26:47+00:00\",\"breadcrumb\":{\"@id\":\"https:\/\/marekkuchcinski.pl\/podkarpacie\/69-temu-zmarl-bohater-przemysla-westerplatte-major-mieczyslaw-slaby\/#breadcrumb\"},\"inLanguage\":\"en-GB\",\"potentialAction\":[{\"@type\":\"ReadAction\",\"target\":[\"https:\/\/marekkuchcinski.pl\/podkarpacie\/69-temu-zmarl-bohater-przemysla-westerplatte-major-mieczyslaw-slaby\/\"]}]},{\"@type\":\"ImageObject\",\"inLanguage\":\"en-GB\",\"@id\":\"https:\/\/marekkuchcinski.pl\/podkarpacie\/69-temu-zmarl-bohater-przemysla-westerplatte-major-mieczyslaw-slaby\/#primaryimage\",\"url\":\"https:\/\/marekkuchcinski.pl\/wp-content\/uploads\/2017\/02\/westerplatte_5.jpg\",\"contentUrl\":\"https:\/\/marekkuchcinski.pl\/wp-content\/uploads\/2017\/02\/westerplatte_5.jpg\",\"width\":689,\"height\":425},{\"@type\":\"BreadcrumbList\",\"@id\":\"https:\/\/marekkuchcinski.pl\/podkarpacie\/69-temu-zmarl-bohater-przemysla-westerplatte-major-mieczyslaw-slaby\/#breadcrumb\",\"itemListElement\":[{\"@type\":\"ListItem\",\"position\":1,\"name\":\"Strona g\u0142\u00f3wna\",\"item\":\"https:\/\/marekkuchcinski.pl\/\"},{\"@type\":\"ListItem\",\"position\":2,\"name\":\"71 lat temu zmar\u0142 bohater Przemy\u015bla i Westerplatte major Mieczys\u0142aw S\u0142aby\"}]},{\"@type\":\"WebSite\",\"@id\":\"https:\/\/marekkuchcinski.pl\/#website\",\"url\":\"https:\/\/marekkuchcinski.pl\/\",\"name\":\"Marek Kuchci\u0144ski\",\"description\":\"Pose\u0142 na sejm RP &ndash; okr\u0119g nr 22\",\"publisher\":{\"@id\":\"https:\/\/marekkuchcinski.pl\/#organization\"},\"potentialAction\":[{\"@type\":\"SearchAction\",\"target\":{\"@type\":\"EntryPoint\",\"urlTemplate\":\"https:\/\/marekkuchcinski.pl\/?s={search_term_string}\"},\"query-input\":{\"@type\":\"PropertyValueSpecification\",\"valueRequired\":true,\"valueName\":\"search_term_string\"}}],\"inLanguage\":\"en-GB\"},{\"@type\":\"Organization\",\"@id\":\"https:\/\/marekkuchcinski.pl\/#organization\",\"name\":\"Marek Kuchci\u0144ski\",\"url\":\"https:\/\/marekkuchcinski.pl\/\",\"logo\":{\"@type\":\"ImageObject\",\"inLanguage\":\"en-GB\",\"@id\":\"https:\/\/marekkuchcinski.pl\/#\/schema\/logo\/image\/\",\"url\":\"https:\/\/marekkuchcinski.pl\/wp-content\/uploads\/2022\/09\/Marek.jpg\",\"contentUrl\":\"https:\/\/marekkuchcinski.pl\/wp-content\/uploads\/2022\/09\/Marek.jpg\",\"width\":1600,\"height\":971,\"caption\":\"Marek Kuchci\u0144ski\"},\"image\":{\"@id\":\"https:\/\/marekkuchcinski.pl\/#\/schema\/logo\/image\/\"}},{\"@type\":\"Person\",\"@id\":\"https:\/\/marekkuchcinski.pl\/#\/schema\/person\/6f62700996b4d950b6ea2d1183b6c6be\",\"name\":\"admin\",\"image\":{\"@type\":\"ImageObject\",\"inLanguage\":\"en-GB\",\"@id\":\"https:\/\/marekkuchcinski.pl\/#\/schema\/person\/image\/\",\"url\":\"https:\/\/secure.gravatar.com\/avatar\/4bab693b9d55c3d6b52c0296a8765085?s=96&d=mm&r=g\",\"contentUrl\":\"https:\/\/secure.gravatar.com\/avatar\/4bab693b9d55c3d6b52c0296a8765085?s=96&d=mm&r=g\",\"caption\":\"admin\"},\"url\":\"https:\/\/marekkuchcinski.pl\/en\/author\/marta-olejnik\/\"}]}<\/script>\n<!-- \/ Yoast SEO plugin. -->","yoast_head_json":{"title":"71 lat temu zmar\u0142 bohater Przemy\u015bla i Westerplatte major Mieczys\u0142aw S\u0142aby &#8211; Marek Kuchci\u0144ski","robots":{"index":"index","follow":"follow","max-snippet":"max-snippet:-1","max-image-preview":"max-image-preview:large","max-video-preview":"max-video-preview:-1"},"canonical":"https:\/\/marekkuchcinski.pl\/en\/podkarpacie\/69-temu-zmarl-bohater-przemysla-westerplatte-major-mieczyslaw-slaby\/","og_locale":"en_GB","og_type":"article","og_title":"71 lat temu zmar\u0142 bohater Przemy\u015bla i Westerplatte major Mieczys\u0142aw S\u0142aby &#8211; Marek Kuchci\u0144ski","og_description":"Mieczys\u0142aw S\u0142aby wraz z bra\u0107mi, jeszcze przed Wielk\u0105 Wojn\u0105 zaanga\u017cowa\u0142 si\u0119 mocno w dzia\u0142alno\u015b\u0107 skautowsk\u0105, a po odzyskaniu przez Polsk\u0119 niepodleg\u0142o\u015bci \u2013 harcersk\u0105. W Przemy\u015blu aktywno\u015b\u0107 ta mia\u0142a dodatkowe znaczenie. W listopadzie 1918 roku rozpocz\u0119\u0142y si\u0119 walki polsko ukrai\u0144skie, w kt\u00f3re tak\u017ce zbrojnie, zaanga\u017cowa\u0142y si\u0119 dru\u017cyny harcerskie. Wielu m\u0142odych przemy\u015blan odda\u0142o wtedy swoje \u017cycie. Mieczys\u0142aw, [&hellip;]","og_url":"https:\/\/marekkuchcinski.pl\/en\/podkarpacie\/69-temu-zmarl-bohater-przemysla-westerplatte-major-mieczyslaw-slaby\/","og_site_name":"Marek Kuchci\u0144ski","article_published_time":"2019-03-15T13:00:39+00:00","article_modified_time":"2019-03-15T14:26:47+00:00","og_image":[{"width":689,"height":425,"url":"https:\/\/marekkuchcinski.pl\/wp-content\/uploads\/2017\/02\/westerplatte_5.jpg","type":"image\/jpeg"}],"author":"admin","twitter_card":"summary_large_image","twitter_misc":{"Written by":"admin","Estimated reading time":"7 minutes"},"schema":{"@context":"https:\/\/schema.org","@graph":[{"@type":"Article","@id":"https:\/\/marekkuchcinski.pl\/podkarpacie\/69-temu-zmarl-bohater-przemysla-westerplatte-major-mieczyslaw-slaby\/#article","isPartOf":{"@id":"https:\/\/marekkuchcinski.pl\/podkarpacie\/69-temu-zmarl-bohater-przemysla-westerplatte-major-mieczyslaw-slaby\/"},"author":{"name":"admin","@id":"https:\/\/marekkuchcinski.pl\/#\/schema\/person\/6f62700996b4d950b6ea2d1183b6c6be"},"headline":"71 lat temu zmar\u0142 bohater Przemy\u015bla i Westerplatte major Mieczys\u0142aw S\u0142aby","datePublished":"2019-03-15T13:00:39+00:00","dateModified":"2019-03-15T14:26:47+00:00","mainEntityOfPage":{"@id":"https:\/\/marekkuchcinski.pl\/podkarpacie\/69-temu-zmarl-bohater-przemysla-westerplatte-major-mieczyslaw-slaby\/"},"wordCount":1366,"commentCount":0,"publisher":{"@id":"https:\/\/marekkuchcinski.pl\/#organization"},"image":{"@id":"https:\/\/marekkuchcinski.pl\/podkarpacie\/69-temu-zmarl-bohater-przemysla-westerplatte-major-mieczyslaw-slaby\/#primaryimage"},"thumbnailUrl":"https:\/\/marekkuchcinski.pl\/wp-content\/uploads\/2017\/02\/westerplatte_5.jpg","articleSection":["Podkarpacie","Wa\u017cne daty","Wydarzenia"],"inLanguage":"en-GB","potentialAction":[{"@type":"CommentAction","name":"Comment","target":["https:\/\/marekkuchcinski.pl\/podkarpacie\/69-temu-zmarl-bohater-przemysla-westerplatte-major-mieczyslaw-slaby\/#respond"]}]},{"@type":"WebPage","@id":"https:\/\/marekkuchcinski.pl\/podkarpacie\/69-temu-zmarl-bohater-przemysla-westerplatte-major-mieczyslaw-slaby\/","url":"https:\/\/marekkuchcinski.pl\/podkarpacie\/69-temu-zmarl-bohater-przemysla-westerplatte-major-mieczyslaw-slaby\/","name":"71 lat temu zmar\u0142 bohater Przemy\u015bla i Westerplatte major Mieczys\u0142aw S\u0142aby &#8211; Marek Kuchci\u0144ski","isPartOf":{"@id":"https:\/\/marekkuchcinski.pl\/#website"},"primaryImageOfPage":{"@id":"https:\/\/marekkuchcinski.pl\/podkarpacie\/69-temu-zmarl-bohater-przemysla-westerplatte-major-mieczyslaw-slaby\/#primaryimage"},"image":{"@id":"https:\/\/marekkuchcinski.pl\/podkarpacie\/69-temu-zmarl-bohater-przemysla-westerplatte-major-mieczyslaw-slaby\/#primaryimage"},"thumbnailUrl":"https:\/\/marekkuchcinski.pl\/wp-content\/uploads\/2017\/02\/westerplatte_5.jpg","datePublished":"2019-03-15T13:00:39+00:00","dateModified":"2019-03-15T14:26:47+00:00","breadcrumb":{"@id":"https:\/\/marekkuchcinski.pl\/podkarpacie\/69-temu-zmarl-bohater-przemysla-westerplatte-major-mieczyslaw-slaby\/#breadcrumb"},"inLanguage":"en-GB","potentialAction":[{"@type":"ReadAction","target":["https:\/\/marekkuchcinski.pl\/podkarpacie\/69-temu-zmarl-bohater-przemysla-westerplatte-major-mieczyslaw-slaby\/"]}]},{"@type":"ImageObject","inLanguage":"en-GB","@id":"https:\/\/marekkuchcinski.pl\/podkarpacie\/69-temu-zmarl-bohater-przemysla-westerplatte-major-mieczyslaw-slaby\/#primaryimage","url":"https:\/\/marekkuchcinski.pl\/wp-content\/uploads\/2017\/02\/westerplatte_5.jpg","contentUrl":"https:\/\/marekkuchcinski.pl\/wp-content\/uploads\/2017\/02\/westerplatte_5.jpg","width":689,"height":425},{"@type":"BreadcrumbList","@id":"https:\/\/marekkuchcinski.pl\/podkarpacie\/69-temu-zmarl-bohater-przemysla-westerplatte-major-mieczyslaw-slaby\/#breadcrumb","itemListElement":[{"@type":"ListItem","position":1,"name":"Strona g\u0142\u00f3wna","item":"https:\/\/marekkuchcinski.pl\/"},{"@type":"ListItem","position":2,"name":"71 lat temu zmar\u0142 bohater Przemy\u015bla i Westerplatte major Mieczys\u0142aw S\u0142aby"}]},{"@type":"WebSite","@id":"https:\/\/marekkuchcinski.pl\/#website","url":"https:\/\/marekkuchcinski.pl\/","name":"Marek Kuchci\u0144ski","description":"Pose\u0142 na sejm RP &ndash; okr\u0119g nr 22","publisher":{"@id":"https:\/\/marekkuchcinski.pl\/#organization"},"potentialAction":[{"@type":"SearchAction","target":{"@type":"EntryPoint","urlTemplate":"https:\/\/marekkuchcinski.pl\/?s={search_term_string}"},"query-input":{"@type":"PropertyValueSpecification","valueRequired":true,"valueName":"search_term_string"}}],"inLanguage":"en-GB"},{"@type":"Organization","@id":"https:\/\/marekkuchcinski.pl\/#organization","name":"Marek Kuchci\u0144ski","url":"https:\/\/marekkuchcinski.pl\/","logo":{"@type":"ImageObject","inLanguage":"en-GB","@id":"https:\/\/marekkuchcinski.pl\/#\/schema\/logo\/image\/","url":"https:\/\/marekkuchcinski.pl\/wp-content\/uploads\/2022\/09\/Marek.jpg","contentUrl":"https:\/\/marekkuchcinski.pl\/wp-content\/uploads\/2022\/09\/Marek.jpg","width":1600,"height":971,"caption":"Marek Kuchci\u0144ski"},"image":{"@id":"https:\/\/marekkuchcinski.pl\/#\/schema\/logo\/image\/"}},{"@type":"Person","@id":"https:\/\/marekkuchcinski.pl\/#\/schema\/person\/6f62700996b4d950b6ea2d1183b6c6be","name":"admin","image":{"@type":"ImageObject","inLanguage":"en-GB","@id":"https:\/\/marekkuchcinski.pl\/#\/schema\/person\/image\/","url":"https:\/\/secure.gravatar.com\/avatar\/4bab693b9d55c3d6b52c0296a8765085?s=96&d=mm&r=g","contentUrl":"https:\/\/secure.gravatar.com\/avatar\/4bab693b9d55c3d6b52c0296a8765085?s=96&d=mm&r=g","caption":"admin"},"url":"https:\/\/marekkuchcinski.pl\/en\/author\/marta-olejnik\/"}]}},"_links":{"self":[{"href":"https:\/\/marekkuchcinski.pl\/en\/wp-json\/wp\/v2\/posts\/5305","targetHints":{"allow":["GET"]}}],"collection":[{"href":"https:\/\/marekkuchcinski.pl\/en\/wp-json\/wp\/v2\/posts"}],"about":[{"href":"https:\/\/marekkuchcinski.pl\/en\/wp-json\/wp\/v2\/types\/post"}],"author":[{"embeddable":true,"href":"https:\/\/marekkuchcinski.pl\/en\/wp-json\/wp\/v2\/users\/6"}],"replies":[{"embeddable":true,"href":"https:\/\/marekkuchcinski.pl\/en\/wp-json\/wp\/v2\/comments?post=5305"}],"version-history":[{"count":4,"href":"https:\/\/marekkuchcinski.pl\/en\/wp-json\/wp\/v2\/posts\/5305\/revisions"}],"predecessor-version":[{"id":13847,"href":"https:\/\/marekkuchcinski.pl\/en\/wp-json\/wp\/v2\/posts\/5305\/revisions\/13847"}],"wp:featuredmedia":[{"embeddable":true,"href":"https:\/\/marekkuchcinski.pl\/en\/wp-json\/wp\/v2\/media\/5306"}],"wp:attachment":[{"href":"https:\/\/marekkuchcinski.pl\/en\/wp-json\/wp\/v2\/media?parent=5305"}],"wp:term":[{"taxonomy":"category","embeddable":true,"href":"https:\/\/marekkuchcinski.pl\/en\/wp-json\/wp\/v2\/categories?post=5305"},{"taxonomy":"post_tag","embeddable":true,"href":"https:\/\/marekkuchcinski.pl\/en\/wp-json\/wp\/v2\/tags?post=5305"}],"curies":[{"name":"wp","href":"https:\/\/api.w.org\/{rel}","templated":true}]}}