{"id":5095,"date":"2018-01-22T09:55:01","date_gmt":"2018-01-22T08:55:01","guid":{"rendered":"https:\/\/marekkuchcinski.pl\/?p=5095"},"modified":"2018-01-22T10:45:43","modified_gmt":"2018-01-22T09:45:43","slug":"rocznica-powstania-styczniowego","status":"publish","type":"post","link":"https:\/\/marekkuchcinski.pl\/en\/wydarzenia\/rocznica-powstania-styczniowego\/","title":{"rendered":"The Speaker of the Sejm paid tribute to the January Uprising"},"content":{"rendered":"<p>Today is the 155th anniversary of the January Uprising. It was an armed resistance against the tsarist regime, in which the Russian elites considered Poland to be a rightful property and the partition of Poland to be an act of historical justice.<\/p>\n<p>Despite its dramatic course and consequences (the Kingdom of Poland completely lost its autonomy, and was sent to prisons and Siberia), it has become a great legacy of Polish patriotism, struggle for dignity and freedom.<\/p>\n<p>Marek Kuchci\u0144ski, Speaker of the Sejm, paid tribute to the heroes by laying flowers at the monument to the January Uprising insurgents in Rzesz\u00f3w.<\/p>\n<p><em>Photo: J\u00f3zef Ambrozowicz<\/em><\/p>\n<p><a href=\"https:\/\/marekkuchcinski.pl\/wp-content\/uploads\/2018\/01\/ps.jpg\"><img fetchpriority=\"high\" decoding=\"async\" class=\"alignnone size-full wp-image-8356\" src=\"https:\/\/marekkuchcinski.pl\/wp-content\/uploads\/2018\/01\/ps.jpg\" alt=\"ps\" width=\"2912\" height=\"4368\" srcset=\"https:\/\/marekkuchcinski.pl\/wp-content\/uploads\/2018\/01\/ps.jpg 1365w, https:\/\/marekkuchcinski.pl\/wp-content\/uploads\/2018\/01\/ps-200x300.jpg 200w, https:\/\/marekkuchcinski.pl\/wp-content\/uploads\/2018\/01\/ps-768x1152.jpg 768w, https:\/\/marekkuchcinski.pl\/wp-content\/uploads\/2018\/01\/ps-683x1024.jpg 683w\" sizes=\"(max-width: 2912px) 100vw, 2912px\" \/><\/a><a href=\"https:\/\/marekkuchcinski.pl\/wp-content\/uploads\/2018\/01\/ps2.jpg\"><img decoding=\"async\" class=\"alignnone size-full wp-image-8357\" src=\"https:\/\/marekkuchcinski.pl\/wp-content\/uploads\/2018\/01\/ps2.jpg\" alt=\"ps2\" width=\"4368\" height=\"2912\" srcset=\"https:\/\/marekkuchcinski.pl\/wp-content\/uploads\/2018\/01\/ps2.jpg 2048w, https:\/\/marekkuchcinski.pl\/wp-content\/uploads\/2018\/01\/ps2-300x200.jpg 300w, https:\/\/marekkuchcinski.pl\/wp-content\/uploads\/2018\/01\/ps2-768x512.jpg 768w, https:\/\/marekkuchcinski.pl\/wp-content\/uploads\/2018\/01\/ps2-1024x683.jpg 1024w\" sizes=\"(max-width: 4368px) 100vw, 4368px\" \/><\/a> <a href=\"https:\/\/marekkuchcinski.pl\/wp-content\/uploads\/2018\/01\/ps-okl.jpg\"><img decoding=\"async\" class=\"alignnone size-full wp-image-8358\" src=\"https:\/\/marekkuchcinski.pl\/wp-content\/uploads\/2018\/01\/ps-okl.jpg\" alt=\"ps okl\" width=\"4368\" height=\"2912\" srcset=\"https:\/\/marekkuchcinski.pl\/wp-content\/uploads\/2018\/01\/ps-okl.jpg 2048w, https:\/\/marekkuchcinski.pl\/wp-content\/uploads\/2018\/01\/ps-okl-300x200.jpg 300w, https:\/\/marekkuchcinski.pl\/wp-content\/uploads\/2018\/01\/ps-okl-768x512.jpg 768w, https:\/\/marekkuchcinski.pl\/wp-content\/uploads\/2018\/01\/ps-okl-1024x683.jpg 1024w\" sizes=\"(max-width: 4368px) 100vw, 4368px\" \/><\/a><\/p>","protected":false},"excerpt":{"rendered":"<p>Dzi\u015b przypada 155. rocznica Powstania Styczniowego. By\u0142o ono zbrojnym sprzeciwem\u00a0wobec carskiemu re\u017cimowi, w kt\u00f3rym elity rosyjskie uznawa\u0142y Polsk\u0119 za prawowit\u0105 w\u0142asno\u015b\u0107, a rozbi\u00f3r Polski za\u00a0akt historycznej \u00a0sprawiedliwo\u015bci. Mimo dramatycznego przebiegu i\u00a0konsekwencji (Kr\u00f3lestwo Polskie ca\u0142kowicie utraci\u0142o autonomi\u0119, zsy\u0142ki do wi\u0119zie\u0144 i na Sybir) zapisa\u0142o si\u0119 jako wielkie dziedzictwo polskiego patriotyzmu, walki o godno\u015b\u0107 i wolno\u015b\u0107. Marsza\u0142ek [&hellip;]<\/p>\n","protected":false},"author":6,"featured_media":8361,"comment_status":"open","ping_status":"open","sticky":false,"template":"","format":"standard","meta":{"ngg_post_thumbnail":0,"footnotes":""},"categories":[77,3],"tags":[],"class_list":["post-5095","post","type-post","status-publish","format-standard","has-post-thumbnail","hentry","category-wazne-daty","category-wydarzenia"],"_links":{"self":[{"href":"https:\/\/marekkuchcinski.pl\/en\/wp-json\/wp\/v2\/posts\/5095","targetHints":{"allow":["GET"]}}],"collection":[{"href":"https:\/\/marekkuchcinski.pl\/en\/wp-json\/wp\/v2\/posts"}],"about":[{"href":"https:\/\/marekkuchcinski.pl\/en\/wp-json\/wp\/v2\/types\/post"}],"author":[{"embeddable":true,"href":"https:\/\/marekkuchcinski.pl\/en\/wp-json\/wp\/v2\/users\/6"}],"replies":[{"embeddable":true,"href":"https:\/\/marekkuchcinski.pl\/en\/wp-json\/wp\/v2\/comments?post=5095"}],"version-history":[{"count":5,"href":"https:\/\/marekkuchcinski.pl\/en\/wp-json\/wp\/v2\/posts\/5095\/revisions"}],"predecessor-version":[{"id":8355,"href":"https:\/\/marekkuchcinski.pl\/en\/wp-json\/wp\/v2\/posts\/5095\/revisions\/8355"}],"wp:featuredmedia":[{"embeddable":true,"href":"https:\/\/marekkuchcinski.pl\/en\/wp-json\/wp\/v2\/media\/8361"}],"wp:attachment":[{"href":"https:\/\/marekkuchcinski.pl\/en\/wp-json\/wp\/v2\/media?parent=5095"}],"wp:term":[{"taxonomy":"category","embeddable":true,"href":"https:\/\/marekkuchcinski.pl\/en\/wp-json\/wp\/v2\/categories?post=5095"},{"taxonomy":"post_tag","embeddable":true,"href":"https:\/\/marekkuchcinski.pl\/en\/wp-json\/wp\/v2\/tags?post=5095"}],"curies":[{"name":"wp","href":"https:\/\/api.w.org\/{rel}","templated":true}]}}