{"id":490,"date":"2014-06-05T18:27:28","date_gmt":"2014-06-05T16:27:28","guid":{"rendered":"https:\/\/marekkuchcinski.pl\/?p=490"},"modified":"2016-08-25T16:58:24","modified_gmt":"2016-08-25T14:58:24","slug":"swieto-dziekczynienia-poswiecone-podziekowaniu-za-kanonizacje-jana-pawla-ii-i-25-leciu-odzyskania-przez-polske-wolnosci","status":"publish","type":"post","link":"https:\/\/marekkuchcinski.pl\/en\/wydarzenia\/swieto-dziekczynienia-poswiecone-podziekowaniu-za-kanonizacje-jana-pawla-ii-i-25-leciu-odzyskania-przez-polske-wolnosci\/","title":{"rendered":"Thanksgiving Day dedicated to giving thanks for the canonization of John Paul II and the 25th anniversary of regaining freedom by Poland"},"content":{"rendered":"<p>On June 1 (Sunday) this year, Deputy Speaker of the Sejm Marek Kuchcinski took part in Thanksgiving Day in Warsaw. In front of the Temple of Divine Providence in Warsaw's Wilan\u00f3w district, Secretary of State of the Holy See Cardinal Pietro Parolin presided over a solemn Mass. on this day Poles thanked God for the canonization of John Paul II and the 25 years of freedom regained in 1989.<\/p>\n<p>Cardinal Kazimierz Nycz expressed his conviction at the beginning of the Mass that Poles are aware of John Paul II's contribution to the 25 years of freedom regained in 1989. - <em>Without the election of John Paul II to the See of Peter, the celebrated silver jubilee of freedom would have been much shorter and more modest<\/em> - The Warsaw metropolitan stated. <em>John Paul II could be called \"the patron saint of your freedom\"<\/em> - Cardinal Parolin said in a sermon.<\/p>\n<p>  <!--more-->  <\/p>\n<p>The Secretary of State of the Holy See stressed that John Paul II made a significant contribution to Poland achieving freedom 25 years ago. He thanked God for his great pontificate and the \"beauty of holiness\" that the whole world admires. He also gave thanks for the Primate of the Millennium, Cardinal Stefan Wyszynski, who, he said. <em>\"with great courage he faced the difficult times of the communist regime, setting an example of exemplary love for Christ and the Church\" - without him there would be no Pope-Pole.<\/em><\/p>\n<p>Cardinal Parolin also referred to important events in Polish history - two centuries of Poles' struggle for freedom, which he called \"the Polish way of the cross to freedom.\" - <em>Your victories came through the cross<\/em> - he said.<\/p>\n<p>The solemn Mass, along with Cardinal Parolin and Cardinal Nycz, was concelebrated by, among others, Cardinal Stanislaw Dziwisz - Metropolitan of Krakow, Apostolic Nuncio to Poland Archbishop Celestino Migliore, Primate of Poland senior Archbishop Jozef Kowalczyk, and Secretary of the Polish Episcopal Conference Primate-nominate Archbishop Wojciech Polak. Bishop Cyril Klimovich of Siberia and Jan Ozga of Cameroon also came. The liturgy was celebrated in Latin and partly in Polish.<\/p>\n<p>Source: Archdiocese of Warsaw<\/p>","protected":false},"excerpt":{"rendered":"<p>W dniu 1 czerwca (niedziela) br. wicemarsza\u0142ek Sejmu Marek Kuchci\u0144ski wzi\u0105\u0142 udzia\u0142 w \u015awi\u0119cie Dzi\u0119kczynienia w Warszawie. Przed \u015awi\u0105tyni\u0105 Opatrzno\u015bci Bo\u017cej na warszawskim Wilanowie sekretarz stanu Stolicy Apostolskiej kard. Pietro Parolin przewodniczy\u0142 uroczystej Mszy \u015bw. w tym dniu Polacy dzi\u0119kowali Bogu za kanonizacj\u0119 Jana Paw\u0142a II oraz 25 lat odzyskanej w 1989 r. wolno\u015bci. Kard. [&hellip;]<\/p>","protected":false},"author":6,"featured_media":0,"comment_status":"open","ping_status":"open","sticky":false,"template":"","format":"standard","meta":{"ngg_post_thumbnail":0,"footnotes":""},"categories":[3],"tags":[],"class_list":["post-490","post","type-post","status-publish","format-standard","hentry","category-wydarzenia"],"yoast_head":"<!-- This site is optimized with the Yoast SEO plugin v24.7 - https:\/\/yoast.com\/wordpress\/plugins\/seo\/ -->\n<title>\u015awi\u0119to Dzi\u0119kczynienia po\u015bwi\u0119cone podzi\u0119kowaniu za kanonizacj\u0119 Jana Paw\u0142a II i 25-leciu odzyskania przez Polsk\u0119 wolno\u015bci &#8211; Marek Kuchci\u0144ski<\/title>\n<meta name=\"robots\" content=\"index, follow, max-snippet:-1, max-image-preview:large, max-video-preview:-1\" \/>\n<link rel=\"canonical\" href=\"https:\/\/marekkuchcinski.pl\/en\/wydarzenia\/swieto-dziekczynienia-poswiecone-podziekowaniu-za-kanonizacje-jana-pawla-ii-i-25-leciu-odzyskania-przez-polske-wolnosci\/\" \/>\n<meta property=\"og:locale\" content=\"en_GB\" \/>\n<meta property=\"og:type\" content=\"article\" \/>\n<meta property=\"og:title\" content=\"\u015awi\u0119to Dzi\u0119kczynienia po\u015bwi\u0119cone podzi\u0119kowaniu za kanonizacj\u0119 Jana Paw\u0142a II i 25-leciu odzyskania przez Polsk\u0119 wolno\u015bci &#8211; Marek Kuchci\u0144ski\" \/>\n<meta property=\"og:description\" content=\"W dniu 1 czerwca (niedziela) br. wicemarsza\u0142ek Sejmu Marek Kuchci\u0144ski wzi\u0105\u0142 udzia\u0142 w \u015awi\u0119cie Dzi\u0119kczynienia w Warszawie. Przed \u015awi\u0105tyni\u0105 Opatrzno\u015bci Bo\u017cej na warszawskim Wilanowie sekretarz stanu Stolicy Apostolskiej kard. Pietro Parolin przewodniczy\u0142 uroczystej Mszy \u015bw. w tym dniu Polacy dzi\u0119kowali Bogu za kanonizacj\u0119 Jana Paw\u0142a II oraz 25 lat odzyskanej w 1989 r. wolno\u015bci. Kard. [&hellip;]\" \/>\n<meta property=\"og:url\" content=\"https:\/\/marekkuchcinski.pl\/en\/wydarzenia\/swieto-dziekczynienia-poswiecone-podziekowaniu-za-kanonizacje-jana-pawla-ii-i-25-leciu-odzyskania-przez-polske-wolnosci\/\" \/>\n<meta property=\"og:site_name\" content=\"Marek Kuchci\u0144ski\" \/>\n<meta property=\"article:published_time\" content=\"2014-06-05T16:27:28+00:00\" \/>\n<meta property=\"article:modified_time\" content=\"2016-08-25T14:58:24+00:00\" \/>\n<meta property=\"og:image\" content=\"https:\/\/marekkuchcinski.pl\/wp-content\/uploads\/2022\/09\/Marek.jpg\" \/>\n\t<meta property=\"og:image:width\" content=\"1600\" \/>\n\t<meta property=\"og:image:height\" content=\"971\" \/>\n\t<meta property=\"og:image:type\" content=\"image\/jpeg\" \/>\n<meta name=\"author\" content=\"admin\" \/>\n<meta name=\"twitter:card\" content=\"summary_large_image\" \/>\n<meta name=\"twitter:label1\" content=\"Written by\" \/>\n\t<meta name=\"twitter:data1\" content=\"admin\" \/>\n\t<meta name=\"twitter:label2\" content=\"Estimated reading time\" \/>\n\t<meta name=\"twitter:data2\" content=\"2 minutes\" \/>\n<script type=\"application\/ld+json\" class=\"yoast-schema-graph\">{\"@context\":\"https:\/\/schema.org\",\"@graph\":[{\"@type\":\"Article\",\"@id\":\"https:\/\/marekkuchcinski.pl\/hu\/wydarzenia\/swieto-dziekczynienia-poswiecone-podziekowaniu-za-kanonizacje-jana-pawla-ii-i-25-leciu-odzyskania-przez-polske-wolnosci\/#article\",\"isPartOf\":{\"@id\":\"https:\/\/marekkuchcinski.pl\/hu\/wydarzenia\/swieto-dziekczynienia-poswiecone-podziekowaniu-za-kanonizacje-jana-pawla-ii-i-25-leciu-odzyskania-przez-polske-wolnosci\/\"},\"author\":{\"name\":\"admin\",\"@id\":\"https:\/\/marekkuchcinski.pl\/#\/schema\/person\/6f62700996b4d950b6ea2d1183b6c6be\"},\"headline\":\"\u015awi\u0119to Dzi\u0119kczynienia po\u015bwi\u0119cone podzi\u0119kowaniu za kanonizacj\u0119 Jana Paw\u0142a II i 25-leciu odzyskania przez Polsk\u0119 wolno\u015bci\",\"datePublished\":\"2014-06-05T16:27:28+00:00\",\"dateModified\":\"2016-08-25T14:58:24+00:00\",\"mainEntityOfPage\":{\"@id\":\"https:\/\/marekkuchcinski.pl\/hu\/wydarzenia\/swieto-dziekczynienia-poswiecone-podziekowaniu-za-kanonizacje-jana-pawla-ii-i-25-leciu-odzyskania-przez-polske-wolnosci\/\"},\"wordCount\":374,\"commentCount\":0,\"publisher\":{\"@id\":\"https:\/\/marekkuchcinski.pl\/#organization\"},\"articleSection\":[\"Wydarzenia\"],\"inLanguage\":\"en-GB\",\"potentialAction\":[{\"@type\":\"CommentAction\",\"name\":\"Comment\",\"target\":[\"https:\/\/marekkuchcinski.pl\/hu\/wydarzenia\/swieto-dziekczynienia-poswiecone-podziekowaniu-za-kanonizacje-jana-pawla-ii-i-25-leciu-odzyskania-przez-polske-wolnosci\/#respond\"]}]},{\"@type\":\"WebPage\",\"@id\":\"https:\/\/marekkuchcinski.pl\/hu\/wydarzenia\/swieto-dziekczynienia-poswiecone-podziekowaniu-za-kanonizacje-jana-pawla-ii-i-25-leciu-odzyskania-przez-polske-wolnosci\/\",\"url\":\"https:\/\/marekkuchcinski.pl\/hu\/wydarzenia\/swieto-dziekczynienia-poswiecone-podziekowaniu-za-kanonizacje-jana-pawla-ii-i-25-leciu-odzyskania-przez-polske-wolnosci\/\",\"name\":\"\u015awi\u0119to Dzi\u0119kczynienia po\u015bwi\u0119cone podzi\u0119kowaniu za kanonizacj\u0119 Jana Paw\u0142a II i 25-leciu odzyskania przez Polsk\u0119 wolno\u015bci &#8211; Marek Kuchci\u0144ski\",\"isPartOf\":{\"@id\":\"https:\/\/marekkuchcinski.pl\/#website\"},\"datePublished\":\"2014-06-05T16:27:28+00:00\",\"dateModified\":\"2016-08-25T14:58:24+00:00\",\"breadcrumb\":{\"@id\":\"https:\/\/marekkuchcinski.pl\/hu\/wydarzenia\/swieto-dziekczynienia-poswiecone-podziekowaniu-za-kanonizacje-jana-pawla-ii-i-25-leciu-odzyskania-przez-polske-wolnosci\/#breadcrumb\"},\"inLanguage\":\"en-GB\",\"potentialAction\":[{\"@type\":\"ReadAction\",\"target\":[\"https:\/\/marekkuchcinski.pl\/hu\/wydarzenia\/swieto-dziekczynienia-poswiecone-podziekowaniu-za-kanonizacje-jana-pawla-ii-i-25-leciu-odzyskania-przez-polske-wolnosci\/\"]}]},{\"@type\":\"BreadcrumbList\",\"@id\":\"https:\/\/marekkuchcinski.pl\/hu\/wydarzenia\/swieto-dziekczynienia-poswiecone-podziekowaniu-za-kanonizacje-jana-pawla-ii-i-25-leciu-odzyskania-przez-polske-wolnosci\/#breadcrumb\",\"itemListElement\":[{\"@type\":\"ListItem\",\"position\":1,\"name\":\"Strona g\u0142\u00f3wna\",\"item\":\"https:\/\/marekkuchcinski.pl\/\"},{\"@type\":\"ListItem\",\"position\":2,\"name\":\"\u015awi\u0119to Dzi\u0119kczynienia po\u015bwi\u0119cone podzi\u0119kowaniu za kanonizacj\u0119 Jana Paw\u0142a II i 25-leciu odzyskania przez Polsk\u0119 wolno\u015bci\"}]},{\"@type\":\"WebSite\",\"@id\":\"https:\/\/marekkuchcinski.pl\/#website\",\"url\":\"https:\/\/marekkuchcinski.pl\/\",\"name\":\"Marek Kuchci\u0144ski\",\"description\":\"Pose\u0142 na sejm RP &ndash; okr\u0119g nr 22\",\"publisher\":{\"@id\":\"https:\/\/marekkuchcinski.pl\/#organization\"},\"potentialAction\":[{\"@type\":\"SearchAction\",\"target\":{\"@type\":\"EntryPoint\",\"urlTemplate\":\"https:\/\/marekkuchcinski.pl\/?s={search_term_string}\"},\"query-input\":{\"@type\":\"PropertyValueSpecification\",\"valueRequired\":true,\"valueName\":\"search_term_string\"}}],\"inLanguage\":\"en-GB\"},{\"@type\":\"Organization\",\"@id\":\"https:\/\/marekkuchcinski.pl\/#organization\",\"name\":\"Marek Kuchci\u0144ski\",\"url\":\"https:\/\/marekkuchcinski.pl\/\",\"logo\":{\"@type\":\"ImageObject\",\"inLanguage\":\"en-GB\",\"@id\":\"https:\/\/marekkuchcinski.pl\/#\/schema\/logo\/image\/\",\"url\":\"https:\/\/marekkuchcinski.pl\/wp-content\/uploads\/2022\/09\/Marek.jpg\",\"contentUrl\":\"https:\/\/marekkuchcinski.pl\/wp-content\/uploads\/2022\/09\/Marek.jpg\",\"width\":1600,\"height\":971,\"caption\":\"Marek Kuchci\u0144ski\"},\"image\":{\"@id\":\"https:\/\/marekkuchcinski.pl\/#\/schema\/logo\/image\/\"}},{\"@type\":\"Person\",\"@id\":\"https:\/\/marekkuchcinski.pl\/#\/schema\/person\/6f62700996b4d950b6ea2d1183b6c6be\",\"name\":\"admin\",\"image\":{\"@type\":\"ImageObject\",\"inLanguage\":\"en-GB\",\"@id\":\"https:\/\/marekkuchcinski.pl\/#\/schema\/person\/image\/\",\"url\":\"https:\/\/secure.gravatar.com\/avatar\/4bab693b9d55c3d6b52c0296a8765085?s=96&d=mm&r=g\",\"contentUrl\":\"https:\/\/secure.gravatar.com\/avatar\/4bab693b9d55c3d6b52c0296a8765085?s=96&d=mm&r=g\",\"caption\":\"admin\"},\"url\":\"https:\/\/marekkuchcinski.pl\/en\/author\/marta-olejnik\/\"}]}<\/script>\n<!-- \/ Yoast SEO plugin. -->","yoast_head_json":{"title":"\u015awi\u0119to Dzi\u0119kczynienia po\u015bwi\u0119cone podzi\u0119kowaniu za kanonizacj\u0119 Jana Paw\u0142a II i 25-leciu odzyskania przez Polsk\u0119 wolno\u015bci &#8211; Marek Kuchci\u0144ski","robots":{"index":"index","follow":"follow","max-snippet":"max-snippet:-1","max-image-preview":"max-image-preview:large","max-video-preview":"max-video-preview:-1"},"canonical":"https:\/\/marekkuchcinski.pl\/en\/wydarzenia\/swieto-dziekczynienia-poswiecone-podziekowaniu-za-kanonizacje-jana-pawla-ii-i-25-leciu-odzyskania-przez-polske-wolnosci\/","og_locale":"en_GB","og_type":"article","og_title":"\u015awi\u0119to Dzi\u0119kczynienia po\u015bwi\u0119cone podzi\u0119kowaniu za kanonizacj\u0119 Jana Paw\u0142a II i 25-leciu odzyskania przez Polsk\u0119 wolno\u015bci &#8211; Marek Kuchci\u0144ski","og_description":"W dniu 1 czerwca (niedziela) br. wicemarsza\u0142ek Sejmu Marek Kuchci\u0144ski wzi\u0105\u0142 udzia\u0142 w \u015awi\u0119cie Dzi\u0119kczynienia w Warszawie. Przed \u015awi\u0105tyni\u0105 Opatrzno\u015bci Bo\u017cej na warszawskim Wilanowie sekretarz stanu Stolicy Apostolskiej kard. Pietro Parolin przewodniczy\u0142 uroczystej Mszy \u015bw. w tym dniu Polacy dzi\u0119kowali Bogu za kanonizacj\u0119 Jana Paw\u0142a II oraz 25 lat odzyskanej w 1989 r. wolno\u015bci. Kard. [&hellip;]","og_url":"https:\/\/marekkuchcinski.pl\/en\/wydarzenia\/swieto-dziekczynienia-poswiecone-podziekowaniu-za-kanonizacje-jana-pawla-ii-i-25-leciu-odzyskania-przez-polske-wolnosci\/","og_site_name":"Marek Kuchci\u0144ski","article_published_time":"2014-06-05T16:27:28+00:00","article_modified_time":"2016-08-25T14:58:24+00:00","og_image":[{"width":1600,"height":971,"url":"https:\/\/marekkuchcinski.pl\/wp-content\/uploads\/2022\/09\/Marek.jpg","type":"image\/jpeg"}],"author":"admin","twitter_card":"summary_large_image","twitter_misc":{"Written by":"admin","Estimated reading time":"2 minutes"},"schema":{"@context":"https:\/\/schema.org","@graph":[{"@type":"Article","@id":"https:\/\/marekkuchcinski.pl\/hu\/wydarzenia\/swieto-dziekczynienia-poswiecone-podziekowaniu-za-kanonizacje-jana-pawla-ii-i-25-leciu-odzyskania-przez-polske-wolnosci\/#article","isPartOf":{"@id":"https:\/\/marekkuchcinski.pl\/hu\/wydarzenia\/swieto-dziekczynienia-poswiecone-podziekowaniu-za-kanonizacje-jana-pawla-ii-i-25-leciu-odzyskania-przez-polske-wolnosci\/"},"author":{"name":"admin","@id":"https:\/\/marekkuchcinski.pl\/#\/schema\/person\/6f62700996b4d950b6ea2d1183b6c6be"},"headline":"\u015awi\u0119to Dzi\u0119kczynienia po\u015bwi\u0119cone podzi\u0119kowaniu za kanonizacj\u0119 Jana Paw\u0142a II i 25-leciu odzyskania przez Polsk\u0119 wolno\u015bci","datePublished":"2014-06-05T16:27:28+00:00","dateModified":"2016-08-25T14:58:24+00:00","mainEntityOfPage":{"@id":"https:\/\/marekkuchcinski.pl\/hu\/wydarzenia\/swieto-dziekczynienia-poswiecone-podziekowaniu-za-kanonizacje-jana-pawla-ii-i-25-leciu-odzyskania-przez-polske-wolnosci\/"},"wordCount":374,"commentCount":0,"publisher":{"@id":"https:\/\/marekkuchcinski.pl\/#organization"},"articleSection":["Wydarzenia"],"inLanguage":"en-GB","potentialAction":[{"@type":"CommentAction","name":"Comment","target":["https:\/\/marekkuchcinski.pl\/hu\/wydarzenia\/swieto-dziekczynienia-poswiecone-podziekowaniu-za-kanonizacje-jana-pawla-ii-i-25-leciu-odzyskania-przez-polske-wolnosci\/#respond"]}]},{"@type":"WebPage","@id":"https:\/\/marekkuchcinski.pl\/hu\/wydarzenia\/swieto-dziekczynienia-poswiecone-podziekowaniu-za-kanonizacje-jana-pawla-ii-i-25-leciu-odzyskania-przez-polske-wolnosci\/","url":"https:\/\/marekkuchcinski.pl\/hu\/wydarzenia\/swieto-dziekczynienia-poswiecone-podziekowaniu-za-kanonizacje-jana-pawla-ii-i-25-leciu-odzyskania-przez-polske-wolnosci\/","name":"\u015awi\u0119to Dzi\u0119kczynienia po\u015bwi\u0119cone podzi\u0119kowaniu za kanonizacj\u0119 Jana Paw\u0142a II i 25-leciu odzyskania przez Polsk\u0119 wolno\u015bci &#8211; Marek Kuchci\u0144ski","isPartOf":{"@id":"https:\/\/marekkuchcinski.pl\/#website"},"datePublished":"2014-06-05T16:27:28+00:00","dateModified":"2016-08-25T14:58:24+00:00","breadcrumb":{"@id":"https:\/\/marekkuchcinski.pl\/hu\/wydarzenia\/swieto-dziekczynienia-poswiecone-podziekowaniu-za-kanonizacje-jana-pawla-ii-i-25-leciu-odzyskania-przez-polske-wolnosci\/#breadcrumb"},"inLanguage":"en-GB","potentialAction":[{"@type":"ReadAction","target":["https:\/\/marekkuchcinski.pl\/hu\/wydarzenia\/swieto-dziekczynienia-poswiecone-podziekowaniu-za-kanonizacje-jana-pawla-ii-i-25-leciu-odzyskania-przez-polske-wolnosci\/"]}]},{"@type":"BreadcrumbList","@id":"https:\/\/marekkuchcinski.pl\/hu\/wydarzenia\/swieto-dziekczynienia-poswiecone-podziekowaniu-za-kanonizacje-jana-pawla-ii-i-25-leciu-odzyskania-przez-polske-wolnosci\/#breadcrumb","itemListElement":[{"@type":"ListItem","position":1,"name":"Strona g\u0142\u00f3wna","item":"https:\/\/marekkuchcinski.pl\/"},{"@type":"ListItem","position":2,"name":"\u015awi\u0119to Dzi\u0119kczynienia po\u015bwi\u0119cone podzi\u0119kowaniu za kanonizacj\u0119 Jana Paw\u0142a II i 25-leciu odzyskania przez Polsk\u0119 wolno\u015bci"}]},{"@type":"WebSite","@id":"https:\/\/marekkuchcinski.pl\/#website","url":"https:\/\/marekkuchcinski.pl\/","name":"Marek Kuchci\u0144ski","description":"Pose\u0142 na sejm RP &ndash; okr\u0119g nr 22","publisher":{"@id":"https:\/\/marekkuchcinski.pl\/#organization"},"potentialAction":[{"@type":"SearchAction","target":{"@type":"EntryPoint","urlTemplate":"https:\/\/marekkuchcinski.pl\/?s={search_term_string}"},"query-input":{"@type":"PropertyValueSpecification","valueRequired":true,"valueName":"search_term_string"}}],"inLanguage":"en-GB"},{"@type":"Organization","@id":"https:\/\/marekkuchcinski.pl\/#organization","name":"Marek Kuchci\u0144ski","url":"https:\/\/marekkuchcinski.pl\/","logo":{"@type":"ImageObject","inLanguage":"en-GB","@id":"https:\/\/marekkuchcinski.pl\/#\/schema\/logo\/image\/","url":"https:\/\/marekkuchcinski.pl\/wp-content\/uploads\/2022\/09\/Marek.jpg","contentUrl":"https:\/\/marekkuchcinski.pl\/wp-content\/uploads\/2022\/09\/Marek.jpg","width":1600,"height":971,"caption":"Marek Kuchci\u0144ski"},"image":{"@id":"https:\/\/marekkuchcinski.pl\/#\/schema\/logo\/image\/"}},{"@type":"Person","@id":"https:\/\/marekkuchcinski.pl\/#\/schema\/person\/6f62700996b4d950b6ea2d1183b6c6be","name":"admin","image":{"@type":"ImageObject","inLanguage":"en-GB","@id":"https:\/\/marekkuchcinski.pl\/#\/schema\/person\/image\/","url":"https:\/\/secure.gravatar.com\/avatar\/4bab693b9d55c3d6b52c0296a8765085?s=96&d=mm&r=g","contentUrl":"https:\/\/secure.gravatar.com\/avatar\/4bab693b9d55c3d6b52c0296a8765085?s=96&d=mm&r=g","caption":"admin"},"url":"https:\/\/marekkuchcinski.pl\/en\/author\/marta-olejnik\/"}]}},"_links":{"self":[{"href":"https:\/\/marekkuchcinski.pl\/en\/wp-json\/wp\/v2\/posts\/490","targetHints":{"allow":["GET"]}}],"collection":[{"href":"https:\/\/marekkuchcinski.pl\/en\/wp-json\/wp\/v2\/posts"}],"about":[{"href":"https:\/\/marekkuchcinski.pl\/en\/wp-json\/wp\/v2\/types\/post"}],"author":[{"embeddable":true,"href":"https:\/\/marekkuchcinski.pl\/en\/wp-json\/wp\/v2\/users\/6"}],"replies":[{"embeddable":true,"href":"https:\/\/marekkuchcinski.pl\/en\/wp-json\/wp\/v2\/comments?post=490"}],"version-history":[{"count":1,"href":"https:\/\/marekkuchcinski.pl\/en\/wp-json\/wp\/v2\/posts\/490\/revisions"}],"predecessor-version":[{"id":1365,"href":"https:\/\/marekkuchcinski.pl\/en\/wp-json\/wp\/v2\/posts\/490\/revisions\/1365"}],"wp:attachment":[{"href":"https:\/\/marekkuchcinski.pl\/en\/wp-json\/wp\/v2\/media?parent=490"}],"wp:term":[{"taxonomy":"category","embeddable":true,"href":"https:\/\/marekkuchcinski.pl\/en\/wp-json\/wp\/v2\/categories?post=490"},{"taxonomy":"post_tag","embeddable":true,"href":"https:\/\/marekkuchcinski.pl\/en\/wp-json\/wp\/v2\/tags?post=490"}],"curies":[{"name":"wp","href":"https:\/\/api.w.org\/{rel}","templated":true}]}}