{"id":4615,"date":"2016-11-24T15:41:39","date_gmt":"2016-11-24T14:41:39","guid":{"rendered":"https:\/\/marekkuchcinski.pl\/?p=4615"},"modified":"2016-11-24T15:43:51","modified_gmt":"2016-11-24T14:43:51","slug":"dialog-spoleczny-droga-normalnosci-zjazd-delegatow-nszz-solidarnosc","status":"publish","type":"post","link":"https:\/\/marekkuchcinski.pl\/en\/wydarzenia\/dialog-spoleczny-droga-normalnosci-zjazd-delegatow-nszz-solidarnosc\/","title":{"rendered":"Social dialogue as a path to normality - Congress of NSZZ \"Solidarno\u015b\u0107\" delegates"},"content":{"rendered":"<p><strong>- The time has come for you to sum up and evaluate your actions so far, as well as to look into the future and outline your plans. The tasks you set yourselves are always ambitious and aim at defending the rights of the agricultural community. You are the heirs of the ideas which guided farmers more than three decades ago. At that time, with great determination, you opposed the communist regime, fighting for freedom of speech and opinion, as well as respect for hard work on the land and respect for property. <\/strong>wrote in a letter to the delegates of the 28th National Congress of Delegates of the Solidarity Trade Union in P\u0142ock.<strong> \u00a0- You drew your strength from the unity and support of the Church, as well as workers and intelligentsia. This beautiful legacy of Solidarity is a source of great pride, but also an obligation for current members of the Association. It is impossible to overestimate your contribution to the democratic changes in our country and, above all, your significant contribution to the development of the Polish countryside. Currently, our agriculture does not differ from European standards, and our food continues to conquer new consumer markets, enjoying an excellent reputation<\/strong> - emphasized the Speaker.<\/p>\n<p>The President of the Republic of Poland, Andrzej Duda, who was present at the ceremony, thanked for the trust placed in Solidarity by the current government and assured that the commitments made during the election campaign would be gradually fulfilled. As an example of the already fulfilled promises Andrzej Duda cited the lowering of the retirement age by the Sejm.<\/p>\n<p>The most distinguished members of the Association were awarded by the President with state decorations: Golden Crosses of Merit and Knight's Crosses of the Order of Polonia Restituta.<\/p>\n<p>The most important part of the Convention concerns the role of social dialogue, as well as the functioning of the Social Dialogue Council, established by the President in 2015. Council for Social Dialogue (RDS).<\/p>\n<p>Congress participants will take part in a panel discussion \"Codification of labor law as a chance to develop social dialogue\" prepared by experts from the National Commission of NSZZ \"S\".<\/p>\n<p>Recently within the Council of Social Dialogue a working group for European social dialogue has been created. Its moderators are representatives of employers - from the side of Polish Crafts Association and trade unions - from the side of NSZZ \"S\". The aim of the group is, among others, to support, coordinate and monitor activities aimed at effective implementation in Poland of framework agreements and arrangements covering the European social dialogue as well as at strengthening the role of trade unions and employers in initiatives related to the process of economic governance in the EU.<\/p>\n<p>Tomorrow, delegates will change the status of the union and also review the results of the current work of the NSZZ Solidarity National Commission.<\/p>","protected":false},"excerpt":{"rendered":"<p>\u2013 Przed Pa\u0144stwem czas podsumowa\u0144 i oceny dotychczasowych dzia\u0142a\u0144, a tak\u017ce spojrzenia w przysz\u0142o\u015b\u0107 i nakre\u015blenia plan\u00f3w. Zadania, jakie sobie stawiacie s\u0105 zawsze ambitne i maj\u0105 na celu obron\u0119 praw rolniczej spo\u0142eczno\u015bci. Jeste\u015bcie Pa\u0144stwo spadkobiercami idei, jakie przy\u015bwieca\u0142y rolnikom ponad trzy dekady temu. W\u00f3wczas z\u00a0ogromn\u0105 determinacj\u0105 sprzeciwili\u015bcie si\u0119 komunistycznej w\u0142adzy, walcz\u0105c o wolno\u015b\u0107 s\u0142owa i\u00a0przekona\u0144, [&hellip;]<\/p>","protected":false},"author":6,"featured_media":4618,"comment_status":"open","ping_status":"open","sticky":false,"template":"","format":"standard","meta":{"ngg_post_thumbnail":0,"footnotes":""},"categories":[82,3],"tags":[],"class_list":["post-4615","post","type-post","status-publish","format-standard","has-post-thumbnail","hentry","category-prawo-i-sprawiedliwosc","category-wydarzenia"],"yoast_head":"<!-- This site is optimized with the Yoast SEO plugin v24.7 - https:\/\/yoast.com\/wordpress\/plugins\/seo\/ -->\n<title>Dialog spo\u0142eczny drog\u0105 do normalno\u015bci \u2013 zjazd delegat\u00f3w NSZZ \u201eSolidarno\u015b\u0107&quot; &#8211; Marek Kuchci\u0144ski<\/title>\n<meta name=\"robots\" content=\"index, follow, max-snippet:-1, max-image-preview:large, max-video-preview:-1\" \/>\n<link rel=\"canonical\" href=\"https:\/\/marekkuchcinski.pl\/en\/wydarzenia\/dialog-spoleczny-droga-normalnosci-zjazd-delegatow-nszz-solidarnosc\/\" \/>\n<meta property=\"og:locale\" content=\"en_GB\" \/>\n<meta property=\"og:type\" content=\"article\" \/>\n<meta property=\"og:title\" content=\"Dialog spo\u0142eczny drog\u0105 do normalno\u015bci \u2013 zjazd delegat\u00f3w NSZZ \u201eSolidarno\u015b\u0107&quot; &#8211; Marek Kuchci\u0144ski\" \/>\n<meta property=\"og:description\" content=\"\u2013 Przed Pa\u0144stwem czas podsumowa\u0144 i oceny dotychczasowych dzia\u0142a\u0144, a tak\u017ce spojrzenia w przysz\u0142o\u015b\u0107 i nakre\u015blenia plan\u00f3w. Zadania, jakie sobie stawiacie s\u0105 zawsze ambitne i maj\u0105 na celu obron\u0119 praw rolniczej spo\u0142eczno\u015bci. Jeste\u015bcie Pa\u0144stwo spadkobiercami idei, jakie przy\u015bwieca\u0142y rolnikom ponad trzy dekady temu. W\u00f3wczas z\u00a0ogromn\u0105 determinacj\u0105 sprzeciwili\u015bcie si\u0119 komunistycznej w\u0142adzy, walcz\u0105c o wolno\u015b\u0107 s\u0142owa i\u00a0przekona\u0144, [&hellip;]\" \/>\n<meta property=\"og:url\" content=\"https:\/\/marekkuchcinski.pl\/en\/wydarzenia\/dialog-spoleczny-droga-normalnosci-zjazd-delegatow-nszz-solidarnosc\/\" \/>\n<meta property=\"og:site_name\" content=\"Marek Kuchci\u0144ski\" \/>\n<meta property=\"article:published_time\" content=\"2016-11-24T14:41:39+00:00\" \/>\n<meta property=\"article:modified_time\" content=\"2016-11-24T14:43:51+00:00\" \/>\n<meta property=\"og:image\" content=\"https:\/\/marekkuchcinski.pl\/wp-content\/uploads\/2016\/11\/DSCF4830-1.jpg\" \/>\n\t<meta property=\"og:image:width\" content=\"2048\" \/>\n\t<meta property=\"og:image:height\" content=\"1365\" \/>\n\t<meta property=\"og:image:type\" content=\"image\/jpeg\" \/>\n<meta name=\"author\" content=\"admin\" \/>\n<meta name=\"twitter:card\" content=\"summary_large_image\" \/>\n<meta name=\"twitter:label1\" content=\"Written by\" \/>\n\t<meta name=\"twitter:data1\" content=\"admin\" \/>\n\t<meta name=\"twitter:label2\" content=\"Estimated reading time\" \/>\n\t<meta name=\"twitter:data2\" content=\"2 minutes\" \/>\n<script type=\"application\/ld+json\" class=\"yoast-schema-graph\">{\"@context\":\"https:\/\/schema.org\",\"@graph\":[{\"@type\":\"Article\",\"@id\":\"https:\/\/marekkuchcinski.pl\/cs\/wydarzenia\/dialog-spoleczny-droga-normalnosci-zjazd-delegatow-nszz-solidarnosc\/#article\",\"isPartOf\":{\"@id\":\"https:\/\/marekkuchcinski.pl\/cs\/wydarzenia\/dialog-spoleczny-droga-normalnosci-zjazd-delegatow-nszz-solidarnosc\/\"},\"author\":{\"name\":\"admin\",\"@id\":\"https:\/\/marekkuchcinski.pl\/#\/schema\/person\/6f62700996b4d950b6ea2d1183b6c6be\"},\"headline\":\"Dialog spo\u0142eczny drog\u0105 do normalno\u015bci \u2013 zjazd delegat\u00f3w NSZZ \u201eSolidarno\u015b\u0107&#8221;\",\"datePublished\":\"2016-11-24T14:41:39+00:00\",\"dateModified\":\"2016-11-24T14:43:51+00:00\",\"mainEntityOfPage\":{\"@id\":\"https:\/\/marekkuchcinski.pl\/cs\/wydarzenia\/dialog-spoleczny-droga-normalnosci-zjazd-delegatow-nszz-solidarnosc\/\"},\"wordCount\":442,\"commentCount\":0,\"publisher\":{\"@id\":\"https:\/\/marekkuchcinski.pl\/#organization\"},\"image\":{\"@id\":\"https:\/\/marekkuchcinski.pl\/cs\/wydarzenia\/dialog-spoleczny-droga-normalnosci-zjazd-delegatow-nszz-solidarnosc\/#primaryimage\"},\"thumbnailUrl\":\"https:\/\/marekkuchcinski.pl\/wp-content\/uploads\/2016\/11\/DSCF4830-1.jpg\",\"articleSection\":[\"Prawo i Sprawiedliwo\u015b\u0107\",\"Wydarzenia\"],\"inLanguage\":\"en-GB\",\"potentialAction\":[{\"@type\":\"CommentAction\",\"name\":\"Comment\",\"target\":[\"https:\/\/marekkuchcinski.pl\/cs\/wydarzenia\/dialog-spoleczny-droga-normalnosci-zjazd-delegatow-nszz-solidarnosc\/#respond\"]}]},{\"@type\":\"WebPage\",\"@id\":\"https:\/\/marekkuchcinski.pl\/cs\/wydarzenia\/dialog-spoleczny-droga-normalnosci-zjazd-delegatow-nszz-solidarnosc\/\",\"url\":\"https:\/\/marekkuchcinski.pl\/cs\/wydarzenia\/dialog-spoleczny-droga-normalnosci-zjazd-delegatow-nszz-solidarnosc\/\",\"name\":\"Dialog spo\u0142eczny drog\u0105 do normalno\u015bci \u2013 zjazd delegat\u00f3w NSZZ \u201eSolidarno\u015b\u0107\\\" &#8211; Marek Kuchci\u0144ski\",\"isPartOf\":{\"@id\":\"https:\/\/marekkuchcinski.pl\/#website\"},\"primaryImageOfPage\":{\"@id\":\"https:\/\/marekkuchcinski.pl\/cs\/wydarzenia\/dialog-spoleczny-droga-normalnosci-zjazd-delegatow-nszz-solidarnosc\/#primaryimage\"},\"image\":{\"@id\":\"https:\/\/marekkuchcinski.pl\/cs\/wydarzenia\/dialog-spoleczny-droga-normalnosci-zjazd-delegatow-nszz-solidarnosc\/#primaryimage\"},\"thumbnailUrl\":\"https:\/\/marekkuchcinski.pl\/wp-content\/uploads\/2016\/11\/DSCF4830-1.jpg\",\"datePublished\":\"2016-11-24T14:41:39+00:00\",\"dateModified\":\"2016-11-24T14:43:51+00:00\",\"breadcrumb\":{\"@id\":\"https:\/\/marekkuchcinski.pl\/cs\/wydarzenia\/dialog-spoleczny-droga-normalnosci-zjazd-delegatow-nszz-solidarnosc\/#breadcrumb\"},\"inLanguage\":\"en-GB\",\"potentialAction\":[{\"@type\":\"ReadAction\",\"target\":[\"https:\/\/marekkuchcinski.pl\/cs\/wydarzenia\/dialog-spoleczny-droga-normalnosci-zjazd-delegatow-nszz-solidarnosc\/\"]}]},{\"@type\":\"ImageObject\",\"inLanguage\":\"en-GB\",\"@id\":\"https:\/\/marekkuchcinski.pl\/cs\/wydarzenia\/dialog-spoleczny-droga-normalnosci-zjazd-delegatow-nszz-solidarnosc\/#primaryimage\",\"url\":\"https:\/\/marekkuchcinski.pl\/wp-content\/uploads\/2016\/11\/DSCF4830-1.jpg\",\"contentUrl\":\"https:\/\/marekkuchcinski.pl\/wp-content\/uploads\/2016\/11\/DSCF4830-1.jpg\",\"width\":2048,\"height\":1365},{\"@type\":\"BreadcrumbList\",\"@id\":\"https:\/\/marekkuchcinski.pl\/cs\/wydarzenia\/dialog-spoleczny-droga-normalnosci-zjazd-delegatow-nszz-solidarnosc\/#breadcrumb\",\"itemListElement\":[{\"@type\":\"ListItem\",\"position\":1,\"name\":\"Strona g\u0142\u00f3wna\",\"item\":\"https:\/\/marekkuchcinski.pl\/\"},{\"@type\":\"ListItem\",\"position\":2,\"name\":\"Dialog spo\u0142eczny drog\u0105 do normalno\u015bci \u2013 zjazd delegat\u00f3w NSZZ \u201eSolidarno\u015b\u0107&#8221;\"}]},{\"@type\":\"WebSite\",\"@id\":\"https:\/\/marekkuchcinski.pl\/#website\",\"url\":\"https:\/\/marekkuchcinski.pl\/\",\"name\":\"Marek Kuchci\u0144ski\",\"description\":\"Pose\u0142 na sejm RP &ndash; okr\u0119g nr 22\",\"publisher\":{\"@id\":\"https:\/\/marekkuchcinski.pl\/#organization\"},\"potentialAction\":[{\"@type\":\"SearchAction\",\"target\":{\"@type\":\"EntryPoint\",\"urlTemplate\":\"https:\/\/marekkuchcinski.pl\/?s={search_term_string}\"},\"query-input\":{\"@type\":\"PropertyValueSpecification\",\"valueRequired\":true,\"valueName\":\"search_term_string\"}}],\"inLanguage\":\"en-GB\"},{\"@type\":\"Organization\",\"@id\":\"https:\/\/marekkuchcinski.pl\/#organization\",\"name\":\"Marek Kuchci\u0144ski\",\"url\":\"https:\/\/marekkuchcinski.pl\/\",\"logo\":{\"@type\":\"ImageObject\",\"inLanguage\":\"en-GB\",\"@id\":\"https:\/\/marekkuchcinski.pl\/#\/schema\/logo\/image\/\",\"url\":\"https:\/\/marekkuchcinski.pl\/wp-content\/uploads\/2022\/09\/Marek.jpg\",\"contentUrl\":\"https:\/\/marekkuchcinski.pl\/wp-content\/uploads\/2022\/09\/Marek.jpg\",\"width\":1600,\"height\":971,\"caption\":\"Marek Kuchci\u0144ski\"},\"image\":{\"@id\":\"https:\/\/marekkuchcinski.pl\/#\/schema\/logo\/image\/\"}},{\"@type\":\"Person\",\"@id\":\"https:\/\/marekkuchcinski.pl\/#\/schema\/person\/6f62700996b4d950b6ea2d1183b6c6be\",\"name\":\"admin\",\"image\":{\"@type\":\"ImageObject\",\"inLanguage\":\"en-GB\",\"@id\":\"https:\/\/marekkuchcinski.pl\/#\/schema\/person\/image\/\",\"url\":\"https:\/\/secure.gravatar.com\/avatar\/4bab693b9d55c3d6b52c0296a8765085?s=96&d=mm&r=g\",\"contentUrl\":\"https:\/\/secure.gravatar.com\/avatar\/4bab693b9d55c3d6b52c0296a8765085?s=96&d=mm&r=g\",\"caption\":\"admin\"},\"url\":\"https:\/\/marekkuchcinski.pl\/en\/author\/marta-olejnik\/\"}]}<\/script>\n<!-- \/ Yoast SEO plugin. -->","yoast_head_json":{"title":"Dialog spo\u0142eczny drog\u0105 do normalno\u015bci \u2013 zjazd delegat\u00f3w NSZZ \u201eSolidarno\u015b\u0107\" &#8211; Marek Kuchci\u0144ski","robots":{"index":"index","follow":"follow","max-snippet":"max-snippet:-1","max-image-preview":"max-image-preview:large","max-video-preview":"max-video-preview:-1"},"canonical":"https:\/\/marekkuchcinski.pl\/en\/wydarzenia\/dialog-spoleczny-droga-normalnosci-zjazd-delegatow-nszz-solidarnosc\/","og_locale":"en_GB","og_type":"article","og_title":"Dialog spo\u0142eczny drog\u0105 do normalno\u015bci \u2013 zjazd delegat\u00f3w NSZZ \u201eSolidarno\u015b\u0107\" &#8211; Marek Kuchci\u0144ski","og_description":"\u2013 Przed Pa\u0144stwem czas podsumowa\u0144 i oceny dotychczasowych dzia\u0142a\u0144, a tak\u017ce spojrzenia w przysz\u0142o\u015b\u0107 i nakre\u015blenia plan\u00f3w. Zadania, jakie sobie stawiacie s\u0105 zawsze ambitne i maj\u0105 na celu obron\u0119 praw rolniczej spo\u0142eczno\u015bci. Jeste\u015bcie Pa\u0144stwo spadkobiercami idei, jakie przy\u015bwieca\u0142y rolnikom ponad trzy dekady temu. W\u00f3wczas z\u00a0ogromn\u0105 determinacj\u0105 sprzeciwili\u015bcie si\u0119 komunistycznej w\u0142adzy, walcz\u0105c o wolno\u015b\u0107 s\u0142owa i\u00a0przekona\u0144, [&hellip;]","og_url":"https:\/\/marekkuchcinski.pl\/en\/wydarzenia\/dialog-spoleczny-droga-normalnosci-zjazd-delegatow-nszz-solidarnosc\/","og_site_name":"Marek Kuchci\u0144ski","article_published_time":"2016-11-24T14:41:39+00:00","article_modified_time":"2016-11-24T14:43:51+00:00","og_image":[{"width":2048,"height":1365,"url":"https:\/\/marekkuchcinski.pl\/wp-content\/uploads\/2016\/11\/DSCF4830-1.jpg","type":"image\/jpeg"}],"author":"admin","twitter_card":"summary_large_image","twitter_misc":{"Written by":"admin","Estimated reading time":"2 minutes"},"schema":{"@context":"https:\/\/schema.org","@graph":[{"@type":"Article","@id":"https:\/\/marekkuchcinski.pl\/cs\/wydarzenia\/dialog-spoleczny-droga-normalnosci-zjazd-delegatow-nszz-solidarnosc\/#article","isPartOf":{"@id":"https:\/\/marekkuchcinski.pl\/cs\/wydarzenia\/dialog-spoleczny-droga-normalnosci-zjazd-delegatow-nszz-solidarnosc\/"},"author":{"name":"admin","@id":"https:\/\/marekkuchcinski.pl\/#\/schema\/person\/6f62700996b4d950b6ea2d1183b6c6be"},"headline":"Dialog spo\u0142eczny drog\u0105 do normalno\u015bci \u2013 zjazd delegat\u00f3w NSZZ \u201eSolidarno\u015b\u0107&#8221;","datePublished":"2016-11-24T14:41:39+00:00","dateModified":"2016-11-24T14:43:51+00:00","mainEntityOfPage":{"@id":"https:\/\/marekkuchcinski.pl\/cs\/wydarzenia\/dialog-spoleczny-droga-normalnosci-zjazd-delegatow-nszz-solidarnosc\/"},"wordCount":442,"commentCount":0,"publisher":{"@id":"https:\/\/marekkuchcinski.pl\/#organization"},"image":{"@id":"https:\/\/marekkuchcinski.pl\/cs\/wydarzenia\/dialog-spoleczny-droga-normalnosci-zjazd-delegatow-nszz-solidarnosc\/#primaryimage"},"thumbnailUrl":"https:\/\/marekkuchcinski.pl\/wp-content\/uploads\/2016\/11\/DSCF4830-1.jpg","articleSection":["Prawo i Sprawiedliwo\u015b\u0107","Wydarzenia"],"inLanguage":"en-GB","potentialAction":[{"@type":"CommentAction","name":"Comment","target":["https:\/\/marekkuchcinski.pl\/cs\/wydarzenia\/dialog-spoleczny-droga-normalnosci-zjazd-delegatow-nszz-solidarnosc\/#respond"]}]},{"@type":"WebPage","@id":"https:\/\/marekkuchcinski.pl\/cs\/wydarzenia\/dialog-spoleczny-droga-normalnosci-zjazd-delegatow-nszz-solidarnosc\/","url":"https:\/\/marekkuchcinski.pl\/cs\/wydarzenia\/dialog-spoleczny-droga-normalnosci-zjazd-delegatow-nszz-solidarnosc\/","name":"Dialog spo\u0142eczny drog\u0105 do normalno\u015bci \u2013 zjazd delegat\u00f3w NSZZ \u201eSolidarno\u015b\u0107\" &#8211; Marek Kuchci\u0144ski","isPartOf":{"@id":"https:\/\/marekkuchcinski.pl\/#website"},"primaryImageOfPage":{"@id":"https:\/\/marekkuchcinski.pl\/cs\/wydarzenia\/dialog-spoleczny-droga-normalnosci-zjazd-delegatow-nszz-solidarnosc\/#primaryimage"},"image":{"@id":"https:\/\/marekkuchcinski.pl\/cs\/wydarzenia\/dialog-spoleczny-droga-normalnosci-zjazd-delegatow-nszz-solidarnosc\/#primaryimage"},"thumbnailUrl":"https:\/\/marekkuchcinski.pl\/wp-content\/uploads\/2016\/11\/DSCF4830-1.jpg","datePublished":"2016-11-24T14:41:39+00:00","dateModified":"2016-11-24T14:43:51+00:00","breadcrumb":{"@id":"https:\/\/marekkuchcinski.pl\/cs\/wydarzenia\/dialog-spoleczny-droga-normalnosci-zjazd-delegatow-nszz-solidarnosc\/#breadcrumb"},"inLanguage":"en-GB","potentialAction":[{"@type":"ReadAction","target":["https:\/\/marekkuchcinski.pl\/cs\/wydarzenia\/dialog-spoleczny-droga-normalnosci-zjazd-delegatow-nszz-solidarnosc\/"]}]},{"@type":"ImageObject","inLanguage":"en-GB","@id":"https:\/\/marekkuchcinski.pl\/cs\/wydarzenia\/dialog-spoleczny-droga-normalnosci-zjazd-delegatow-nszz-solidarnosc\/#primaryimage","url":"https:\/\/marekkuchcinski.pl\/wp-content\/uploads\/2016\/11\/DSCF4830-1.jpg","contentUrl":"https:\/\/marekkuchcinski.pl\/wp-content\/uploads\/2016\/11\/DSCF4830-1.jpg","width":2048,"height":1365},{"@type":"BreadcrumbList","@id":"https:\/\/marekkuchcinski.pl\/cs\/wydarzenia\/dialog-spoleczny-droga-normalnosci-zjazd-delegatow-nszz-solidarnosc\/#breadcrumb","itemListElement":[{"@type":"ListItem","position":1,"name":"Strona g\u0142\u00f3wna","item":"https:\/\/marekkuchcinski.pl\/"},{"@type":"ListItem","position":2,"name":"Dialog spo\u0142eczny drog\u0105 do normalno\u015bci \u2013 zjazd delegat\u00f3w NSZZ \u201eSolidarno\u015b\u0107&#8221;"}]},{"@type":"WebSite","@id":"https:\/\/marekkuchcinski.pl\/#website","url":"https:\/\/marekkuchcinski.pl\/","name":"Marek Kuchci\u0144ski","description":"Pose\u0142 na sejm RP &ndash; okr\u0119g nr 22","publisher":{"@id":"https:\/\/marekkuchcinski.pl\/#organization"},"potentialAction":[{"@type":"SearchAction","target":{"@type":"EntryPoint","urlTemplate":"https:\/\/marekkuchcinski.pl\/?s={search_term_string}"},"query-input":{"@type":"PropertyValueSpecification","valueRequired":true,"valueName":"search_term_string"}}],"inLanguage":"en-GB"},{"@type":"Organization","@id":"https:\/\/marekkuchcinski.pl\/#organization","name":"Marek Kuchci\u0144ski","url":"https:\/\/marekkuchcinski.pl\/","logo":{"@type":"ImageObject","inLanguage":"en-GB","@id":"https:\/\/marekkuchcinski.pl\/#\/schema\/logo\/image\/","url":"https:\/\/marekkuchcinski.pl\/wp-content\/uploads\/2022\/09\/Marek.jpg","contentUrl":"https:\/\/marekkuchcinski.pl\/wp-content\/uploads\/2022\/09\/Marek.jpg","width":1600,"height":971,"caption":"Marek Kuchci\u0144ski"},"image":{"@id":"https:\/\/marekkuchcinski.pl\/#\/schema\/logo\/image\/"}},{"@type":"Person","@id":"https:\/\/marekkuchcinski.pl\/#\/schema\/person\/6f62700996b4d950b6ea2d1183b6c6be","name":"admin","image":{"@type":"ImageObject","inLanguage":"en-GB","@id":"https:\/\/marekkuchcinski.pl\/#\/schema\/person\/image\/","url":"https:\/\/secure.gravatar.com\/avatar\/4bab693b9d55c3d6b52c0296a8765085?s=96&d=mm&r=g","contentUrl":"https:\/\/secure.gravatar.com\/avatar\/4bab693b9d55c3d6b52c0296a8765085?s=96&d=mm&r=g","caption":"admin"},"url":"https:\/\/marekkuchcinski.pl\/en\/author\/marta-olejnik\/"}]}},"_links":{"self":[{"href":"https:\/\/marekkuchcinski.pl\/en\/wp-json\/wp\/v2\/posts\/4615","targetHints":{"allow":["GET"]}}],"collection":[{"href":"https:\/\/marekkuchcinski.pl\/en\/wp-json\/wp\/v2\/posts"}],"about":[{"href":"https:\/\/marekkuchcinski.pl\/en\/wp-json\/wp\/v2\/types\/post"}],"author":[{"embeddable":true,"href":"https:\/\/marekkuchcinski.pl\/en\/wp-json\/wp\/v2\/users\/6"}],"replies":[{"embeddable":true,"href":"https:\/\/marekkuchcinski.pl\/en\/wp-json\/wp\/v2\/comments?post=4615"}],"version-history":[{"count":1,"href":"https:\/\/marekkuchcinski.pl\/en\/wp-json\/wp\/v2\/posts\/4615\/revisions"}],"predecessor-version":[{"id":4617,"href":"https:\/\/marekkuchcinski.pl\/en\/wp-json\/wp\/v2\/posts\/4615\/revisions\/4617"}],"wp:featuredmedia":[{"embeddable":true,"href":"https:\/\/marekkuchcinski.pl\/en\/wp-json\/wp\/v2\/media\/4618"}],"wp:attachment":[{"href":"https:\/\/marekkuchcinski.pl\/en\/wp-json\/wp\/v2\/media?parent=4615"}],"wp:term":[{"taxonomy":"category","embeddable":true,"href":"https:\/\/marekkuchcinski.pl\/en\/wp-json\/wp\/v2\/categories?post=4615"},{"taxonomy":"post_tag","embeddable":true,"href":"https:\/\/marekkuchcinski.pl\/en\/wp-json\/wp\/v2\/tags?post=4615"}],"curies":[{"name":"wp","href":"https:\/\/api.w.org\/{rel}","templated":true}]}}