{"id":4509,"date":"2016-11-14T14:40:24","date_gmt":"2016-11-14T13:40:24","guid":{"rendered":"https:\/\/marekkuchcinski.pl\/?p=4509"},"modified":"2016-11-14T14:49:37","modified_gmt":"2016-11-14T13:49:37","slug":"zgromadzenie-wsi-polskiej","status":"publish","type":"post","link":"https:\/\/marekkuchcinski.pl\/en\/prawo-i-sprawiedliwosc\/zgromadzenie-wsi-polskiej\/","title":{"rendered":"Assembly of Polish Villages"},"content":{"rendered":"<p>PiS convention \"Assembly of Polish Villages\" was held in Wojnicz. It was attended by, among others, Speaker of the Sejm Marek Kuchcinski, Speaker of the Senate Stanis\u0142aw Karczewski, Prime Minister Beata Szyd\u0142o and PiS President Jaros\u0142aw Kaczy\u0144ski.<\/p>\n<p><a href=\"https:\/\/marekkuchcinski.pl\/wp-content\/uploads\/2016\/11\/wM.jpg\"><img fetchpriority=\"high\" decoding=\"async\" class=\"alignnone size-full wp-image-4511\" src=\"https:\/\/marekkuchcinski.pl\/wp-content\/uploads\/2016\/11\/wM.jpg\" alt=\"wm\" width=\"996\" height=\"664\" srcset=\"https:\/\/marekkuchcinski.pl\/wp-content\/uploads\/2016\/11\/wM.jpg 996w, https:\/\/marekkuchcinski.pl\/wp-content\/uploads\/2016\/11\/wM-300x200.jpg 300w, https:\/\/marekkuchcinski.pl\/wp-content\/uploads\/2016\/11\/wM-768x512.jpg 768w\" sizes=\"(max-width: 996px) 100vw, 996px\" \/><\/a>The convention began with laying flowers on the grave of three-time Polish Prime Minister Wincenty Witos in Wierzchoslawice, Lesser Poland.<\/p>\n<p><a href=\"https:\/\/marekkuchcinski.pl\/wp-content\/uploads\/2016\/11\/w3.jpg\"><img decoding=\"async\" class=\"alignnone size-full wp-image-4510\" src=\"https:\/\/marekkuchcinski.pl\/wp-content\/uploads\/2016\/11\/w3.jpg\" alt=\"w3\" width=\"996\" height=\"664\" srcset=\"https:\/\/marekkuchcinski.pl\/wp-content\/uploads\/2016\/11\/w3.jpg 996w, https:\/\/marekkuchcinski.pl\/wp-content\/uploads\/2016\/11\/w3-300x200.jpg 300w, https:\/\/marekkuchcinski.pl\/wp-content\/uploads\/2016\/11\/w3-768x512.jpg 768w\" sizes=\"(max-width: 996px) 100vw, 996px\" \/><\/a><\/p>\n<p>The Congress was a summary of the government's year-long efforts to strengthen the Polish countryside, such as the decision to halt the sale of state-owned land, or the 500 plus program, which is particularly dedicated to the residents of small towns and villages.<\/p>\n<p><a href=\"https:\/\/marekkuchcinski.pl\/wp-content\/uploads\/2016\/11\/w.jpg\"><img decoding=\"async\" class=\"alignnone size-full wp-image-4512\" src=\"https:\/\/marekkuchcinski.pl\/wp-content\/uploads\/2016\/11\/w.jpg\" alt=\"w\" width=\"996\" height=\"664\" srcset=\"https:\/\/marekkuchcinski.pl\/wp-content\/uploads\/2016\/11\/w.jpg 996w, https:\/\/marekkuchcinski.pl\/wp-content\/uploads\/2016\/11\/w-300x200.jpg 300w, https:\/\/marekkuchcinski.pl\/wp-content\/uploads\/2016\/11\/w-768x512.jpg 768w\" sizes=\"(max-width: 996px) 100vw, 996px\" \/><\/a><\/p>\n<p>- We are proud that we have introduced to the parliament many real farmers who serve the Polish countryside - said during the Assembly President Jaroslaw Kaczynski.<\/p>\n<p><em>fot. pis.org.pl<\/em><\/p>","protected":false},"excerpt":{"rendered":"<p>W Wojniczu odby\u0142a si\u0119 konwencja PiS \u201eZgromadzenie Wsi Polskiej&#8221;. Wzi\u0119li w niej udzia\u0142 m.in.\u00a0marsza\u0142ek Sejmu Marek Kuchci\u0144ski, marsza\u0142ek Senatu Stanis\u0142aw Karczewski, premier Beata Szyd\u0142o oraz prezes PiS Jaros\u0142aw Kaczy\u0144ski. Konwencja rozpocz\u0119\u0142a si\u0119 od z\u0142o\u017cenia kwiat\u00f3w na grobie trzykrotnego premiera Polski Wincentego Witosa w ma\u0142opolskich Wierzchos\u0142awicach. Kongres by\u0142 podsumowaniem rocznych dzia\u0142a\u0144 rz\u0105du w kierunku wzmocnienia polskiej [&hellip;]<\/p>","protected":false},"author":6,"featured_media":4510,"comment_status":"open","ping_status":"open","sticky":false,"template":"","format":"standard","meta":{"ngg_post_thumbnail":0,"footnotes":""},"categories":[82,3],"tags":[],"class_list":["post-4509","post","type-post","status-publish","format-standard","has-post-thumbnail","hentry","category-prawo-i-sprawiedliwosc","category-wydarzenia"],"yoast_head":"<!-- This site is optimized with the Yoast SEO plugin v24.7 - https:\/\/yoast.com\/wordpress\/plugins\/seo\/ -->\n<title>Zgromadzenie Wsi Polskiej &#8211; Marek Kuchci\u0144ski<\/title>\n<meta name=\"robots\" content=\"index, follow, max-snippet:-1, max-image-preview:large, max-video-preview:-1\" \/>\n<link rel=\"canonical\" href=\"https:\/\/marekkuchcinski.pl\/en\/prawo-i-sprawiedliwosc\/zgromadzenie-wsi-polskiej\/\" \/>\n<meta property=\"og:locale\" content=\"en_GB\" \/>\n<meta property=\"og:type\" content=\"article\" \/>\n<meta property=\"og:title\" content=\"Zgromadzenie Wsi Polskiej &#8211; Marek Kuchci\u0144ski\" \/>\n<meta property=\"og:description\" content=\"W Wojniczu odby\u0142a si\u0119 konwencja PiS \u201eZgromadzenie Wsi Polskiej&#8221;. Wzi\u0119li w niej udzia\u0142 m.in.\u00a0marsza\u0142ek Sejmu Marek Kuchci\u0144ski, marsza\u0142ek Senatu Stanis\u0142aw Karczewski, premier Beata Szyd\u0142o oraz prezes PiS Jaros\u0142aw Kaczy\u0144ski. Konwencja rozpocz\u0119\u0142a si\u0119 od z\u0142o\u017cenia kwiat\u00f3w na grobie trzykrotnego premiera Polski Wincentego Witosa w ma\u0142opolskich Wierzchos\u0142awicach. Kongres by\u0142 podsumowaniem rocznych dzia\u0142a\u0144 rz\u0105du w kierunku wzmocnienia polskiej [&hellip;]\" \/>\n<meta property=\"og:url\" content=\"https:\/\/marekkuchcinski.pl\/en\/prawo-i-sprawiedliwosc\/zgromadzenie-wsi-polskiej\/\" \/>\n<meta property=\"og:site_name\" content=\"Marek Kuchci\u0144ski\" \/>\n<meta property=\"article:published_time\" content=\"2016-11-14T13:40:24+00:00\" \/>\n<meta property=\"article:modified_time\" content=\"2016-11-14T13:49:37+00:00\" \/>\n<meta property=\"og:image\" content=\"https:\/\/marekkuchcinski.pl\/wp-content\/uploads\/2016\/11\/w3.jpg\" \/>\n\t<meta property=\"og:image:width\" content=\"996\" \/>\n\t<meta property=\"og:image:height\" content=\"664\" \/>\n\t<meta property=\"og:image:type\" content=\"image\/jpeg\" \/>\n<meta name=\"author\" content=\"admin\" \/>\n<meta name=\"twitter:card\" content=\"summary_large_image\" \/>\n<meta name=\"twitter:label1\" content=\"Written by\" \/>\n\t<meta name=\"twitter:data1\" content=\"admin\" \/>\n\t<meta name=\"twitter:label2\" content=\"Estimated reading time\" \/>\n\t<meta name=\"twitter:data2\" content=\"1 minute\" \/>\n<script type=\"application\/ld+json\" class=\"yoast-schema-graph\">{\"@context\":\"https:\/\/schema.org\",\"@graph\":[{\"@type\":\"Article\",\"@id\":\"https:\/\/marekkuchcinski.pl\/uk\/prawo-i-sprawiedliwosc\/zgromadzenie-wsi-polskiej\/#article\",\"isPartOf\":{\"@id\":\"https:\/\/marekkuchcinski.pl\/uk\/prawo-i-sprawiedliwosc\/zgromadzenie-wsi-polskiej\/\"},\"author\":{\"name\":\"admin\",\"@id\":\"https:\/\/marekkuchcinski.pl\/#\/schema\/person\/6f62700996b4d950b6ea2d1183b6c6be\"},\"headline\":\"Zgromadzenie Wsi Polskiej\",\"datePublished\":\"2016-11-14T13:40:24+00:00\",\"dateModified\":\"2016-11-14T13:49:37+00:00\",\"mainEntityOfPage\":{\"@id\":\"https:\/\/marekkuchcinski.pl\/uk\/prawo-i-sprawiedliwosc\/zgromadzenie-wsi-polskiej\/\"},\"wordCount\":141,\"commentCount\":0,\"publisher\":{\"@id\":\"https:\/\/marekkuchcinski.pl\/#organization\"},\"image\":{\"@id\":\"https:\/\/marekkuchcinski.pl\/uk\/prawo-i-sprawiedliwosc\/zgromadzenie-wsi-polskiej\/#primaryimage\"},\"thumbnailUrl\":\"https:\/\/marekkuchcinski.pl\/wp-content\/uploads\/2016\/11\/w3.jpg\",\"articleSection\":[\"Prawo i Sprawiedliwo\u015b\u0107\",\"Wydarzenia\"],\"inLanguage\":\"en-GB\",\"potentialAction\":[{\"@type\":\"CommentAction\",\"name\":\"Comment\",\"target\":[\"https:\/\/marekkuchcinski.pl\/uk\/prawo-i-sprawiedliwosc\/zgromadzenie-wsi-polskiej\/#respond\"]}]},{\"@type\":\"WebPage\",\"@id\":\"https:\/\/marekkuchcinski.pl\/uk\/prawo-i-sprawiedliwosc\/zgromadzenie-wsi-polskiej\/\",\"url\":\"https:\/\/marekkuchcinski.pl\/uk\/prawo-i-sprawiedliwosc\/zgromadzenie-wsi-polskiej\/\",\"name\":\"Zgromadzenie Wsi Polskiej &#8211; Marek Kuchci\u0144ski\",\"isPartOf\":{\"@id\":\"https:\/\/marekkuchcinski.pl\/#website\"},\"primaryImageOfPage\":{\"@id\":\"https:\/\/marekkuchcinski.pl\/uk\/prawo-i-sprawiedliwosc\/zgromadzenie-wsi-polskiej\/#primaryimage\"},\"image\":{\"@id\":\"https:\/\/marekkuchcinski.pl\/uk\/prawo-i-sprawiedliwosc\/zgromadzenie-wsi-polskiej\/#primaryimage\"},\"thumbnailUrl\":\"https:\/\/marekkuchcinski.pl\/wp-content\/uploads\/2016\/11\/w3.jpg\",\"datePublished\":\"2016-11-14T13:40:24+00:00\",\"dateModified\":\"2016-11-14T13:49:37+00:00\",\"breadcrumb\":{\"@id\":\"https:\/\/marekkuchcinski.pl\/uk\/prawo-i-sprawiedliwosc\/zgromadzenie-wsi-polskiej\/#breadcrumb\"},\"inLanguage\":\"en-GB\",\"potentialAction\":[{\"@type\":\"ReadAction\",\"target\":[\"https:\/\/marekkuchcinski.pl\/uk\/prawo-i-sprawiedliwosc\/zgromadzenie-wsi-polskiej\/\"]}]},{\"@type\":\"ImageObject\",\"inLanguage\":\"en-GB\",\"@id\":\"https:\/\/marekkuchcinski.pl\/uk\/prawo-i-sprawiedliwosc\/zgromadzenie-wsi-polskiej\/#primaryimage\",\"url\":\"https:\/\/marekkuchcinski.pl\/wp-content\/uploads\/2016\/11\/w3.jpg\",\"contentUrl\":\"https:\/\/marekkuchcinski.pl\/wp-content\/uploads\/2016\/11\/w3.jpg\",\"width\":996,\"height\":664},{\"@type\":\"BreadcrumbList\",\"@id\":\"https:\/\/marekkuchcinski.pl\/uk\/prawo-i-sprawiedliwosc\/zgromadzenie-wsi-polskiej\/#breadcrumb\",\"itemListElement\":[{\"@type\":\"ListItem\",\"position\":1,\"name\":\"Strona g\u0142\u00f3wna\",\"item\":\"https:\/\/marekkuchcinski.pl\/\"},{\"@type\":\"ListItem\",\"position\":2,\"name\":\"Zgromadzenie Wsi Polskiej\"}]},{\"@type\":\"WebSite\",\"@id\":\"https:\/\/marekkuchcinski.pl\/#website\",\"url\":\"https:\/\/marekkuchcinski.pl\/\",\"name\":\"Marek Kuchci\u0144ski\",\"description\":\"Pose\u0142 na sejm RP &ndash; okr\u0119g nr 22\",\"publisher\":{\"@id\":\"https:\/\/marekkuchcinski.pl\/#organization\"},\"potentialAction\":[{\"@type\":\"SearchAction\",\"target\":{\"@type\":\"EntryPoint\",\"urlTemplate\":\"https:\/\/marekkuchcinski.pl\/?s={search_term_string}\"},\"query-input\":{\"@type\":\"PropertyValueSpecification\",\"valueRequired\":true,\"valueName\":\"search_term_string\"}}],\"inLanguage\":\"en-GB\"},{\"@type\":\"Organization\",\"@id\":\"https:\/\/marekkuchcinski.pl\/#organization\",\"name\":\"Marek Kuchci\u0144ski\",\"url\":\"https:\/\/marekkuchcinski.pl\/\",\"logo\":{\"@type\":\"ImageObject\",\"inLanguage\":\"en-GB\",\"@id\":\"https:\/\/marekkuchcinski.pl\/#\/schema\/logo\/image\/\",\"url\":\"https:\/\/marekkuchcinski.pl\/wp-content\/uploads\/2022\/09\/Marek.jpg\",\"contentUrl\":\"https:\/\/marekkuchcinski.pl\/wp-content\/uploads\/2022\/09\/Marek.jpg\",\"width\":1600,\"height\":971,\"caption\":\"Marek Kuchci\u0144ski\"},\"image\":{\"@id\":\"https:\/\/marekkuchcinski.pl\/#\/schema\/logo\/image\/\"}},{\"@type\":\"Person\",\"@id\":\"https:\/\/marekkuchcinski.pl\/#\/schema\/person\/6f62700996b4d950b6ea2d1183b6c6be\",\"name\":\"admin\",\"image\":{\"@type\":\"ImageObject\",\"inLanguage\":\"en-GB\",\"@id\":\"https:\/\/marekkuchcinski.pl\/#\/schema\/person\/image\/\",\"url\":\"https:\/\/secure.gravatar.com\/avatar\/4bab693b9d55c3d6b52c0296a8765085?s=96&d=mm&r=g\",\"contentUrl\":\"https:\/\/secure.gravatar.com\/avatar\/4bab693b9d55c3d6b52c0296a8765085?s=96&d=mm&r=g\",\"caption\":\"admin\"},\"url\":\"https:\/\/marekkuchcinski.pl\/en\/author\/marta-olejnik\/\"}]}<\/script>\n<!-- \/ Yoast SEO plugin. -->","yoast_head_json":{"title":"Zgromadzenie Wsi Polskiej &#8211; Marek Kuchci\u0144ski","robots":{"index":"index","follow":"follow","max-snippet":"max-snippet:-1","max-image-preview":"max-image-preview:large","max-video-preview":"max-video-preview:-1"},"canonical":"https:\/\/marekkuchcinski.pl\/en\/prawo-i-sprawiedliwosc\/zgromadzenie-wsi-polskiej\/","og_locale":"en_GB","og_type":"article","og_title":"Zgromadzenie Wsi Polskiej &#8211; Marek Kuchci\u0144ski","og_description":"W Wojniczu odby\u0142a si\u0119 konwencja PiS \u201eZgromadzenie Wsi Polskiej&#8221;. Wzi\u0119li w niej udzia\u0142 m.in.\u00a0marsza\u0142ek Sejmu Marek Kuchci\u0144ski, marsza\u0142ek Senatu Stanis\u0142aw Karczewski, premier Beata Szyd\u0142o oraz prezes PiS Jaros\u0142aw Kaczy\u0144ski. Konwencja rozpocz\u0119\u0142a si\u0119 od z\u0142o\u017cenia kwiat\u00f3w na grobie trzykrotnego premiera Polski Wincentego Witosa w ma\u0142opolskich Wierzchos\u0142awicach. Kongres by\u0142 podsumowaniem rocznych dzia\u0142a\u0144 rz\u0105du w kierunku wzmocnienia polskiej [&hellip;]","og_url":"https:\/\/marekkuchcinski.pl\/en\/prawo-i-sprawiedliwosc\/zgromadzenie-wsi-polskiej\/","og_site_name":"Marek Kuchci\u0144ski","article_published_time":"2016-11-14T13:40:24+00:00","article_modified_time":"2016-11-14T13:49:37+00:00","og_image":[{"width":996,"height":664,"url":"https:\/\/marekkuchcinski.pl\/wp-content\/uploads\/2016\/11\/w3.jpg","type":"image\/jpeg"}],"author":"admin","twitter_card":"summary_large_image","twitter_misc":{"Written by":"admin","Estimated reading time":"1 minute"},"schema":{"@context":"https:\/\/schema.org","@graph":[{"@type":"Article","@id":"https:\/\/marekkuchcinski.pl\/uk\/prawo-i-sprawiedliwosc\/zgromadzenie-wsi-polskiej\/#article","isPartOf":{"@id":"https:\/\/marekkuchcinski.pl\/uk\/prawo-i-sprawiedliwosc\/zgromadzenie-wsi-polskiej\/"},"author":{"name":"admin","@id":"https:\/\/marekkuchcinski.pl\/#\/schema\/person\/6f62700996b4d950b6ea2d1183b6c6be"},"headline":"Zgromadzenie Wsi Polskiej","datePublished":"2016-11-14T13:40:24+00:00","dateModified":"2016-11-14T13:49:37+00:00","mainEntityOfPage":{"@id":"https:\/\/marekkuchcinski.pl\/uk\/prawo-i-sprawiedliwosc\/zgromadzenie-wsi-polskiej\/"},"wordCount":141,"commentCount":0,"publisher":{"@id":"https:\/\/marekkuchcinski.pl\/#organization"},"image":{"@id":"https:\/\/marekkuchcinski.pl\/uk\/prawo-i-sprawiedliwosc\/zgromadzenie-wsi-polskiej\/#primaryimage"},"thumbnailUrl":"https:\/\/marekkuchcinski.pl\/wp-content\/uploads\/2016\/11\/w3.jpg","articleSection":["Prawo i Sprawiedliwo\u015b\u0107","Wydarzenia"],"inLanguage":"en-GB","potentialAction":[{"@type":"CommentAction","name":"Comment","target":["https:\/\/marekkuchcinski.pl\/uk\/prawo-i-sprawiedliwosc\/zgromadzenie-wsi-polskiej\/#respond"]}]},{"@type":"WebPage","@id":"https:\/\/marekkuchcinski.pl\/uk\/prawo-i-sprawiedliwosc\/zgromadzenie-wsi-polskiej\/","url":"https:\/\/marekkuchcinski.pl\/uk\/prawo-i-sprawiedliwosc\/zgromadzenie-wsi-polskiej\/","name":"Zgromadzenie Wsi Polskiej &#8211; Marek Kuchci\u0144ski","isPartOf":{"@id":"https:\/\/marekkuchcinski.pl\/#website"},"primaryImageOfPage":{"@id":"https:\/\/marekkuchcinski.pl\/uk\/prawo-i-sprawiedliwosc\/zgromadzenie-wsi-polskiej\/#primaryimage"},"image":{"@id":"https:\/\/marekkuchcinski.pl\/uk\/prawo-i-sprawiedliwosc\/zgromadzenie-wsi-polskiej\/#primaryimage"},"thumbnailUrl":"https:\/\/marekkuchcinski.pl\/wp-content\/uploads\/2016\/11\/w3.jpg","datePublished":"2016-11-14T13:40:24+00:00","dateModified":"2016-11-14T13:49:37+00:00","breadcrumb":{"@id":"https:\/\/marekkuchcinski.pl\/uk\/prawo-i-sprawiedliwosc\/zgromadzenie-wsi-polskiej\/#breadcrumb"},"inLanguage":"en-GB","potentialAction":[{"@type":"ReadAction","target":["https:\/\/marekkuchcinski.pl\/uk\/prawo-i-sprawiedliwosc\/zgromadzenie-wsi-polskiej\/"]}]},{"@type":"ImageObject","inLanguage":"en-GB","@id":"https:\/\/marekkuchcinski.pl\/uk\/prawo-i-sprawiedliwosc\/zgromadzenie-wsi-polskiej\/#primaryimage","url":"https:\/\/marekkuchcinski.pl\/wp-content\/uploads\/2016\/11\/w3.jpg","contentUrl":"https:\/\/marekkuchcinski.pl\/wp-content\/uploads\/2016\/11\/w3.jpg","width":996,"height":664},{"@type":"BreadcrumbList","@id":"https:\/\/marekkuchcinski.pl\/uk\/prawo-i-sprawiedliwosc\/zgromadzenie-wsi-polskiej\/#breadcrumb","itemListElement":[{"@type":"ListItem","position":1,"name":"Strona g\u0142\u00f3wna","item":"https:\/\/marekkuchcinski.pl\/"},{"@type":"ListItem","position":2,"name":"Zgromadzenie Wsi Polskiej"}]},{"@type":"WebSite","@id":"https:\/\/marekkuchcinski.pl\/#website","url":"https:\/\/marekkuchcinski.pl\/","name":"Marek Kuchci\u0144ski","description":"Pose\u0142 na sejm RP &ndash; okr\u0119g nr 22","publisher":{"@id":"https:\/\/marekkuchcinski.pl\/#organization"},"potentialAction":[{"@type":"SearchAction","target":{"@type":"EntryPoint","urlTemplate":"https:\/\/marekkuchcinski.pl\/?s={search_term_string}"},"query-input":{"@type":"PropertyValueSpecification","valueRequired":true,"valueName":"search_term_string"}}],"inLanguage":"en-GB"},{"@type":"Organization","@id":"https:\/\/marekkuchcinski.pl\/#organization","name":"Marek Kuchci\u0144ski","url":"https:\/\/marekkuchcinski.pl\/","logo":{"@type":"ImageObject","inLanguage":"en-GB","@id":"https:\/\/marekkuchcinski.pl\/#\/schema\/logo\/image\/","url":"https:\/\/marekkuchcinski.pl\/wp-content\/uploads\/2022\/09\/Marek.jpg","contentUrl":"https:\/\/marekkuchcinski.pl\/wp-content\/uploads\/2022\/09\/Marek.jpg","width":1600,"height":971,"caption":"Marek Kuchci\u0144ski"},"image":{"@id":"https:\/\/marekkuchcinski.pl\/#\/schema\/logo\/image\/"}},{"@type":"Person","@id":"https:\/\/marekkuchcinski.pl\/#\/schema\/person\/6f62700996b4d950b6ea2d1183b6c6be","name":"admin","image":{"@type":"ImageObject","inLanguage":"en-GB","@id":"https:\/\/marekkuchcinski.pl\/#\/schema\/person\/image\/","url":"https:\/\/secure.gravatar.com\/avatar\/4bab693b9d55c3d6b52c0296a8765085?s=96&d=mm&r=g","contentUrl":"https:\/\/secure.gravatar.com\/avatar\/4bab693b9d55c3d6b52c0296a8765085?s=96&d=mm&r=g","caption":"admin"},"url":"https:\/\/marekkuchcinski.pl\/en\/author\/marta-olejnik\/"}]}},"_links":{"self":[{"href":"https:\/\/marekkuchcinski.pl\/en\/wp-json\/wp\/v2\/posts\/4509","targetHints":{"allow":["GET"]}}],"collection":[{"href":"https:\/\/marekkuchcinski.pl\/en\/wp-json\/wp\/v2\/posts"}],"about":[{"href":"https:\/\/marekkuchcinski.pl\/en\/wp-json\/wp\/v2\/types\/post"}],"author":[{"embeddable":true,"href":"https:\/\/marekkuchcinski.pl\/en\/wp-json\/wp\/v2\/users\/6"}],"replies":[{"embeddable":true,"href":"https:\/\/marekkuchcinski.pl\/en\/wp-json\/wp\/v2\/comments?post=4509"}],"version-history":[{"count":5,"href":"https:\/\/marekkuchcinski.pl\/en\/wp-json\/wp\/v2\/posts\/4509\/revisions"}],"predecessor-version":[{"id":4517,"href":"https:\/\/marekkuchcinski.pl\/en\/wp-json\/wp\/v2\/posts\/4509\/revisions\/4517"}],"wp:featuredmedia":[{"embeddable":true,"href":"https:\/\/marekkuchcinski.pl\/en\/wp-json\/wp\/v2\/media\/4510"}],"wp:attachment":[{"href":"https:\/\/marekkuchcinski.pl\/en\/wp-json\/wp\/v2\/media?parent=4509"}],"wp:term":[{"taxonomy":"category","embeddable":true,"href":"https:\/\/marekkuchcinski.pl\/en\/wp-json\/wp\/v2\/categories?post=4509"},{"taxonomy":"post_tag","embeddable":true,"href":"https:\/\/marekkuchcinski.pl\/en\/wp-json\/wp\/v2\/tags?post=4509"}],"curies":[{"name":"wp","href":"https:\/\/api.w.org\/{rel}","templated":true}]}}