{"id":450,"date":"2014-03-19T22:34:36","date_gmt":"2014-03-19T21:34:36","guid":{"rendered":"https:\/\/marekkuchcinski.pl\/?p=450"},"modified":"2016-08-25T16:58:47","modified_gmt":"2016-08-25T14:58:47","slug":"kongres-katolikow-swieckich-archidiecezji-przemyskiej","status":"publish","type":"post","link":"https:\/\/marekkuchcinski.pl\/en\/wydarzenia\/kongres-katolikow-swieckich-archidiecezji-przemyskiej\/","title":{"rendered":"Congress of Lay Catholics of the Archdiocese of Przemysl"},"content":{"rendered":"<p><img decoding=\"async\" class=\"alignleft size-full wp-image-449\" src=\"https:\/\/marekkuchcinski.pl\/wp-content\/uploads\/2014\/03\/kongres-katolikow.jpg\" width=\"160\" height=\"107\" alt=\"kongres-katolikow\" style=\"float: left;\" srcset=\"https:\/\/marekkuchcinski.pl\/wp-content\/uploads\/2014\/03\/kongres-katolikow.jpg 750w, https:\/\/marekkuchcinski.pl\/wp-content\/uploads\/2014\/03\/kongres-katolikow-300x200.jpg 300w\" sizes=\"(max-width: 160px) 100vw, 160px\" \/>On Saturday, March 15, the Congress of Lay Catholics of the Archdiocese of Przemysl took place in Przemysl. It was organized by the Department of Catholic Doctrine and the Pastoral Department of the Metropolitan Curia in Przemysl.<\/p>\n<p>  <!--more-->  <\/p>\n<p>The Congress began with Holy Mass at the Archcathedral of Przemysl, presided over by Archbishop J\u00f3zef Michalik. After the Mass, the participants listened to speeches by Rev. Prof. Dariusz Oko and editor Jacek Karnowski.<\/p>\n<p>Father Oko, who analyzes the theory of gender, presented to those gathered in the Archcathedral of Przemy\u015bl the main assumptions of this ideology and its dangers.<\/p>\n<p>Whereas, editor Jacek Karnowski in his lecture \"How to talk about faith and the Church\" pointed to three principles: respect, knowledge and building communities.<\/p>\n<p>The Congress was attended by the Deputy Speaker of the Sejm Marek Kuchci\u0144ski and Law and Justice parliamentarians.<\/p>","protected":false},"excerpt":{"rendered":"<p>On Saturday, March 15, the Congress of Lay Catholics of the Archdiocese of Przemysl took place in Przemysl. It was organized by the Department of Catholic Doctrine and the Pastoral Department of the Metropolitan Curia in Przemysl.<\/p>","protected":false},"author":6,"featured_media":449,"comment_status":"open","ping_status":"open","sticky":false,"template":"","format":"standard","meta":{"ngg_post_thumbnail":0,"footnotes":""},"categories":[3],"tags":[],"class_list":["post-450","post","type-post","status-publish","format-standard","has-post-thumbnail","hentry","category-wydarzenia"],"yoast_head":"<!-- This site is optimized with the Yoast SEO plugin v24.7 - https:\/\/yoast.com\/wordpress\/plugins\/seo\/ -->\n<title>Kongres Katolik\u00f3w \u015awieckich Archidiecezji Przemyskiej &#8211; Marek Kuchci\u0144ski<\/title>\n<meta name=\"robots\" content=\"index, follow, max-snippet:-1, max-image-preview:large, max-video-preview:-1\" \/>\n<link rel=\"canonical\" href=\"https:\/\/marekkuchcinski.pl\/en\/wydarzenia\/kongres-katolikow-swieckich-archidiecezji-przemyskiej\/\" \/>\n<meta property=\"og:locale\" content=\"en_GB\" \/>\n<meta property=\"og:type\" content=\"article\" \/>\n<meta property=\"og:title\" content=\"Kongres Katolik\u00f3w \u015awieckich Archidiecezji Przemyskiej &#8211; Marek Kuchci\u0144ski\" \/>\n<meta property=\"og:description\" content=\"W dniu 15 marca (sobota) br. w Przemy\u015blu odby\u0142 si\u0119 Kongres Katolik\u00f3w \u015awieckich Archidiecezji Przemyskiej, kt\u00f3rego organizatorem byli: Wydzia\u0142 Nauki Katolickiej i Wydzia\u0142 Duszpasterski Kurii Metropolitalnej w Przemy\u015blu.\" \/>\n<meta property=\"og:url\" content=\"https:\/\/marekkuchcinski.pl\/en\/wydarzenia\/kongres-katolikow-swieckich-archidiecezji-przemyskiej\/\" \/>\n<meta property=\"og:site_name\" content=\"Marek Kuchci\u0144ski\" \/>\n<meta property=\"article:published_time\" content=\"2014-03-19T21:34:36+00:00\" \/>\n<meta property=\"article:modified_time\" content=\"2016-08-25T14:58:47+00:00\" \/>\n<meta property=\"og:image\" content=\"https:\/\/marekkuchcinski.pl\/wp-content\/uploads\/2014\/03\/kongres-katolikow.jpg\" \/>\n\t<meta property=\"og:image:width\" content=\"750\" \/>\n\t<meta property=\"og:image:height\" content=\"500\" \/>\n\t<meta property=\"og:image:type\" content=\"image\/jpeg\" \/>\n<meta name=\"author\" content=\"admin\" \/>\n<meta name=\"twitter:card\" content=\"summary_large_image\" \/>\n<meta name=\"twitter:label1\" content=\"Written by\" \/>\n\t<meta name=\"twitter:data1\" content=\"admin\" \/>\n\t<meta name=\"twitter:label2\" content=\"Estimated reading time\" \/>\n\t<meta name=\"twitter:data2\" content=\"1 minute\" \/>\n<script type=\"application\/ld+json\" class=\"yoast-schema-graph\">{\"@context\":\"https:\/\/schema.org\",\"@graph\":[{\"@type\":\"Article\",\"@id\":\"https:\/\/marekkuchcinski.pl\/sk\/wydarzenia\/kongres-katolikow-swieckich-archidiecezji-przemyskiej\/#article\",\"isPartOf\":{\"@id\":\"https:\/\/marekkuchcinski.pl\/sk\/wydarzenia\/kongres-katolikow-swieckich-archidiecezji-przemyskiej\/\"},\"author\":{\"name\":\"admin\",\"@id\":\"https:\/\/marekkuchcinski.pl\/#\/schema\/person\/6f62700996b4d950b6ea2d1183b6c6be\"},\"headline\":\"Kongres Katolik\u00f3w \u015awieckich Archidiecezji Przemyskiej\",\"datePublished\":\"2014-03-19T21:34:36+00:00\",\"dateModified\":\"2016-08-25T14:58:47+00:00\",\"mainEntityOfPage\":{\"@id\":\"https:\/\/marekkuchcinski.pl\/sk\/wydarzenia\/kongres-katolikow-swieckich-archidiecezji-przemyskiej\/\"},\"wordCount\":141,\"commentCount\":0,\"publisher\":{\"@id\":\"https:\/\/marekkuchcinski.pl\/#organization\"},\"image\":{\"@id\":\"https:\/\/marekkuchcinski.pl\/sk\/wydarzenia\/kongres-katolikow-swieckich-archidiecezji-przemyskiej\/#primaryimage\"},\"thumbnailUrl\":\"https:\/\/marekkuchcinski.pl\/wp-content\/uploads\/2014\/03\/kongres-katolikow.jpg\",\"articleSection\":[\"Wydarzenia\"],\"inLanguage\":\"en-GB\",\"potentialAction\":[{\"@type\":\"CommentAction\",\"name\":\"Comment\",\"target\":[\"https:\/\/marekkuchcinski.pl\/sk\/wydarzenia\/kongres-katolikow-swieckich-archidiecezji-przemyskiej\/#respond\"]}]},{\"@type\":\"WebPage\",\"@id\":\"https:\/\/marekkuchcinski.pl\/sk\/wydarzenia\/kongres-katolikow-swieckich-archidiecezji-przemyskiej\/\",\"url\":\"https:\/\/marekkuchcinski.pl\/sk\/wydarzenia\/kongres-katolikow-swieckich-archidiecezji-przemyskiej\/\",\"name\":\"Kongres Katolik\u00f3w \u015awieckich Archidiecezji Przemyskiej &#8211; Marek Kuchci\u0144ski\",\"isPartOf\":{\"@id\":\"https:\/\/marekkuchcinski.pl\/#website\"},\"primaryImageOfPage\":{\"@id\":\"https:\/\/marekkuchcinski.pl\/sk\/wydarzenia\/kongres-katolikow-swieckich-archidiecezji-przemyskiej\/#primaryimage\"},\"image\":{\"@id\":\"https:\/\/marekkuchcinski.pl\/sk\/wydarzenia\/kongres-katolikow-swieckich-archidiecezji-przemyskiej\/#primaryimage\"},\"thumbnailUrl\":\"https:\/\/marekkuchcinski.pl\/wp-content\/uploads\/2014\/03\/kongres-katolikow.jpg\",\"datePublished\":\"2014-03-19T21:34:36+00:00\",\"dateModified\":\"2016-08-25T14:58:47+00:00\",\"breadcrumb\":{\"@id\":\"https:\/\/marekkuchcinski.pl\/sk\/wydarzenia\/kongres-katolikow-swieckich-archidiecezji-przemyskiej\/#breadcrumb\"},\"inLanguage\":\"en-GB\",\"potentialAction\":[{\"@type\":\"ReadAction\",\"target\":[\"https:\/\/marekkuchcinski.pl\/sk\/wydarzenia\/kongres-katolikow-swieckich-archidiecezji-przemyskiej\/\"]}]},{\"@type\":\"ImageObject\",\"inLanguage\":\"en-GB\",\"@id\":\"https:\/\/marekkuchcinski.pl\/sk\/wydarzenia\/kongres-katolikow-swieckich-archidiecezji-przemyskiej\/#primaryimage\",\"url\":\"https:\/\/marekkuchcinski.pl\/wp-content\/uploads\/2014\/03\/kongres-katolikow.jpg\",\"contentUrl\":\"https:\/\/marekkuchcinski.pl\/wp-content\/uploads\/2014\/03\/kongres-katolikow.jpg\",\"width\":750,\"height\":500,\"caption\":\"kongres-katolikow\"},{\"@type\":\"BreadcrumbList\",\"@id\":\"https:\/\/marekkuchcinski.pl\/sk\/wydarzenia\/kongres-katolikow-swieckich-archidiecezji-przemyskiej\/#breadcrumb\",\"itemListElement\":[{\"@type\":\"ListItem\",\"position\":1,\"name\":\"Strona g\u0142\u00f3wna\",\"item\":\"https:\/\/marekkuchcinski.pl\/\"},{\"@type\":\"ListItem\",\"position\":2,\"name\":\"Kongres Katolik\u00f3w \u015awieckich Archidiecezji Przemyskiej\"}]},{\"@type\":\"WebSite\",\"@id\":\"https:\/\/marekkuchcinski.pl\/#website\",\"url\":\"https:\/\/marekkuchcinski.pl\/\",\"name\":\"Marek Kuchci\u0144ski\",\"description\":\"Pose\u0142 na sejm RP &ndash; okr\u0119g nr 22\",\"publisher\":{\"@id\":\"https:\/\/marekkuchcinski.pl\/#organization\"},\"potentialAction\":[{\"@type\":\"SearchAction\",\"target\":{\"@type\":\"EntryPoint\",\"urlTemplate\":\"https:\/\/marekkuchcinski.pl\/?s={search_term_string}\"},\"query-input\":{\"@type\":\"PropertyValueSpecification\",\"valueRequired\":true,\"valueName\":\"search_term_string\"}}],\"inLanguage\":\"en-GB\"},{\"@type\":\"Organization\",\"@id\":\"https:\/\/marekkuchcinski.pl\/#organization\",\"name\":\"Marek Kuchci\u0144ski\",\"url\":\"https:\/\/marekkuchcinski.pl\/\",\"logo\":{\"@type\":\"ImageObject\",\"inLanguage\":\"en-GB\",\"@id\":\"https:\/\/marekkuchcinski.pl\/#\/schema\/logo\/image\/\",\"url\":\"https:\/\/marekkuchcinski.pl\/wp-content\/uploads\/2022\/09\/Marek.jpg\",\"contentUrl\":\"https:\/\/marekkuchcinski.pl\/wp-content\/uploads\/2022\/09\/Marek.jpg\",\"width\":1600,\"height\":971,\"caption\":\"Marek Kuchci\u0144ski\"},\"image\":{\"@id\":\"https:\/\/marekkuchcinski.pl\/#\/schema\/logo\/image\/\"}},{\"@type\":\"Person\",\"@id\":\"https:\/\/marekkuchcinski.pl\/#\/schema\/person\/6f62700996b4d950b6ea2d1183b6c6be\",\"name\":\"admin\",\"image\":{\"@type\":\"ImageObject\",\"inLanguage\":\"en-GB\",\"@id\":\"https:\/\/marekkuchcinski.pl\/#\/schema\/person\/image\/\",\"url\":\"https:\/\/secure.gravatar.com\/avatar\/4bab693b9d55c3d6b52c0296a8765085?s=96&d=mm&r=g\",\"contentUrl\":\"https:\/\/secure.gravatar.com\/avatar\/4bab693b9d55c3d6b52c0296a8765085?s=96&d=mm&r=g\",\"caption\":\"admin\"},\"url\":\"https:\/\/marekkuchcinski.pl\/en\/author\/marta-olejnik\/\"}]}<\/script>\n<!-- \/ Yoast SEO plugin. -->","yoast_head_json":{"title":"Kongres Katolik\u00f3w \u015awieckich Archidiecezji Przemyskiej &#8211; Marek Kuchci\u0144ski","robots":{"index":"index","follow":"follow","max-snippet":"max-snippet:-1","max-image-preview":"max-image-preview:large","max-video-preview":"max-video-preview:-1"},"canonical":"https:\/\/marekkuchcinski.pl\/en\/wydarzenia\/kongres-katolikow-swieckich-archidiecezji-przemyskiej\/","og_locale":"en_GB","og_type":"article","og_title":"Kongres Katolik\u00f3w \u015awieckich Archidiecezji Przemyskiej &#8211; Marek Kuchci\u0144ski","og_description":"W dniu 15 marca (sobota) br. w Przemy\u015blu odby\u0142 si\u0119 Kongres Katolik\u00f3w \u015awieckich Archidiecezji Przemyskiej, kt\u00f3rego organizatorem byli: Wydzia\u0142 Nauki Katolickiej i Wydzia\u0142 Duszpasterski Kurii Metropolitalnej w Przemy\u015blu.","og_url":"https:\/\/marekkuchcinski.pl\/en\/wydarzenia\/kongres-katolikow-swieckich-archidiecezji-przemyskiej\/","og_site_name":"Marek Kuchci\u0144ski","article_published_time":"2014-03-19T21:34:36+00:00","article_modified_time":"2016-08-25T14:58:47+00:00","og_image":[{"width":750,"height":500,"url":"https:\/\/marekkuchcinski.pl\/wp-content\/uploads\/2014\/03\/kongres-katolikow.jpg","type":"image\/jpeg"}],"author":"admin","twitter_card":"summary_large_image","twitter_misc":{"Written by":"admin","Estimated reading time":"1 minute"},"schema":{"@context":"https:\/\/schema.org","@graph":[{"@type":"Article","@id":"https:\/\/marekkuchcinski.pl\/sk\/wydarzenia\/kongres-katolikow-swieckich-archidiecezji-przemyskiej\/#article","isPartOf":{"@id":"https:\/\/marekkuchcinski.pl\/sk\/wydarzenia\/kongres-katolikow-swieckich-archidiecezji-przemyskiej\/"},"author":{"name":"admin","@id":"https:\/\/marekkuchcinski.pl\/#\/schema\/person\/6f62700996b4d950b6ea2d1183b6c6be"},"headline":"Kongres Katolik\u00f3w \u015awieckich Archidiecezji Przemyskiej","datePublished":"2014-03-19T21:34:36+00:00","dateModified":"2016-08-25T14:58:47+00:00","mainEntityOfPage":{"@id":"https:\/\/marekkuchcinski.pl\/sk\/wydarzenia\/kongres-katolikow-swieckich-archidiecezji-przemyskiej\/"},"wordCount":141,"commentCount":0,"publisher":{"@id":"https:\/\/marekkuchcinski.pl\/#organization"},"image":{"@id":"https:\/\/marekkuchcinski.pl\/sk\/wydarzenia\/kongres-katolikow-swieckich-archidiecezji-przemyskiej\/#primaryimage"},"thumbnailUrl":"https:\/\/marekkuchcinski.pl\/wp-content\/uploads\/2014\/03\/kongres-katolikow.jpg","articleSection":["Wydarzenia"],"inLanguage":"en-GB","potentialAction":[{"@type":"CommentAction","name":"Comment","target":["https:\/\/marekkuchcinski.pl\/sk\/wydarzenia\/kongres-katolikow-swieckich-archidiecezji-przemyskiej\/#respond"]}]},{"@type":"WebPage","@id":"https:\/\/marekkuchcinski.pl\/sk\/wydarzenia\/kongres-katolikow-swieckich-archidiecezji-przemyskiej\/","url":"https:\/\/marekkuchcinski.pl\/sk\/wydarzenia\/kongres-katolikow-swieckich-archidiecezji-przemyskiej\/","name":"Kongres Katolik\u00f3w \u015awieckich Archidiecezji Przemyskiej &#8211; Marek Kuchci\u0144ski","isPartOf":{"@id":"https:\/\/marekkuchcinski.pl\/#website"},"primaryImageOfPage":{"@id":"https:\/\/marekkuchcinski.pl\/sk\/wydarzenia\/kongres-katolikow-swieckich-archidiecezji-przemyskiej\/#primaryimage"},"image":{"@id":"https:\/\/marekkuchcinski.pl\/sk\/wydarzenia\/kongres-katolikow-swieckich-archidiecezji-przemyskiej\/#primaryimage"},"thumbnailUrl":"https:\/\/marekkuchcinski.pl\/wp-content\/uploads\/2014\/03\/kongres-katolikow.jpg","datePublished":"2014-03-19T21:34:36+00:00","dateModified":"2016-08-25T14:58:47+00:00","breadcrumb":{"@id":"https:\/\/marekkuchcinski.pl\/sk\/wydarzenia\/kongres-katolikow-swieckich-archidiecezji-przemyskiej\/#breadcrumb"},"inLanguage":"en-GB","potentialAction":[{"@type":"ReadAction","target":["https:\/\/marekkuchcinski.pl\/sk\/wydarzenia\/kongres-katolikow-swieckich-archidiecezji-przemyskiej\/"]}]},{"@type":"ImageObject","inLanguage":"en-GB","@id":"https:\/\/marekkuchcinski.pl\/sk\/wydarzenia\/kongres-katolikow-swieckich-archidiecezji-przemyskiej\/#primaryimage","url":"https:\/\/marekkuchcinski.pl\/wp-content\/uploads\/2014\/03\/kongres-katolikow.jpg","contentUrl":"https:\/\/marekkuchcinski.pl\/wp-content\/uploads\/2014\/03\/kongres-katolikow.jpg","width":750,"height":500,"caption":"kongres-katolikow"},{"@type":"BreadcrumbList","@id":"https:\/\/marekkuchcinski.pl\/sk\/wydarzenia\/kongres-katolikow-swieckich-archidiecezji-przemyskiej\/#breadcrumb","itemListElement":[{"@type":"ListItem","position":1,"name":"Strona g\u0142\u00f3wna","item":"https:\/\/marekkuchcinski.pl\/"},{"@type":"ListItem","position":2,"name":"Kongres Katolik\u00f3w \u015awieckich Archidiecezji Przemyskiej"}]},{"@type":"WebSite","@id":"https:\/\/marekkuchcinski.pl\/#website","url":"https:\/\/marekkuchcinski.pl\/","name":"Marek Kuchci\u0144ski","description":"Pose\u0142 na sejm RP &ndash; okr\u0119g nr 22","publisher":{"@id":"https:\/\/marekkuchcinski.pl\/#organization"},"potentialAction":[{"@type":"SearchAction","target":{"@type":"EntryPoint","urlTemplate":"https:\/\/marekkuchcinski.pl\/?s={search_term_string}"},"query-input":{"@type":"PropertyValueSpecification","valueRequired":true,"valueName":"search_term_string"}}],"inLanguage":"en-GB"},{"@type":"Organization","@id":"https:\/\/marekkuchcinski.pl\/#organization","name":"Marek Kuchci\u0144ski","url":"https:\/\/marekkuchcinski.pl\/","logo":{"@type":"ImageObject","inLanguage":"en-GB","@id":"https:\/\/marekkuchcinski.pl\/#\/schema\/logo\/image\/","url":"https:\/\/marekkuchcinski.pl\/wp-content\/uploads\/2022\/09\/Marek.jpg","contentUrl":"https:\/\/marekkuchcinski.pl\/wp-content\/uploads\/2022\/09\/Marek.jpg","width":1600,"height":971,"caption":"Marek Kuchci\u0144ski"},"image":{"@id":"https:\/\/marekkuchcinski.pl\/#\/schema\/logo\/image\/"}},{"@type":"Person","@id":"https:\/\/marekkuchcinski.pl\/#\/schema\/person\/6f62700996b4d950b6ea2d1183b6c6be","name":"admin","image":{"@type":"ImageObject","inLanguage":"en-GB","@id":"https:\/\/marekkuchcinski.pl\/#\/schema\/person\/image\/","url":"https:\/\/secure.gravatar.com\/avatar\/4bab693b9d55c3d6b52c0296a8765085?s=96&d=mm&r=g","contentUrl":"https:\/\/secure.gravatar.com\/avatar\/4bab693b9d55c3d6b52c0296a8765085?s=96&d=mm&r=g","caption":"admin"},"url":"https:\/\/marekkuchcinski.pl\/en\/author\/marta-olejnik\/"}]}},"_links":{"self":[{"href":"https:\/\/marekkuchcinski.pl\/en\/wp-json\/wp\/v2\/posts\/450","targetHints":{"allow":["GET"]}}],"collection":[{"href":"https:\/\/marekkuchcinski.pl\/en\/wp-json\/wp\/v2\/posts"}],"about":[{"href":"https:\/\/marekkuchcinski.pl\/en\/wp-json\/wp\/v2\/types\/post"}],"author":[{"embeddable":true,"href":"https:\/\/marekkuchcinski.pl\/en\/wp-json\/wp\/v2\/users\/6"}],"replies":[{"embeddable":true,"href":"https:\/\/marekkuchcinski.pl\/en\/wp-json\/wp\/v2\/comments?post=450"}],"version-history":[{"count":1,"href":"https:\/\/marekkuchcinski.pl\/en\/wp-json\/wp\/v2\/posts\/450\/revisions"}],"predecessor-version":[{"id":1430,"href":"https:\/\/marekkuchcinski.pl\/en\/wp-json\/wp\/v2\/posts\/450\/revisions\/1430"}],"wp:featuredmedia":[{"embeddable":true,"href":"https:\/\/marekkuchcinski.pl\/en\/wp-json\/wp\/v2\/media\/449"}],"wp:attachment":[{"href":"https:\/\/marekkuchcinski.pl\/en\/wp-json\/wp\/v2\/media?parent=450"}],"wp:term":[{"taxonomy":"category","embeddable":true,"href":"https:\/\/marekkuchcinski.pl\/en\/wp-json\/wp\/v2\/categories?post=450"},{"taxonomy":"post_tag","embeddable":true,"href":"https:\/\/marekkuchcinski.pl\/en\/wp-json\/wp\/v2\/tags?post=450"}],"curies":[{"name":"wp","href":"https:\/\/api.w.org\/{rel}","templated":true}]}}