{"id":4420,"date":"2016-11-09T22:59:39","date_gmt":"2016-11-09T21:59:39","guid":{"rendered":"https:\/\/marekkuchcinski.pl\/?p=4420"},"modified":"2016-11-10T12:27:42","modified_gmt":"2016-11-10T11:27:42","slug":"marszalek-sejmu-o-muzeum-jozefa-pilsudskiego-dzisiejsza-uroczystosc-czekalismy-27","status":"publish","type":"post","link":"https:\/\/marekkuchcinski.pl\/en\/wydarzenia\/marszalek-sejmu-o-muzeum-jozefa-pilsudskiego-dzisiejsza-uroczystosc-czekalismy-27\/","title":{"rendered":"Marshal of the Sejm about the Museum of J\u00f3zef Pi\u0142sudski: We waited 27 years for today's ceremony"},"content":{"rendered":"<p><strong>The communist authorities put Milusin at the disposal of the Soviet ambassador... After 1989, 27 years had to pass for us to live to see such a moment only today,\" Marek Kuchci\u0144ski said today during the ceremony of laying the cornerstone for the Jozef Pilsudski Museum in Sulej\u00f3wek.<\/strong><\/p>\n<p>Sulej\u00f3wek in Polish history is not only the historical home of Marshal Jozef Pilsudski and his Family in 1923-1926, but also a symbolic place,\" the Marshal began his speech. First, because of the Commander-in-Chief's connection with his legionnaires and then the soldiers of the Republic. It was they who donated the Milusin Manor to the Marshal.<\/p>\n<p>Secondly, because of the great hard work that Jozef Pilsudski did here. His most important works were created here. Here he received politicians, here he received representatives of all social values of the Republic at that time, and from here he set out in 1926 to renew Poland.<\/p>\n<p>Third, for the sake of the later history of the Republic, especially the times after World War II, let us remember that, ironically, the communist authorities put Milusin at the disposal of the ambassador of the Soviet Union.<\/p>\n<p>And fourth, because of the time that has passed since 1989. Because, after all, we had to wait 27 years for this decision and extraordinary ceremony only today.<\/p>\n<p>I wish us all to be part of the opening of the museum in 2018.<\/p>\n<p>There is another important bond of J\u00f3zef Pi\u0142sudski - with the Sejm. We have a common architect. Both buildings were designed by Kazimierz Sk\u00f3rewicz, one of the most prominent European architects of the 1920s and 1930s. It should be remembered that it was Pilsudski, as the Provisional (almost a century ago) Head of State, who made the decision to establish the Legislative Sejm at the beginning of 1919, which set about repairing Poland,\" concluded the speech by Marshal Kuchcinski.<\/p>\n<p>In 2018-2019, we will celebrate major anniversaries in parallel, in which the history of the Sejm will overlap with the political biography of J\u00f3zef Pi\u0142sudski.<\/p>\n<p><a href=\"https:\/\/marekkuchcinski.pl\/wp-content\/uploads\/2016\/11\/14980749_1821207688095452_5590187864760809403_n.jpg\"><img fetchpriority=\"high\" decoding=\"async\" class=\"alignnone size-full wp-image-4421\" src=\"https:\/\/marekkuchcinski.pl\/wp-content\/uploads\/2016\/11\/14980749_1821207688095452_5590187864760809403_n.jpg\" alt=\"14980749_1821207688095452_5590187864760809403_n\" width=\"960\" height=\"641\" srcset=\"https:\/\/marekkuchcinski.pl\/wp-content\/uploads\/2016\/11\/14980749_1821207688095452_5590187864760809403_n.jpg 960w, https:\/\/marekkuchcinski.pl\/wp-content\/uploads\/2016\/11\/14980749_1821207688095452_5590187864760809403_n-300x200.jpg 300w, https:\/\/marekkuchcinski.pl\/wp-content\/uploads\/2016\/11\/14980749_1821207688095452_5590187864760809403_n-768x513.jpg 768w\" sizes=\"(max-width: 960px) 100vw, 960px\" \/><\/a> <a href=\"https:\/\/marekkuchcinski.pl\/wp-content\/uploads\/2016\/11\/15032326_1821207064762181_3352605888270145369_n.jpg\"><img decoding=\"async\" class=\"alignnone size-full wp-image-4422\" src=\"https:\/\/marekkuchcinski.pl\/wp-content\/uploads\/2016\/11\/15032326_1821207064762181_3352605888270145369_n.jpg\" alt=\"15032326_1821207064762181_3352605888270145369_n\" width=\"960\" height=\"639\" srcset=\"https:\/\/marekkuchcinski.pl\/wp-content\/uploads\/2016\/11\/15032326_1821207064762181_3352605888270145369_n.jpg 960w, https:\/\/marekkuchcinski.pl\/wp-content\/uploads\/2016\/11\/15032326_1821207064762181_3352605888270145369_n-300x200.jpg 300w, https:\/\/marekkuchcinski.pl\/wp-content\/uploads\/2016\/11\/15032326_1821207064762181_3352605888270145369_n-768x511.jpg 768w\" sizes=\"(max-width: 960px) 100vw, 960px\" \/><\/a> <a href=\"https:\/\/marekkuchcinski.pl\/wp-content\/uploads\/2016\/11\/KU072026.jpg\"><img decoding=\"async\" class=\"alignnone size-full wp-image-4423\" src=\"https:\/\/marekkuchcinski.pl\/wp-content\/uploads\/2016\/11\/KU072026.jpg\" alt=\"ku072026\" width=\"1800\" height=\"1200\" srcset=\"https:\/\/marekkuchcinski.pl\/wp-content\/uploads\/2016\/11\/KU072026.jpg 1800w, https:\/\/marekkuchcinski.pl\/wp-content\/uploads\/2016\/11\/KU072026-300x200.jpg 300w, https:\/\/marekkuchcinski.pl\/wp-content\/uploads\/2016\/11\/KU072026-768x512.jpg 768w, https:\/\/marekkuchcinski.pl\/wp-content\/uploads\/2016\/11\/KU072026-1024x683.jpg 1024w\" sizes=\"(max-width: 1800px) 100vw, 1800px\" \/><\/a> <a href=\"https:\/\/marekkuchcinski.pl\/wp-content\/uploads\/2016\/11\/KU071505.jpg\"><img loading=\"lazy\" decoding=\"async\" class=\"alignnone size-full wp-image-4424\" src=\"https:\/\/marekkuchcinski.pl\/wp-content\/uploads\/2016\/11\/KU071505.jpg\" alt=\"ku071505\" width=\"1800\" height=\"1200\" srcset=\"https:\/\/marekkuchcinski.pl\/wp-content\/uploads\/2016\/11\/KU071505.jpg 1800w, https:\/\/marekkuchcinski.pl\/wp-content\/uploads\/2016\/11\/KU071505-300x200.jpg 300w, https:\/\/marekkuchcinski.pl\/wp-content\/uploads\/2016\/11\/KU071505-768x512.jpg 768w, https:\/\/marekkuchcinski.pl\/wp-content\/uploads\/2016\/11\/KU071505-1024x683.jpg 1024w\" sizes=\"(max-width: 1800px) 100vw, 1800px\" \/><\/a> <a href=\"https:\/\/marekkuchcinski.pl\/wp-content\/uploads\/2016\/11\/KU071215.jpg\"><img loading=\"lazy\" decoding=\"async\" class=\"alignnone size-full wp-image-4425\" src=\"https:\/\/marekkuchcinski.pl\/wp-content\/uploads\/2016\/11\/KU071215.jpg\" alt=\"ku071215\" width=\"1800\" height=\"1200\" srcset=\"https:\/\/marekkuchcinski.pl\/wp-content\/uploads\/2016\/11\/KU071215.jpg 1800w, https:\/\/marekkuchcinski.pl\/wp-content\/uploads\/2016\/11\/KU071215-300x200.jpg 300w, https:\/\/marekkuchcinski.pl\/wp-content\/uploads\/2016\/11\/KU071215-768x512.jpg 768w, https:\/\/marekkuchcinski.pl\/wp-content\/uploads\/2016\/11\/KU071215-1024x683.jpg 1024w\" sizes=\"(max-width: 1800px) 100vw, 1800px\" \/><\/a><a href=\"https:\/\/marekkuchcinski.pl\/wp-content\/uploads\/2016\/11\/KU071360.jpg\"><img loading=\"lazy\" decoding=\"async\" class=\"alignnone size-full wp-image-4426\" src=\"https:\/\/marekkuchcinski.pl\/wp-content\/uploads\/2016\/11\/KU071360.jpg\" alt=\"ku071360\" width=\"1800\" height=\"1200\" srcset=\"https:\/\/marekkuchcinski.pl\/wp-content\/uploads\/2016\/11\/KU071360.jpg 1800w, https:\/\/marekkuchcinski.pl\/wp-content\/uploads\/2016\/11\/KU071360-300x200.jpg 300w, https:\/\/marekkuchcinski.pl\/wp-content\/uploads\/2016\/11\/KU071360-768x512.jpg 768w, https:\/\/marekkuchcinski.pl\/wp-content\/uploads\/2016\/11\/KU071360-1024x683.jpg 1024w\" sizes=\"(max-width: 1800px) 100vw, 1800px\" \/><\/a><a href=\"https:\/\/marekkuchcinski.pl\/wp-content\/uploads\/2016\/11\/KU071929.jpg\"><img loading=\"lazy\" decoding=\"async\" class=\"alignnone size-full wp-image-4427\" src=\"https:\/\/marekkuchcinski.pl\/wp-content\/uploads\/2016\/11\/KU071929.jpg\" alt=\"ku071929\" width=\"1800\" height=\"1200\" srcset=\"https:\/\/marekkuchcinski.pl\/wp-content\/uploads\/2016\/11\/KU071929.jpg 1800w, https:\/\/marekkuchcinski.pl\/wp-content\/uploads\/2016\/11\/KU071929-300x200.jpg 300w, https:\/\/marekkuchcinski.pl\/wp-content\/uploads\/2016\/11\/KU071929-768x512.jpg 768w, https:\/\/marekkuchcinski.pl\/wp-content\/uploads\/2016\/11\/KU071929-1024x683.jpg 1024w\" sizes=\"(max-width: 1800px) 100vw, 1800px\" \/><\/a><a href=\"https:\/\/marekkuchcinski.pl\/wp-content\/uploads\/2016\/11\/KU071245.jpg\"><img loading=\"lazy\" decoding=\"async\" class=\"alignnone wp-image-4429 size-full\" src=\"https:\/\/marekkuchcinski.pl\/wp-content\/uploads\/2016\/11\/KU071245.jpg\" alt=\"ku071245\" width=\"1800\" height=\"1200\" srcset=\"https:\/\/marekkuchcinski.pl\/wp-content\/uploads\/2016\/11\/KU071245.jpg 1800w, https:\/\/marekkuchcinski.pl\/wp-content\/uploads\/2016\/11\/KU071245-300x200.jpg 300w, https:\/\/marekkuchcinski.pl\/wp-content\/uploads\/2016\/11\/KU071245-768x512.jpg 768w, https:\/\/marekkuchcinski.pl\/wp-content\/uploads\/2016\/11\/KU071245-1024x683.jpg 1024w\" sizes=\"(max-width: 1800px) 100vw, 1800px\" \/><\/a><a href=\"https:\/\/marekkuchcinski.pl\/wp-content\/uploads\/2016\/11\/KU071881-2.jpg\"><img loading=\"lazy\" decoding=\"async\" class=\"alignnone size-full wp-image-4431\" src=\"https:\/\/marekkuchcinski.pl\/wp-content\/uploads\/2016\/11\/KU071881-2.jpg\" alt=\"ku071881-2\" width=\"1800\" height=\"1200\" srcset=\"https:\/\/marekkuchcinski.pl\/wp-content\/uploads\/2016\/11\/KU071881-2.jpg 1800w, https:\/\/marekkuchcinski.pl\/wp-content\/uploads\/2016\/11\/KU071881-2-300x200.jpg 300w, https:\/\/marekkuchcinski.pl\/wp-content\/uploads\/2016\/11\/KU071881-2-768x512.jpg 768w, https:\/\/marekkuchcinski.pl\/wp-content\/uploads\/2016\/11\/KU071881-2-1024x683.jpg 1024w\" sizes=\"(max-width: 1800px) 100vw, 1800px\" \/><\/a> <a href=\"https:\/\/marekkuchcinski.pl\/wp-content\/uploads\/2016\/11\/KU071593.jpg\"><img loading=\"lazy\" decoding=\"async\" class=\"alignnone size-full wp-image-4432\" src=\"https:\/\/marekkuchcinski.pl\/wp-content\/uploads\/2016\/11\/KU071593.jpg\" alt=\"ku071593\" width=\"1800\" height=\"1200\" srcset=\"https:\/\/marekkuchcinski.pl\/wp-content\/uploads\/2016\/11\/KU071593.jpg 1800w, https:\/\/marekkuchcinski.pl\/wp-content\/uploads\/2016\/11\/KU071593-300x200.jpg 300w, https:\/\/marekkuchcinski.pl\/wp-content\/uploads\/2016\/11\/KU071593-768x512.jpg 768w, https:\/\/marekkuchcinski.pl\/wp-content\/uploads\/2016\/11\/KU071593-1024x683.jpg 1024w\" sizes=\"(max-width: 1800px) 100vw, 1800px\" \/><\/a><a href=\"https:\/\/marekkuchcinski.pl\/wp-content\/uploads\/2016\/11\/DSCF7591.jpg\"><img loading=\"lazy\" decoding=\"async\" class=\"alignnone size-full wp-image-4436\" src=\"https:\/\/marekkuchcinski.pl\/wp-content\/uploads\/2016\/11\/DSCF7591.jpg\" alt=\"dscf7591\" width=\"4896\" height=\"2760\" srcset=\"https:\/\/marekkuchcinski.pl\/wp-content\/uploads\/2016\/11\/DSCF7591.jpg 2048w, https:\/\/marekkuchcinski.pl\/wp-content\/uploads\/2016\/11\/DSCF7591-300x169.jpg 300w, https:\/\/marekkuchcinski.pl\/wp-content\/uploads\/2016\/11\/DSCF7591-768x433.jpg 768w, https:\/\/marekkuchcinski.pl\/wp-content\/uploads\/2016\/11\/DSCF7591-1024x577.jpg 1024w\" sizes=\"(max-width: 4896px) 100vw, 4896px\" \/><\/a><\/p>\n<p>November is a special month for yet another reason: on November 0, 1918. Jozef Pilsudski returned to Warsaw from prison in Magdeburg (the disarming of German soldiers had begun).<\/p>\n<p><a href=\"https:\/\/marekkuchcinski.pl\/wp-content\/uploads\/2016\/11\/powrot-pilsudskiego-11-11-1918.jpg\"><img loading=\"lazy\" decoding=\"async\" class=\"alignnone wp-image-4444\" src=\"https:\/\/marekkuchcinski.pl\/wp-content\/uploads\/2016\/11\/powrot-pilsudskiego-11-11-1918.jpg\" alt=\"powrot-pilsudskiego-11-11-1918\" width=\"708\" height=\"354\" srcset=\"https:\/\/marekkuchcinski.pl\/wp-content\/uploads\/2016\/11\/powrot-pilsudskiego-11-11-1918.jpg 600w, https:\/\/marekkuchcinski.pl\/wp-content\/uploads\/2016\/11\/powrot-pilsudskiego-11-11-1918-300x150.jpg 300w\" sizes=\"(max-width: 708px) 100vw, 708px\" \/><\/a><\/p>\n<p>Magdeburg. Jozef Pilsudski released from the Magdeburg Fortress, accompanied by Kazimierz Sosnkowski (left) and a German officer. Photo: Central Military Archives<\/p>\n<p><a href=\"https:\/\/marekkuchcinski.pl\/wp-content\/uploads\/2016\/11\/pilsudski-sosnkowski-magdeburg.jpg\"><img loading=\"lazy\" decoding=\"async\" class=\"alignnone  wp-image-4445\" src=\"https:\/\/marekkuchcinski.pl\/wp-content\/uploads\/2016\/11\/pilsudski-sosnkowski-magdeburg.jpg\" alt=\"pilsudski-sosnkowski-magdeburg\" width=\"704\" height=\"486\" srcset=\"https:\/\/marekkuchcinski.pl\/wp-content\/uploads\/2016\/11\/pilsudski-sosnkowski-magdeburg.jpg 500w, https:\/\/marekkuchcinski.pl\/wp-content\/uploads\/2016\/11\/pilsudski-sosnkowski-magdeburg-300x207.jpg 300w\" sizes=\"(max-width: 704px) 100vw, 704px\" \/><\/a><\/p>\n<p>&nbsp;<\/p>","protected":false},"excerpt":{"rendered":"<p>W\u0142adze komunistyczne odda\u0142y Milusin do dyspozycji ambasadorowi Zwi\u0105zku Sowieckiego\u2026 Po 1989 r. musia\u0142o min\u0105c 27 lat, by\u015bmy dopiero dzi\u015b doczekali takiej chwili \u2013 powiedzia\u0142 dzi\u015b Marek Kuchci\u0144ski podczas uroczysto\u015bci wmurowania kamienia w\u0119gielnego pod muzeum im. J\u00f3zefa Pi\u0142sudskiego\u00a0w Sulej\u00f3wku. Sulej\u00f3wek w polskich dziejach jest nie tylko historycznym domem Marsza\u0142ka J\u00f3zefa Pi\u0142sudskiego i Jego Rodziny w latach [&hellip;]<\/p>","protected":false},"author":6,"featured_media":4424,"comment_status":"open","ping_status":"open","sticky":false,"template":"","format":"standard","meta":{"ngg_post_thumbnail":0,"footnotes":""},"categories":[77,3],"tags":[88,102,101,100,103],"class_list":["post-4420","post","type-post","status-publish","format-standard","has-post-thumbnail","hentry","category-wazne-daty","category-wydarzenia","tag-marszalek-sejmu","tag-muzeum","tag-niepodleglosc","tag-pildudski","tag-prezydent"],"yoast_head":"<!-- This site is optimized with the Yoast SEO plugin v24.7 - https:\/\/yoast.com\/wordpress\/plugins\/seo\/ -->\n<title>Marsza\u0142ek Sejmu o muzeum J\u00f3zefa Pi\u0142sudskiego: Na dzisiejsz\u0105 uroczysto\u015b\u0107 czekali\u015bmy 27 lat &#8211; Marek Kuchci\u0144ski<\/title>\n<meta name=\"robots\" content=\"index, follow, max-snippet:-1, max-image-preview:large, max-video-preview:-1\" \/>\n<link rel=\"canonical\" href=\"https:\/\/marekkuchcinski.pl\/en\/wydarzenia\/marszalek-sejmu-o-muzeum-jozefa-pilsudskiego-dzisiejsza-uroczystosc-czekalismy-27\/\" \/>\n<meta property=\"og:locale\" content=\"en_GB\" \/>\n<meta property=\"og:type\" content=\"article\" \/>\n<meta property=\"og:title\" content=\"Marsza\u0142ek Sejmu o muzeum J\u00f3zefa Pi\u0142sudskiego: Na dzisiejsz\u0105 uroczysto\u015b\u0107 czekali\u015bmy 27 lat &#8211; Marek Kuchci\u0144ski\" \/>\n<meta property=\"og:description\" content=\"W\u0142adze komunistyczne odda\u0142y Milusin do dyspozycji ambasadorowi Zwi\u0105zku Sowieckiego\u2026 Po 1989 r. musia\u0142o min\u0105c 27 lat, by\u015bmy dopiero dzi\u015b doczekali takiej chwili \u2013 powiedzia\u0142 dzi\u015b Marek Kuchci\u0144ski podczas uroczysto\u015bci wmurowania kamienia w\u0119gielnego pod muzeum im. J\u00f3zefa Pi\u0142sudskiego\u00a0w Sulej\u00f3wku. Sulej\u00f3wek w polskich dziejach jest nie tylko historycznym domem Marsza\u0142ka J\u00f3zefa Pi\u0142sudskiego i Jego Rodziny w latach [&hellip;]\" \/>\n<meta property=\"og:url\" content=\"https:\/\/marekkuchcinski.pl\/en\/wydarzenia\/marszalek-sejmu-o-muzeum-jozefa-pilsudskiego-dzisiejsza-uroczystosc-czekalismy-27\/\" \/>\n<meta property=\"og:site_name\" content=\"Marek Kuchci\u0144ski\" \/>\n<meta property=\"article:published_time\" content=\"2016-11-09T21:59:39+00:00\" \/>\n<meta property=\"article:modified_time\" content=\"2016-11-10T11:27:42+00:00\" \/>\n<meta property=\"og:image\" content=\"https:\/\/marekkuchcinski.pl\/wp-content\/uploads\/2016\/11\/KU071505.jpg\" \/>\n\t<meta property=\"og:image:width\" content=\"1800\" \/>\n\t<meta property=\"og:image:height\" content=\"1200\" \/>\n\t<meta property=\"og:image:type\" content=\"image\/jpeg\" \/>\n<meta name=\"author\" content=\"admin\" \/>\n<meta name=\"twitter:card\" content=\"summary_large_image\" \/>\n<meta name=\"twitter:label1\" content=\"Written by\" \/>\n\t<meta name=\"twitter:data1\" content=\"admin\" \/>\n\t<meta name=\"twitter:label2\" content=\"Estimated reading time\" \/>\n\t<meta name=\"twitter:data2\" content=\"2 minutes\" \/>\n<script type=\"application\/ld+json\" class=\"yoast-schema-graph\">{\"@context\":\"https:\/\/schema.org\",\"@graph\":[{\"@type\":\"Article\",\"@id\":\"https:\/\/marekkuchcinski.pl\/wydarzenia\/marszalek-sejmu-o-muzeum-jozefa-pilsudskiego-dzisiejsza-uroczystosc-czekalismy-27\/#article\",\"isPartOf\":{\"@id\":\"https:\/\/marekkuchcinski.pl\/wydarzenia\/marszalek-sejmu-o-muzeum-jozefa-pilsudskiego-dzisiejsza-uroczystosc-czekalismy-27\/\"},\"author\":{\"name\":\"admin\",\"@id\":\"https:\/\/marekkuchcinski.pl\/#\/schema\/person\/6f62700996b4d950b6ea2d1183b6c6be\"},\"headline\":\"Marsza\u0142ek Sejmu o muzeum J\u00f3zefa Pi\u0142sudskiego: Na dzisiejsz\u0105 uroczysto\u015b\u0107 czekali\u015bmy 27 lat\",\"datePublished\":\"2016-11-09T21:59:39+00:00\",\"dateModified\":\"2016-11-10T11:27:42+00:00\",\"mainEntityOfPage\":{\"@id\":\"https:\/\/marekkuchcinski.pl\/wydarzenia\/marszalek-sejmu-o-muzeum-jozefa-pilsudskiego-dzisiejsza-uroczystosc-czekalismy-27\/\"},\"wordCount\":401,\"commentCount\":0,\"publisher\":{\"@id\":\"https:\/\/marekkuchcinski.pl\/#organization\"},\"image\":{\"@id\":\"https:\/\/marekkuchcinski.pl\/wydarzenia\/marszalek-sejmu-o-muzeum-jozefa-pilsudskiego-dzisiejsza-uroczystosc-czekalismy-27\/#primaryimage\"},\"thumbnailUrl\":\"https:\/\/marekkuchcinski.pl\/wp-content\/uploads\/2016\/11\/KU071505.jpg\",\"keywords\":[\"marsza\u0142ek Sejmu\",\"Muzeum\",\"Niepodleg\u0142o\u015b\u0107\",\"Pi\u0142dudski\",\"Prezydent\"],\"articleSection\":[\"Wa\u017cne daty\",\"Wydarzenia\"],\"inLanguage\":\"en-GB\",\"potentialAction\":[{\"@type\":\"CommentAction\",\"name\":\"Comment\",\"target\":[\"https:\/\/marekkuchcinski.pl\/wydarzenia\/marszalek-sejmu-o-muzeum-jozefa-pilsudskiego-dzisiejsza-uroczystosc-czekalismy-27\/#respond\"]}]},{\"@type\":\"WebPage\",\"@id\":\"https:\/\/marekkuchcinski.pl\/wydarzenia\/marszalek-sejmu-o-muzeum-jozefa-pilsudskiego-dzisiejsza-uroczystosc-czekalismy-27\/\",\"url\":\"https:\/\/marekkuchcinski.pl\/wydarzenia\/marszalek-sejmu-o-muzeum-jozefa-pilsudskiego-dzisiejsza-uroczystosc-czekalismy-27\/\",\"name\":\"Marsza\u0142ek Sejmu o muzeum J\u00f3zefa Pi\u0142sudskiego: Na dzisiejsz\u0105 uroczysto\u015b\u0107 czekali\u015bmy 27 lat &#8211; Marek Kuchci\u0144ski\",\"isPartOf\":{\"@id\":\"https:\/\/marekkuchcinski.pl\/#website\"},\"primaryImageOfPage\":{\"@id\":\"https:\/\/marekkuchcinski.pl\/wydarzenia\/marszalek-sejmu-o-muzeum-jozefa-pilsudskiego-dzisiejsza-uroczystosc-czekalismy-27\/#primaryimage\"},\"image\":{\"@id\":\"https:\/\/marekkuchcinski.pl\/wydarzenia\/marszalek-sejmu-o-muzeum-jozefa-pilsudskiego-dzisiejsza-uroczystosc-czekalismy-27\/#primaryimage\"},\"thumbnailUrl\":\"https:\/\/marekkuchcinski.pl\/wp-content\/uploads\/2016\/11\/KU071505.jpg\",\"datePublished\":\"2016-11-09T21:59:39+00:00\",\"dateModified\":\"2016-11-10T11:27:42+00:00\",\"breadcrumb\":{\"@id\":\"https:\/\/marekkuchcinski.pl\/wydarzenia\/marszalek-sejmu-o-muzeum-jozefa-pilsudskiego-dzisiejsza-uroczystosc-czekalismy-27\/#breadcrumb\"},\"inLanguage\":\"en-GB\",\"potentialAction\":[{\"@type\":\"ReadAction\",\"target\":[\"https:\/\/marekkuchcinski.pl\/wydarzenia\/marszalek-sejmu-o-muzeum-jozefa-pilsudskiego-dzisiejsza-uroczystosc-czekalismy-27\/\"]}]},{\"@type\":\"ImageObject\",\"inLanguage\":\"en-GB\",\"@id\":\"https:\/\/marekkuchcinski.pl\/wydarzenia\/marszalek-sejmu-o-muzeum-jozefa-pilsudskiego-dzisiejsza-uroczystosc-czekalismy-27\/#primaryimage\",\"url\":\"https:\/\/marekkuchcinski.pl\/wp-content\/uploads\/2016\/11\/KU071505.jpg\",\"contentUrl\":\"https:\/\/marekkuchcinski.pl\/wp-content\/uploads\/2016\/11\/KU071505.jpg\",\"width\":1800,\"height\":1200},{\"@type\":\"BreadcrumbList\",\"@id\":\"https:\/\/marekkuchcinski.pl\/wydarzenia\/marszalek-sejmu-o-muzeum-jozefa-pilsudskiego-dzisiejsza-uroczystosc-czekalismy-27\/#breadcrumb\",\"itemListElement\":[{\"@type\":\"ListItem\",\"position\":1,\"name\":\"Strona g\u0142\u00f3wna\",\"item\":\"https:\/\/marekkuchcinski.pl\/\"},{\"@type\":\"ListItem\",\"position\":2,\"name\":\"Marsza\u0142ek Sejmu o muzeum J\u00f3zefa Pi\u0142sudskiego: Na dzisiejsz\u0105 uroczysto\u015b\u0107 czekali\u015bmy 27 lat\"}]},{\"@type\":\"WebSite\",\"@id\":\"https:\/\/marekkuchcinski.pl\/#website\",\"url\":\"https:\/\/marekkuchcinski.pl\/\",\"name\":\"Marek Kuchci\u0144ski\",\"description\":\"Pose\u0142 na sejm RP &ndash; okr\u0119g nr 22\",\"publisher\":{\"@id\":\"https:\/\/marekkuchcinski.pl\/#organization\"},\"potentialAction\":[{\"@type\":\"SearchAction\",\"target\":{\"@type\":\"EntryPoint\",\"urlTemplate\":\"https:\/\/marekkuchcinski.pl\/?s={search_term_string}\"},\"query-input\":{\"@type\":\"PropertyValueSpecification\",\"valueRequired\":true,\"valueName\":\"search_term_string\"}}],\"inLanguage\":\"en-GB\"},{\"@type\":\"Organization\",\"@id\":\"https:\/\/marekkuchcinski.pl\/#organization\",\"name\":\"Marek Kuchci\u0144ski\",\"url\":\"https:\/\/marekkuchcinski.pl\/\",\"logo\":{\"@type\":\"ImageObject\",\"inLanguage\":\"en-GB\",\"@id\":\"https:\/\/marekkuchcinski.pl\/#\/schema\/logo\/image\/\",\"url\":\"https:\/\/marekkuchcinski.pl\/wp-content\/uploads\/2022\/09\/Marek.jpg\",\"contentUrl\":\"https:\/\/marekkuchcinski.pl\/wp-content\/uploads\/2022\/09\/Marek.jpg\",\"width\":1600,\"height\":971,\"caption\":\"Marek Kuchci\u0144ski\"},\"image\":{\"@id\":\"https:\/\/marekkuchcinski.pl\/#\/schema\/logo\/image\/\"}},{\"@type\":\"Person\",\"@id\":\"https:\/\/marekkuchcinski.pl\/#\/schema\/person\/6f62700996b4d950b6ea2d1183b6c6be\",\"name\":\"admin\",\"image\":{\"@type\":\"ImageObject\",\"inLanguage\":\"en-GB\",\"@id\":\"https:\/\/marekkuchcinski.pl\/#\/schema\/person\/image\/\",\"url\":\"https:\/\/secure.gravatar.com\/avatar\/4bab693b9d55c3d6b52c0296a8765085?s=96&d=mm&r=g\",\"contentUrl\":\"https:\/\/secure.gravatar.com\/avatar\/4bab693b9d55c3d6b52c0296a8765085?s=96&d=mm&r=g\",\"caption\":\"admin\"},\"url\":\"https:\/\/marekkuchcinski.pl\/en\/author\/marta-olejnik\/\"}]}<\/script>\n<!-- \/ Yoast SEO plugin. -->","yoast_head_json":{"title":"Marsza\u0142ek Sejmu o muzeum J\u00f3zefa Pi\u0142sudskiego: Na dzisiejsz\u0105 uroczysto\u015b\u0107 czekali\u015bmy 27 lat &#8211; Marek Kuchci\u0144ski","robots":{"index":"index","follow":"follow","max-snippet":"max-snippet:-1","max-image-preview":"max-image-preview:large","max-video-preview":"max-video-preview:-1"},"canonical":"https:\/\/marekkuchcinski.pl\/en\/wydarzenia\/marszalek-sejmu-o-muzeum-jozefa-pilsudskiego-dzisiejsza-uroczystosc-czekalismy-27\/","og_locale":"en_GB","og_type":"article","og_title":"Marsza\u0142ek Sejmu o muzeum J\u00f3zefa Pi\u0142sudskiego: Na dzisiejsz\u0105 uroczysto\u015b\u0107 czekali\u015bmy 27 lat &#8211; Marek Kuchci\u0144ski","og_description":"W\u0142adze komunistyczne odda\u0142y Milusin do dyspozycji ambasadorowi Zwi\u0105zku Sowieckiego\u2026 Po 1989 r. musia\u0142o min\u0105c 27 lat, by\u015bmy dopiero dzi\u015b doczekali takiej chwili \u2013 powiedzia\u0142 dzi\u015b Marek Kuchci\u0144ski podczas uroczysto\u015bci wmurowania kamienia w\u0119gielnego pod muzeum im. J\u00f3zefa Pi\u0142sudskiego\u00a0w Sulej\u00f3wku. Sulej\u00f3wek w polskich dziejach jest nie tylko historycznym domem Marsza\u0142ka J\u00f3zefa Pi\u0142sudskiego i Jego Rodziny w latach [&hellip;]","og_url":"https:\/\/marekkuchcinski.pl\/en\/wydarzenia\/marszalek-sejmu-o-muzeum-jozefa-pilsudskiego-dzisiejsza-uroczystosc-czekalismy-27\/","og_site_name":"Marek Kuchci\u0144ski","article_published_time":"2016-11-09T21:59:39+00:00","article_modified_time":"2016-11-10T11:27:42+00:00","og_image":[{"width":1800,"height":1200,"url":"https:\/\/marekkuchcinski.pl\/wp-content\/uploads\/2016\/11\/KU071505.jpg","type":"image\/jpeg"}],"author":"admin","twitter_card":"summary_large_image","twitter_misc":{"Written by":"admin","Estimated reading time":"2 minutes"},"schema":{"@context":"https:\/\/schema.org","@graph":[{"@type":"Article","@id":"https:\/\/marekkuchcinski.pl\/wydarzenia\/marszalek-sejmu-o-muzeum-jozefa-pilsudskiego-dzisiejsza-uroczystosc-czekalismy-27\/#article","isPartOf":{"@id":"https:\/\/marekkuchcinski.pl\/wydarzenia\/marszalek-sejmu-o-muzeum-jozefa-pilsudskiego-dzisiejsza-uroczystosc-czekalismy-27\/"},"author":{"name":"admin","@id":"https:\/\/marekkuchcinski.pl\/#\/schema\/person\/6f62700996b4d950b6ea2d1183b6c6be"},"headline":"Marsza\u0142ek Sejmu o muzeum J\u00f3zefa Pi\u0142sudskiego: Na dzisiejsz\u0105 uroczysto\u015b\u0107 czekali\u015bmy 27 lat","datePublished":"2016-11-09T21:59:39+00:00","dateModified":"2016-11-10T11:27:42+00:00","mainEntityOfPage":{"@id":"https:\/\/marekkuchcinski.pl\/wydarzenia\/marszalek-sejmu-o-muzeum-jozefa-pilsudskiego-dzisiejsza-uroczystosc-czekalismy-27\/"},"wordCount":401,"commentCount":0,"publisher":{"@id":"https:\/\/marekkuchcinski.pl\/#organization"},"image":{"@id":"https:\/\/marekkuchcinski.pl\/wydarzenia\/marszalek-sejmu-o-muzeum-jozefa-pilsudskiego-dzisiejsza-uroczystosc-czekalismy-27\/#primaryimage"},"thumbnailUrl":"https:\/\/marekkuchcinski.pl\/wp-content\/uploads\/2016\/11\/KU071505.jpg","keywords":["marsza\u0142ek Sejmu","Muzeum","Niepodleg\u0142o\u015b\u0107","Pi\u0142dudski","Prezydent"],"articleSection":["Wa\u017cne daty","Wydarzenia"],"inLanguage":"en-GB","potentialAction":[{"@type":"CommentAction","name":"Comment","target":["https:\/\/marekkuchcinski.pl\/wydarzenia\/marszalek-sejmu-o-muzeum-jozefa-pilsudskiego-dzisiejsza-uroczystosc-czekalismy-27\/#respond"]}]},{"@type":"WebPage","@id":"https:\/\/marekkuchcinski.pl\/wydarzenia\/marszalek-sejmu-o-muzeum-jozefa-pilsudskiego-dzisiejsza-uroczystosc-czekalismy-27\/","url":"https:\/\/marekkuchcinski.pl\/wydarzenia\/marszalek-sejmu-o-muzeum-jozefa-pilsudskiego-dzisiejsza-uroczystosc-czekalismy-27\/","name":"Marsza\u0142ek Sejmu o muzeum J\u00f3zefa Pi\u0142sudskiego: Na dzisiejsz\u0105 uroczysto\u015b\u0107 czekali\u015bmy 27 lat &#8211; Marek Kuchci\u0144ski","isPartOf":{"@id":"https:\/\/marekkuchcinski.pl\/#website"},"primaryImageOfPage":{"@id":"https:\/\/marekkuchcinski.pl\/wydarzenia\/marszalek-sejmu-o-muzeum-jozefa-pilsudskiego-dzisiejsza-uroczystosc-czekalismy-27\/#primaryimage"},"image":{"@id":"https:\/\/marekkuchcinski.pl\/wydarzenia\/marszalek-sejmu-o-muzeum-jozefa-pilsudskiego-dzisiejsza-uroczystosc-czekalismy-27\/#primaryimage"},"thumbnailUrl":"https:\/\/marekkuchcinski.pl\/wp-content\/uploads\/2016\/11\/KU071505.jpg","datePublished":"2016-11-09T21:59:39+00:00","dateModified":"2016-11-10T11:27:42+00:00","breadcrumb":{"@id":"https:\/\/marekkuchcinski.pl\/wydarzenia\/marszalek-sejmu-o-muzeum-jozefa-pilsudskiego-dzisiejsza-uroczystosc-czekalismy-27\/#breadcrumb"},"inLanguage":"en-GB","potentialAction":[{"@type":"ReadAction","target":["https:\/\/marekkuchcinski.pl\/wydarzenia\/marszalek-sejmu-o-muzeum-jozefa-pilsudskiego-dzisiejsza-uroczystosc-czekalismy-27\/"]}]},{"@type":"ImageObject","inLanguage":"en-GB","@id":"https:\/\/marekkuchcinski.pl\/wydarzenia\/marszalek-sejmu-o-muzeum-jozefa-pilsudskiego-dzisiejsza-uroczystosc-czekalismy-27\/#primaryimage","url":"https:\/\/marekkuchcinski.pl\/wp-content\/uploads\/2016\/11\/KU071505.jpg","contentUrl":"https:\/\/marekkuchcinski.pl\/wp-content\/uploads\/2016\/11\/KU071505.jpg","width":1800,"height":1200},{"@type":"BreadcrumbList","@id":"https:\/\/marekkuchcinski.pl\/wydarzenia\/marszalek-sejmu-o-muzeum-jozefa-pilsudskiego-dzisiejsza-uroczystosc-czekalismy-27\/#breadcrumb","itemListElement":[{"@type":"ListItem","position":1,"name":"Strona g\u0142\u00f3wna","item":"https:\/\/marekkuchcinski.pl\/"},{"@type":"ListItem","position":2,"name":"Marsza\u0142ek Sejmu o muzeum J\u00f3zefa Pi\u0142sudskiego: Na dzisiejsz\u0105 uroczysto\u015b\u0107 czekali\u015bmy 27 lat"}]},{"@type":"WebSite","@id":"https:\/\/marekkuchcinski.pl\/#website","url":"https:\/\/marekkuchcinski.pl\/","name":"Marek Kuchci\u0144ski","description":"Pose\u0142 na sejm RP &ndash; okr\u0119g nr 22","publisher":{"@id":"https:\/\/marekkuchcinski.pl\/#organization"},"potentialAction":[{"@type":"SearchAction","target":{"@type":"EntryPoint","urlTemplate":"https:\/\/marekkuchcinski.pl\/?s={search_term_string}"},"query-input":{"@type":"PropertyValueSpecification","valueRequired":true,"valueName":"search_term_string"}}],"inLanguage":"en-GB"},{"@type":"Organization","@id":"https:\/\/marekkuchcinski.pl\/#organization","name":"Marek Kuchci\u0144ski","url":"https:\/\/marekkuchcinski.pl\/","logo":{"@type":"ImageObject","inLanguage":"en-GB","@id":"https:\/\/marekkuchcinski.pl\/#\/schema\/logo\/image\/","url":"https:\/\/marekkuchcinski.pl\/wp-content\/uploads\/2022\/09\/Marek.jpg","contentUrl":"https:\/\/marekkuchcinski.pl\/wp-content\/uploads\/2022\/09\/Marek.jpg","width":1600,"height":971,"caption":"Marek Kuchci\u0144ski"},"image":{"@id":"https:\/\/marekkuchcinski.pl\/#\/schema\/logo\/image\/"}},{"@type":"Person","@id":"https:\/\/marekkuchcinski.pl\/#\/schema\/person\/6f62700996b4d950b6ea2d1183b6c6be","name":"admin","image":{"@type":"ImageObject","inLanguage":"en-GB","@id":"https:\/\/marekkuchcinski.pl\/#\/schema\/person\/image\/","url":"https:\/\/secure.gravatar.com\/avatar\/4bab693b9d55c3d6b52c0296a8765085?s=96&d=mm&r=g","contentUrl":"https:\/\/secure.gravatar.com\/avatar\/4bab693b9d55c3d6b52c0296a8765085?s=96&d=mm&r=g","caption":"admin"},"url":"https:\/\/marekkuchcinski.pl\/en\/author\/marta-olejnik\/"}]}},"_links":{"self":[{"href":"https:\/\/marekkuchcinski.pl\/en\/wp-json\/wp\/v2\/posts\/4420","targetHints":{"allow":["GET"]}}],"collection":[{"href":"https:\/\/marekkuchcinski.pl\/en\/wp-json\/wp\/v2\/posts"}],"about":[{"href":"https:\/\/marekkuchcinski.pl\/en\/wp-json\/wp\/v2\/types\/post"}],"author":[{"embeddable":true,"href":"https:\/\/marekkuchcinski.pl\/en\/wp-json\/wp\/v2\/users\/6"}],"replies":[{"embeddable":true,"href":"https:\/\/marekkuchcinski.pl\/en\/wp-json\/wp\/v2\/comments?post=4420"}],"version-history":[{"count":8,"href":"https:\/\/marekkuchcinski.pl\/en\/wp-json\/wp\/v2\/posts\/4420\/revisions"}],"predecessor-version":[{"id":4446,"href":"https:\/\/marekkuchcinski.pl\/en\/wp-json\/wp\/v2\/posts\/4420\/revisions\/4446"}],"wp:featuredmedia":[{"embeddable":true,"href":"https:\/\/marekkuchcinski.pl\/en\/wp-json\/wp\/v2\/media\/4424"}],"wp:attachment":[{"href":"https:\/\/marekkuchcinski.pl\/en\/wp-json\/wp\/v2\/media?parent=4420"}],"wp:term":[{"taxonomy":"category","embeddable":true,"href":"https:\/\/marekkuchcinski.pl\/en\/wp-json\/wp\/v2\/categories?post=4420"},{"taxonomy":"post_tag","embeddable":true,"href":"https:\/\/marekkuchcinski.pl\/en\/wp-json\/wp\/v2\/tags?post=4420"}],"curies":[{"name":"wp","href":"https:\/\/api.w.org\/{rel}","templated":true}]}}