{"id":4376,"date":"2016-11-07T10:44:36","date_gmt":"2016-11-07T09:44:36","guid":{"rendered":"https:\/\/marekkuchcinski.pl\/?p=4376"},"modified":"2020-03-01T12:17:14","modified_gmt":"2020-03-01T11:17:14","slug":"marszalek-sejmu-uczcil-pamiec-henryka-baka","status":"publish","type":"post","link":"https:\/\/marekkuchcinski.pl\/en\/wydarzenia\/marszalek-sejmu-uczcil-pamiec-henryka-baka\/","title":{"rendered":"The Speaker of the Sejm commemorated Henryk B\u0105ek"},"content":{"rendered":"<p><strong>During the service on the occasion of Independence Day Marshal of the Sejm Marek Kuchci\u0144ski paid tribute to Henryk B\u0105k - activist of the anti-communist people's movement, prisoner of the Stalinist regime, deputy speaker of the First Free Sejm of the Republic of Poland in 1991-1993.<\/strong><\/p>\n<p>- Henryk Bak was a role model for many of us. He brought to our times the work of the generation of the Wykl\u0119ccy Soldiers and the previous generations fighting for independent Poland - said during the ceremony Marshal Marek Kuchci\u0144ski.<\/p>\n<p>Led by B\u0105k, the Conspiratorial Defense of the Polish Peasant Party in 1950 was transformed into the Polish Peasant Stormtroopers, bringing together more than 500 patriots who often paid for their stance with their lives, years in prison, or repression. In the 1970s and 1980s, Henryk Bak became heavily involved in the creation of Solidarity. After 1980, he became the head of Miko\u0142ajczykow's PSL.<\/p>\n<p>Despite numerous persuasions and repressions, Henryk B\u0105k never gave in to the communist authorities, fighting for an independent homeland. He was sentenced to death four times for founding the Polish Peasant Stormtroopers. The authorities of that time argued that the sentence \"was detrimental to the state, continuing the policy of the PSL and the traitor Miko\u0142ajczyk, and being hostile to the system of the People's Republic of Poland and the Soviet Union. According to the communists, Henryk Bak \"did not promise improvement and should have been removed from healthy society.\"<\/p>\n<p>The parliamentarians, government representatives and clergy who recalled the deputy speaker emphasized his rich life story and beautiful character. - Among the founders of Solidarity there were few with political experience. One of those few was Henryk Bak. As Deputy Speaker of the Sejm, he liked to listen. Centuries of experience from previous generations stood behind him,\" said Speaker Kuchci\u0144ski. \"Both he and the other conspirators of the Szturm\u00f3wka are for us models of steadfast patriotic attitude. From them young Poles can learn love for the homeland and fidelity to values,\" wrote Jaros\u0142aw Kaczy\u0144ski, President of the Law and Justice party, in his letter.<\/p>\n<p>The mass on the occasion of the upcoming Independence Day was attended by Marshal of the Sejm Marek Kuchci\u0144ski, Minister of the Environment Jan Szyszko, MP Dariusz Bak, MP Andrzej Melak. Prof. Jan \u017baryn gave a lecture on Henryk B\u0105ek's activities.<\/p>\n<p>text\/ photo Marta olejnik<\/p>\n<p>&nbsp;<\/p>\n<p><a href=\"https:\/\/marekkuchcinski.pl\/wp-content\/uploads\/2016\/11\/DSCF6971.jpg\"><img fetchpriority=\"high\" decoding=\"async\" class=\"alignnone size-full wp-image-4391\" src=\"https:\/\/marekkuchcinski.pl\/wp-content\/uploads\/2016\/11\/DSCF6971.jpg\" alt=\"dscf6971\" width=\"4705\" height=\"2760\" srcset=\"https:\/\/marekkuchcinski.pl\/wp-content\/uploads\/2016\/11\/DSCF6971.jpg 2048w, https:\/\/marekkuchcinski.pl\/wp-content\/uploads\/2016\/11\/DSCF6971-300x176.jpg 300w, https:\/\/marekkuchcinski.pl\/wp-content\/uploads\/2016\/11\/DSCF6971-768x451.jpg 768w, https:\/\/marekkuchcinski.pl\/wp-content\/uploads\/2016\/11\/DSCF6971-1024x601.jpg 1024w\" sizes=\"(max-width: 4705px) 100vw, 4705px\" \/><\/a><a href=\"https:\/\/marekkuchcinski.pl\/wp-content\/uploads\/2016\/11\/DSCF6976.jpg\"><img decoding=\"async\" class=\"alignnone size-full wp-image-4392\" src=\"https:\/\/marekkuchcinski.pl\/wp-content\/uploads\/2016\/11\/DSCF6976.jpg\" alt=\"dscf6976\" width=\"4896\" height=\"2760\" srcset=\"https:\/\/marekkuchcinski.pl\/wp-content\/uploads\/2016\/11\/DSCF6976.jpg 2048w, https:\/\/marekkuchcinski.pl\/wp-content\/uploads\/2016\/11\/DSCF6976-300x169.jpg 300w, https:\/\/marekkuchcinski.pl\/wp-content\/uploads\/2016\/11\/DSCF6976-768x433.jpg 768w, https:\/\/marekkuchcinski.pl\/wp-content\/uploads\/2016\/11\/DSCF6976-1024x577.jpg 1024w\" sizes=\"(max-width: 4896px) 100vw, 4896px\" \/><\/a><a href=\"https:\/\/marekkuchcinski.pl\/wp-content\/uploads\/2016\/11\/1-DSCF7068.jpg\"><img decoding=\"async\" class=\"alignnone size-full wp-image-4381\" src=\"https:\/\/marekkuchcinski.pl\/wp-content\/uploads\/2016\/11\/1-DSCF7068.jpg\" alt=\"1-dscf7068\" width=\"3787\" height=\"2521\" srcset=\"https:\/\/marekkuchcinski.pl\/wp-content\/uploads\/2016\/11\/1-DSCF7068.jpg 2048w, https:\/\/marekkuchcinski.pl\/wp-content\/uploads\/2016\/11\/1-DSCF7068-300x200.jpg 300w, https:\/\/marekkuchcinski.pl\/wp-content\/uploads\/2016\/11\/1-DSCF7068-768x511.jpg 768w, https:\/\/marekkuchcinski.pl\/wp-content\/uploads\/2016\/11\/1-DSCF7068-1024x682.jpg 1024w\" sizes=\"(max-width: 3787px) 100vw, 3787px\" \/><\/a><a href=\"https:\/\/marekkuchcinski.pl\/wp-content\/uploads\/2016\/11\/1-DSCF6998-001.jpg\"><img loading=\"lazy\" decoding=\"async\" class=\"alignnone size-full wp-image-4377\" src=\"https:\/\/marekkuchcinski.pl\/wp-content\/uploads\/2016\/11\/1-DSCF6998-001.jpg\" alt=\"1-dscf6998-001\" width=\"3358\" height=\"2718\" srcset=\"https:\/\/marekkuchcinski.pl\/wp-content\/uploads\/2016\/11\/1-DSCF6998-001.jpg 2048w, https:\/\/marekkuchcinski.pl\/wp-content\/uploads\/2016\/11\/1-DSCF6998-001-300x243.jpg 300w, https:\/\/marekkuchcinski.pl\/wp-content\/uploads\/2016\/11\/1-DSCF6998-001-768x622.jpg 768w, https:\/\/marekkuchcinski.pl\/wp-content\/uploads\/2016\/11\/1-DSCF6998-001-1024x829.jpg 1024w\" sizes=\"(max-width: 3358px) 100vw, 3358px\" \/><\/a> <a href=\"https:\/\/marekkuchcinski.pl\/wp-content\/uploads\/2016\/11\/1-DSCF6996.jpg\"><img loading=\"lazy\" decoding=\"async\" class=\"alignnone size-full wp-image-4379\" src=\"https:\/\/marekkuchcinski.pl\/wp-content\/uploads\/2016\/11\/1-DSCF6996.jpg\" alt=\"1-dscf6996\" width=\"4620\" height=\"2617\" srcset=\"https:\/\/marekkuchcinski.pl\/wp-content\/uploads\/2016\/11\/1-DSCF6996.jpg 2048w, https:\/\/marekkuchcinski.pl\/wp-content\/uploads\/2016\/11\/1-DSCF6996-300x170.jpg 300w, https:\/\/marekkuchcinski.pl\/wp-content\/uploads\/2016\/11\/1-DSCF6996-768x435.jpg 768w, https:\/\/marekkuchcinski.pl\/wp-content\/uploads\/2016\/11\/1-DSCF6996-1024x580.jpg 1024w\" sizes=\"(max-width: 4620px) 100vw, 4620px\" \/><\/a><a href=\"https:\/\/marekkuchcinski.pl\/wp-content\/uploads\/2016\/11\/DSCF7125.jpg\"><img loading=\"lazy\" decoding=\"async\" class=\"alignnone size-full wp-image-4398\" src=\"https:\/\/marekkuchcinski.pl\/wp-content\/uploads\/2016\/11\/DSCF7125.jpg\" alt=\"dscf7125\" width=\"2057\" height=\"1372\" srcset=\"https:\/\/marekkuchcinski.pl\/wp-content\/uploads\/2016\/11\/DSCF7125.jpg 2048w, https:\/\/marekkuchcinski.pl\/wp-content\/uploads\/2016\/11\/DSCF7125-300x200.jpg 300w, https:\/\/marekkuchcinski.pl\/wp-content\/uploads\/2016\/11\/DSCF7125-768x512.jpg 768w, https:\/\/marekkuchcinski.pl\/wp-content\/uploads\/2016\/11\/DSCF7125-1024x683.jpg 1024w\" sizes=\"(max-width: 2057px) 100vw, 2057px\" \/><\/a> <a href=\"https:\/\/marekkuchcinski.pl\/wp-content\/uploads\/2016\/11\/DSCF7039-1.jpg\"><img loading=\"lazy\" decoding=\"async\" class=\"alignnone size-full wp-image-4400\" src=\"https:\/\/marekkuchcinski.pl\/wp-content\/uploads\/2016\/11\/DSCF7039-1.jpg\" alt=\"dscf7039\" width=\"3909\" height=\"2606\" srcset=\"https:\/\/marekkuchcinski.pl\/wp-content\/uploads\/2016\/11\/DSCF7039-1.jpg 2048w, https:\/\/marekkuchcinski.pl\/wp-content\/uploads\/2016\/11\/DSCF7039-1-300x200.jpg 300w, https:\/\/marekkuchcinski.pl\/wp-content\/uploads\/2016\/11\/DSCF7039-1-768x512.jpg 768w, https:\/\/marekkuchcinski.pl\/wp-content\/uploads\/2016\/11\/DSCF7039-1-1024x683.jpg 1024w\" sizes=\"(max-width: 3909px) 100vw, 3909px\" \/><\/a><\/p>\n<p><a href=\"https:\/\/marekkuchcinski.pl\/wp-content\/uploads\/2016\/11\/DSCF7099-1.jpg\"><img loading=\"lazy\" decoding=\"async\" class=\"alignnone size-full wp-image-4399\" src=\"https:\/\/marekkuchcinski.pl\/wp-content\/uploads\/2016\/11\/DSCF7099-1.jpg\" alt=\"dscf7099\" width=\"3225\" height=\"2150\" srcset=\"https:\/\/marekkuchcinski.pl\/wp-content\/uploads\/2016\/11\/DSCF7099-1.jpg 2048w, https:\/\/marekkuchcinski.pl\/wp-content\/uploads\/2016\/11\/DSCF7099-1-300x200.jpg 300w, https:\/\/marekkuchcinski.pl\/wp-content\/uploads\/2016\/11\/DSCF7099-1-768x512.jpg 768w, https:\/\/marekkuchcinski.pl\/wp-content\/uploads\/2016\/11\/DSCF7099-1-1024x683.jpg 1024w\" sizes=\"(max-width: 3225px) 100vw, 3225px\" \/><\/a><a href=\"https:\/\/marekkuchcinski.pl\/wp-content\/uploads\/2016\/11\/DSCF7032-1.jpg\"><img loading=\"lazy\" decoding=\"async\" class=\"alignnone size-full wp-image-4393\" src=\"https:\/\/marekkuchcinski.pl\/wp-content\/uploads\/2016\/11\/DSCF7032-1.jpg\" alt=\"dscf7032\" width=\"2721\" height=\"2070\" srcset=\"https:\/\/marekkuchcinski.pl\/wp-content\/uploads\/2016\/11\/DSCF7032-1.jpg 2048w, https:\/\/marekkuchcinski.pl\/wp-content\/uploads\/2016\/11\/DSCF7032-1-300x228.jpg 300w, https:\/\/marekkuchcinski.pl\/wp-content\/uploads\/2016\/11\/DSCF7032-1-768x584.jpg 768w, https:\/\/marekkuchcinski.pl\/wp-content\/uploads\/2016\/11\/DSCF7032-1-1024x779.jpg 1024w\" sizes=\"(max-width: 2721px) 100vw, 2721px\" \/><\/a> <a href=\"https:\/\/marekkuchcinski.pl\/wp-content\/uploads\/2016\/11\/1-DSCF7050-001.jpg\"><img loading=\"lazy\" decoding=\"async\" class=\"alignnone size-full wp-image-4380\" src=\"https:\/\/marekkuchcinski.pl\/wp-content\/uploads\/2016\/11\/1-DSCF7050-001.jpg\" alt=\"1-dscf7050-001\" width=\"4896\" height=\"2760\" srcset=\"https:\/\/marekkuchcinski.pl\/wp-content\/uploads\/2016\/11\/1-DSCF7050-001.jpg 2048w, https:\/\/marekkuchcinski.pl\/wp-content\/uploads\/2016\/11\/1-DSCF7050-001-300x169.jpg 300w, https:\/\/marekkuchcinski.pl\/wp-content\/uploads\/2016\/11\/1-DSCF7050-001-768x433.jpg 768w, https:\/\/marekkuchcinski.pl\/wp-content\/uploads\/2016\/11\/1-DSCF7050-001-1024x577.jpg 1024w\" sizes=\"(max-width: 4896px) 100vw, 4896px\" \/><\/a><a href=\"https:\/\/marekkuchcinski.pl\/wp-content\/uploads\/2016\/11\/DSCF7057-1.jpg\"><img loading=\"lazy\" decoding=\"async\" class=\"alignnone size-full wp-image-4394\" src=\"https:\/\/marekkuchcinski.pl\/wp-content\/uploads\/2016\/11\/DSCF7057-1.jpg\" alt=\"dscf7057\" width=\"3236\" height=\"2155\" srcset=\"https:\/\/marekkuchcinski.pl\/wp-content\/uploads\/2016\/11\/DSCF7057-1.jpg 2048w, https:\/\/marekkuchcinski.pl\/wp-content\/uploads\/2016\/11\/DSCF7057-1-300x200.jpg 300w, https:\/\/marekkuchcinski.pl\/wp-content\/uploads\/2016\/11\/DSCF7057-1-768x511.jpg 768w, https:\/\/marekkuchcinski.pl\/wp-content\/uploads\/2016\/11\/DSCF7057-1-1024x682.jpg 1024w\" sizes=\"(max-width: 3236px) 100vw, 3236px\" \/><\/a> <a href=\"https:\/\/marekkuchcinski.pl\/wp-content\/uploads\/2016\/11\/DSCF7070-1.jpg\"><img loading=\"lazy\" decoding=\"async\" class=\"alignnone size-full wp-image-4395\" src=\"https:\/\/marekkuchcinski.pl\/wp-content\/uploads\/2016\/11\/DSCF7070-1.jpg\" alt=\"dscf7070\" width=\"3538\" height=\"2362\" srcset=\"https:\/\/marekkuchcinski.pl\/wp-content\/uploads\/2016\/11\/DSCF7070-1.jpg 2048w, https:\/\/marekkuchcinski.pl\/wp-content\/uploads\/2016\/11\/DSCF7070-1-300x200.jpg 300w, https:\/\/marekkuchcinski.pl\/wp-content\/uploads\/2016\/11\/DSCF7070-1-768x513.jpg 768w, https:\/\/marekkuchcinski.pl\/wp-content\/uploads\/2016\/11\/DSCF7070-1-1024x684.jpg 1024w\" sizes=\"(max-width: 3538px) 100vw, 3538px\" \/><\/a> <a href=\"https:\/\/marekkuchcinski.pl\/wp-content\/uploads\/2016\/11\/DSCF7088-1.jpg\"><img loading=\"lazy\" decoding=\"async\" class=\"alignnone size-full wp-image-4396\" src=\"https:\/\/marekkuchcinski.pl\/wp-content\/uploads\/2016\/11\/DSCF7088-1.jpg\" alt=\"dscf7088\" width=\"2621\" height=\"1751\" srcset=\"https:\/\/marekkuchcinski.pl\/wp-content\/uploads\/2016\/11\/DSCF7088-1.jpg 2048w, https:\/\/marekkuchcinski.pl\/wp-content\/uploads\/2016\/11\/DSCF7088-1-300x200.jpg 300w, https:\/\/marekkuchcinski.pl\/wp-content\/uploads\/2016\/11\/DSCF7088-1-768x513.jpg 768w, https:\/\/marekkuchcinski.pl\/wp-content\/uploads\/2016\/11\/DSCF7088-1-1024x684.jpg 1024w\" sizes=\"(max-width: 2621px) 100vw, 2621px\" \/><\/a> <a href=\"https:\/\/marekkuchcinski.pl\/wp-content\/uploads\/2016\/11\/DSCF7165.jpg\"><img loading=\"lazy\" decoding=\"async\" class=\"alignnone size-full wp-image-4402\" src=\"https:\/\/marekkuchcinski.pl\/wp-content\/uploads\/2016\/11\/DSCF7165.jpg\" alt=\"dscf7165\" width=\"3554\" height=\"2373\" srcset=\"https:\/\/marekkuchcinski.pl\/wp-content\/uploads\/2016\/11\/DSCF7165.jpg 2048w, https:\/\/marekkuchcinski.pl\/wp-content\/uploads\/2016\/11\/DSCF7165-300x200.jpg 300w, https:\/\/marekkuchcinski.pl\/wp-content\/uploads\/2016\/11\/DSCF7165-768x513.jpg 768w, https:\/\/marekkuchcinski.pl\/wp-content\/uploads\/2016\/11\/DSCF7165-1024x684.jpg 1024w\" sizes=\"(max-width: 3554px) 100vw, 3554px\" \/><\/a><strong>From the left: deputy Dariusz Bak, deputy Andrzej Melak, Marshal of the Sejm Marek Kuchci\u0144ski, Minister of the Environment professor Jan Szyszko, professor Jan \u017baryn<\/strong><\/p>","protected":false},"excerpt":{"rendered":"<p>Podczas nabo\u017ce\u0144stwa z okazji \u015awi\u0119ta Niepodleg\u0142o\u015bci marsza\u0142ek Sejmu Marek Kuchci\u0144ski odda\u0142 ho\u0142d Henrykowi B\u0105kowi \u2013 dzia\u0142aczowi antykomunistycznego ruchu ludowego, wi\u0119\u017aniowi stalinowskiego re\u017cimu, wicemarsza\u0142kowi I wolnego Sejmu RP w latach 1991-1993. \u2013 Henryk B\u0105k dla wielu z nas by\u0142 wzorem. Do naszych czas\u00f3w przenosi\u0142 dzie\u0142o pokolenia \u017bo\u0142nierzy Wykl\u0119tych oraz wcze\u015bniejszych pokole\u0144 walcz\u0105cych o niepodleg\u0142\u0105 Polsk\u0119 \u2013 [&hellip;]<\/p>","protected":false},"author":6,"featured_media":4382,"comment_status":"open","ping_status":"open","sticky":false,"template":"","format":"standard","meta":{"ngg_post_thumbnail":0,"footnotes":""},"categories":[82,77,3],"tags":[],"class_list":["post-4376","post","type-post","status-publish","format-standard","has-post-thumbnail","hentry","category-prawo-i-sprawiedliwosc","category-wazne-daty","category-wydarzenia"],"yoast_head":"<!-- This site is optimized with the Yoast SEO plugin v24.7 - https:\/\/yoast.com\/wordpress\/plugins\/seo\/ -->\n<title>Marsza\u0142ek Sejmu uczci\u0142 pami\u0119\u0107 Henryka B\u0105ka &#8211; Marek Kuchci\u0144ski<\/title>\n<meta name=\"robots\" content=\"index, follow, max-snippet:-1, max-image-preview:large, max-video-preview:-1\" \/>\n<link rel=\"canonical\" href=\"https:\/\/marekkuchcinski.pl\/en\/wydarzenia\/marszalek-sejmu-uczcil-pamiec-henryka-baka\/\" \/>\n<meta property=\"og:locale\" content=\"en_GB\" \/>\n<meta property=\"og:type\" content=\"article\" \/>\n<meta property=\"og:title\" content=\"Marsza\u0142ek Sejmu uczci\u0142 pami\u0119\u0107 Henryka B\u0105ka &#8211; Marek Kuchci\u0144ski\" \/>\n<meta property=\"og:description\" content=\"Podczas nabo\u017ce\u0144stwa z okazji \u015awi\u0119ta Niepodleg\u0142o\u015bci marsza\u0142ek Sejmu Marek Kuchci\u0144ski odda\u0142 ho\u0142d Henrykowi B\u0105kowi \u2013 dzia\u0142aczowi antykomunistycznego ruchu ludowego, wi\u0119\u017aniowi stalinowskiego re\u017cimu, wicemarsza\u0142kowi I wolnego Sejmu RP w latach 1991-1993. \u2013 Henryk B\u0105k dla wielu z nas by\u0142 wzorem. Do naszych czas\u00f3w przenosi\u0142 dzie\u0142o pokolenia \u017bo\u0142nierzy Wykl\u0119tych oraz wcze\u015bniejszych pokole\u0144 walcz\u0105cych o niepodleg\u0142\u0105 Polsk\u0119 \u2013 [&hellip;]\" \/>\n<meta property=\"og:url\" content=\"https:\/\/marekkuchcinski.pl\/en\/wydarzenia\/marszalek-sejmu-uczcil-pamiec-henryka-baka\/\" \/>\n<meta property=\"og:site_name\" content=\"Marek Kuchci\u0144ski\" \/>\n<meta property=\"article:published_time\" content=\"2016-11-07T09:44:36+00:00\" \/>\n<meta property=\"article:modified_time\" content=\"2020-03-01T11:17:14+00:00\" \/>\n<meta property=\"og:image\" content=\"https:\/\/marekkuchcinski.pl\/wp-content\/uploads\/2016\/11\/DSCF7099.jpg\" \/>\n\t<meta property=\"og:image:width\" content=\"2048\" \/>\n\t<meta property=\"og:image:height\" content=\"1365\" \/>\n\t<meta property=\"og:image:type\" content=\"image\/jpeg\" \/>\n<meta name=\"author\" content=\"admin\" \/>\n<meta name=\"twitter:card\" content=\"summary_large_image\" \/>\n<meta name=\"twitter:label1\" content=\"Written by\" \/>\n\t<meta name=\"twitter:data1\" content=\"admin\" \/>\n\t<meta name=\"twitter:label2\" content=\"Estimated reading time\" \/>\n\t<meta name=\"twitter:data2\" content=\"2 minutes\" \/>\n<script type=\"application\/ld+json\" class=\"yoast-schema-graph\">{\"@context\":\"https:\/\/schema.org\",\"@graph\":[{\"@type\":\"Article\",\"@id\":\"https:\/\/marekkuchcinski.pl\/uk\/wydarzenia\/marszalek-sejmu-uczcil-pamiec-henryka-baka\/#article\",\"isPartOf\":{\"@id\":\"https:\/\/marekkuchcinski.pl\/uk\/wydarzenia\/marszalek-sejmu-uczcil-pamiec-henryka-baka\/\"},\"author\":{\"name\":\"admin\",\"@id\":\"https:\/\/marekkuchcinski.pl\/#\/schema\/person\/6f62700996b4d950b6ea2d1183b6c6be\"},\"headline\":\"Marsza\u0142ek Sejmu uczci\u0142 pami\u0119\u0107 Henryka B\u0105ka\",\"datePublished\":\"2016-11-07T09:44:36+00:00\",\"dateModified\":\"2020-03-01T11:17:14+00:00\",\"mainEntityOfPage\":{\"@id\":\"https:\/\/marekkuchcinski.pl\/uk\/wydarzenia\/marszalek-sejmu-uczcil-pamiec-henryka-baka\/\"},\"wordCount\":436,\"commentCount\":0,\"publisher\":{\"@id\":\"https:\/\/marekkuchcinski.pl\/#organization\"},\"image\":{\"@id\":\"https:\/\/marekkuchcinski.pl\/uk\/wydarzenia\/marszalek-sejmu-uczcil-pamiec-henryka-baka\/#primaryimage\"},\"thumbnailUrl\":\"https:\/\/marekkuchcinski.pl\/wp-content\/uploads\/2016\/11\/DSCF7099.jpg\",\"articleSection\":[\"Prawo i Sprawiedliwo\u015b\u0107\",\"Wa\u017cne daty\",\"Wydarzenia\"],\"inLanguage\":\"en-GB\",\"potentialAction\":[{\"@type\":\"CommentAction\",\"name\":\"Comment\",\"target\":[\"https:\/\/marekkuchcinski.pl\/uk\/wydarzenia\/marszalek-sejmu-uczcil-pamiec-henryka-baka\/#respond\"]}]},{\"@type\":\"WebPage\",\"@id\":\"https:\/\/marekkuchcinski.pl\/uk\/wydarzenia\/marszalek-sejmu-uczcil-pamiec-henryka-baka\/\",\"url\":\"https:\/\/marekkuchcinski.pl\/uk\/wydarzenia\/marszalek-sejmu-uczcil-pamiec-henryka-baka\/\",\"name\":\"Marsza\u0142ek Sejmu uczci\u0142 pami\u0119\u0107 Henryka B\u0105ka &#8211; Marek Kuchci\u0144ski\",\"isPartOf\":{\"@id\":\"https:\/\/marekkuchcinski.pl\/#website\"},\"primaryImageOfPage\":{\"@id\":\"https:\/\/marekkuchcinski.pl\/uk\/wydarzenia\/marszalek-sejmu-uczcil-pamiec-henryka-baka\/#primaryimage\"},\"image\":{\"@id\":\"https:\/\/marekkuchcinski.pl\/uk\/wydarzenia\/marszalek-sejmu-uczcil-pamiec-henryka-baka\/#primaryimage\"},\"thumbnailUrl\":\"https:\/\/marekkuchcinski.pl\/wp-content\/uploads\/2016\/11\/DSCF7099.jpg\",\"datePublished\":\"2016-11-07T09:44:36+00:00\",\"dateModified\":\"2020-03-01T11:17:14+00:00\",\"breadcrumb\":{\"@id\":\"https:\/\/marekkuchcinski.pl\/uk\/wydarzenia\/marszalek-sejmu-uczcil-pamiec-henryka-baka\/#breadcrumb\"},\"inLanguage\":\"en-GB\",\"potentialAction\":[{\"@type\":\"ReadAction\",\"target\":[\"https:\/\/marekkuchcinski.pl\/uk\/wydarzenia\/marszalek-sejmu-uczcil-pamiec-henryka-baka\/\"]}]},{\"@type\":\"ImageObject\",\"inLanguage\":\"en-GB\",\"@id\":\"https:\/\/marekkuchcinski.pl\/uk\/wydarzenia\/marszalek-sejmu-uczcil-pamiec-henryka-baka\/#primaryimage\",\"url\":\"https:\/\/marekkuchcinski.pl\/wp-content\/uploads\/2016\/11\/DSCF7099.jpg\",\"contentUrl\":\"https:\/\/marekkuchcinski.pl\/wp-content\/uploads\/2016\/11\/DSCF7099.jpg\",\"width\":2048,\"height\":1365},{\"@type\":\"BreadcrumbList\",\"@id\":\"https:\/\/marekkuchcinski.pl\/uk\/wydarzenia\/marszalek-sejmu-uczcil-pamiec-henryka-baka\/#breadcrumb\",\"itemListElement\":[{\"@type\":\"ListItem\",\"position\":1,\"name\":\"Strona g\u0142\u00f3wna\",\"item\":\"https:\/\/marekkuchcinski.pl\/\"},{\"@type\":\"ListItem\",\"position\":2,\"name\":\"Marsza\u0142ek Sejmu uczci\u0142 pami\u0119\u0107 Henryka B\u0105ka\"}]},{\"@type\":\"WebSite\",\"@id\":\"https:\/\/marekkuchcinski.pl\/#website\",\"url\":\"https:\/\/marekkuchcinski.pl\/\",\"name\":\"Marek Kuchci\u0144ski\",\"description\":\"Pose\u0142 na sejm RP &ndash; okr\u0119g nr 22\",\"publisher\":{\"@id\":\"https:\/\/marekkuchcinski.pl\/#organization\"},\"potentialAction\":[{\"@type\":\"SearchAction\",\"target\":{\"@type\":\"EntryPoint\",\"urlTemplate\":\"https:\/\/marekkuchcinski.pl\/?s={search_term_string}\"},\"query-input\":{\"@type\":\"PropertyValueSpecification\",\"valueRequired\":true,\"valueName\":\"search_term_string\"}}],\"inLanguage\":\"en-GB\"},{\"@type\":\"Organization\",\"@id\":\"https:\/\/marekkuchcinski.pl\/#organization\",\"name\":\"Marek Kuchci\u0144ski\",\"url\":\"https:\/\/marekkuchcinski.pl\/\",\"logo\":{\"@type\":\"ImageObject\",\"inLanguage\":\"en-GB\",\"@id\":\"https:\/\/marekkuchcinski.pl\/#\/schema\/logo\/image\/\",\"url\":\"https:\/\/marekkuchcinski.pl\/wp-content\/uploads\/2022\/09\/Marek.jpg\",\"contentUrl\":\"https:\/\/marekkuchcinski.pl\/wp-content\/uploads\/2022\/09\/Marek.jpg\",\"width\":1600,\"height\":971,\"caption\":\"Marek Kuchci\u0144ski\"},\"image\":{\"@id\":\"https:\/\/marekkuchcinski.pl\/#\/schema\/logo\/image\/\"}},{\"@type\":\"Person\",\"@id\":\"https:\/\/marekkuchcinski.pl\/#\/schema\/person\/6f62700996b4d950b6ea2d1183b6c6be\",\"name\":\"admin\",\"image\":{\"@type\":\"ImageObject\",\"inLanguage\":\"en-GB\",\"@id\":\"https:\/\/marekkuchcinski.pl\/#\/schema\/person\/image\/\",\"url\":\"https:\/\/secure.gravatar.com\/avatar\/4bab693b9d55c3d6b52c0296a8765085?s=96&d=mm&r=g\",\"contentUrl\":\"https:\/\/secure.gravatar.com\/avatar\/4bab693b9d55c3d6b52c0296a8765085?s=96&d=mm&r=g\",\"caption\":\"admin\"},\"url\":\"https:\/\/marekkuchcinski.pl\/en\/author\/marta-olejnik\/\"}]}<\/script>\n<!-- \/ Yoast SEO plugin. -->","yoast_head_json":{"title":"Marsza\u0142ek Sejmu uczci\u0142 pami\u0119\u0107 Henryka B\u0105ka &#8211; Marek Kuchci\u0144ski","robots":{"index":"index","follow":"follow","max-snippet":"max-snippet:-1","max-image-preview":"max-image-preview:large","max-video-preview":"max-video-preview:-1"},"canonical":"https:\/\/marekkuchcinski.pl\/en\/wydarzenia\/marszalek-sejmu-uczcil-pamiec-henryka-baka\/","og_locale":"en_GB","og_type":"article","og_title":"Marsza\u0142ek Sejmu uczci\u0142 pami\u0119\u0107 Henryka B\u0105ka &#8211; Marek Kuchci\u0144ski","og_description":"Podczas nabo\u017ce\u0144stwa z okazji \u015awi\u0119ta Niepodleg\u0142o\u015bci marsza\u0142ek Sejmu Marek Kuchci\u0144ski odda\u0142 ho\u0142d Henrykowi B\u0105kowi \u2013 dzia\u0142aczowi antykomunistycznego ruchu ludowego, wi\u0119\u017aniowi stalinowskiego re\u017cimu, wicemarsza\u0142kowi I wolnego Sejmu RP w latach 1991-1993. \u2013 Henryk B\u0105k dla wielu z nas by\u0142 wzorem. Do naszych czas\u00f3w przenosi\u0142 dzie\u0142o pokolenia \u017bo\u0142nierzy Wykl\u0119tych oraz wcze\u015bniejszych pokole\u0144 walcz\u0105cych o niepodleg\u0142\u0105 Polsk\u0119 \u2013 [&hellip;]","og_url":"https:\/\/marekkuchcinski.pl\/en\/wydarzenia\/marszalek-sejmu-uczcil-pamiec-henryka-baka\/","og_site_name":"Marek Kuchci\u0144ski","article_published_time":"2016-11-07T09:44:36+00:00","article_modified_time":"2020-03-01T11:17:14+00:00","og_image":[{"width":2048,"height":1365,"url":"https:\/\/marekkuchcinski.pl\/wp-content\/uploads\/2016\/11\/DSCF7099.jpg","type":"image\/jpeg"}],"author":"admin","twitter_card":"summary_large_image","twitter_misc":{"Written by":"admin","Estimated reading time":"2 minutes"},"schema":{"@context":"https:\/\/schema.org","@graph":[{"@type":"Article","@id":"https:\/\/marekkuchcinski.pl\/uk\/wydarzenia\/marszalek-sejmu-uczcil-pamiec-henryka-baka\/#article","isPartOf":{"@id":"https:\/\/marekkuchcinski.pl\/uk\/wydarzenia\/marszalek-sejmu-uczcil-pamiec-henryka-baka\/"},"author":{"name":"admin","@id":"https:\/\/marekkuchcinski.pl\/#\/schema\/person\/6f62700996b4d950b6ea2d1183b6c6be"},"headline":"Marsza\u0142ek Sejmu uczci\u0142 pami\u0119\u0107 Henryka B\u0105ka","datePublished":"2016-11-07T09:44:36+00:00","dateModified":"2020-03-01T11:17:14+00:00","mainEntityOfPage":{"@id":"https:\/\/marekkuchcinski.pl\/uk\/wydarzenia\/marszalek-sejmu-uczcil-pamiec-henryka-baka\/"},"wordCount":436,"commentCount":0,"publisher":{"@id":"https:\/\/marekkuchcinski.pl\/#organization"},"image":{"@id":"https:\/\/marekkuchcinski.pl\/uk\/wydarzenia\/marszalek-sejmu-uczcil-pamiec-henryka-baka\/#primaryimage"},"thumbnailUrl":"https:\/\/marekkuchcinski.pl\/wp-content\/uploads\/2016\/11\/DSCF7099.jpg","articleSection":["Prawo i Sprawiedliwo\u015b\u0107","Wa\u017cne daty","Wydarzenia"],"inLanguage":"en-GB","potentialAction":[{"@type":"CommentAction","name":"Comment","target":["https:\/\/marekkuchcinski.pl\/uk\/wydarzenia\/marszalek-sejmu-uczcil-pamiec-henryka-baka\/#respond"]}]},{"@type":"WebPage","@id":"https:\/\/marekkuchcinski.pl\/uk\/wydarzenia\/marszalek-sejmu-uczcil-pamiec-henryka-baka\/","url":"https:\/\/marekkuchcinski.pl\/uk\/wydarzenia\/marszalek-sejmu-uczcil-pamiec-henryka-baka\/","name":"Marsza\u0142ek Sejmu uczci\u0142 pami\u0119\u0107 Henryka B\u0105ka &#8211; Marek Kuchci\u0144ski","isPartOf":{"@id":"https:\/\/marekkuchcinski.pl\/#website"},"primaryImageOfPage":{"@id":"https:\/\/marekkuchcinski.pl\/uk\/wydarzenia\/marszalek-sejmu-uczcil-pamiec-henryka-baka\/#primaryimage"},"image":{"@id":"https:\/\/marekkuchcinski.pl\/uk\/wydarzenia\/marszalek-sejmu-uczcil-pamiec-henryka-baka\/#primaryimage"},"thumbnailUrl":"https:\/\/marekkuchcinski.pl\/wp-content\/uploads\/2016\/11\/DSCF7099.jpg","datePublished":"2016-11-07T09:44:36+00:00","dateModified":"2020-03-01T11:17:14+00:00","breadcrumb":{"@id":"https:\/\/marekkuchcinski.pl\/uk\/wydarzenia\/marszalek-sejmu-uczcil-pamiec-henryka-baka\/#breadcrumb"},"inLanguage":"en-GB","potentialAction":[{"@type":"ReadAction","target":["https:\/\/marekkuchcinski.pl\/uk\/wydarzenia\/marszalek-sejmu-uczcil-pamiec-henryka-baka\/"]}]},{"@type":"ImageObject","inLanguage":"en-GB","@id":"https:\/\/marekkuchcinski.pl\/uk\/wydarzenia\/marszalek-sejmu-uczcil-pamiec-henryka-baka\/#primaryimage","url":"https:\/\/marekkuchcinski.pl\/wp-content\/uploads\/2016\/11\/DSCF7099.jpg","contentUrl":"https:\/\/marekkuchcinski.pl\/wp-content\/uploads\/2016\/11\/DSCF7099.jpg","width":2048,"height":1365},{"@type":"BreadcrumbList","@id":"https:\/\/marekkuchcinski.pl\/uk\/wydarzenia\/marszalek-sejmu-uczcil-pamiec-henryka-baka\/#breadcrumb","itemListElement":[{"@type":"ListItem","position":1,"name":"Strona g\u0142\u00f3wna","item":"https:\/\/marekkuchcinski.pl\/"},{"@type":"ListItem","position":2,"name":"Marsza\u0142ek Sejmu uczci\u0142 pami\u0119\u0107 Henryka B\u0105ka"}]},{"@type":"WebSite","@id":"https:\/\/marekkuchcinski.pl\/#website","url":"https:\/\/marekkuchcinski.pl\/","name":"Marek Kuchci\u0144ski","description":"Pose\u0142 na sejm RP &ndash; okr\u0119g nr 22","publisher":{"@id":"https:\/\/marekkuchcinski.pl\/#organization"},"potentialAction":[{"@type":"SearchAction","target":{"@type":"EntryPoint","urlTemplate":"https:\/\/marekkuchcinski.pl\/?s={search_term_string}"},"query-input":{"@type":"PropertyValueSpecification","valueRequired":true,"valueName":"search_term_string"}}],"inLanguage":"en-GB"},{"@type":"Organization","@id":"https:\/\/marekkuchcinski.pl\/#organization","name":"Marek Kuchci\u0144ski","url":"https:\/\/marekkuchcinski.pl\/","logo":{"@type":"ImageObject","inLanguage":"en-GB","@id":"https:\/\/marekkuchcinski.pl\/#\/schema\/logo\/image\/","url":"https:\/\/marekkuchcinski.pl\/wp-content\/uploads\/2022\/09\/Marek.jpg","contentUrl":"https:\/\/marekkuchcinski.pl\/wp-content\/uploads\/2022\/09\/Marek.jpg","width":1600,"height":971,"caption":"Marek Kuchci\u0144ski"},"image":{"@id":"https:\/\/marekkuchcinski.pl\/#\/schema\/logo\/image\/"}},{"@type":"Person","@id":"https:\/\/marekkuchcinski.pl\/#\/schema\/person\/6f62700996b4d950b6ea2d1183b6c6be","name":"admin","image":{"@type":"ImageObject","inLanguage":"en-GB","@id":"https:\/\/marekkuchcinski.pl\/#\/schema\/person\/image\/","url":"https:\/\/secure.gravatar.com\/avatar\/4bab693b9d55c3d6b52c0296a8765085?s=96&d=mm&r=g","contentUrl":"https:\/\/secure.gravatar.com\/avatar\/4bab693b9d55c3d6b52c0296a8765085?s=96&d=mm&r=g","caption":"admin"},"url":"https:\/\/marekkuchcinski.pl\/en\/author\/marta-olejnik\/"}]}},"_links":{"self":[{"href":"https:\/\/marekkuchcinski.pl\/en\/wp-json\/wp\/v2\/posts\/4376","targetHints":{"allow":["GET"]}}],"collection":[{"href":"https:\/\/marekkuchcinski.pl\/en\/wp-json\/wp\/v2\/posts"}],"about":[{"href":"https:\/\/marekkuchcinski.pl\/en\/wp-json\/wp\/v2\/types\/post"}],"author":[{"embeddable":true,"href":"https:\/\/marekkuchcinski.pl\/en\/wp-json\/wp\/v2\/users\/6"}],"replies":[{"embeddable":true,"href":"https:\/\/marekkuchcinski.pl\/en\/wp-json\/wp\/v2\/comments?post=4376"}],"version-history":[{"count":5,"href":"https:\/\/marekkuchcinski.pl\/en\/wp-json\/wp\/v2\/posts\/4376\/revisions"}],"predecessor-version":[{"id":18648,"href":"https:\/\/marekkuchcinski.pl\/en\/wp-json\/wp\/v2\/posts\/4376\/revisions\/18648"}],"wp:featuredmedia":[{"embeddable":true,"href":"https:\/\/marekkuchcinski.pl\/en\/wp-json\/wp\/v2\/media\/4382"}],"wp:attachment":[{"href":"https:\/\/marekkuchcinski.pl\/en\/wp-json\/wp\/v2\/media?parent=4376"}],"wp:term":[{"taxonomy":"category","embeddable":true,"href":"https:\/\/marekkuchcinski.pl\/en\/wp-json\/wp\/v2\/categories?post=4376"},{"taxonomy":"post_tag","embeddable":true,"href":"https:\/\/marekkuchcinski.pl\/en\/wp-json\/wp\/v2\/tags?post=4376"}],"curies":[{"name":"wp","href":"https:\/\/api.w.org\/{rel}","templated":true}]}}