{"id":4373,"date":"2016-11-06T08:49:32","date_gmt":"2016-11-06T07:49:32","guid":{"rendered":"https:\/\/marekkuchcinski.pl\/?p=4373"},"modified":"2016-11-06T08:49:32","modified_gmt":"2016-11-06T07:49:32","slug":"krzyz-wschodni-dla-niosacych-pomoc-polakom-wschodzie","status":"publish","type":"post","link":"https:\/\/marekkuchcinski.pl\/en\/wydarzenia\/krzyz-wschodni-dla-niosacych-pomoc-polakom-wschodzie\/","title":{"rendered":"Eastern Cross for those who help Poles in the East"},"content":{"rendered":"<header class=\"article-header\">\n<p class=\"lead\"><strong>The Sejm unanimously passed a bill on Friday establishing the Eastern Cross, a decoration for foreigners who helped Poles in the East persecuted between 1937 and 1959 because of their nationality.<\/strong><\/p>\n<\/header>\n<div class=\"article-content\">\n<div class=\"article-content-text\">\n<p>The Eastern Cross is to be awarded by the President upon the motion of the Minister of Foreign Affairs. The head of the Ministry of Foreign Affairs is to present the applications on his own initiative or on the initiative of veterans' associations and societies, social organizations, the head of the Office for Veterans' Affairs and individuals, after consulting the president of the Institute of National Remembrance. The person awarded the Cross is to receive, free of charge, the badge of the Cross awarded to him or her and a card. The Cross could be awarded posthumously.<\/p>\n<p>Among other things, the Sejm adopted an amendment on Friday, according to which the law on the establishment of the Eastern Cross will enter into force six months after its publication in the Official Gazette. The original draft stipulated that the law would come into force on the date of publication.<\/p>\n<p>The head of the Parliamentary Commission for Liaison with Poles Abroad, Micha\u0142 Dworczyk (Law and Justice), said that the Eastern Cross is a decoration for foreigners who rescued Poles between 1937 and 1959.<\/p>\n<p>As he pointed out, 1937 was the year of Operation Poland by the NKVD, the beginning of mass repressions that hit first the Poles in the Soviet Union, and after September 17, 1939, also the Poles living in the Eastern Borderlands. The year 1959 marked the end of the second repatriation of Poles from the Eastern Borderlands.<\/p>\n<p>\"Commemorating people who often risked their own lives to save our compatriots is our moral duty; it is the duty of the Polish state. Their action was an act of courage, an example of Christian mercy and humanity in those inhuman times,\" Dworczyk stressed.<\/p>\n<p>As he pointed out, by establishing this decoration, the Polish state will honor people who made a heroic effort and helped our compatriots in those tragic moments. \"This decoration will remind not only Poles, but also nations in the East that we Poles remember, that we are grateful for the help shown to each of our compatriots,\" said the Law and Justice MP.<\/p>\n<p>He stressed that the award will also prove that \"Poles can remember their dramatic history without hatred, without using collective responsibility and blaming entire nations and communities for the crimes.<\/p>\n<p>\"By establishing the Eastern Cross, we not only recall these dramatic events, but we also recall the history and heritage of the Borderlands of the First and Second Republics. This is very important, it is part of our Polish identity,\" Dworczyk said. He added that the establishment of the Eastern Cross will also be \"an important tool for conducting historical policy.<\/p>\n<p><em>text: rp.pl<\/em><\/p>\n<p><a href=\"https:\/\/marekkuchcinski.pl\/wp-content\/uploads\/2016\/11\/AR-161109607.jpgMaxW980imageversionMainTopic1.jpeg\"><img fetchpriority=\"high\" decoding=\"async\" class=\"alignnone size-full wp-image-4374\" src=\"https:\/\/marekkuchcinski.pl\/wp-content\/uploads\/2016\/11\/AR-161109607.jpgMaxW980imageversionMainTopic1.jpeg\" alt=\"ar-161109607-jpgmaxw980imageversionmaintopic1\" width=\"766\" height=\"438\" srcset=\"https:\/\/marekkuchcinski.pl\/wp-content\/uploads\/2016\/11\/AR-161109607.jpgMaxW980imageversionMainTopic1.jpeg 766w, https:\/\/marekkuchcinski.pl\/wp-content\/uploads\/2016\/11\/AR-161109607.jpgMaxW980imageversionMainTopic1-300x172.jpeg 300w\" sizes=\"(max-width: 766px) 100vw, 766px\" \/><\/a><\/p>\n<\/div>\n<\/div>","protected":false},"excerpt":{"rendered":"<p>Sejm jednog\u0142o\u015bnie uchwali\u0142 w pi\u0105tek ustaw\u0119 ustanawiaj\u0105c\u0105 Krzy\u017c Wschodni \u2013 odznaczenie dla obcokrajowc\u00f3w, kt\u00f3rzy nie\u015bli pomoc Polakom na Wschodzie prze\u015bladowanym w latach 1937-1959 ze wzgl\u0119du na ich narodowo\u015b\u0107. Krzy\u017c Wschodni ma nadawa\u0107 prezydent na wniosek ministra spraw zagranicznych. Szef MSZ ma przedstawia\u0107 wnioski z w\u0142asnej inicjatywy lub z inicjatywy zwi\u0105zk\u00f3w i stowarzysze\u0144 kombatanckich, organizacji spo\u0142ecznych, [&hellip;]<\/p>","protected":false},"author":6,"featured_media":4374,"comment_status":"open","ping_status":"open","sticky":false,"template":"","format":"standard","meta":{"ngg_post_thumbnail":0,"footnotes":""},"categories":[81,3],"tags":[],"class_list":["post-4373","post","type-post","status-publish","format-standard","has-post-thumbnail","hentry","category-wiesci-z-sejmu","category-wydarzenia"],"yoast_head":"<!-- This site is optimized with the Yoast SEO plugin v24.7 - https:\/\/yoast.com\/wordpress\/plugins\/seo\/ -->\n<title>Krzy\u017c Wschodni dla nios\u0105cych pomoc Polakom na Wschodzie &#8211; Marek Kuchci\u0144ski<\/title>\n<meta name=\"robots\" content=\"index, follow, max-snippet:-1, max-image-preview:large, max-video-preview:-1\" \/>\n<link rel=\"canonical\" href=\"https:\/\/marekkuchcinski.pl\/en\/wydarzenia\/krzyz-wschodni-dla-niosacych-pomoc-polakom-wschodzie\/\" \/>\n<meta property=\"og:locale\" content=\"en_GB\" \/>\n<meta property=\"og:type\" content=\"article\" \/>\n<meta property=\"og:title\" content=\"Krzy\u017c Wschodni dla nios\u0105cych pomoc Polakom na Wschodzie &#8211; Marek Kuchci\u0144ski\" \/>\n<meta property=\"og:description\" content=\"Sejm jednog\u0142o\u015bnie uchwali\u0142 w pi\u0105tek ustaw\u0119 ustanawiaj\u0105c\u0105 Krzy\u017c Wschodni \u2013 odznaczenie dla obcokrajowc\u00f3w, kt\u00f3rzy nie\u015bli pomoc Polakom na Wschodzie prze\u015bladowanym w latach 1937-1959 ze wzgl\u0119du na ich narodowo\u015b\u0107. Krzy\u017c Wschodni ma nadawa\u0107 prezydent na wniosek ministra spraw zagranicznych. Szef MSZ ma przedstawia\u0107 wnioski z w\u0142asnej inicjatywy lub z inicjatywy zwi\u0105zk\u00f3w i stowarzysze\u0144 kombatanckich, organizacji spo\u0142ecznych, [&hellip;]\" \/>\n<meta property=\"og:url\" content=\"https:\/\/marekkuchcinski.pl\/en\/wydarzenia\/krzyz-wschodni-dla-niosacych-pomoc-polakom-wschodzie\/\" \/>\n<meta property=\"og:site_name\" content=\"Marek Kuchci\u0144ski\" \/>\n<meta property=\"article:published_time\" content=\"2016-11-06T07:49:32+00:00\" \/>\n<meta property=\"og:image\" content=\"https:\/\/marekkuchcinski.pl\/wp-content\/uploads\/2016\/11\/AR-161109607.jpgMaxW980imageversionMainTopic1.jpeg\" \/>\n\t<meta property=\"og:image:width\" content=\"766\" \/>\n\t<meta property=\"og:image:height\" content=\"438\" \/>\n\t<meta property=\"og:image:type\" content=\"image\/jpeg\" \/>\n<meta name=\"author\" content=\"admin\" \/>\n<meta name=\"twitter:card\" content=\"summary_large_image\" \/>\n<meta name=\"twitter:label1\" content=\"Written by\" \/>\n\t<meta name=\"twitter:data1\" content=\"admin\" \/>\n\t<meta name=\"twitter:label2\" content=\"Estimated reading time\" \/>\n\t<meta name=\"twitter:data2\" content=\"2 minutes\" \/>\n<script type=\"application\/ld+json\" class=\"yoast-schema-graph\">{\"@context\":\"https:\/\/schema.org\",\"@graph\":[{\"@type\":\"Article\",\"@id\":\"https:\/\/marekkuchcinski.pl\/cs\/wydarzenia\/krzyz-wschodni-dla-niosacych-pomoc-polakom-wschodzie\/#article\",\"isPartOf\":{\"@id\":\"https:\/\/marekkuchcinski.pl\/cs\/wydarzenia\/krzyz-wschodni-dla-niosacych-pomoc-polakom-wschodzie\/\"},\"author\":{\"name\":\"admin\",\"@id\":\"https:\/\/marekkuchcinski.pl\/#\/schema\/person\/6f62700996b4d950b6ea2d1183b6c6be\"},\"headline\":\"Krzy\u017c Wschodni dla nios\u0105cych pomoc Polakom na Wschodzie\",\"datePublished\":\"2016-11-06T07:49:32+00:00\",\"mainEntityOfPage\":{\"@id\":\"https:\/\/marekkuchcinski.pl\/cs\/wydarzenia\/krzyz-wschodni-dla-niosacych-pomoc-polakom-wschodzie\/\"},\"wordCount\":452,\"commentCount\":0,\"publisher\":{\"@id\":\"https:\/\/marekkuchcinski.pl\/#organization\"},\"image\":{\"@id\":\"https:\/\/marekkuchcinski.pl\/cs\/wydarzenia\/krzyz-wschodni-dla-niosacych-pomoc-polakom-wschodzie\/#primaryimage\"},\"thumbnailUrl\":\"https:\/\/marekkuchcinski.pl\/wp-content\/uploads\/2016\/11\/AR-161109607.jpgMaxW980imageversionMainTopic1.jpeg\",\"articleSection\":[\"Wie\u015bci z Sejmu\",\"Wydarzenia\"],\"inLanguage\":\"en-GB\",\"potentialAction\":[{\"@type\":\"CommentAction\",\"name\":\"Comment\",\"target\":[\"https:\/\/marekkuchcinski.pl\/cs\/wydarzenia\/krzyz-wschodni-dla-niosacych-pomoc-polakom-wschodzie\/#respond\"]}]},{\"@type\":\"WebPage\",\"@id\":\"https:\/\/marekkuchcinski.pl\/cs\/wydarzenia\/krzyz-wschodni-dla-niosacych-pomoc-polakom-wschodzie\/\",\"url\":\"https:\/\/marekkuchcinski.pl\/cs\/wydarzenia\/krzyz-wschodni-dla-niosacych-pomoc-polakom-wschodzie\/\",\"name\":\"Krzy\u017c Wschodni dla nios\u0105cych pomoc Polakom na Wschodzie &#8211; Marek Kuchci\u0144ski\",\"isPartOf\":{\"@id\":\"https:\/\/marekkuchcinski.pl\/#website\"},\"primaryImageOfPage\":{\"@id\":\"https:\/\/marekkuchcinski.pl\/cs\/wydarzenia\/krzyz-wschodni-dla-niosacych-pomoc-polakom-wschodzie\/#primaryimage\"},\"image\":{\"@id\":\"https:\/\/marekkuchcinski.pl\/cs\/wydarzenia\/krzyz-wschodni-dla-niosacych-pomoc-polakom-wschodzie\/#primaryimage\"},\"thumbnailUrl\":\"https:\/\/marekkuchcinski.pl\/wp-content\/uploads\/2016\/11\/AR-161109607.jpgMaxW980imageversionMainTopic1.jpeg\",\"datePublished\":\"2016-11-06T07:49:32+00:00\",\"breadcrumb\":{\"@id\":\"https:\/\/marekkuchcinski.pl\/cs\/wydarzenia\/krzyz-wschodni-dla-niosacych-pomoc-polakom-wschodzie\/#breadcrumb\"},\"inLanguage\":\"en-GB\",\"potentialAction\":[{\"@type\":\"ReadAction\",\"target\":[\"https:\/\/marekkuchcinski.pl\/cs\/wydarzenia\/krzyz-wschodni-dla-niosacych-pomoc-polakom-wschodzie\/\"]}]},{\"@type\":\"ImageObject\",\"inLanguage\":\"en-GB\",\"@id\":\"https:\/\/marekkuchcinski.pl\/cs\/wydarzenia\/krzyz-wschodni-dla-niosacych-pomoc-polakom-wschodzie\/#primaryimage\",\"url\":\"https:\/\/marekkuchcinski.pl\/wp-content\/uploads\/2016\/11\/AR-161109607.jpgMaxW980imageversionMainTopic1.jpeg\",\"contentUrl\":\"https:\/\/marekkuchcinski.pl\/wp-content\/uploads\/2016\/11\/AR-161109607.jpgMaxW980imageversionMainTopic1.jpeg\",\"width\":766,\"height\":438},{\"@type\":\"BreadcrumbList\",\"@id\":\"https:\/\/marekkuchcinski.pl\/cs\/wydarzenia\/krzyz-wschodni-dla-niosacych-pomoc-polakom-wschodzie\/#breadcrumb\",\"itemListElement\":[{\"@type\":\"ListItem\",\"position\":1,\"name\":\"Strona g\u0142\u00f3wna\",\"item\":\"https:\/\/marekkuchcinski.pl\/\"},{\"@type\":\"ListItem\",\"position\":2,\"name\":\"Krzy\u017c Wschodni dla nios\u0105cych pomoc Polakom na Wschodzie\"}]},{\"@type\":\"WebSite\",\"@id\":\"https:\/\/marekkuchcinski.pl\/#website\",\"url\":\"https:\/\/marekkuchcinski.pl\/\",\"name\":\"Marek Kuchci\u0144ski\",\"description\":\"Pose\u0142 na sejm RP &ndash; okr\u0119g nr 22\",\"publisher\":{\"@id\":\"https:\/\/marekkuchcinski.pl\/#organization\"},\"potentialAction\":[{\"@type\":\"SearchAction\",\"target\":{\"@type\":\"EntryPoint\",\"urlTemplate\":\"https:\/\/marekkuchcinski.pl\/?s={search_term_string}\"},\"query-input\":{\"@type\":\"PropertyValueSpecification\",\"valueRequired\":true,\"valueName\":\"search_term_string\"}}],\"inLanguage\":\"en-GB\"},{\"@type\":\"Organization\",\"@id\":\"https:\/\/marekkuchcinski.pl\/#organization\",\"name\":\"Marek Kuchci\u0144ski\",\"url\":\"https:\/\/marekkuchcinski.pl\/\",\"logo\":{\"@type\":\"ImageObject\",\"inLanguage\":\"en-GB\",\"@id\":\"https:\/\/marekkuchcinski.pl\/#\/schema\/logo\/image\/\",\"url\":\"https:\/\/marekkuchcinski.pl\/wp-content\/uploads\/2022\/09\/Marek.jpg\",\"contentUrl\":\"https:\/\/marekkuchcinski.pl\/wp-content\/uploads\/2022\/09\/Marek.jpg\",\"width\":1600,\"height\":971,\"caption\":\"Marek Kuchci\u0144ski\"},\"image\":{\"@id\":\"https:\/\/marekkuchcinski.pl\/#\/schema\/logo\/image\/\"}},{\"@type\":\"Person\",\"@id\":\"https:\/\/marekkuchcinski.pl\/#\/schema\/person\/6f62700996b4d950b6ea2d1183b6c6be\",\"name\":\"admin\",\"image\":{\"@type\":\"ImageObject\",\"inLanguage\":\"en-GB\",\"@id\":\"https:\/\/marekkuchcinski.pl\/#\/schema\/person\/image\/\",\"url\":\"https:\/\/secure.gravatar.com\/avatar\/4bab693b9d55c3d6b52c0296a8765085?s=96&d=mm&r=g\",\"contentUrl\":\"https:\/\/secure.gravatar.com\/avatar\/4bab693b9d55c3d6b52c0296a8765085?s=96&d=mm&r=g\",\"caption\":\"admin\"},\"url\":\"https:\/\/marekkuchcinski.pl\/en\/author\/marta-olejnik\/\"}]}<\/script>\n<!-- \/ Yoast SEO plugin. -->","yoast_head_json":{"title":"Krzy\u017c Wschodni dla nios\u0105cych pomoc Polakom na Wschodzie &#8211; Marek Kuchci\u0144ski","robots":{"index":"index","follow":"follow","max-snippet":"max-snippet:-1","max-image-preview":"max-image-preview:large","max-video-preview":"max-video-preview:-1"},"canonical":"https:\/\/marekkuchcinski.pl\/en\/wydarzenia\/krzyz-wschodni-dla-niosacych-pomoc-polakom-wschodzie\/","og_locale":"en_GB","og_type":"article","og_title":"Krzy\u017c Wschodni dla nios\u0105cych pomoc Polakom na Wschodzie &#8211; Marek Kuchci\u0144ski","og_description":"Sejm jednog\u0142o\u015bnie uchwali\u0142 w pi\u0105tek ustaw\u0119 ustanawiaj\u0105c\u0105 Krzy\u017c Wschodni \u2013 odznaczenie dla obcokrajowc\u00f3w, kt\u00f3rzy nie\u015bli pomoc Polakom na Wschodzie prze\u015bladowanym w latach 1937-1959 ze wzgl\u0119du na ich narodowo\u015b\u0107. Krzy\u017c Wschodni ma nadawa\u0107 prezydent na wniosek ministra spraw zagranicznych. Szef MSZ ma przedstawia\u0107 wnioski z w\u0142asnej inicjatywy lub z inicjatywy zwi\u0105zk\u00f3w i stowarzysze\u0144 kombatanckich, organizacji spo\u0142ecznych, [&hellip;]","og_url":"https:\/\/marekkuchcinski.pl\/en\/wydarzenia\/krzyz-wschodni-dla-niosacych-pomoc-polakom-wschodzie\/","og_site_name":"Marek Kuchci\u0144ski","article_published_time":"2016-11-06T07:49:32+00:00","og_image":[{"width":766,"height":438,"url":"https:\/\/marekkuchcinski.pl\/wp-content\/uploads\/2016\/11\/AR-161109607.jpgMaxW980imageversionMainTopic1.jpeg","type":"image\/jpeg"}],"author":"admin","twitter_card":"summary_large_image","twitter_misc":{"Written by":"admin","Estimated reading time":"2 minutes"},"schema":{"@context":"https:\/\/schema.org","@graph":[{"@type":"Article","@id":"https:\/\/marekkuchcinski.pl\/cs\/wydarzenia\/krzyz-wschodni-dla-niosacych-pomoc-polakom-wschodzie\/#article","isPartOf":{"@id":"https:\/\/marekkuchcinski.pl\/cs\/wydarzenia\/krzyz-wschodni-dla-niosacych-pomoc-polakom-wschodzie\/"},"author":{"name":"admin","@id":"https:\/\/marekkuchcinski.pl\/#\/schema\/person\/6f62700996b4d950b6ea2d1183b6c6be"},"headline":"Krzy\u017c Wschodni dla nios\u0105cych pomoc Polakom na Wschodzie","datePublished":"2016-11-06T07:49:32+00:00","mainEntityOfPage":{"@id":"https:\/\/marekkuchcinski.pl\/cs\/wydarzenia\/krzyz-wschodni-dla-niosacych-pomoc-polakom-wschodzie\/"},"wordCount":452,"commentCount":0,"publisher":{"@id":"https:\/\/marekkuchcinski.pl\/#organization"},"image":{"@id":"https:\/\/marekkuchcinski.pl\/cs\/wydarzenia\/krzyz-wschodni-dla-niosacych-pomoc-polakom-wschodzie\/#primaryimage"},"thumbnailUrl":"https:\/\/marekkuchcinski.pl\/wp-content\/uploads\/2016\/11\/AR-161109607.jpgMaxW980imageversionMainTopic1.jpeg","articleSection":["Wie\u015bci z Sejmu","Wydarzenia"],"inLanguage":"en-GB","potentialAction":[{"@type":"CommentAction","name":"Comment","target":["https:\/\/marekkuchcinski.pl\/cs\/wydarzenia\/krzyz-wschodni-dla-niosacych-pomoc-polakom-wschodzie\/#respond"]}]},{"@type":"WebPage","@id":"https:\/\/marekkuchcinski.pl\/cs\/wydarzenia\/krzyz-wschodni-dla-niosacych-pomoc-polakom-wschodzie\/","url":"https:\/\/marekkuchcinski.pl\/cs\/wydarzenia\/krzyz-wschodni-dla-niosacych-pomoc-polakom-wschodzie\/","name":"Krzy\u017c Wschodni dla nios\u0105cych pomoc Polakom na Wschodzie &#8211; Marek Kuchci\u0144ski","isPartOf":{"@id":"https:\/\/marekkuchcinski.pl\/#website"},"primaryImageOfPage":{"@id":"https:\/\/marekkuchcinski.pl\/cs\/wydarzenia\/krzyz-wschodni-dla-niosacych-pomoc-polakom-wschodzie\/#primaryimage"},"image":{"@id":"https:\/\/marekkuchcinski.pl\/cs\/wydarzenia\/krzyz-wschodni-dla-niosacych-pomoc-polakom-wschodzie\/#primaryimage"},"thumbnailUrl":"https:\/\/marekkuchcinski.pl\/wp-content\/uploads\/2016\/11\/AR-161109607.jpgMaxW980imageversionMainTopic1.jpeg","datePublished":"2016-11-06T07:49:32+00:00","breadcrumb":{"@id":"https:\/\/marekkuchcinski.pl\/cs\/wydarzenia\/krzyz-wschodni-dla-niosacych-pomoc-polakom-wschodzie\/#breadcrumb"},"inLanguage":"en-GB","potentialAction":[{"@type":"ReadAction","target":["https:\/\/marekkuchcinski.pl\/cs\/wydarzenia\/krzyz-wschodni-dla-niosacych-pomoc-polakom-wschodzie\/"]}]},{"@type":"ImageObject","inLanguage":"en-GB","@id":"https:\/\/marekkuchcinski.pl\/cs\/wydarzenia\/krzyz-wschodni-dla-niosacych-pomoc-polakom-wschodzie\/#primaryimage","url":"https:\/\/marekkuchcinski.pl\/wp-content\/uploads\/2016\/11\/AR-161109607.jpgMaxW980imageversionMainTopic1.jpeg","contentUrl":"https:\/\/marekkuchcinski.pl\/wp-content\/uploads\/2016\/11\/AR-161109607.jpgMaxW980imageversionMainTopic1.jpeg","width":766,"height":438},{"@type":"BreadcrumbList","@id":"https:\/\/marekkuchcinski.pl\/cs\/wydarzenia\/krzyz-wschodni-dla-niosacych-pomoc-polakom-wschodzie\/#breadcrumb","itemListElement":[{"@type":"ListItem","position":1,"name":"Strona g\u0142\u00f3wna","item":"https:\/\/marekkuchcinski.pl\/"},{"@type":"ListItem","position":2,"name":"Krzy\u017c Wschodni dla nios\u0105cych pomoc Polakom na Wschodzie"}]},{"@type":"WebSite","@id":"https:\/\/marekkuchcinski.pl\/#website","url":"https:\/\/marekkuchcinski.pl\/","name":"Marek Kuchci\u0144ski","description":"Pose\u0142 na sejm RP &ndash; okr\u0119g nr 22","publisher":{"@id":"https:\/\/marekkuchcinski.pl\/#organization"},"potentialAction":[{"@type":"SearchAction","target":{"@type":"EntryPoint","urlTemplate":"https:\/\/marekkuchcinski.pl\/?s={search_term_string}"},"query-input":{"@type":"PropertyValueSpecification","valueRequired":true,"valueName":"search_term_string"}}],"inLanguage":"en-GB"},{"@type":"Organization","@id":"https:\/\/marekkuchcinski.pl\/#organization","name":"Marek Kuchci\u0144ski","url":"https:\/\/marekkuchcinski.pl\/","logo":{"@type":"ImageObject","inLanguage":"en-GB","@id":"https:\/\/marekkuchcinski.pl\/#\/schema\/logo\/image\/","url":"https:\/\/marekkuchcinski.pl\/wp-content\/uploads\/2022\/09\/Marek.jpg","contentUrl":"https:\/\/marekkuchcinski.pl\/wp-content\/uploads\/2022\/09\/Marek.jpg","width":1600,"height":971,"caption":"Marek Kuchci\u0144ski"},"image":{"@id":"https:\/\/marekkuchcinski.pl\/#\/schema\/logo\/image\/"}},{"@type":"Person","@id":"https:\/\/marekkuchcinski.pl\/#\/schema\/person\/6f62700996b4d950b6ea2d1183b6c6be","name":"admin","image":{"@type":"ImageObject","inLanguage":"en-GB","@id":"https:\/\/marekkuchcinski.pl\/#\/schema\/person\/image\/","url":"https:\/\/secure.gravatar.com\/avatar\/4bab693b9d55c3d6b52c0296a8765085?s=96&d=mm&r=g","contentUrl":"https:\/\/secure.gravatar.com\/avatar\/4bab693b9d55c3d6b52c0296a8765085?s=96&d=mm&r=g","caption":"admin"},"url":"https:\/\/marekkuchcinski.pl\/en\/author\/marta-olejnik\/"}]}},"_links":{"self":[{"href":"https:\/\/marekkuchcinski.pl\/en\/wp-json\/wp\/v2\/posts\/4373","targetHints":{"allow":["GET"]}}],"collection":[{"href":"https:\/\/marekkuchcinski.pl\/en\/wp-json\/wp\/v2\/posts"}],"about":[{"href":"https:\/\/marekkuchcinski.pl\/en\/wp-json\/wp\/v2\/types\/post"}],"author":[{"embeddable":true,"href":"https:\/\/marekkuchcinski.pl\/en\/wp-json\/wp\/v2\/users\/6"}],"replies":[{"embeddable":true,"href":"https:\/\/marekkuchcinski.pl\/en\/wp-json\/wp\/v2\/comments?post=4373"}],"version-history":[{"count":1,"href":"https:\/\/marekkuchcinski.pl\/en\/wp-json\/wp\/v2\/posts\/4373\/revisions"}],"predecessor-version":[{"id":4375,"href":"https:\/\/marekkuchcinski.pl\/en\/wp-json\/wp\/v2\/posts\/4373\/revisions\/4375"}],"wp:featuredmedia":[{"embeddable":true,"href":"https:\/\/marekkuchcinski.pl\/en\/wp-json\/wp\/v2\/media\/4374"}],"wp:attachment":[{"href":"https:\/\/marekkuchcinski.pl\/en\/wp-json\/wp\/v2\/media?parent=4373"}],"wp:term":[{"taxonomy":"category","embeddable":true,"href":"https:\/\/marekkuchcinski.pl\/en\/wp-json\/wp\/v2\/categories?post=4373"},{"taxonomy":"post_tag","embeddable":true,"href":"https:\/\/marekkuchcinski.pl\/en\/wp-json\/wp\/v2\/tags?post=4373"}],"curies":[{"name":"wp","href":"https:\/\/api.w.org\/{rel}","templated":true}]}}