{"id":4260,"date":"2016-10-26T13:45:38","date_gmt":"2016-10-26T11:45:38","guid":{"rendered":"https:\/\/marekkuchcinski.pl\/?p=4260"},"modified":"2016-10-26T14:06:13","modified_gmt":"2016-10-26T12:06:13","slug":"marszalek-kuchcinski-wegrzech-budujmy-barier-obierzmy-kierunek-odnowe-wzmocnienie-unii-europejskiej","status":"publish","type":"post","link":"https:\/\/marekkuchcinski.pl\/en\/wydarzenia\/marszalek-kuchcinski-wegrzech-budujmy-barier-obierzmy-kierunek-odnowe-wzmocnienie-unii-europejskiej\/","title":{"rendered":"Speaker Kuchci\u0144ski in Hungary: Let's not build barriers. Let's take the direction of renewal and strengthening of the European Union"},"content":{"rendered":"<p><strong>Current politics, the increasing role of parliaments and the implementation of joint projects are the main topics of talks between the Speaker of the Sejm and the Speaker of the Hungarian National Assembly.<\/strong><\/p>\n<p>- We have been pursuing a common policy within the V4 for 25 years,\" Marshal Marek Kuchci\u0144ski said during a meeting with President L\u00e1szl\u00f3 K\u00f6v\u00e9r, \"but it has only been flourishing for the past few months in response to the need for change in the European Union.<\/p>\n<p>According to the Marshal, the increased cooperation should be transformed into joint projects, such as an online information service, aimed at promoting the Group, recalling prominent figures or the importance of the fine arts of our region in order to foster the development of young people and prevent them from leaving their homelands.<\/p>\n<p>- I wish us to draw the best possible conclusions from our thousand years of cooperation. I raise a toast to the strengthening of our democracy and our parliaments, which since middle ages have been an example of how sovereign states should act - said Marshal Kuchci\u0144ski at the end of the meeting.<\/p>\n<p>The Speaker of the Sejm visited Budapest as part of the celebrations marking the 60th anniversary of the Hungarian Revolution. Together with the Speaker of the Hungarian Parliament he watched the film 'Condemned to Life', which is a weaving together of the stories of political prisoners from their stay in prison cells and execution sites. The film, which was commissioned by the National Heritage Institute and produced under K\u00f6v\u00e9r's patronage, deals with the trauma of those years, the recurring memories of tragedy and powerlessness in the face of the communist system.<\/p>\n<p>During the second day of the visit, heads of the Polish, German, and Hungarian chambers paid tribute to the victims of the 1956 regime at Kossuth Square. Marshal Kuchci\u0144ski, together with President K\u00f6v\u00e9r and Bundesrat leader Stanislav Tillich, listened to the memories of the bloodily suppressed Hungarian uprising, which gave a grim picture of those days. Hungary is changing political system, our nation is reborn, but we should remember the decades during which we were strangled. This needs to be healed,\" said former Hungarian Prime Minister Peter Boross.<br \/>\n- With reverence we must remember the persecuted, bearing the stigma of those days. These people are the source of our strength. At the same time we cannot be indifferent towards traitors and collaborators who wanted to steal freedom from our hearts<br \/>\n- concluded Boross.<\/p>\n<p>The fight for sovereignty was the guiding principle in the speeches of all the heads of parliament present in Budapest. The first to speak in the Hungarian National Assembly was L. K\u00f6v\u00e9r, who said, \"For centuries the supreme goal for Hungarians was freedom... Solidarity is the source of power. Europe cannot be deprived of its Christian identity, otherwise it is threatened by anarchy and destabilization\".<\/p>\n<p>Also S. Tillich emphasized that one should be constant in one's views. - Those who went to the tanks at that time did not fight only for their country. They were fighting for the whole Europe - he said. According to him, communism was doomed to failure. It could not survive because dictators were unable to see into people's minds or understand their longing for freedom. He described 1989, when the Solidarity movement brought about changes in the political system, as the happiest year in German history.<\/p>\n<p>The Polish-Hungarian Solidarity of 1956 cannot be understood without the past. Regardless of the differences, our fate after World War II was identical. We were behind the \"Iron Curtain\". In 1956 Poles and Hungarians again reached for the deed of independence and in mutual solidarity took up the struggle for the state, values and democracy. - We are grateful for the Hungarian memory of the Poles' solidarity in 1956. It was shown in the form of humanitarian transports and blood deliveries for fighting insurgents, which is so beautifully commemorated by the plaque unveiled a few days ago at Joseph Bem Square in Budapest,' he said.<\/p>\n<p>When the uprising in Hungary broke out and was later suppressed, the Poles launched a spontaneous campaign to donate blood for the Hungarians - 44 tons of medical supplies and 800 liters of blood were then sent to Hungary.<\/p>\n<p><a href=\"https:\/\/marekkuchcinski.pl\/wp-content\/uploads\/2016\/10\/DSCF5830.jpg\"><img fetchpriority=\"high\" decoding=\"async\" class=\"alignnone size-full wp-image-4261\" src=\"https:\/\/marekkuchcinski.pl\/wp-content\/uploads\/2016\/10\/DSCF5830.jpg\" alt=\"dscf5830\" width=\"4896\" height=\"2760\" srcset=\"https:\/\/marekkuchcinski.pl\/wp-content\/uploads\/2016\/10\/DSCF5830.jpg 2048w, https:\/\/marekkuchcinski.pl\/wp-content\/uploads\/2016\/10\/DSCF5830-300x169.jpg 300w, https:\/\/marekkuchcinski.pl\/wp-content\/uploads\/2016\/10\/DSCF5830-768x433.jpg 768w, https:\/\/marekkuchcinski.pl\/wp-content\/uploads\/2016\/10\/DSCF5830-1024x577.jpg 1024w\" sizes=\"(max-width: 4896px) 100vw, 4896px\" \/><\/a><a href=\"https:\/\/marekkuchcinski.pl\/wp-content\/uploads\/2016\/10\/unspecified-18.jpeg\"><img decoding=\"async\" class=\"alignnone size-full wp-image-4263\" src=\"https:\/\/marekkuchcinski.pl\/wp-content\/uploads\/2016\/10\/unspecified-18.jpeg\" alt=\"unspecified-18\" width=\"1800\" height=\"1200\" srcset=\"https:\/\/marekkuchcinski.pl\/wp-content\/uploads\/2016\/10\/unspecified-18.jpeg 1800w, https:\/\/marekkuchcinski.pl\/wp-content\/uploads\/2016\/10\/unspecified-18-300x200.jpeg 300w, https:\/\/marekkuchcinski.pl\/wp-content\/uploads\/2016\/10\/unspecified-18-768x512.jpeg 768w, https:\/\/marekkuchcinski.pl\/wp-content\/uploads\/2016\/10\/unspecified-18-1024x683.jpeg 1024w\" sizes=\"(max-width: 1800px) 100vw, 1800px\" \/><\/a> <a href=\"https:\/\/marekkuchcinski.pl\/wp-content\/uploads\/2016\/10\/unspecified-17.jpeg\"><img decoding=\"async\" class=\"alignnone size-full wp-image-4264\" src=\"https:\/\/marekkuchcinski.pl\/wp-content\/uploads\/2016\/10\/unspecified-17.jpeg\" alt=\"unspecified-17\" width=\"1800\" height=\"1200\" srcset=\"https:\/\/marekkuchcinski.pl\/wp-content\/uploads\/2016\/10\/unspecified-17.jpeg 1800w, https:\/\/marekkuchcinski.pl\/wp-content\/uploads\/2016\/10\/unspecified-17-300x200.jpeg 300w, https:\/\/marekkuchcinski.pl\/wp-content\/uploads\/2016\/10\/unspecified-17-768x512.jpeg 768w, https:\/\/marekkuchcinski.pl\/wp-content\/uploads\/2016\/10\/unspecified-17-1024x683.jpeg 1024w\" sizes=\"(max-width: 1800px) 100vw, 1800px\" \/><\/a> <a href=\"https:\/\/marekkuchcinski.pl\/wp-content\/uploads\/2016\/10\/unspecified-16.jpeg\"><img loading=\"lazy\" decoding=\"async\" class=\"alignnone size-full wp-image-4265\" src=\"https:\/\/marekkuchcinski.pl\/wp-content\/uploads\/2016\/10\/unspecified-16.jpeg\" alt=\"unspecified-16\" width=\"1800\" height=\"1200\" srcset=\"https:\/\/marekkuchcinski.pl\/wp-content\/uploads\/2016\/10\/unspecified-16.jpeg 1800w, https:\/\/marekkuchcinski.pl\/wp-content\/uploads\/2016\/10\/unspecified-16-300x200.jpeg 300w, https:\/\/marekkuchcinski.pl\/wp-content\/uploads\/2016\/10\/unspecified-16-768x512.jpeg 768w, https:\/\/marekkuchcinski.pl\/wp-content\/uploads\/2016\/10\/unspecified-16-1024x683.jpeg 1024w\" sizes=\"(max-width: 1800px) 100vw, 1800px\" \/><\/a> <a href=\"https:\/\/marekkuchcinski.pl\/wp-content\/uploads\/2016\/10\/unspecified-15.jpeg\"><img loading=\"lazy\" decoding=\"async\" class=\"alignnone size-full wp-image-4266\" src=\"https:\/\/marekkuchcinski.pl\/wp-content\/uploads\/2016\/10\/unspecified-15.jpeg\" alt=\"unspecified-15\" width=\"1800\" height=\"1200\" srcset=\"https:\/\/marekkuchcinski.pl\/wp-content\/uploads\/2016\/10\/unspecified-15.jpeg 1800w, https:\/\/marekkuchcinski.pl\/wp-content\/uploads\/2016\/10\/unspecified-15-300x200.jpeg 300w, https:\/\/marekkuchcinski.pl\/wp-content\/uploads\/2016\/10\/unspecified-15-768x512.jpeg 768w, https:\/\/marekkuchcinski.pl\/wp-content\/uploads\/2016\/10\/unspecified-15-1024x683.jpeg 1024w\" sizes=\"(max-width: 1800px) 100vw, 1800px\" \/><\/a> <a href=\"https:\/\/marekkuchcinski.pl\/wp-content\/uploads\/2016\/10\/unspecified-14.jpeg\"><img loading=\"lazy\" decoding=\"async\" class=\"alignnone size-full wp-image-4267\" src=\"https:\/\/marekkuchcinski.pl\/wp-content\/uploads\/2016\/10\/unspecified-14.jpeg\" alt=\"unspecified-14\" width=\"1800\" height=\"1200\" srcset=\"https:\/\/marekkuchcinski.pl\/wp-content\/uploads\/2016\/10\/unspecified-14.jpeg 1800w, https:\/\/marekkuchcinski.pl\/wp-content\/uploads\/2016\/10\/unspecified-14-300x200.jpeg 300w, https:\/\/marekkuchcinski.pl\/wp-content\/uploads\/2016\/10\/unspecified-14-768x512.jpeg 768w, https:\/\/marekkuchcinski.pl\/wp-content\/uploads\/2016\/10\/unspecified-14-1024x683.jpeg 1024w\" sizes=\"(max-width: 1800px) 100vw, 1800px\" \/><\/a> <a href=\"https:\/\/marekkuchcinski.pl\/wp-content\/uploads\/2016\/10\/unspecified-13.jpeg\"><img loading=\"lazy\" decoding=\"async\" class=\"alignnone size-full wp-image-4268\" src=\"https:\/\/marekkuchcinski.pl\/wp-content\/uploads\/2016\/10\/unspecified-13.jpeg\" alt=\"unspecified-13\" width=\"1800\" height=\"1200\" srcset=\"https:\/\/marekkuchcinski.pl\/wp-content\/uploads\/2016\/10\/unspecified-13.jpeg 1800w, https:\/\/marekkuchcinski.pl\/wp-content\/uploads\/2016\/10\/unspecified-13-300x200.jpeg 300w, https:\/\/marekkuchcinski.pl\/wp-content\/uploads\/2016\/10\/unspecified-13-768x512.jpeg 768w, https:\/\/marekkuchcinski.pl\/wp-content\/uploads\/2016\/10\/unspecified-13-1024x683.jpeg 1024w\" sizes=\"(max-width: 1800px) 100vw, 1800px\" \/><\/a> <a href=\"https:\/\/marekkuchcinski.pl\/wp-content\/uploads\/2016\/10\/unspecified-12.jpeg\"><img loading=\"lazy\" decoding=\"async\" class=\"alignnone size-full wp-image-4269\" src=\"https:\/\/marekkuchcinski.pl\/wp-content\/uploads\/2016\/10\/unspecified-12.jpeg\" alt=\"unspecified-12\" width=\"1678\" height=\"1536\" srcset=\"https:\/\/marekkuchcinski.pl\/wp-content\/uploads\/2016\/10\/unspecified-12.jpeg 1678w, https:\/\/marekkuchcinski.pl\/wp-content\/uploads\/2016\/10\/unspecified-12-300x275.jpeg 300w, https:\/\/marekkuchcinski.pl\/wp-content\/uploads\/2016\/10\/unspecified-12-768x703.jpeg 768w, https:\/\/marekkuchcinski.pl\/wp-content\/uploads\/2016\/10\/unspecified-12-1024x937.jpeg 1024w\" sizes=\"(max-width: 1678px) 100vw, 1678px\" \/><\/a> <a href=\"https:\/\/marekkuchcinski.pl\/wp-content\/uploads\/2016\/10\/unspecified-11.jpeg\"><img loading=\"lazy\" decoding=\"async\" class=\"alignnone size-full wp-image-4270\" src=\"https:\/\/marekkuchcinski.pl\/wp-content\/uploads\/2016\/10\/unspecified-11.jpeg\" alt=\"unspecified-11\" width=\"1800\" height=\"1200\" srcset=\"https:\/\/marekkuchcinski.pl\/wp-content\/uploads\/2016\/10\/unspecified-11.jpeg 1800w, https:\/\/marekkuchcinski.pl\/wp-content\/uploads\/2016\/10\/unspecified-11-300x200.jpeg 300w, https:\/\/marekkuchcinski.pl\/wp-content\/uploads\/2016\/10\/unspecified-11-768x512.jpeg 768w, https:\/\/marekkuchcinski.pl\/wp-content\/uploads\/2016\/10\/unspecified-11-1024x683.jpeg 1024w\" sizes=\"(max-width: 1800px) 100vw, 1800px\" \/><\/a> <a href=\"https:\/\/marekkuchcinski.pl\/wp-content\/uploads\/2016\/10\/unspecified-10.jpeg\"><img loading=\"lazy\" decoding=\"async\" class=\"alignnone size-full wp-image-4271\" src=\"https:\/\/marekkuchcinski.pl\/wp-content\/uploads\/2016\/10\/unspecified-10.jpeg\" alt=\"unspecified-10\" width=\"1800\" height=\"1200\" srcset=\"https:\/\/marekkuchcinski.pl\/wp-content\/uploads\/2016\/10\/unspecified-10.jpeg 1800w, https:\/\/marekkuchcinski.pl\/wp-content\/uploads\/2016\/10\/unspecified-10-300x200.jpeg 300w, https:\/\/marekkuchcinski.pl\/wp-content\/uploads\/2016\/10\/unspecified-10-768x512.jpeg 768w, https:\/\/marekkuchcinski.pl\/wp-content\/uploads\/2016\/10\/unspecified-10-1024x683.jpeg 1024w\" sizes=\"(max-width: 1800px) 100vw, 1800px\" \/><\/a> <a href=\"https:\/\/marekkuchcinski.pl\/wp-content\/uploads\/2016\/10\/unspecified-9.jpeg\"><img loading=\"lazy\" decoding=\"async\" class=\"alignnone size-full wp-image-4272\" src=\"https:\/\/marekkuchcinski.pl\/wp-content\/uploads\/2016\/10\/unspecified-9.jpeg\" alt=\"unspecified-9\" width=\"1800\" height=\"1200\" srcset=\"https:\/\/marekkuchcinski.pl\/wp-content\/uploads\/2016\/10\/unspecified-9.jpeg 1800w, https:\/\/marekkuchcinski.pl\/wp-content\/uploads\/2016\/10\/unspecified-9-300x200.jpeg 300w, https:\/\/marekkuchcinski.pl\/wp-content\/uploads\/2016\/10\/unspecified-9-768x512.jpeg 768w, https:\/\/marekkuchcinski.pl\/wp-content\/uploads\/2016\/10\/unspecified-9-1024x683.jpeg 1024w\" sizes=\"(max-width: 1800px) 100vw, 1800px\" \/><\/a> <a href=\"https:\/\/marekkuchcinski.pl\/wp-content\/uploads\/2016\/10\/unspecified-5.jpeg\"><img loading=\"lazy\" decoding=\"async\" class=\"alignnone size-full wp-image-4273\" src=\"https:\/\/marekkuchcinski.pl\/wp-content\/uploads\/2016\/10\/unspecified-5.jpeg\" alt=\"unspecified-5\" width=\"1800\" height=\"1200\" srcset=\"https:\/\/marekkuchcinski.pl\/wp-content\/uploads\/2016\/10\/unspecified-5.jpeg 1800w, https:\/\/marekkuchcinski.pl\/wp-content\/uploads\/2016\/10\/unspecified-5-300x200.jpeg 300w, https:\/\/marekkuchcinski.pl\/wp-content\/uploads\/2016\/10\/unspecified-5-768x512.jpeg 768w, https:\/\/marekkuchcinski.pl\/wp-content\/uploads\/2016\/10\/unspecified-5-1024x683.jpeg 1024w\" sizes=\"(max-width: 1800px) 100vw, 1800px\" \/><\/a><\/p>\n<p>&nbsp;<\/p>\n<p>&nbsp;<\/p>","protected":false},"excerpt":{"rendered":"<p>Bie\u017c\u0105ca polityka, wzrastaj\u0105ca rola parlament\u00f3w oraz realizacja wsp\u00f3lnych projekt\u00f3w to g\u0142\u00f3wne tematy rozm\u00f3w marsza\u0142ka Sejmu z przewodnicz\u0105cym Zgromadzenia Narodowego W\u0119gier. \u2013 Wsp\u00f3ln\u0105 polityk\u0119 w ramach V4 prowadzimy od 25 lat \u2013 m\u00f3wi\u0142 podczas spotkania z przewodnicz\u0105cym L\u00e1szl\u00f3 K\u00f6v\u00e9rem marsza\u0142ek Marek Kuchci\u0144ski \u2013 ale dopiero od kilku miesi\u0119cy prze\u017cywa ona sw\u00f3j rozkwit, co jest odpowiedzi\u0105 na [&hellip;]<\/p>","protected":false},"author":6,"featured_media":4261,"comment_status":"open","ping_status":"open","sticky":false,"template":"","format":"standard","meta":{"ngg_post_thumbnail":0,"footnotes":""},"categories":[50,3],"tags":[],"class_list":["post-4260","post","type-post","status-publish","format-standard","has-post-thumbnail","hentry","category-wspolpraca-miedzynarodowa","category-wydarzenia"],"yoast_head":"<!-- This site is optimized with the Yoast SEO plugin v24.7 - https:\/\/yoast.com\/wordpress\/plugins\/seo\/ -->\n<title>Marsza\u0142ek Kuchci\u0144ski na W\u0119grzech: Nie budujmy barier. Obierzmy kierunek na odnow\u0119 i wzmocnienie Unii Europejskiej &#8211; Marek Kuchci\u0144ski<\/title>\n<meta name=\"robots\" content=\"index, follow, max-snippet:-1, max-image-preview:large, max-video-preview:-1\" \/>\n<link rel=\"canonical\" href=\"https:\/\/marekkuchcinski.pl\/en\/wydarzenia\/marszalek-kuchcinski-wegrzech-budujmy-barier-obierzmy-kierunek-odnowe-wzmocnienie-unii-europejskiej\/\" \/>\n<meta property=\"og:locale\" content=\"en_GB\" \/>\n<meta property=\"og:type\" content=\"article\" \/>\n<meta property=\"og:title\" content=\"Marsza\u0142ek Kuchci\u0144ski na W\u0119grzech: Nie budujmy barier. Obierzmy kierunek na odnow\u0119 i wzmocnienie Unii Europejskiej &#8211; Marek Kuchci\u0144ski\" \/>\n<meta property=\"og:description\" content=\"Bie\u017c\u0105ca polityka, wzrastaj\u0105ca rola parlament\u00f3w oraz realizacja wsp\u00f3lnych projekt\u00f3w to g\u0142\u00f3wne tematy rozm\u00f3w marsza\u0142ka Sejmu z przewodnicz\u0105cym Zgromadzenia Narodowego W\u0119gier. \u2013 Wsp\u00f3ln\u0105 polityk\u0119 w ramach V4 prowadzimy od 25 lat \u2013 m\u00f3wi\u0142 podczas spotkania z przewodnicz\u0105cym L\u00e1szl\u00f3 K\u00f6v\u00e9rem marsza\u0142ek Marek Kuchci\u0144ski \u2013 ale dopiero od kilku miesi\u0119cy prze\u017cywa ona sw\u00f3j rozkwit, co jest odpowiedzi\u0105 na [&hellip;]\" \/>\n<meta property=\"og:url\" content=\"https:\/\/marekkuchcinski.pl\/en\/wydarzenia\/marszalek-kuchcinski-wegrzech-budujmy-barier-obierzmy-kierunek-odnowe-wzmocnienie-unii-europejskiej\/\" \/>\n<meta property=\"og:site_name\" content=\"Marek Kuchci\u0144ski\" \/>\n<meta property=\"article:published_time\" content=\"2016-10-26T11:45:38+00:00\" \/>\n<meta property=\"article:modified_time\" content=\"2016-10-26T12:06:13+00:00\" \/>\n<meta property=\"og:image\" content=\"https:\/\/marekkuchcinski.pl\/wp-content\/uploads\/2016\/10\/DSCF5830.jpg\" \/>\n\t<meta property=\"og:image:width\" content=\"2048\" \/>\n\t<meta property=\"og:image:height\" content=\"1155\" \/>\n\t<meta property=\"og:image:type\" content=\"image\/jpeg\" \/>\n<meta name=\"author\" content=\"admin\" \/>\n<meta name=\"twitter:card\" content=\"summary_large_image\" \/>\n<meta name=\"twitter:label1\" content=\"Written by\" \/>\n\t<meta name=\"twitter:data1\" content=\"admin\" \/>\n\t<meta name=\"twitter:label2\" content=\"Estimated reading time\" \/>\n\t<meta name=\"twitter:data2\" content=\"4 minutes\" \/>\n<script type=\"application\/ld+json\" class=\"yoast-schema-graph\">{\"@context\":\"https:\/\/schema.org\",\"@graph\":[{\"@type\":\"Article\",\"@id\":\"https:\/\/marekkuchcinski.pl\/wydarzenia\/marszalek-kuchcinski-wegrzech-budujmy-barier-obierzmy-kierunek-odnowe-wzmocnienie-unii-europejskiej\/#article\",\"isPartOf\":{\"@id\":\"https:\/\/marekkuchcinski.pl\/wydarzenia\/marszalek-kuchcinski-wegrzech-budujmy-barier-obierzmy-kierunek-odnowe-wzmocnienie-unii-europejskiej\/\"},\"author\":{\"name\":\"admin\",\"@id\":\"https:\/\/marekkuchcinski.pl\/#\/schema\/person\/6f62700996b4d950b6ea2d1183b6c6be\"},\"headline\":\"Marsza\u0142ek Kuchci\u0144ski na W\u0119grzech: Nie budujmy barier. Obierzmy kierunek na odnow\u0119 i wzmocnienie Unii Europejskiej\",\"datePublished\":\"2016-10-26T11:45:38+00:00\",\"dateModified\":\"2016-10-26T12:06:13+00:00\",\"mainEntityOfPage\":{\"@id\":\"https:\/\/marekkuchcinski.pl\/wydarzenia\/marszalek-kuchcinski-wegrzech-budujmy-barier-obierzmy-kierunek-odnowe-wzmocnienie-unii-europejskiej\/\"},\"wordCount\":723,\"commentCount\":0,\"publisher\":{\"@id\":\"https:\/\/marekkuchcinski.pl\/#organization\"},\"image\":{\"@id\":\"https:\/\/marekkuchcinski.pl\/wydarzenia\/marszalek-kuchcinski-wegrzech-budujmy-barier-obierzmy-kierunek-odnowe-wzmocnienie-unii-europejskiej\/#primaryimage\"},\"thumbnailUrl\":\"https:\/\/marekkuchcinski.pl\/wp-content\/uploads\/2016\/10\/DSCF5830.jpg\",\"articleSection\":[\"Wsp\u00f3\u0142praca mi\u0119dzynarodowa\",\"Wydarzenia\"],\"inLanguage\":\"en-GB\",\"potentialAction\":[{\"@type\":\"CommentAction\",\"name\":\"Comment\",\"target\":[\"https:\/\/marekkuchcinski.pl\/wydarzenia\/marszalek-kuchcinski-wegrzech-budujmy-barier-obierzmy-kierunek-odnowe-wzmocnienie-unii-europejskiej\/#respond\"]}]},{\"@type\":\"WebPage\",\"@id\":\"https:\/\/marekkuchcinski.pl\/wydarzenia\/marszalek-kuchcinski-wegrzech-budujmy-barier-obierzmy-kierunek-odnowe-wzmocnienie-unii-europejskiej\/\",\"url\":\"https:\/\/marekkuchcinski.pl\/wydarzenia\/marszalek-kuchcinski-wegrzech-budujmy-barier-obierzmy-kierunek-odnowe-wzmocnienie-unii-europejskiej\/\",\"name\":\"Marsza\u0142ek Kuchci\u0144ski na W\u0119grzech: Nie budujmy barier. Obierzmy kierunek na odnow\u0119 i wzmocnienie Unii Europejskiej &#8211; Marek Kuchci\u0144ski\",\"isPartOf\":{\"@id\":\"https:\/\/marekkuchcinski.pl\/#website\"},\"primaryImageOfPage\":{\"@id\":\"https:\/\/marekkuchcinski.pl\/wydarzenia\/marszalek-kuchcinski-wegrzech-budujmy-barier-obierzmy-kierunek-odnowe-wzmocnienie-unii-europejskiej\/#primaryimage\"},\"image\":{\"@id\":\"https:\/\/marekkuchcinski.pl\/wydarzenia\/marszalek-kuchcinski-wegrzech-budujmy-barier-obierzmy-kierunek-odnowe-wzmocnienie-unii-europejskiej\/#primaryimage\"},\"thumbnailUrl\":\"https:\/\/marekkuchcinski.pl\/wp-content\/uploads\/2016\/10\/DSCF5830.jpg\",\"datePublished\":\"2016-10-26T11:45:38+00:00\",\"dateModified\":\"2016-10-26T12:06:13+00:00\",\"breadcrumb\":{\"@id\":\"https:\/\/marekkuchcinski.pl\/wydarzenia\/marszalek-kuchcinski-wegrzech-budujmy-barier-obierzmy-kierunek-odnowe-wzmocnienie-unii-europejskiej\/#breadcrumb\"},\"inLanguage\":\"en-GB\",\"potentialAction\":[{\"@type\":\"ReadAction\",\"target\":[\"https:\/\/marekkuchcinski.pl\/wydarzenia\/marszalek-kuchcinski-wegrzech-budujmy-barier-obierzmy-kierunek-odnowe-wzmocnienie-unii-europejskiej\/\"]}]},{\"@type\":\"ImageObject\",\"inLanguage\":\"en-GB\",\"@id\":\"https:\/\/marekkuchcinski.pl\/wydarzenia\/marszalek-kuchcinski-wegrzech-budujmy-barier-obierzmy-kierunek-odnowe-wzmocnienie-unii-europejskiej\/#primaryimage\",\"url\":\"https:\/\/marekkuchcinski.pl\/wp-content\/uploads\/2016\/10\/DSCF5830.jpg\",\"contentUrl\":\"https:\/\/marekkuchcinski.pl\/wp-content\/uploads\/2016\/10\/DSCF5830.jpg\",\"width\":2048,\"height\":1155},{\"@type\":\"BreadcrumbList\",\"@id\":\"https:\/\/marekkuchcinski.pl\/wydarzenia\/marszalek-kuchcinski-wegrzech-budujmy-barier-obierzmy-kierunek-odnowe-wzmocnienie-unii-europejskiej\/#breadcrumb\",\"itemListElement\":[{\"@type\":\"ListItem\",\"position\":1,\"name\":\"Strona g\u0142\u00f3wna\",\"item\":\"https:\/\/marekkuchcinski.pl\/\"},{\"@type\":\"ListItem\",\"position\":2,\"name\":\"Marsza\u0142ek Kuchci\u0144ski na W\u0119grzech: Nie budujmy barier. Obierzmy kierunek na odnow\u0119 i wzmocnienie Unii Europejskiej\"}]},{\"@type\":\"WebSite\",\"@id\":\"https:\/\/marekkuchcinski.pl\/#website\",\"url\":\"https:\/\/marekkuchcinski.pl\/\",\"name\":\"Marek Kuchci\u0144ski\",\"description\":\"Pose\u0142 na sejm RP &ndash; okr\u0119g nr 22\",\"publisher\":{\"@id\":\"https:\/\/marekkuchcinski.pl\/#organization\"},\"potentialAction\":[{\"@type\":\"SearchAction\",\"target\":{\"@type\":\"EntryPoint\",\"urlTemplate\":\"https:\/\/marekkuchcinski.pl\/?s={search_term_string}\"},\"query-input\":{\"@type\":\"PropertyValueSpecification\",\"valueRequired\":true,\"valueName\":\"search_term_string\"}}],\"inLanguage\":\"en-GB\"},{\"@type\":\"Organization\",\"@id\":\"https:\/\/marekkuchcinski.pl\/#organization\",\"name\":\"Marek Kuchci\u0144ski\",\"url\":\"https:\/\/marekkuchcinski.pl\/\",\"logo\":{\"@type\":\"ImageObject\",\"inLanguage\":\"en-GB\",\"@id\":\"https:\/\/marekkuchcinski.pl\/#\/schema\/logo\/image\/\",\"url\":\"https:\/\/marekkuchcinski.pl\/wp-content\/uploads\/2022\/09\/Marek.jpg\",\"contentUrl\":\"https:\/\/marekkuchcinski.pl\/wp-content\/uploads\/2022\/09\/Marek.jpg\",\"width\":1600,\"height\":971,\"caption\":\"Marek Kuchci\u0144ski\"},\"image\":{\"@id\":\"https:\/\/marekkuchcinski.pl\/#\/schema\/logo\/image\/\"}},{\"@type\":\"Person\",\"@id\":\"https:\/\/marekkuchcinski.pl\/#\/schema\/person\/6f62700996b4d950b6ea2d1183b6c6be\",\"name\":\"admin\",\"image\":{\"@type\":\"ImageObject\",\"inLanguage\":\"en-GB\",\"@id\":\"https:\/\/marekkuchcinski.pl\/#\/schema\/person\/image\/\",\"url\":\"https:\/\/secure.gravatar.com\/avatar\/4bab693b9d55c3d6b52c0296a8765085?s=96&d=mm&r=g\",\"contentUrl\":\"https:\/\/secure.gravatar.com\/avatar\/4bab693b9d55c3d6b52c0296a8765085?s=96&d=mm&r=g\",\"caption\":\"admin\"},\"url\":\"https:\/\/marekkuchcinski.pl\/en\/author\/marta-olejnik\/\"}]}<\/script>\n<!-- \/ Yoast SEO plugin. -->","yoast_head_json":{"title":"Marsza\u0142ek Kuchci\u0144ski na W\u0119grzech: Nie budujmy barier. Obierzmy kierunek na odnow\u0119 i wzmocnienie Unii Europejskiej &#8211; Marek Kuchci\u0144ski","robots":{"index":"index","follow":"follow","max-snippet":"max-snippet:-1","max-image-preview":"max-image-preview:large","max-video-preview":"max-video-preview:-1"},"canonical":"https:\/\/marekkuchcinski.pl\/en\/wydarzenia\/marszalek-kuchcinski-wegrzech-budujmy-barier-obierzmy-kierunek-odnowe-wzmocnienie-unii-europejskiej\/","og_locale":"en_GB","og_type":"article","og_title":"Marsza\u0142ek Kuchci\u0144ski na W\u0119grzech: Nie budujmy barier. Obierzmy kierunek na odnow\u0119 i wzmocnienie Unii Europejskiej &#8211; Marek Kuchci\u0144ski","og_description":"Bie\u017c\u0105ca polityka, wzrastaj\u0105ca rola parlament\u00f3w oraz realizacja wsp\u00f3lnych projekt\u00f3w to g\u0142\u00f3wne tematy rozm\u00f3w marsza\u0142ka Sejmu z przewodnicz\u0105cym Zgromadzenia Narodowego W\u0119gier. \u2013 Wsp\u00f3ln\u0105 polityk\u0119 w ramach V4 prowadzimy od 25 lat \u2013 m\u00f3wi\u0142 podczas spotkania z przewodnicz\u0105cym L\u00e1szl\u00f3 K\u00f6v\u00e9rem marsza\u0142ek Marek Kuchci\u0144ski \u2013 ale dopiero od kilku miesi\u0119cy prze\u017cywa ona sw\u00f3j rozkwit, co jest odpowiedzi\u0105 na [&hellip;]","og_url":"https:\/\/marekkuchcinski.pl\/en\/wydarzenia\/marszalek-kuchcinski-wegrzech-budujmy-barier-obierzmy-kierunek-odnowe-wzmocnienie-unii-europejskiej\/","og_site_name":"Marek Kuchci\u0144ski","article_published_time":"2016-10-26T11:45:38+00:00","article_modified_time":"2016-10-26T12:06:13+00:00","og_image":[{"width":2048,"height":1155,"url":"https:\/\/marekkuchcinski.pl\/wp-content\/uploads\/2016\/10\/DSCF5830.jpg","type":"image\/jpeg"}],"author":"admin","twitter_card":"summary_large_image","twitter_misc":{"Written by":"admin","Estimated reading time":"4 minutes"},"schema":{"@context":"https:\/\/schema.org","@graph":[{"@type":"Article","@id":"https:\/\/marekkuchcinski.pl\/wydarzenia\/marszalek-kuchcinski-wegrzech-budujmy-barier-obierzmy-kierunek-odnowe-wzmocnienie-unii-europejskiej\/#article","isPartOf":{"@id":"https:\/\/marekkuchcinski.pl\/wydarzenia\/marszalek-kuchcinski-wegrzech-budujmy-barier-obierzmy-kierunek-odnowe-wzmocnienie-unii-europejskiej\/"},"author":{"name":"admin","@id":"https:\/\/marekkuchcinski.pl\/#\/schema\/person\/6f62700996b4d950b6ea2d1183b6c6be"},"headline":"Marsza\u0142ek Kuchci\u0144ski na W\u0119grzech: Nie budujmy barier. Obierzmy kierunek na odnow\u0119 i wzmocnienie Unii Europejskiej","datePublished":"2016-10-26T11:45:38+00:00","dateModified":"2016-10-26T12:06:13+00:00","mainEntityOfPage":{"@id":"https:\/\/marekkuchcinski.pl\/wydarzenia\/marszalek-kuchcinski-wegrzech-budujmy-barier-obierzmy-kierunek-odnowe-wzmocnienie-unii-europejskiej\/"},"wordCount":723,"commentCount":0,"publisher":{"@id":"https:\/\/marekkuchcinski.pl\/#organization"},"image":{"@id":"https:\/\/marekkuchcinski.pl\/wydarzenia\/marszalek-kuchcinski-wegrzech-budujmy-barier-obierzmy-kierunek-odnowe-wzmocnienie-unii-europejskiej\/#primaryimage"},"thumbnailUrl":"https:\/\/marekkuchcinski.pl\/wp-content\/uploads\/2016\/10\/DSCF5830.jpg","articleSection":["Wsp\u00f3\u0142praca mi\u0119dzynarodowa","Wydarzenia"],"inLanguage":"en-GB","potentialAction":[{"@type":"CommentAction","name":"Comment","target":["https:\/\/marekkuchcinski.pl\/wydarzenia\/marszalek-kuchcinski-wegrzech-budujmy-barier-obierzmy-kierunek-odnowe-wzmocnienie-unii-europejskiej\/#respond"]}]},{"@type":"WebPage","@id":"https:\/\/marekkuchcinski.pl\/wydarzenia\/marszalek-kuchcinski-wegrzech-budujmy-barier-obierzmy-kierunek-odnowe-wzmocnienie-unii-europejskiej\/","url":"https:\/\/marekkuchcinski.pl\/wydarzenia\/marszalek-kuchcinski-wegrzech-budujmy-barier-obierzmy-kierunek-odnowe-wzmocnienie-unii-europejskiej\/","name":"Marsza\u0142ek Kuchci\u0144ski na W\u0119grzech: Nie budujmy barier. Obierzmy kierunek na odnow\u0119 i wzmocnienie Unii Europejskiej &#8211; Marek Kuchci\u0144ski","isPartOf":{"@id":"https:\/\/marekkuchcinski.pl\/#website"},"primaryImageOfPage":{"@id":"https:\/\/marekkuchcinski.pl\/wydarzenia\/marszalek-kuchcinski-wegrzech-budujmy-barier-obierzmy-kierunek-odnowe-wzmocnienie-unii-europejskiej\/#primaryimage"},"image":{"@id":"https:\/\/marekkuchcinski.pl\/wydarzenia\/marszalek-kuchcinski-wegrzech-budujmy-barier-obierzmy-kierunek-odnowe-wzmocnienie-unii-europejskiej\/#primaryimage"},"thumbnailUrl":"https:\/\/marekkuchcinski.pl\/wp-content\/uploads\/2016\/10\/DSCF5830.jpg","datePublished":"2016-10-26T11:45:38+00:00","dateModified":"2016-10-26T12:06:13+00:00","breadcrumb":{"@id":"https:\/\/marekkuchcinski.pl\/wydarzenia\/marszalek-kuchcinski-wegrzech-budujmy-barier-obierzmy-kierunek-odnowe-wzmocnienie-unii-europejskiej\/#breadcrumb"},"inLanguage":"en-GB","potentialAction":[{"@type":"ReadAction","target":["https:\/\/marekkuchcinski.pl\/wydarzenia\/marszalek-kuchcinski-wegrzech-budujmy-barier-obierzmy-kierunek-odnowe-wzmocnienie-unii-europejskiej\/"]}]},{"@type":"ImageObject","inLanguage":"en-GB","@id":"https:\/\/marekkuchcinski.pl\/wydarzenia\/marszalek-kuchcinski-wegrzech-budujmy-barier-obierzmy-kierunek-odnowe-wzmocnienie-unii-europejskiej\/#primaryimage","url":"https:\/\/marekkuchcinski.pl\/wp-content\/uploads\/2016\/10\/DSCF5830.jpg","contentUrl":"https:\/\/marekkuchcinski.pl\/wp-content\/uploads\/2016\/10\/DSCF5830.jpg","width":2048,"height":1155},{"@type":"BreadcrumbList","@id":"https:\/\/marekkuchcinski.pl\/wydarzenia\/marszalek-kuchcinski-wegrzech-budujmy-barier-obierzmy-kierunek-odnowe-wzmocnienie-unii-europejskiej\/#breadcrumb","itemListElement":[{"@type":"ListItem","position":1,"name":"Strona g\u0142\u00f3wna","item":"https:\/\/marekkuchcinski.pl\/"},{"@type":"ListItem","position":2,"name":"Marsza\u0142ek Kuchci\u0144ski na W\u0119grzech: Nie budujmy barier. Obierzmy kierunek na odnow\u0119 i wzmocnienie Unii Europejskiej"}]},{"@type":"WebSite","@id":"https:\/\/marekkuchcinski.pl\/#website","url":"https:\/\/marekkuchcinski.pl\/","name":"Marek Kuchci\u0144ski","description":"Pose\u0142 na sejm RP &ndash; okr\u0119g nr 22","publisher":{"@id":"https:\/\/marekkuchcinski.pl\/#organization"},"potentialAction":[{"@type":"SearchAction","target":{"@type":"EntryPoint","urlTemplate":"https:\/\/marekkuchcinski.pl\/?s={search_term_string}"},"query-input":{"@type":"PropertyValueSpecification","valueRequired":true,"valueName":"search_term_string"}}],"inLanguage":"en-GB"},{"@type":"Organization","@id":"https:\/\/marekkuchcinski.pl\/#organization","name":"Marek Kuchci\u0144ski","url":"https:\/\/marekkuchcinski.pl\/","logo":{"@type":"ImageObject","inLanguage":"en-GB","@id":"https:\/\/marekkuchcinski.pl\/#\/schema\/logo\/image\/","url":"https:\/\/marekkuchcinski.pl\/wp-content\/uploads\/2022\/09\/Marek.jpg","contentUrl":"https:\/\/marekkuchcinski.pl\/wp-content\/uploads\/2022\/09\/Marek.jpg","width":1600,"height":971,"caption":"Marek Kuchci\u0144ski"},"image":{"@id":"https:\/\/marekkuchcinski.pl\/#\/schema\/logo\/image\/"}},{"@type":"Person","@id":"https:\/\/marekkuchcinski.pl\/#\/schema\/person\/6f62700996b4d950b6ea2d1183b6c6be","name":"admin","image":{"@type":"ImageObject","inLanguage":"en-GB","@id":"https:\/\/marekkuchcinski.pl\/#\/schema\/person\/image\/","url":"https:\/\/secure.gravatar.com\/avatar\/4bab693b9d55c3d6b52c0296a8765085?s=96&d=mm&r=g","contentUrl":"https:\/\/secure.gravatar.com\/avatar\/4bab693b9d55c3d6b52c0296a8765085?s=96&d=mm&r=g","caption":"admin"},"url":"https:\/\/marekkuchcinski.pl\/en\/author\/marta-olejnik\/"}]}},"_links":{"self":[{"href":"https:\/\/marekkuchcinski.pl\/en\/wp-json\/wp\/v2\/posts\/4260","targetHints":{"allow":["GET"]}}],"collection":[{"href":"https:\/\/marekkuchcinski.pl\/en\/wp-json\/wp\/v2\/posts"}],"about":[{"href":"https:\/\/marekkuchcinski.pl\/en\/wp-json\/wp\/v2\/types\/post"}],"author":[{"embeddable":true,"href":"https:\/\/marekkuchcinski.pl\/en\/wp-json\/wp\/v2\/users\/6"}],"replies":[{"embeddable":true,"href":"https:\/\/marekkuchcinski.pl\/en\/wp-json\/wp\/v2\/comments?post=4260"}],"version-history":[{"count":3,"href":"https:\/\/marekkuchcinski.pl\/en\/wp-json\/wp\/v2\/posts\/4260\/revisions"}],"predecessor-version":[{"id":4275,"href":"https:\/\/marekkuchcinski.pl\/en\/wp-json\/wp\/v2\/posts\/4260\/revisions\/4275"}],"wp:featuredmedia":[{"embeddable":true,"href":"https:\/\/marekkuchcinski.pl\/en\/wp-json\/wp\/v2\/media\/4261"}],"wp:attachment":[{"href":"https:\/\/marekkuchcinski.pl\/en\/wp-json\/wp\/v2\/media?parent=4260"}],"wp:term":[{"taxonomy":"category","embeddable":true,"href":"https:\/\/marekkuchcinski.pl\/en\/wp-json\/wp\/v2\/categories?post=4260"},{"taxonomy":"post_tag","embeddable":true,"href":"https:\/\/marekkuchcinski.pl\/en\/wp-json\/wp\/v2\/tags?post=4260"}],"curies":[{"name":"wp","href":"https:\/\/api.w.org\/{rel}","templated":true}]}}