{"id":411,"date":"2013-11-18T15:04:17","date_gmt":"2013-11-18T14:04:17","guid":{"rendered":"https:\/\/marekkuchcinski.pl\/?p=411"},"modified":"2016-08-25T16:58:47","modified_gmt":"2016-08-25T14:58:47","slug":"odsloniecie-pomnika-plk-lukasza-cieplinskiego-w-rzeszowie","status":"publish","type":"post","link":"https:\/\/marekkuchcinski.pl\/en\/wydarzenia\/odsloniecie-pomnika-plk-lukasza-cieplinskiego-w-rzeszowie\/","title":{"rendered":"Unveiling of the monument to Colonel \u0141ukasz Ciepli\u0144ski in Rzesz\u00f3w"},"content":{"rendered":"<p><img decoding=\"async\" class=\"alignleft size-full wp-image-410\" style=\"float: left;\" alt=\"odsloniecie pomnika1113\" src=\"https:\/\/marekkuchcinski.pl\/wp-content\/uploads\/2013\/11\/odsloniecie_pomnika1113.jpg\" height=\"106\" width=\"160\" srcset=\"https:\/\/marekkuchcinski.pl\/wp-content\/uploads\/2013\/11\/odsloniecie_pomnika1113.jpg 960w, https:\/\/marekkuchcinski.pl\/wp-content\/uploads\/2013\/11\/odsloniecie_pomnika1113-300x199.jpg 300w, https:\/\/marekkuchcinski.pl\/wp-content\/uploads\/2013\/11\/odsloniecie_pomnika1113-768x509.jpg 768w\" sizes=\"(max-width: 160px) 100vw, 160px\" \/>On Sunday, November 17 this year. Deputy Speaker of the Sejm Marek Kuchci\u0144ski together with MPs of Law and Justice took part in the celebrations commemorating Colonel \u0141ukasz Ciepli\u0144ski. The Law and Justice parliamentarians laid a wreath in front of the unveiled monument to Colonel \u0141ukasz Ciepli\u0144ski.<\/p>\n<p>The monument was officially unveiled by Father J\u00f3zef Sondej, chaplain of the Home Army, \u0141ukasz Ciepli\u0144ski's peer, and the families of the members of the 4th Main Board of the \"Freedom and Independence\" Association, together with representatives of the founders.<\/p>\n<p>  <!--more-->  <\/p>\n<p>Guests from all over Poland and abroad, family members of the activists of the \"Freedom and Independence\" Association, veterans, bishops, parliamentarians, local government officials, representatives of state authorities, donors of the construction of the monument, the military and young people gathered in front of the monument.<\/p>","protected":false},"excerpt":{"rendered":"<p>W niedziel\u0119 17 listopada br. Wicemarsza\u0142ek Sejmu Marek Kuchci\u0144ski wraz z&nbsp;Parlamentarzystami Prawa i Sprawiedliwo\u015bci wzi\u0105\u0142 udzia\u0142 w uroczysto\u015bciach upami\u0119tniaj\u0105cych p\u0142k. \u0141ukasza Ciepli\u0144skiego. Parlamentarzy\u015bci Prawa i Sprawiedliwo\u015bci z\u0142o\u017cyli wieniec przed ods\u0142oni\u0119tym pomnikiem p\u0142k. \u0141ukasza Ciepli\u0144skiego. Uroczystego ods\u0142oni\u0119cia pomnika dokonali: ks. Infu\u0142at J\u00f3zef Sondej &#8211; kapelan Armii Krajowej, r\u00f3wie\u015bnik \u0141ukasza Ciepli\u0144skiego oraz rodziny cz\u0142onk\u00f3w IV Zarz\u0105du G\u0142\u00f3wnego [&hellip;]<\/p>","protected":false},"author":6,"featured_media":410,"comment_status":"open","ping_status":"open","sticky":false,"template":"","format":"standard","meta":{"ngg_post_thumbnail":0,"footnotes":""},"categories":[3],"tags":[],"class_list":["post-411","post","type-post","status-publish","format-standard","has-post-thumbnail","hentry","category-wydarzenia"],"yoast_head":"<!-- This site is optimized with the Yoast SEO plugin v24.7 - https:\/\/yoast.com\/wordpress\/plugins\/seo\/ -->\n<title>Ods\u0142oni\u0119cie pomnika p\u0142k. \u0141ukasza Ciepli\u0144skiego w Rzeszowie &#8211; Marek Kuchci\u0144ski<\/title>\n<meta name=\"robots\" content=\"index, follow, max-snippet:-1, max-image-preview:large, max-video-preview:-1\" \/>\n<link rel=\"canonical\" href=\"https:\/\/marekkuchcinski.pl\/en\/wydarzenia\/odsloniecie-pomnika-plk-lukasza-cieplinskiego-w-rzeszowie\/\" \/>\n<meta property=\"og:locale\" content=\"en_GB\" \/>\n<meta property=\"og:type\" content=\"article\" \/>\n<meta property=\"og:title\" content=\"Ods\u0142oni\u0119cie pomnika p\u0142k. \u0141ukasza Ciepli\u0144skiego w Rzeszowie &#8211; Marek Kuchci\u0144ski\" \/>\n<meta property=\"og:description\" content=\"W niedziel\u0119 17 listopada br. Wicemarsza\u0142ek Sejmu Marek Kuchci\u0144ski wraz z&nbsp;Parlamentarzystami Prawa i Sprawiedliwo\u015bci wzi\u0105\u0142 udzia\u0142 w uroczysto\u015bciach upami\u0119tniaj\u0105cych p\u0142k. \u0141ukasza Ciepli\u0144skiego. Parlamentarzy\u015bci Prawa i Sprawiedliwo\u015bci z\u0142o\u017cyli wieniec przed ods\u0142oni\u0119tym pomnikiem p\u0142k. \u0141ukasza Ciepli\u0144skiego. Uroczystego ods\u0142oni\u0119cia pomnika dokonali: ks. Infu\u0142at J\u00f3zef Sondej &#8211; kapelan Armii Krajowej, r\u00f3wie\u015bnik \u0141ukasza Ciepli\u0144skiego oraz rodziny cz\u0142onk\u00f3w IV Zarz\u0105du G\u0142\u00f3wnego [&hellip;]\" \/>\n<meta property=\"og:url\" content=\"https:\/\/marekkuchcinski.pl\/en\/wydarzenia\/odsloniecie-pomnika-plk-lukasza-cieplinskiego-w-rzeszowie\/\" \/>\n<meta property=\"og:site_name\" content=\"Marek Kuchci\u0144ski\" \/>\n<meta property=\"article:published_time\" content=\"2013-11-18T14:04:17+00:00\" \/>\n<meta property=\"article:modified_time\" content=\"2016-08-25T14:58:47+00:00\" \/>\n<meta property=\"og:image\" content=\"https:\/\/marekkuchcinski.pl\/wp-content\/uploads\/2013\/11\/odsloniecie_pomnika1113.jpg\" \/>\n\t<meta property=\"og:image:width\" content=\"960\" \/>\n\t<meta property=\"og:image:height\" content=\"636\" \/>\n\t<meta property=\"og:image:type\" content=\"image\/jpeg\" \/>\n<meta name=\"author\" content=\"admin\" \/>\n<meta name=\"twitter:card\" content=\"summary_large_image\" \/>\n<meta name=\"twitter:label1\" content=\"Written by\" \/>\n\t<meta name=\"twitter:data1\" content=\"admin\" \/>\n\t<meta name=\"twitter:label2\" content=\"Estimated reading time\" \/>\n\t<meta name=\"twitter:data2\" content=\"1 minute\" \/>\n<script type=\"application\/ld+json\" class=\"yoast-schema-graph\">{\"@context\":\"https:\/\/schema.org\",\"@graph\":[{\"@type\":\"Article\",\"@id\":\"https:\/\/marekkuchcinski.pl\/sk\/wydarzenia\/odsloniecie-pomnika-plk-lukasza-cieplinskiego-w-rzeszowie\/#article\",\"isPartOf\":{\"@id\":\"https:\/\/marekkuchcinski.pl\/sk\/wydarzenia\/odsloniecie-pomnika-plk-lukasza-cieplinskiego-w-rzeszowie\/\"},\"author\":{\"name\":\"admin\",\"@id\":\"https:\/\/marekkuchcinski.pl\/#\/schema\/person\/6f62700996b4d950b6ea2d1183b6c6be\"},\"headline\":\"Ods\u0142oni\u0119cie pomnika p\u0142k. \u0141ukasza Ciepli\u0144skiego w Rzeszowie\",\"datePublished\":\"2013-11-18T14:04:17+00:00\",\"dateModified\":\"2016-08-25T14:58:47+00:00\",\"mainEntityOfPage\":{\"@id\":\"https:\/\/marekkuchcinski.pl\/sk\/wydarzenia\/odsloniecie-pomnika-plk-lukasza-cieplinskiego-w-rzeszowie\/\"},\"wordCount\":146,\"commentCount\":0,\"publisher\":{\"@id\":\"https:\/\/marekkuchcinski.pl\/#organization\"},\"image\":{\"@id\":\"https:\/\/marekkuchcinski.pl\/sk\/wydarzenia\/odsloniecie-pomnika-plk-lukasza-cieplinskiego-w-rzeszowie\/#primaryimage\"},\"thumbnailUrl\":\"https:\/\/marekkuchcinski.pl\/wp-content\/uploads\/2013\/11\/odsloniecie_pomnika1113.jpg\",\"articleSection\":[\"Wydarzenia\"],\"inLanguage\":\"en-GB\",\"potentialAction\":[{\"@type\":\"CommentAction\",\"name\":\"Comment\",\"target\":[\"https:\/\/marekkuchcinski.pl\/sk\/wydarzenia\/odsloniecie-pomnika-plk-lukasza-cieplinskiego-w-rzeszowie\/#respond\"]}]},{\"@type\":\"WebPage\",\"@id\":\"https:\/\/marekkuchcinski.pl\/sk\/wydarzenia\/odsloniecie-pomnika-plk-lukasza-cieplinskiego-w-rzeszowie\/\",\"url\":\"https:\/\/marekkuchcinski.pl\/sk\/wydarzenia\/odsloniecie-pomnika-plk-lukasza-cieplinskiego-w-rzeszowie\/\",\"name\":\"Ods\u0142oni\u0119cie pomnika p\u0142k. \u0141ukasza Ciepli\u0144skiego w Rzeszowie &#8211; Marek Kuchci\u0144ski\",\"isPartOf\":{\"@id\":\"https:\/\/marekkuchcinski.pl\/#website\"},\"primaryImageOfPage\":{\"@id\":\"https:\/\/marekkuchcinski.pl\/sk\/wydarzenia\/odsloniecie-pomnika-plk-lukasza-cieplinskiego-w-rzeszowie\/#primaryimage\"},\"image\":{\"@id\":\"https:\/\/marekkuchcinski.pl\/sk\/wydarzenia\/odsloniecie-pomnika-plk-lukasza-cieplinskiego-w-rzeszowie\/#primaryimage\"},\"thumbnailUrl\":\"https:\/\/marekkuchcinski.pl\/wp-content\/uploads\/2013\/11\/odsloniecie_pomnika1113.jpg\",\"datePublished\":\"2013-11-18T14:04:17+00:00\",\"dateModified\":\"2016-08-25T14:58:47+00:00\",\"breadcrumb\":{\"@id\":\"https:\/\/marekkuchcinski.pl\/sk\/wydarzenia\/odsloniecie-pomnika-plk-lukasza-cieplinskiego-w-rzeszowie\/#breadcrumb\"},\"inLanguage\":\"en-GB\",\"potentialAction\":[{\"@type\":\"ReadAction\",\"target\":[\"https:\/\/marekkuchcinski.pl\/sk\/wydarzenia\/odsloniecie-pomnika-plk-lukasza-cieplinskiego-w-rzeszowie\/\"]}]},{\"@type\":\"ImageObject\",\"inLanguage\":\"en-GB\",\"@id\":\"https:\/\/marekkuchcinski.pl\/sk\/wydarzenia\/odsloniecie-pomnika-plk-lukasza-cieplinskiego-w-rzeszowie\/#primaryimage\",\"url\":\"https:\/\/marekkuchcinski.pl\/wp-content\/uploads\/2013\/11\/odsloniecie_pomnika1113.jpg\",\"contentUrl\":\"https:\/\/marekkuchcinski.pl\/wp-content\/uploads\/2013\/11\/odsloniecie_pomnika1113.jpg\",\"width\":960,\"height\":636,\"caption\":\"odsloniecie pomnika1113\"},{\"@type\":\"BreadcrumbList\",\"@id\":\"https:\/\/marekkuchcinski.pl\/sk\/wydarzenia\/odsloniecie-pomnika-plk-lukasza-cieplinskiego-w-rzeszowie\/#breadcrumb\",\"itemListElement\":[{\"@type\":\"ListItem\",\"position\":1,\"name\":\"Strona g\u0142\u00f3wna\",\"item\":\"https:\/\/marekkuchcinski.pl\/\"},{\"@type\":\"ListItem\",\"position\":2,\"name\":\"Ods\u0142oni\u0119cie pomnika p\u0142k. \u0141ukasza Ciepli\u0144skiego w Rzeszowie\"}]},{\"@type\":\"WebSite\",\"@id\":\"https:\/\/marekkuchcinski.pl\/#website\",\"url\":\"https:\/\/marekkuchcinski.pl\/\",\"name\":\"Marek Kuchci\u0144ski\",\"description\":\"Pose\u0142 na sejm RP &ndash; okr\u0119g nr 22\",\"publisher\":{\"@id\":\"https:\/\/marekkuchcinski.pl\/#organization\"},\"potentialAction\":[{\"@type\":\"SearchAction\",\"target\":{\"@type\":\"EntryPoint\",\"urlTemplate\":\"https:\/\/marekkuchcinski.pl\/?s={search_term_string}\"},\"query-input\":{\"@type\":\"PropertyValueSpecification\",\"valueRequired\":true,\"valueName\":\"search_term_string\"}}],\"inLanguage\":\"en-GB\"},{\"@type\":\"Organization\",\"@id\":\"https:\/\/marekkuchcinski.pl\/#organization\",\"name\":\"Marek Kuchci\u0144ski\",\"url\":\"https:\/\/marekkuchcinski.pl\/\",\"logo\":{\"@type\":\"ImageObject\",\"inLanguage\":\"en-GB\",\"@id\":\"https:\/\/marekkuchcinski.pl\/#\/schema\/logo\/image\/\",\"url\":\"https:\/\/marekkuchcinski.pl\/wp-content\/uploads\/2022\/09\/Marek.jpg\",\"contentUrl\":\"https:\/\/marekkuchcinski.pl\/wp-content\/uploads\/2022\/09\/Marek.jpg\",\"width\":1600,\"height\":971,\"caption\":\"Marek Kuchci\u0144ski\"},\"image\":{\"@id\":\"https:\/\/marekkuchcinski.pl\/#\/schema\/logo\/image\/\"}},{\"@type\":\"Person\",\"@id\":\"https:\/\/marekkuchcinski.pl\/#\/schema\/person\/6f62700996b4d950b6ea2d1183b6c6be\",\"name\":\"admin\",\"image\":{\"@type\":\"ImageObject\",\"inLanguage\":\"en-GB\",\"@id\":\"https:\/\/marekkuchcinski.pl\/#\/schema\/person\/image\/\",\"url\":\"https:\/\/secure.gravatar.com\/avatar\/4bab693b9d55c3d6b52c0296a8765085?s=96&d=mm&r=g\",\"contentUrl\":\"https:\/\/secure.gravatar.com\/avatar\/4bab693b9d55c3d6b52c0296a8765085?s=96&d=mm&r=g\",\"caption\":\"admin\"},\"url\":\"https:\/\/marekkuchcinski.pl\/en\/author\/marta-olejnik\/\"}]}<\/script>\n<!-- \/ Yoast SEO plugin. -->","yoast_head_json":{"title":"Ods\u0142oni\u0119cie pomnika p\u0142k. \u0141ukasza Ciepli\u0144skiego w Rzeszowie &#8211; Marek Kuchci\u0144ski","robots":{"index":"index","follow":"follow","max-snippet":"max-snippet:-1","max-image-preview":"max-image-preview:large","max-video-preview":"max-video-preview:-1"},"canonical":"https:\/\/marekkuchcinski.pl\/en\/wydarzenia\/odsloniecie-pomnika-plk-lukasza-cieplinskiego-w-rzeszowie\/","og_locale":"en_GB","og_type":"article","og_title":"Ods\u0142oni\u0119cie pomnika p\u0142k. \u0141ukasza Ciepli\u0144skiego w Rzeszowie &#8211; Marek Kuchci\u0144ski","og_description":"W niedziel\u0119 17 listopada br. Wicemarsza\u0142ek Sejmu Marek Kuchci\u0144ski wraz z&nbsp;Parlamentarzystami Prawa i Sprawiedliwo\u015bci wzi\u0105\u0142 udzia\u0142 w uroczysto\u015bciach upami\u0119tniaj\u0105cych p\u0142k. \u0141ukasza Ciepli\u0144skiego. Parlamentarzy\u015bci Prawa i Sprawiedliwo\u015bci z\u0142o\u017cyli wieniec przed ods\u0142oni\u0119tym pomnikiem p\u0142k. \u0141ukasza Ciepli\u0144skiego. Uroczystego ods\u0142oni\u0119cia pomnika dokonali: ks. Infu\u0142at J\u00f3zef Sondej &#8211; kapelan Armii Krajowej, r\u00f3wie\u015bnik \u0141ukasza Ciepli\u0144skiego oraz rodziny cz\u0142onk\u00f3w IV Zarz\u0105du G\u0142\u00f3wnego [&hellip;]","og_url":"https:\/\/marekkuchcinski.pl\/en\/wydarzenia\/odsloniecie-pomnika-plk-lukasza-cieplinskiego-w-rzeszowie\/","og_site_name":"Marek Kuchci\u0144ski","article_published_time":"2013-11-18T14:04:17+00:00","article_modified_time":"2016-08-25T14:58:47+00:00","og_image":[{"width":960,"height":636,"url":"https:\/\/marekkuchcinski.pl\/wp-content\/uploads\/2013\/11\/odsloniecie_pomnika1113.jpg","type":"image\/jpeg"}],"author":"admin","twitter_card":"summary_large_image","twitter_misc":{"Written by":"admin","Estimated reading time":"1 minute"},"schema":{"@context":"https:\/\/schema.org","@graph":[{"@type":"Article","@id":"https:\/\/marekkuchcinski.pl\/sk\/wydarzenia\/odsloniecie-pomnika-plk-lukasza-cieplinskiego-w-rzeszowie\/#article","isPartOf":{"@id":"https:\/\/marekkuchcinski.pl\/sk\/wydarzenia\/odsloniecie-pomnika-plk-lukasza-cieplinskiego-w-rzeszowie\/"},"author":{"name":"admin","@id":"https:\/\/marekkuchcinski.pl\/#\/schema\/person\/6f62700996b4d950b6ea2d1183b6c6be"},"headline":"Ods\u0142oni\u0119cie pomnika p\u0142k. \u0141ukasza Ciepli\u0144skiego w Rzeszowie","datePublished":"2013-11-18T14:04:17+00:00","dateModified":"2016-08-25T14:58:47+00:00","mainEntityOfPage":{"@id":"https:\/\/marekkuchcinski.pl\/sk\/wydarzenia\/odsloniecie-pomnika-plk-lukasza-cieplinskiego-w-rzeszowie\/"},"wordCount":146,"commentCount":0,"publisher":{"@id":"https:\/\/marekkuchcinski.pl\/#organization"},"image":{"@id":"https:\/\/marekkuchcinski.pl\/sk\/wydarzenia\/odsloniecie-pomnika-plk-lukasza-cieplinskiego-w-rzeszowie\/#primaryimage"},"thumbnailUrl":"https:\/\/marekkuchcinski.pl\/wp-content\/uploads\/2013\/11\/odsloniecie_pomnika1113.jpg","articleSection":["Wydarzenia"],"inLanguage":"en-GB","potentialAction":[{"@type":"CommentAction","name":"Comment","target":["https:\/\/marekkuchcinski.pl\/sk\/wydarzenia\/odsloniecie-pomnika-plk-lukasza-cieplinskiego-w-rzeszowie\/#respond"]}]},{"@type":"WebPage","@id":"https:\/\/marekkuchcinski.pl\/sk\/wydarzenia\/odsloniecie-pomnika-plk-lukasza-cieplinskiego-w-rzeszowie\/","url":"https:\/\/marekkuchcinski.pl\/sk\/wydarzenia\/odsloniecie-pomnika-plk-lukasza-cieplinskiego-w-rzeszowie\/","name":"Ods\u0142oni\u0119cie pomnika p\u0142k. \u0141ukasza Ciepli\u0144skiego w Rzeszowie &#8211; Marek Kuchci\u0144ski","isPartOf":{"@id":"https:\/\/marekkuchcinski.pl\/#website"},"primaryImageOfPage":{"@id":"https:\/\/marekkuchcinski.pl\/sk\/wydarzenia\/odsloniecie-pomnika-plk-lukasza-cieplinskiego-w-rzeszowie\/#primaryimage"},"image":{"@id":"https:\/\/marekkuchcinski.pl\/sk\/wydarzenia\/odsloniecie-pomnika-plk-lukasza-cieplinskiego-w-rzeszowie\/#primaryimage"},"thumbnailUrl":"https:\/\/marekkuchcinski.pl\/wp-content\/uploads\/2013\/11\/odsloniecie_pomnika1113.jpg","datePublished":"2013-11-18T14:04:17+00:00","dateModified":"2016-08-25T14:58:47+00:00","breadcrumb":{"@id":"https:\/\/marekkuchcinski.pl\/sk\/wydarzenia\/odsloniecie-pomnika-plk-lukasza-cieplinskiego-w-rzeszowie\/#breadcrumb"},"inLanguage":"en-GB","potentialAction":[{"@type":"ReadAction","target":["https:\/\/marekkuchcinski.pl\/sk\/wydarzenia\/odsloniecie-pomnika-plk-lukasza-cieplinskiego-w-rzeszowie\/"]}]},{"@type":"ImageObject","inLanguage":"en-GB","@id":"https:\/\/marekkuchcinski.pl\/sk\/wydarzenia\/odsloniecie-pomnika-plk-lukasza-cieplinskiego-w-rzeszowie\/#primaryimage","url":"https:\/\/marekkuchcinski.pl\/wp-content\/uploads\/2013\/11\/odsloniecie_pomnika1113.jpg","contentUrl":"https:\/\/marekkuchcinski.pl\/wp-content\/uploads\/2013\/11\/odsloniecie_pomnika1113.jpg","width":960,"height":636,"caption":"odsloniecie pomnika1113"},{"@type":"BreadcrumbList","@id":"https:\/\/marekkuchcinski.pl\/sk\/wydarzenia\/odsloniecie-pomnika-plk-lukasza-cieplinskiego-w-rzeszowie\/#breadcrumb","itemListElement":[{"@type":"ListItem","position":1,"name":"Strona g\u0142\u00f3wna","item":"https:\/\/marekkuchcinski.pl\/"},{"@type":"ListItem","position":2,"name":"Ods\u0142oni\u0119cie pomnika p\u0142k. \u0141ukasza Ciepli\u0144skiego w Rzeszowie"}]},{"@type":"WebSite","@id":"https:\/\/marekkuchcinski.pl\/#website","url":"https:\/\/marekkuchcinski.pl\/","name":"Marek Kuchci\u0144ski","description":"Pose\u0142 na sejm RP &ndash; okr\u0119g nr 22","publisher":{"@id":"https:\/\/marekkuchcinski.pl\/#organization"},"potentialAction":[{"@type":"SearchAction","target":{"@type":"EntryPoint","urlTemplate":"https:\/\/marekkuchcinski.pl\/?s={search_term_string}"},"query-input":{"@type":"PropertyValueSpecification","valueRequired":true,"valueName":"search_term_string"}}],"inLanguage":"en-GB"},{"@type":"Organization","@id":"https:\/\/marekkuchcinski.pl\/#organization","name":"Marek Kuchci\u0144ski","url":"https:\/\/marekkuchcinski.pl\/","logo":{"@type":"ImageObject","inLanguage":"en-GB","@id":"https:\/\/marekkuchcinski.pl\/#\/schema\/logo\/image\/","url":"https:\/\/marekkuchcinski.pl\/wp-content\/uploads\/2022\/09\/Marek.jpg","contentUrl":"https:\/\/marekkuchcinski.pl\/wp-content\/uploads\/2022\/09\/Marek.jpg","width":1600,"height":971,"caption":"Marek Kuchci\u0144ski"},"image":{"@id":"https:\/\/marekkuchcinski.pl\/#\/schema\/logo\/image\/"}},{"@type":"Person","@id":"https:\/\/marekkuchcinski.pl\/#\/schema\/person\/6f62700996b4d950b6ea2d1183b6c6be","name":"admin","image":{"@type":"ImageObject","inLanguage":"en-GB","@id":"https:\/\/marekkuchcinski.pl\/#\/schema\/person\/image\/","url":"https:\/\/secure.gravatar.com\/avatar\/4bab693b9d55c3d6b52c0296a8765085?s=96&d=mm&r=g","contentUrl":"https:\/\/secure.gravatar.com\/avatar\/4bab693b9d55c3d6b52c0296a8765085?s=96&d=mm&r=g","caption":"admin"},"url":"https:\/\/marekkuchcinski.pl\/en\/author\/marta-olejnik\/"}]}},"_links":{"self":[{"href":"https:\/\/marekkuchcinski.pl\/en\/wp-json\/wp\/v2\/posts\/411","targetHints":{"allow":["GET"]}}],"collection":[{"href":"https:\/\/marekkuchcinski.pl\/en\/wp-json\/wp\/v2\/posts"}],"about":[{"href":"https:\/\/marekkuchcinski.pl\/en\/wp-json\/wp\/v2\/types\/post"}],"author":[{"embeddable":true,"href":"https:\/\/marekkuchcinski.pl\/en\/wp-json\/wp\/v2\/users\/6"}],"replies":[{"embeddable":true,"href":"https:\/\/marekkuchcinski.pl\/en\/wp-json\/wp\/v2\/comments?post=411"}],"version-history":[{"count":1,"href":"https:\/\/marekkuchcinski.pl\/en\/wp-json\/wp\/v2\/posts\/411\/revisions"}],"predecessor-version":[{"id":1213,"href":"https:\/\/marekkuchcinski.pl\/en\/wp-json\/wp\/v2\/posts\/411\/revisions\/1213"}],"wp:featuredmedia":[{"embeddable":true,"href":"https:\/\/marekkuchcinski.pl\/en\/wp-json\/wp\/v2\/media\/410"}],"wp:attachment":[{"href":"https:\/\/marekkuchcinski.pl\/en\/wp-json\/wp\/v2\/media?parent=411"}],"wp:term":[{"taxonomy":"category","embeddable":true,"href":"https:\/\/marekkuchcinski.pl\/en\/wp-json\/wp\/v2\/categories?post=411"},{"taxonomy":"post_tag","embeddable":true,"href":"https:\/\/marekkuchcinski.pl\/en\/wp-json\/wp\/v2\/tags?post=411"}],"curies":[{"name":"wp","href":"https:\/\/api.w.org\/{rel}","templated":true}]}}