{"id":41,"date":"2011-07-19T19:47:28","date_gmt":"2011-07-19T17:47:28","guid":{"rendered":"https:\/\/marekkuchcinski.pl\/kronika-sejmowa-z-15-czerwca-2011-roku-str-35\/"},"modified":"2016-08-25T17:06:40","modified_gmt":"2016-08-25T15:06:40","slug":"kronika-sejmowa-z-15-czerwca-2011-roku-str-35","status":"publish","type":"post","link":"https:\/\/marekkuchcinski.pl\/en\/wicemarszalek-sejmu-rp\/dzialalnosc\/kronika-sejmowa-z-15-czerwca-2011-roku-str-35\/","title":{"rendered":"Sejm Chronicle of June 15, 2011, p. 35"},"content":{"rendered":"<p>In accordance with the tradition of several years, on 1 June 2011 another, already the seventeenth session of the Children and Youth Parliament was held at the Sejm. It was organized by the Chancellery of the Sejm in cooperation with the Center for Citizenship Education Foundation, the Project: Poland Foundation, and the Ministry of National Education. The topic of this year's Session \"Volunteering for active citizenship\" referred to the decision of the Council of the European Union to designate 2011 as the European Year of Voluntary Activities Promoting Active Citizenship. The session was co-chaired by the Deputy Speaker of the Polish Parliament Marek Kuchci\u0144ski.<\/p>\n<p>&nbsp;<\/p>\n<p><img fetchpriority=\"high\" decoding=\"async\" class=\"size-full wp-image-40\" style=\"display: block; margin-left: auto; margin-right: auto;\" alt=\"\" src=\"https:\/\/marekkuchcinski.pl\/wp-content\/uploads\/2011\/07\/posiedzenie_sejmu.jpg\" width=\"450\" height=\"270\" srcset=\"https:\/\/marekkuchcinski.pl\/wp-content\/uploads\/2011\/07\/posiedzenie_sejmu.jpg 450w, https:\/\/marekkuchcinski.pl\/wp-content\/uploads\/2011\/07\/posiedzenie_sejmu-300x180.jpg 300w\" sizes=\"(max-width: 450px) 100vw, 450px\" \/><\/p>","protected":false},"excerpt":{"rendered":"<p>Zgodnie z kilkunastoletni\u0105 tradycj\u0105 w dniu 1 czerwca 2011 r. odby\u0142a si\u0119 w Sejmie kolejna, ju\u017c XVII sesja Sejmu Dzieci i M\u0142odzie\u017cy. Zorganizowa\u0142a j\u0105 Kancelaria Sejmu w porozumieniu z Fundacj\u0105 Centrum Edukacji Obywatelskiej, Fundacj\u0105 Projekt: Polska oraz Ministerstwem Edukacji Narodowej. Temat tegorocznej Sesji \u201eWolontariat na rzecz aktywno\u015bci obywatelskiej\u201d nawi\u0105zywa\u0142 do decyzji Rady Unii Europejskiej, kt\u00f3ra [&hellip;]<\/p>","protected":false},"author":6,"featured_media":40,"comment_status":"open","ping_status":"open","sticky":false,"template":"","format":"standard","meta":{"ngg_post_thumbnail":0,"footnotes":""},"categories":[53],"tags":[],"class_list":["post-41","post","type-post","status-publish","format-standard","has-post-thumbnail","hentry","category-dzialalnosc"],"yoast_head":"<!-- This site is optimized with the Yoast SEO plugin v24.7 - https:\/\/yoast.com\/wordpress\/plugins\/seo\/ -->\n<title>Kronika Sejmowa z 15 czerwca 2011 roku, str. 35 &#8211; Marek Kuchci\u0144ski<\/title>\n<meta name=\"robots\" content=\"index, follow, max-snippet:-1, max-image-preview:large, max-video-preview:-1\" \/>\n<link rel=\"canonical\" href=\"https:\/\/marekkuchcinski.pl\/en\/wicemarszalek-sejmu-rp\/dzialalnosc\/kronika-sejmowa-z-15-czerwca-2011-roku-str-35\/\" \/>\n<meta property=\"og:locale\" content=\"en_GB\" \/>\n<meta property=\"og:type\" content=\"article\" \/>\n<meta property=\"og:title\" content=\"Kronika Sejmowa z 15 czerwca 2011 roku, str. 35 &#8211; Marek Kuchci\u0144ski\" \/>\n<meta property=\"og:description\" content=\"Zgodnie z kilkunastoletni\u0105 tradycj\u0105 w dniu 1 czerwca 2011 r. odby\u0142a si\u0119 w Sejmie kolejna, ju\u017c XVII sesja Sejmu Dzieci i M\u0142odzie\u017cy. Zorganizowa\u0142a j\u0105 Kancelaria Sejmu w porozumieniu z Fundacj\u0105 Centrum Edukacji Obywatelskiej, Fundacj\u0105 Projekt: Polska oraz Ministerstwem Edukacji Narodowej. Temat tegorocznej Sesji \u201eWolontariat na rzecz aktywno\u015bci obywatelskiej\u201d nawi\u0105zywa\u0142 do decyzji Rady Unii Europejskiej, kt\u00f3ra [&hellip;]\" \/>\n<meta property=\"og:url\" content=\"https:\/\/marekkuchcinski.pl\/en\/wicemarszalek-sejmu-rp\/dzialalnosc\/kronika-sejmowa-z-15-czerwca-2011-roku-str-35\/\" \/>\n<meta property=\"og:site_name\" content=\"Marek Kuchci\u0144ski\" \/>\n<meta property=\"article:published_time\" content=\"2011-07-19T17:47:28+00:00\" \/>\n<meta property=\"article:modified_time\" content=\"2016-08-25T15:06:40+00:00\" \/>\n<meta property=\"og:image\" content=\"https:\/\/marekkuchcinski.pl\/wp-content\/uploads\/2011\/07\/posiedzenie_sejmu.jpg\" \/>\n\t<meta property=\"og:image:width\" content=\"450\" \/>\n\t<meta property=\"og:image:height\" content=\"270\" \/>\n\t<meta property=\"og:image:type\" content=\"image\/jpeg\" \/>\n<meta name=\"author\" content=\"admin\" \/>\n<meta name=\"twitter:card\" content=\"summary_large_image\" \/>\n<meta name=\"twitter:label1\" content=\"Written by\" \/>\n\t<meta name=\"twitter:data1\" content=\"admin\" \/>\n<script type=\"application\/ld+json\" class=\"yoast-schema-graph\">{\"@context\":\"https:\/\/schema.org\",\"@graph\":[{\"@type\":\"Article\",\"@id\":\"https:\/\/marekkuchcinski.pl\/wicemarszalek-sejmu-rp\/dzialalnosc\/kronika-sejmowa-z-15-czerwca-2011-roku-str-35\/#article\",\"isPartOf\":{\"@id\":\"https:\/\/marekkuchcinski.pl\/wicemarszalek-sejmu-rp\/dzialalnosc\/kronika-sejmowa-z-15-czerwca-2011-roku-str-35\/\"},\"author\":{\"name\":\"admin\",\"@id\":\"https:\/\/marekkuchcinski.pl\/#\/schema\/person\/6f62700996b4d950b6ea2d1183b6c6be\"},\"headline\":\"Kronika Sejmowa z 15 czerwca 2011 roku, str. 35\",\"datePublished\":\"2011-07-19T17:47:28+00:00\",\"dateModified\":\"2016-08-25T15:06:40+00:00\",\"mainEntityOfPage\":{\"@id\":\"https:\/\/marekkuchcinski.pl\/wicemarszalek-sejmu-rp\/dzialalnosc\/kronika-sejmowa-z-15-czerwca-2011-roku-str-35\/\"},\"wordCount\":89,\"commentCount\":0,\"publisher\":{\"@id\":\"https:\/\/marekkuchcinski.pl\/#organization\"},\"image\":{\"@id\":\"https:\/\/marekkuchcinski.pl\/wicemarszalek-sejmu-rp\/dzialalnosc\/kronika-sejmowa-z-15-czerwca-2011-roku-str-35\/#primaryimage\"},\"thumbnailUrl\":\"https:\/\/marekkuchcinski.pl\/wp-content\/uploads\/2011\/07\/posiedzenie_sejmu.jpg\",\"articleSection\":[\"Dzia\u0142alno\u015b\u0107\"],\"inLanguage\":\"en-GB\",\"potentialAction\":[{\"@type\":\"CommentAction\",\"name\":\"Comment\",\"target\":[\"https:\/\/marekkuchcinski.pl\/wicemarszalek-sejmu-rp\/dzialalnosc\/kronika-sejmowa-z-15-czerwca-2011-roku-str-35\/#respond\"]}]},{\"@type\":\"WebPage\",\"@id\":\"https:\/\/marekkuchcinski.pl\/wicemarszalek-sejmu-rp\/dzialalnosc\/kronika-sejmowa-z-15-czerwca-2011-roku-str-35\/\",\"url\":\"https:\/\/marekkuchcinski.pl\/wicemarszalek-sejmu-rp\/dzialalnosc\/kronika-sejmowa-z-15-czerwca-2011-roku-str-35\/\",\"name\":\"Kronika Sejmowa z 15 czerwca 2011 roku, str. 35 &#8211; Marek Kuchci\u0144ski\",\"isPartOf\":{\"@id\":\"https:\/\/marekkuchcinski.pl\/#website\"},\"primaryImageOfPage\":{\"@id\":\"https:\/\/marekkuchcinski.pl\/wicemarszalek-sejmu-rp\/dzialalnosc\/kronika-sejmowa-z-15-czerwca-2011-roku-str-35\/#primaryimage\"},\"image\":{\"@id\":\"https:\/\/marekkuchcinski.pl\/wicemarszalek-sejmu-rp\/dzialalnosc\/kronika-sejmowa-z-15-czerwca-2011-roku-str-35\/#primaryimage\"},\"thumbnailUrl\":\"https:\/\/marekkuchcinski.pl\/wp-content\/uploads\/2011\/07\/posiedzenie_sejmu.jpg\",\"datePublished\":\"2011-07-19T17:47:28+00:00\",\"dateModified\":\"2016-08-25T15:06:40+00:00\",\"breadcrumb\":{\"@id\":\"https:\/\/marekkuchcinski.pl\/wicemarszalek-sejmu-rp\/dzialalnosc\/kronika-sejmowa-z-15-czerwca-2011-roku-str-35\/#breadcrumb\"},\"inLanguage\":\"en-GB\",\"potentialAction\":[{\"@type\":\"ReadAction\",\"target\":[\"https:\/\/marekkuchcinski.pl\/wicemarszalek-sejmu-rp\/dzialalnosc\/kronika-sejmowa-z-15-czerwca-2011-roku-str-35\/\"]}]},{\"@type\":\"ImageObject\",\"inLanguage\":\"en-GB\",\"@id\":\"https:\/\/marekkuchcinski.pl\/wicemarszalek-sejmu-rp\/dzialalnosc\/kronika-sejmowa-z-15-czerwca-2011-roku-str-35\/#primaryimage\",\"url\":\"https:\/\/marekkuchcinski.pl\/wp-content\/uploads\/2011\/07\/posiedzenie_sejmu.jpg\",\"contentUrl\":\"https:\/\/marekkuchcinski.pl\/wp-content\/uploads\/2011\/07\/posiedzenie_sejmu.jpg\",\"width\":450,\"height\":270},{\"@type\":\"BreadcrumbList\",\"@id\":\"https:\/\/marekkuchcinski.pl\/wicemarszalek-sejmu-rp\/dzialalnosc\/kronika-sejmowa-z-15-czerwca-2011-roku-str-35\/#breadcrumb\",\"itemListElement\":[{\"@type\":\"ListItem\",\"position\":1,\"name\":\"Strona g\u0142\u00f3wna\",\"item\":\"https:\/\/marekkuchcinski.pl\/\"},{\"@type\":\"ListItem\",\"position\":2,\"name\":\"Kronika Sejmowa z 15 czerwca 2011 roku, str. 35\"}]},{\"@type\":\"WebSite\",\"@id\":\"https:\/\/marekkuchcinski.pl\/#website\",\"url\":\"https:\/\/marekkuchcinski.pl\/\",\"name\":\"Marek Kuchci\u0144ski\",\"description\":\"Pose\u0142 na sejm RP &ndash; okr\u0119g nr 22\",\"publisher\":{\"@id\":\"https:\/\/marekkuchcinski.pl\/#organization\"},\"potentialAction\":[{\"@type\":\"SearchAction\",\"target\":{\"@type\":\"EntryPoint\",\"urlTemplate\":\"https:\/\/marekkuchcinski.pl\/?s={search_term_string}\"},\"query-input\":{\"@type\":\"PropertyValueSpecification\",\"valueRequired\":true,\"valueName\":\"search_term_string\"}}],\"inLanguage\":\"en-GB\"},{\"@type\":\"Organization\",\"@id\":\"https:\/\/marekkuchcinski.pl\/#organization\",\"name\":\"Marek Kuchci\u0144ski\",\"url\":\"https:\/\/marekkuchcinski.pl\/\",\"logo\":{\"@type\":\"ImageObject\",\"inLanguage\":\"en-GB\",\"@id\":\"https:\/\/marekkuchcinski.pl\/#\/schema\/logo\/image\/\",\"url\":\"https:\/\/marekkuchcinski.pl\/wp-content\/uploads\/2022\/09\/Marek.jpg\",\"contentUrl\":\"https:\/\/marekkuchcinski.pl\/wp-content\/uploads\/2022\/09\/Marek.jpg\",\"width\":1600,\"height\":971,\"caption\":\"Marek Kuchci\u0144ski\"},\"image\":{\"@id\":\"https:\/\/marekkuchcinski.pl\/#\/schema\/logo\/image\/\"}},{\"@type\":\"Person\",\"@id\":\"https:\/\/marekkuchcinski.pl\/#\/schema\/person\/6f62700996b4d950b6ea2d1183b6c6be\",\"name\":\"admin\",\"image\":{\"@type\":\"ImageObject\",\"inLanguage\":\"en-GB\",\"@id\":\"https:\/\/marekkuchcinski.pl\/#\/schema\/person\/image\/\",\"url\":\"https:\/\/secure.gravatar.com\/avatar\/4bab693b9d55c3d6b52c0296a8765085?s=96&d=mm&r=g\",\"contentUrl\":\"https:\/\/secure.gravatar.com\/avatar\/4bab693b9d55c3d6b52c0296a8765085?s=96&d=mm&r=g\",\"caption\":\"admin\"},\"url\":\"https:\/\/marekkuchcinski.pl\/en\/author\/marta-olejnik\/\"}]}<\/script>\n<!-- \/ Yoast SEO plugin. -->","yoast_head_json":{"title":"Kronika Sejmowa z 15 czerwca 2011 roku, str. 35 &#8211; Marek Kuchci\u0144ski","robots":{"index":"index","follow":"follow","max-snippet":"max-snippet:-1","max-image-preview":"max-image-preview:large","max-video-preview":"max-video-preview:-1"},"canonical":"https:\/\/marekkuchcinski.pl\/en\/wicemarszalek-sejmu-rp\/dzialalnosc\/kronika-sejmowa-z-15-czerwca-2011-roku-str-35\/","og_locale":"en_GB","og_type":"article","og_title":"Kronika Sejmowa z 15 czerwca 2011 roku, str. 35 &#8211; Marek Kuchci\u0144ski","og_description":"Zgodnie z kilkunastoletni\u0105 tradycj\u0105 w dniu 1 czerwca 2011 r. odby\u0142a si\u0119 w Sejmie kolejna, ju\u017c XVII sesja Sejmu Dzieci i M\u0142odzie\u017cy. Zorganizowa\u0142a j\u0105 Kancelaria Sejmu w porozumieniu z Fundacj\u0105 Centrum Edukacji Obywatelskiej, Fundacj\u0105 Projekt: Polska oraz Ministerstwem Edukacji Narodowej. Temat tegorocznej Sesji \u201eWolontariat na rzecz aktywno\u015bci obywatelskiej\u201d nawi\u0105zywa\u0142 do decyzji Rady Unii Europejskiej, kt\u00f3ra [&hellip;]","og_url":"https:\/\/marekkuchcinski.pl\/en\/wicemarszalek-sejmu-rp\/dzialalnosc\/kronika-sejmowa-z-15-czerwca-2011-roku-str-35\/","og_site_name":"Marek Kuchci\u0144ski","article_published_time":"2011-07-19T17:47:28+00:00","article_modified_time":"2016-08-25T15:06:40+00:00","og_image":[{"width":450,"height":270,"url":"https:\/\/marekkuchcinski.pl\/wp-content\/uploads\/2011\/07\/posiedzenie_sejmu.jpg","type":"image\/jpeg"}],"author":"admin","twitter_card":"summary_large_image","twitter_misc":{"Written by":"admin"},"schema":{"@context":"https:\/\/schema.org","@graph":[{"@type":"Article","@id":"https:\/\/marekkuchcinski.pl\/wicemarszalek-sejmu-rp\/dzialalnosc\/kronika-sejmowa-z-15-czerwca-2011-roku-str-35\/#article","isPartOf":{"@id":"https:\/\/marekkuchcinski.pl\/wicemarszalek-sejmu-rp\/dzialalnosc\/kronika-sejmowa-z-15-czerwca-2011-roku-str-35\/"},"author":{"name":"admin","@id":"https:\/\/marekkuchcinski.pl\/#\/schema\/person\/6f62700996b4d950b6ea2d1183b6c6be"},"headline":"Kronika Sejmowa z 15 czerwca 2011 roku, str. 35","datePublished":"2011-07-19T17:47:28+00:00","dateModified":"2016-08-25T15:06:40+00:00","mainEntityOfPage":{"@id":"https:\/\/marekkuchcinski.pl\/wicemarszalek-sejmu-rp\/dzialalnosc\/kronika-sejmowa-z-15-czerwca-2011-roku-str-35\/"},"wordCount":89,"commentCount":0,"publisher":{"@id":"https:\/\/marekkuchcinski.pl\/#organization"},"image":{"@id":"https:\/\/marekkuchcinski.pl\/wicemarszalek-sejmu-rp\/dzialalnosc\/kronika-sejmowa-z-15-czerwca-2011-roku-str-35\/#primaryimage"},"thumbnailUrl":"https:\/\/marekkuchcinski.pl\/wp-content\/uploads\/2011\/07\/posiedzenie_sejmu.jpg","articleSection":["Dzia\u0142alno\u015b\u0107"],"inLanguage":"en-GB","potentialAction":[{"@type":"CommentAction","name":"Comment","target":["https:\/\/marekkuchcinski.pl\/wicemarszalek-sejmu-rp\/dzialalnosc\/kronika-sejmowa-z-15-czerwca-2011-roku-str-35\/#respond"]}]},{"@type":"WebPage","@id":"https:\/\/marekkuchcinski.pl\/wicemarszalek-sejmu-rp\/dzialalnosc\/kronika-sejmowa-z-15-czerwca-2011-roku-str-35\/","url":"https:\/\/marekkuchcinski.pl\/wicemarszalek-sejmu-rp\/dzialalnosc\/kronika-sejmowa-z-15-czerwca-2011-roku-str-35\/","name":"Kronika Sejmowa z 15 czerwca 2011 roku, str. 35 &#8211; Marek Kuchci\u0144ski","isPartOf":{"@id":"https:\/\/marekkuchcinski.pl\/#website"},"primaryImageOfPage":{"@id":"https:\/\/marekkuchcinski.pl\/wicemarszalek-sejmu-rp\/dzialalnosc\/kronika-sejmowa-z-15-czerwca-2011-roku-str-35\/#primaryimage"},"image":{"@id":"https:\/\/marekkuchcinski.pl\/wicemarszalek-sejmu-rp\/dzialalnosc\/kronika-sejmowa-z-15-czerwca-2011-roku-str-35\/#primaryimage"},"thumbnailUrl":"https:\/\/marekkuchcinski.pl\/wp-content\/uploads\/2011\/07\/posiedzenie_sejmu.jpg","datePublished":"2011-07-19T17:47:28+00:00","dateModified":"2016-08-25T15:06:40+00:00","breadcrumb":{"@id":"https:\/\/marekkuchcinski.pl\/wicemarszalek-sejmu-rp\/dzialalnosc\/kronika-sejmowa-z-15-czerwca-2011-roku-str-35\/#breadcrumb"},"inLanguage":"en-GB","potentialAction":[{"@type":"ReadAction","target":["https:\/\/marekkuchcinski.pl\/wicemarszalek-sejmu-rp\/dzialalnosc\/kronika-sejmowa-z-15-czerwca-2011-roku-str-35\/"]}]},{"@type":"ImageObject","inLanguage":"en-GB","@id":"https:\/\/marekkuchcinski.pl\/wicemarszalek-sejmu-rp\/dzialalnosc\/kronika-sejmowa-z-15-czerwca-2011-roku-str-35\/#primaryimage","url":"https:\/\/marekkuchcinski.pl\/wp-content\/uploads\/2011\/07\/posiedzenie_sejmu.jpg","contentUrl":"https:\/\/marekkuchcinski.pl\/wp-content\/uploads\/2011\/07\/posiedzenie_sejmu.jpg","width":450,"height":270},{"@type":"BreadcrumbList","@id":"https:\/\/marekkuchcinski.pl\/wicemarszalek-sejmu-rp\/dzialalnosc\/kronika-sejmowa-z-15-czerwca-2011-roku-str-35\/#breadcrumb","itemListElement":[{"@type":"ListItem","position":1,"name":"Strona g\u0142\u00f3wna","item":"https:\/\/marekkuchcinski.pl\/"},{"@type":"ListItem","position":2,"name":"Kronika Sejmowa z 15 czerwca 2011 roku, str. 35"}]},{"@type":"WebSite","@id":"https:\/\/marekkuchcinski.pl\/#website","url":"https:\/\/marekkuchcinski.pl\/","name":"Marek Kuchci\u0144ski","description":"Pose\u0142 na sejm RP &ndash; okr\u0119g nr 22","publisher":{"@id":"https:\/\/marekkuchcinski.pl\/#organization"},"potentialAction":[{"@type":"SearchAction","target":{"@type":"EntryPoint","urlTemplate":"https:\/\/marekkuchcinski.pl\/?s={search_term_string}"},"query-input":{"@type":"PropertyValueSpecification","valueRequired":true,"valueName":"search_term_string"}}],"inLanguage":"en-GB"},{"@type":"Organization","@id":"https:\/\/marekkuchcinski.pl\/#organization","name":"Marek Kuchci\u0144ski","url":"https:\/\/marekkuchcinski.pl\/","logo":{"@type":"ImageObject","inLanguage":"en-GB","@id":"https:\/\/marekkuchcinski.pl\/#\/schema\/logo\/image\/","url":"https:\/\/marekkuchcinski.pl\/wp-content\/uploads\/2022\/09\/Marek.jpg","contentUrl":"https:\/\/marekkuchcinski.pl\/wp-content\/uploads\/2022\/09\/Marek.jpg","width":1600,"height":971,"caption":"Marek Kuchci\u0144ski"},"image":{"@id":"https:\/\/marekkuchcinski.pl\/#\/schema\/logo\/image\/"}},{"@type":"Person","@id":"https:\/\/marekkuchcinski.pl\/#\/schema\/person\/6f62700996b4d950b6ea2d1183b6c6be","name":"admin","image":{"@type":"ImageObject","inLanguage":"en-GB","@id":"https:\/\/marekkuchcinski.pl\/#\/schema\/person\/image\/","url":"https:\/\/secure.gravatar.com\/avatar\/4bab693b9d55c3d6b52c0296a8765085?s=96&d=mm&r=g","contentUrl":"https:\/\/secure.gravatar.com\/avatar\/4bab693b9d55c3d6b52c0296a8765085?s=96&d=mm&r=g","caption":"admin"},"url":"https:\/\/marekkuchcinski.pl\/en\/author\/marta-olejnik\/"}]}},"_links":{"self":[{"href":"https:\/\/marekkuchcinski.pl\/en\/wp-json\/wp\/v2\/posts\/41","targetHints":{"allow":["GET"]}}],"collection":[{"href":"https:\/\/marekkuchcinski.pl\/en\/wp-json\/wp\/v2\/posts"}],"about":[{"href":"https:\/\/marekkuchcinski.pl\/en\/wp-json\/wp\/v2\/types\/post"}],"author":[{"embeddable":true,"href":"https:\/\/marekkuchcinski.pl\/en\/wp-json\/wp\/v2\/users\/6"}],"replies":[{"embeddable":true,"href":"https:\/\/marekkuchcinski.pl\/en\/wp-json\/wp\/v2\/comments?post=41"}],"version-history":[{"count":1,"href":"https:\/\/marekkuchcinski.pl\/en\/wp-json\/wp\/v2\/posts\/41\/revisions"}],"predecessor-version":[{"id":3190,"href":"https:\/\/marekkuchcinski.pl\/en\/wp-json\/wp\/v2\/posts\/41\/revisions\/3190"}],"wp:featuredmedia":[{"embeddable":true,"href":"https:\/\/marekkuchcinski.pl\/en\/wp-json\/wp\/v2\/media\/40"}],"wp:attachment":[{"href":"https:\/\/marekkuchcinski.pl\/en\/wp-json\/wp\/v2\/media?parent=41"}],"wp:term":[{"taxonomy":"category","embeddable":true,"href":"https:\/\/marekkuchcinski.pl\/en\/wp-json\/wp\/v2\/categories?post=41"},{"taxonomy":"post_tag","embeddable":true,"href":"https:\/\/marekkuchcinski.pl\/en\/wp-json\/wp\/v2\/tags?post=41"}],"curies":[{"name":"wp","href":"https:\/\/api.w.org\/{rel}","templated":true}]}}