{"id":4056,"date":"2016-10-12T15:13:03","date_gmt":"2016-10-12T13:13:03","guid":{"rendered":"https:\/\/marekkuchcinski.pl\/?p=4056"},"modified":"2016-10-14T07:58:24","modified_gmt":"2016-10-14T05:58:24","slug":"bratyslawa-zegna-dzis-michala-kovaca-pierwszego-prezydenta-slowacji","status":"publish","type":"post","link":"https:\/\/marekkuchcinski.pl\/en\/wydarzenia\/bratyslawa-zegna-dzis-michala-kovaca-pierwszego-prezydenta-slowacji\/","title":{"rendered":"Bratislava bids farewell to Michal Kov\u00e1\u010d, first president of Slovakia"},"content":{"rendered":"<p><strong>Michal Kov\u00e1\u010d, Slovak politician and economist, parliamentarian, minister, speaker of the Federal Assembly, and president of Slovakia from 1993 to 1998, died on October 5. A state funeral for the president was held today in Bratislava amid military honors.<\/strong><\/p>\n<p>Michal Kov\u00e1\u010d was an oppositionist, active among others in the Movement for a Democratic Slovakia, a supporter of Slovakia's pro-European course, a statesman. In the condolence letter at the Slovakian Embassy the Speaker of the Parliament called him a hero of our times. He emphasized that we owe the democratic order in Europe today to people like Kov\u00e1\u010d.<\/p>\n<p>In 1994 Michal Kov\u00e1\u010d was awarded the Grand Cross of the Order of Merit of the Republic of Poland, and three years later the Order of the White Eagle.<\/p>\n<p>&nbsp;<\/p>\n<p><a href=\"https:\/\/marekkuchcinski.pl\/wp-content\/uploads\/2016\/10\/k3.jpg\"><img fetchpriority=\"high\" decoding=\"async\" class=\"alignnone wp-image-4057\" src=\"https:\/\/marekkuchcinski.pl\/wp-content\/uploads\/2016\/10\/k3.jpg\" alt=\"k3\" width=\"998\" height=\"793\" srcset=\"https:\/\/marekkuchcinski.pl\/wp-content\/uploads\/2016\/10\/k3.jpg 963w, https:\/\/marekkuchcinski.pl\/wp-content\/uploads\/2016\/10\/k3-300x238.jpg 300w, https:\/\/marekkuchcinski.pl\/wp-content\/uploads\/2016\/10\/k3-768x610.jpg 768w\" sizes=\"(max-width: 998px) 100vw, 998px\" \/><\/a><\/p>\n<p>Photo: http:\/\/spectator.sme.sk\/<\/p>","protected":false},"excerpt":{"rendered":"<p>5 pa\u017adziernika zmar\u0142 \u00a0Michal Kov\u00e1\u010d, s\u0142owacki polityk i ekonomista, parlamentarzysta, minister, przewodnicz\u0105cy Zgromadzenia Federalnego, w latach 1993\u20131998 prezydent S\u0142owacji. Dzi\u015b w Bratys\u0142awie, w\u015br\u00f3d wojskowych honor\u00f3w, odby\u0142 si\u0119 pa\u0144stwowy pogrzeb prezydenta. Michal Kov\u00e1\u010d by\u0142 opozycjonist\u0105, dzia\u0142a\u0142 m.in. w\u00a0Ruchu na rzecz Demokratycznej S\u0142owacji, by\u0142 zwolennikiem proeuropejskiego kursu S\u0142owacji, m\u0119\u017cem stanu. W li\u015bcie kondolencyjnym w ambasadzie S\u0142owacji marsza\u0142ek [&hellip;]<\/p>\n","protected":false},"author":6,"featured_media":4062,"comment_status":"open","ping_status":"open","sticky":false,"template":"","format":"standard","meta":{"ngg_post_thumbnail":0,"footnotes":""},"categories":[77,3],"tags":[],"class_list":["post-4056","post","type-post","status-publish","format-standard","has-post-thumbnail","hentry","category-wazne-daty","category-wydarzenia"],"_links":{"self":[{"href":"https:\/\/marekkuchcinski.pl\/en\/wp-json\/wp\/v2\/posts\/4056","targetHints":{"allow":["GET"]}}],"collection":[{"href":"https:\/\/marekkuchcinski.pl\/en\/wp-json\/wp\/v2\/posts"}],"about":[{"href":"https:\/\/marekkuchcinski.pl\/en\/wp-json\/wp\/v2\/types\/post"}],"author":[{"embeddable":true,"href":"https:\/\/marekkuchcinski.pl\/en\/wp-json\/wp\/v2\/users\/6"}],"replies":[{"embeddable":true,"href":"https:\/\/marekkuchcinski.pl\/en\/wp-json\/wp\/v2\/comments?post=4056"}],"version-history":[{"count":8,"href":"https:\/\/marekkuchcinski.pl\/en\/wp-json\/wp\/v2\/posts\/4056\/revisions"}],"predecessor-version":[{"id":4084,"href":"https:\/\/marekkuchcinski.pl\/en\/wp-json\/wp\/v2\/posts\/4056\/revisions\/4084"}],"wp:featuredmedia":[{"embeddable":true,"href":"https:\/\/marekkuchcinski.pl\/en\/wp-json\/wp\/v2\/media\/4062"}],"wp:attachment":[{"href":"https:\/\/marekkuchcinski.pl\/en\/wp-json\/wp\/v2\/media?parent=4056"}],"wp:term":[{"taxonomy":"category","embeddable":true,"href":"https:\/\/marekkuchcinski.pl\/en\/wp-json\/wp\/v2\/categories?post=4056"},{"taxonomy":"post_tag","embeddable":true,"href":"https:\/\/marekkuchcinski.pl\/en\/wp-json\/wp\/v2\/tags?post=4056"}],"curies":[{"name":"wp","href":"https:\/\/api.w.org\/{rel}","templated":true}]}}