{"id":4016,"date":"2016-10-12T11:28:17","date_gmt":"2016-10-12T09:28:17","guid":{"rendered":"https:\/\/marekkuchcinski.pl\/?p=4016"},"modified":"2019-06-13T12:58:02","modified_gmt":"2019-06-13T10:58:02","slug":"marszalek-kuchcinski-odznaczony-krzyzem-wolnosci-solidarnosci-dzis-najwiekszym-dobrem-niepodlegla-rzeczpospolita-idaca-droga-niepodleglosci","status":"publish","type":"post","link":"https:\/\/marekkuchcinski.pl\/en\/wydarzenia\/marszalek-kuchcinski-odznaczony-krzyzem-wolnosci-solidarnosci-dzis-najwiekszym-dobrem-niepodlegla-rzeczpospolita-idaca-droga-niepodleglosci\/","title":{"rendered":"Marshal Kuchci\u0144ski decorated with the Cross of Freedom and Solidarity: Today the greatest good is an independent Republic following the path of independence"},"content":{"rendered":"<p><strong>On behalf of the President of the Republic of Poland, President of the Institute of National Remembrance Dr. Jaroslaw Szarek presented decorations to 14 opposition activists. Among the honorees was Speaker of the Sejm Marek Kuchcinski.<\/strong><\/p>\n<p>- With the Cross of Freedom and Solidarity I connect a certain parable, repeated more than once, over the decades: there is no freedom without solidarity. We, the fighters, also added that there is no freedom without hard work, without hardship and sometimes suffering, which the cross embodies,\" the Speaker of the Sejm said during his speech. He also spoke of the dream of an independent Republic. - It was worth it. The dream has come true, we live in a free and independent Poland, and we have a modest share in this multi-generational work.<\/p>\n<p>All those decorated with the Cross shared a common vision of a normal Poland. They went against the tide, and were ready to pay any price for freedom. - You were on the right side, and that cannot be bought with any money,\" said Jaroslaw Szarek. - These three words: Cross, Freedom, Solidarity say what Polishness is. Today we pay tribute to you, and at the same time the Polish state pays its debt, because there would be no independent, free Poland or Europe in today's shape without Solidarity. This is your merit and you can be proud of it,\" said the IPN president.<\/p>\n<p>Honored with the Cross of Freedom and Solidarity:<\/p>\n<p>1. Wojciech Buczak<br \/>\n2. Marian Irzyk<br \/>\n3rd Adam Kantor<br \/>\n4. Stanislaw Marcin K\u0142os<br \/>\n5. jozef Krupa<br \/>\n6. Marek Tadeusz Kuchcinski<br \/>\n7. Stanislaw King Kusinski<br \/>\n8. Mieczyslaw Liber<br \/>\n9. Tadeusz Jan Panek<br \/>\n10. Zbigniew Sieczko\u015b<br \/>\n11. Stanislaw Solek<br \/>\n12. Adam Sniezek<br \/>\n13. Andrzej W\u0142adys\u0142aw W\u0105sik<br \/>\n14. Marek Wojciech W\u00f3jcik<br \/>\n15. Robert Turski - posthumously<\/p>\n<p>Commander's Cross of the Order of Polonia Restituta was awarded to Marek Wojciech Wojcik<\/p>\n<p><em>Photo by Marta Olejnik<\/em><\/p>\n<p><a href=\"https:\/\/marekkuchcinski.pl\/wp-content\/uploads\/2016\/10\/DSCF4839.jpg\"><img fetchpriority=\"high\" decoding=\"async\" class=\"alignnone size-full wp-image-4053\" src=\"https:\/\/marekkuchcinski.pl\/wp-content\/uploads\/2016\/10\/DSCF4839.jpg\" alt=\"dscf4839\" width=\"3992\" height=\"2664\" srcset=\"https:\/\/marekkuchcinski.pl\/wp-content\/uploads\/2016\/10\/DSCF4839.jpg 2048w, https:\/\/marekkuchcinski.pl\/wp-content\/uploads\/2016\/10\/DSCF4839-300x200.jpg 300w, https:\/\/marekkuchcinski.pl\/wp-content\/uploads\/2016\/10\/DSCF4839-768x513.jpg 768w, https:\/\/marekkuchcinski.pl\/wp-content\/uploads\/2016\/10\/DSCF4839-1024x683.jpg 1024w\" sizes=\"(max-width: 3992px) 100vw, 3992px\" \/><\/a><a href=\"https:\/\/marekkuchcinski.pl\/wp-content\/uploads\/2016\/10\/DSCF4643.jpg\"><img decoding=\"async\" class=\"alignnone size-full wp-image-4044\" src=\"https:\/\/marekkuchcinski.pl\/wp-content\/uploads\/2016\/10\/DSCF4643.jpg\" alt=\"dscf4643\" width=\"3821\" height=\"2548\" srcset=\"https:\/\/marekkuchcinski.pl\/wp-content\/uploads\/2016\/10\/DSCF4643.jpg 2048w, https:\/\/marekkuchcinski.pl\/wp-content\/uploads\/2016\/10\/DSCF4643-300x200.jpg 300w, https:\/\/marekkuchcinski.pl\/wp-content\/uploads\/2016\/10\/DSCF4643-768x512.jpg 768w, https:\/\/marekkuchcinski.pl\/wp-content\/uploads\/2016\/10\/DSCF4643-1024x683.jpg 1024w\" sizes=\"(max-width: 3821px) 100vw, 3821px\" \/><\/a> <a href=\"https:\/\/marekkuchcinski.pl\/wp-content\/uploads\/2016\/10\/DSCF4660.jpg\"><img decoding=\"async\" class=\"alignnone size-full wp-image-4042\" src=\"https:\/\/marekkuchcinski.pl\/wp-content\/uploads\/2016\/10\/DSCF4660.jpg\" alt=\"dscf4660\" width=\"2938\" height=\"1959\" srcset=\"https:\/\/marekkuchcinski.pl\/wp-content\/uploads\/2016\/10\/DSCF4660.jpg 2048w, https:\/\/marekkuchcinski.pl\/wp-content\/uploads\/2016\/10\/DSCF4660-300x200.jpg 300w, https:\/\/marekkuchcinski.pl\/wp-content\/uploads\/2016\/10\/DSCF4660-768x512.jpg 768w, https:\/\/marekkuchcinski.pl\/wp-content\/uploads\/2016\/10\/DSCF4660-1024x683.jpg 1024w\" sizes=\"(max-width: 2938px) 100vw, 2938px\" \/><\/a> <a href=\"https:\/\/marekkuchcinski.pl\/wp-content\/uploads\/2016\/10\/DSCF4712.jpg\"><img loading=\"lazy\" decoding=\"async\" class=\"alignnone size-full wp-image-4040\" src=\"https:\/\/marekkuchcinski.pl\/wp-content\/uploads\/2016\/10\/DSCF4712.jpg\" alt=\"dscf4712\" width=\"3204\" height=\"2137\" srcset=\"https:\/\/marekkuchcinski.pl\/wp-content\/uploads\/2016\/10\/DSCF4712.jpg 2048w, https:\/\/marekkuchcinski.pl\/wp-content\/uploads\/2016\/10\/DSCF4712-300x200.jpg 300w, https:\/\/marekkuchcinski.pl\/wp-content\/uploads\/2016\/10\/DSCF4712-768x512.jpg 768w, https:\/\/marekkuchcinski.pl\/wp-content\/uploads\/2016\/10\/DSCF4712-1024x683.jpg 1024w\" sizes=\"(max-width: 3204px) 100vw, 3204px\" \/><\/a><a href=\"https:\/\/marekkuchcinski.pl\/wp-content\/uploads\/2016\/10\/DSCF4658.jpg\"><img loading=\"lazy\" decoding=\"async\" class=\"alignnone size-full wp-image-4043\" src=\"https:\/\/marekkuchcinski.pl\/wp-content\/uploads\/2016\/10\/DSCF4658.jpg\" alt=\"dscf4658\" width=\"4629\" height=\"1794\" srcset=\"https:\/\/marekkuchcinski.pl\/wp-content\/uploads\/2016\/10\/DSCF4658.jpg 2048w, https:\/\/marekkuchcinski.pl\/wp-content\/uploads\/2016\/10\/DSCF4658-300x116.jpg 300w, https:\/\/marekkuchcinski.pl\/wp-content\/uploads\/2016\/10\/DSCF4658-768x298.jpg 768w, https:\/\/marekkuchcinski.pl\/wp-content\/uploads\/2016\/10\/DSCF4658-1024x397.jpg 1024w\" sizes=\"(max-width: 4629px) 100vw, 4629px\" \/><\/a> <a href=\"https:\/\/marekkuchcinski.pl\/wp-content\/uploads\/2016\/10\/DSCF4704.jpg\"><img loading=\"lazy\" decoding=\"async\" class=\"alignnone size-full wp-image-4041\" src=\"https:\/\/marekkuchcinski.pl\/wp-content\/uploads\/2016\/10\/DSCF4704.jpg\" alt=\"dscf4704\" width=\"2507\" height=\"1671\" srcset=\"https:\/\/marekkuchcinski.pl\/wp-content\/uploads\/2016\/10\/DSCF4704.jpg 2048w, https:\/\/marekkuchcinski.pl\/wp-content\/uploads\/2016\/10\/DSCF4704-300x200.jpg 300w, https:\/\/marekkuchcinski.pl\/wp-content\/uploads\/2016\/10\/DSCF4704-768x512.jpg 768w, https:\/\/marekkuchcinski.pl\/wp-content\/uploads\/2016\/10\/DSCF4704-1024x683.jpg 1024w\" sizes=\"(max-width: 2507px) 100vw, 2507px\" \/><\/a> <a href=\"https:\/\/marekkuchcinski.pl\/wp-content\/uploads\/2016\/10\/DSCF4713.jpg\"><img loading=\"lazy\" decoding=\"async\" class=\"alignnone size-full wp-image-4039\" src=\"https:\/\/marekkuchcinski.pl\/wp-content\/uploads\/2016\/10\/DSCF4713.jpg\" alt=\"dscf4713\" width=\"3047\" height=\"2034\" srcset=\"https:\/\/marekkuchcinski.pl\/wp-content\/uploads\/2016\/10\/DSCF4713.jpg 2048w, https:\/\/marekkuchcinski.pl\/wp-content\/uploads\/2016\/10\/DSCF4713-300x200.jpg 300w, https:\/\/marekkuchcinski.pl\/wp-content\/uploads\/2016\/10\/DSCF4713-768x513.jpg 768w, https:\/\/marekkuchcinski.pl\/wp-content\/uploads\/2016\/10\/DSCF4713-1024x684.jpg 1024w\" sizes=\"(max-width: 3047px) 100vw, 3047px\" \/><\/a> <a href=\"https:\/\/marekkuchcinski.pl\/wp-content\/uploads\/2016\/10\/DSCF4719.jpg\"><img loading=\"lazy\" decoding=\"async\" class=\"alignnone size-full wp-image-4038\" src=\"https:\/\/marekkuchcinski.pl\/wp-content\/uploads\/2016\/10\/DSCF4719.jpg\" alt=\"dscf4719\" width=\"3280\" height=\"2185\" srcset=\"https:\/\/marekkuchcinski.pl\/wp-content\/uploads\/2016\/10\/DSCF4719.jpg 2048w, https:\/\/marekkuchcinski.pl\/wp-content\/uploads\/2016\/10\/DSCF4719-300x200.jpg 300w, https:\/\/marekkuchcinski.pl\/wp-content\/uploads\/2016\/10\/DSCF4719-768x512.jpg 768w, https:\/\/marekkuchcinski.pl\/wp-content\/uploads\/2016\/10\/DSCF4719-1024x682.jpg 1024w\" sizes=\"(max-width: 3280px) 100vw, 3280px\" \/><\/a><a href=\"https:\/\/marekkuchcinski.pl\/wp-content\/uploads\/2016\/10\/IMG_5562-002.jpg\"><img loading=\"lazy\" decoding=\"async\" class=\"alignnone wp-image-4050\" src=\"https:\/\/marekkuchcinski.pl\/wp-content\/uploads\/2016\/10\/IMG_5562-002.jpg\" alt=\"img_5562-002\" width=\"1443\" height=\"961\" srcset=\"https:\/\/marekkuchcinski.pl\/wp-content\/uploads\/2016\/10\/IMG_5562-002.jpg 739w, https:\/\/marekkuchcinski.pl\/wp-content\/uploads\/2016\/10\/IMG_5562-002-300x200.jpg 300w\" sizes=\"(max-width: 1443px) 100vw, 1443px\" \/><\/a><a href=\"https:\/\/marekkuchcinski.pl\/wp-content\/uploads\/2016\/10\/DSCF4741.jpg\"><img loading=\"lazy\" decoding=\"async\" class=\"alignnone size-full wp-image-4037\" src=\"https:\/\/marekkuchcinski.pl\/wp-content\/uploads\/2016\/10\/DSCF4741.jpg\" alt=\"dscf4741\" width=\"3739\" height=\"2493\" srcset=\"https:\/\/marekkuchcinski.pl\/wp-content\/uploads\/2016\/10\/DSCF4741.jpg 2048w, https:\/\/marekkuchcinski.pl\/wp-content\/uploads\/2016\/10\/DSCF4741-300x200.jpg 300w, https:\/\/marekkuchcinski.pl\/wp-content\/uploads\/2016\/10\/DSCF4741-768x512.jpg 768w, https:\/\/marekkuchcinski.pl\/wp-content\/uploads\/2016\/10\/DSCF4741-1024x683.jpg 1024w\" sizes=\"(max-width: 3739px) 100vw, 3739px\" \/><\/a><a href=\"https:\/\/marekkuchcinski.pl\/wp-content\/uploads\/2016\/10\/DSCF4761.jpg\"><img loading=\"lazy\" decoding=\"async\" class=\"alignnone size-full wp-image-4036\" src=\"https:\/\/marekkuchcinski.pl\/wp-content\/uploads\/2016\/10\/DSCF4761.jpg\" alt=\"dscf4761\" width=\"2588\" height=\"1726\" srcset=\"https:\/\/marekkuchcinski.pl\/wp-content\/uploads\/2016\/10\/DSCF4761.jpg 2048w, https:\/\/marekkuchcinski.pl\/wp-content\/uploads\/2016\/10\/DSCF4761-300x200.jpg 300w, https:\/\/marekkuchcinski.pl\/wp-content\/uploads\/2016\/10\/DSCF4761-768x512.jpg 768w, https:\/\/marekkuchcinski.pl\/wp-content\/uploads\/2016\/10\/DSCF4761-1024x683.jpg 1024w\" sizes=\"(max-width: 2588px) 100vw, 2588px\" \/><\/a> <a href=\"https:\/\/marekkuchcinski.pl\/wp-content\/uploads\/2016\/10\/DSCF4781.jpg\"><img loading=\"lazy\" decoding=\"async\" class=\"alignnone size-full wp-image-4035\" src=\"https:\/\/marekkuchcinski.pl\/wp-content\/uploads\/2016\/10\/DSCF4781.jpg\" alt=\"dscf4781\" width=\"3143\" height=\"2301\" srcset=\"https:\/\/marekkuchcinski.pl\/wp-content\/uploads\/2016\/10\/DSCF4781.jpg 2048w, https:\/\/marekkuchcinski.pl\/wp-content\/uploads\/2016\/10\/DSCF4781-300x220.jpg 300w, https:\/\/marekkuchcinski.pl\/wp-content\/uploads\/2016\/10\/DSCF4781-768x562.jpg 768w, https:\/\/marekkuchcinski.pl\/wp-content\/uploads\/2016\/10\/DSCF4781-1024x750.jpg 1024w\" sizes=\"(max-width: 3143px) 100vw, 3143px\" \/><\/a> <a href=\"https:\/\/marekkuchcinski.pl\/wp-content\/uploads\/2016\/10\/DSCF4802.jpg\"><img loading=\"lazy\" decoding=\"async\" class=\"alignnone size-full wp-image-4034\" src=\"https:\/\/marekkuchcinski.pl\/wp-content\/uploads\/2016\/10\/DSCF4802.jpg\" alt=\"dscf4802\" width=\"2184\" height=\"1459\" srcset=\"https:\/\/marekkuchcinski.pl\/wp-content\/uploads\/2016\/10\/DSCF4802.jpg 2048w, https:\/\/marekkuchcinski.pl\/wp-content\/uploads\/2016\/10\/DSCF4802-300x200.jpg 300w, https:\/\/marekkuchcinski.pl\/wp-content\/uploads\/2016\/10\/DSCF4802-768x513.jpg 768w, https:\/\/marekkuchcinski.pl\/wp-content\/uploads\/2016\/10\/DSCF4802-1024x684.jpg 1024w\" sizes=\"(max-width: 2184px) 100vw, 2184px\" \/><\/a> <a href=\"https:\/\/marekkuchcinski.pl\/wp-content\/uploads\/2016\/10\/DSCF4818.jpg\"><img loading=\"lazy\" decoding=\"async\" class=\"alignnone size-full wp-image-4033\" src=\"https:\/\/marekkuchcinski.pl\/wp-content\/uploads\/2016\/10\/DSCF4818.jpg\" alt=\"dscf4818\" width=\"3787\" height=\"2527\" srcset=\"https:\/\/marekkuchcinski.pl\/wp-content\/uploads\/2016\/10\/DSCF4818.jpg 2048w, https:\/\/marekkuchcinski.pl\/wp-content\/uploads\/2016\/10\/DSCF4818-300x200.jpg 300w, https:\/\/marekkuchcinski.pl\/wp-content\/uploads\/2016\/10\/DSCF4818-768x512.jpg 768w, https:\/\/marekkuchcinski.pl\/wp-content\/uploads\/2016\/10\/DSCF4818-1024x683.jpg 1024w\" sizes=\"(max-width: 3787px) 100vw, 3787px\" \/><\/a> <a href=\"https:\/\/marekkuchcinski.pl\/wp-content\/uploads\/2016\/10\/DSCF4825.jpg\"><img loading=\"lazy\" decoding=\"async\" class=\"alignnone size-full wp-image-4032\" src=\"https:\/\/marekkuchcinski.pl\/wp-content\/uploads\/2016\/10\/DSCF4825.jpg\" alt=\"dscf4825\" width=\"4136\" height=\"2760\" srcset=\"https:\/\/marekkuchcinski.pl\/wp-content\/uploads\/2016\/10\/DSCF4825.jpg 2048w, https:\/\/marekkuchcinski.pl\/wp-content\/uploads\/2016\/10\/DSCF4825-300x200.jpg 300w, https:\/\/marekkuchcinski.pl\/wp-content\/uploads\/2016\/10\/DSCF4825-768x512.jpg 768w, https:\/\/marekkuchcinski.pl\/wp-content\/uploads\/2016\/10\/DSCF4825-1024x683.jpg 1024w\" sizes=\"(max-width: 4136px) 100vw, 4136px\" \/><\/a> <a href=\"https:\/\/marekkuchcinski.pl\/wp-content\/uploads\/2016\/10\/DSCF4842-001.jpg\"><img loading=\"lazy\" decoding=\"async\" class=\"alignnone size-full wp-image-4028\" src=\"https:\/\/marekkuchcinski.pl\/wp-content\/uploads\/2016\/10\/DSCF4842-001.jpg\" alt=\"dscf4842-001\" width=\"3786\" height=\"2520\" srcset=\"https:\/\/marekkuchcinski.pl\/wp-content\/uploads\/2016\/10\/DSCF4842-001.jpg 2048w, https:\/\/marekkuchcinski.pl\/wp-content\/uploads\/2016\/10\/DSCF4842-001-300x200.jpg 300w, https:\/\/marekkuchcinski.pl\/wp-content\/uploads\/2016\/10\/DSCF4842-001-768x511.jpg 768w, https:\/\/marekkuchcinski.pl\/wp-content\/uploads\/2016\/10\/DSCF4842-001-1024x682.jpg 1024w\" sizes=\"(max-width: 3786px) 100vw, 3786px\" \/><\/a> <a href=\"https:\/\/marekkuchcinski.pl\/wp-content\/uploads\/2016\/10\/DSCF4840-001.jpg\"><img loading=\"lazy\" decoding=\"async\" class=\"alignnone size-full wp-image-4029\" src=\"https:\/\/marekkuchcinski.pl\/wp-content\/uploads\/2016\/10\/DSCF4840-001.jpg\" alt=\"dscf4840-001\" width=\"4136\" height=\"2760\" srcset=\"https:\/\/marekkuchcinski.pl\/wp-content\/uploads\/2016\/10\/DSCF4840-001.jpg 2048w, https:\/\/marekkuchcinski.pl\/wp-content\/uploads\/2016\/10\/DSCF4840-001-300x200.jpg 300w, https:\/\/marekkuchcinski.pl\/wp-content\/uploads\/2016\/10\/DSCF4840-001-768x512.jpg 768w, https:\/\/marekkuchcinski.pl\/wp-content\/uploads\/2016\/10\/DSCF4840-001-1024x683.jpg 1024w\" sizes=\"(max-width: 4136px) 100vw, 4136px\" \/><\/a> <a href=\"https:\/\/marekkuchcinski.pl\/wp-content\/uploads\/2016\/10\/DSCF4839-002-1.jpg\"><img loading=\"lazy\" decoding=\"async\" class=\"alignnone size-full wp-image-4031\" src=\"https:\/\/marekkuchcinski.pl\/wp-content\/uploads\/2016\/10\/DSCF4839-002-1.jpg\" alt=\"dscf4839-002\" width=\"1597\" height=\"1162\" srcset=\"https:\/\/marekkuchcinski.pl\/wp-content\/uploads\/2016\/10\/DSCF4839-002-1.jpg 1597w, https:\/\/marekkuchcinski.pl\/wp-content\/uploads\/2016\/10\/DSCF4839-002-1-300x218.jpg 300w, https:\/\/marekkuchcinski.pl\/wp-content\/uploads\/2016\/10\/DSCF4839-002-1-768x559.jpg 768w, https:\/\/marekkuchcinski.pl\/wp-content\/uploads\/2016\/10\/DSCF4839-002-1-1024x745.jpg 1024w\" sizes=\"(max-width: 1597px) 100vw, 1597px\" \/><\/a> <a href=\"https:\/\/marekkuchcinski.pl\/wp-content\/uploads\/2016\/10\/DSCF4858-001.jpg\"><img loading=\"lazy\" decoding=\"async\" class=\"alignnone size-full wp-image-4027\" src=\"https:\/\/marekkuchcinski.pl\/wp-content\/uploads\/2016\/10\/DSCF4858-001.jpg\" alt=\"dscf4858-001\" width=\"4136\" height=\"2753\" srcset=\"https:\/\/marekkuchcinski.pl\/wp-content\/uploads\/2016\/10\/DSCF4858-001.jpg 2048w, https:\/\/marekkuchcinski.pl\/wp-content\/uploads\/2016\/10\/DSCF4858-001-300x200.jpg 300w, https:\/\/marekkuchcinski.pl\/wp-content\/uploads\/2016\/10\/DSCF4858-001-768x511.jpg 768w, https:\/\/marekkuchcinski.pl\/wp-content\/uploads\/2016\/10\/DSCF4858-001-1024x682.jpg 1024w\" sizes=\"(max-width: 4136px) 100vw, 4136px\" \/><\/a> <a href=\"https:\/\/marekkuchcinski.pl\/wp-content\/uploads\/2016\/10\/DSCF4869.jpg\"><img loading=\"lazy\" decoding=\"async\" class=\"alignnone size-full wp-image-4026\" src=\"https:\/\/marekkuchcinski.pl\/wp-content\/uploads\/2016\/10\/DSCF4869.jpg\" alt=\"dscf4869\" width=\"4136\" height=\"2760\" srcset=\"https:\/\/marekkuchcinski.pl\/wp-content\/uploads\/2016\/10\/DSCF4869.jpg 2048w, https:\/\/marekkuchcinski.pl\/wp-content\/uploads\/2016\/10\/DSCF4869-300x200.jpg 300w, https:\/\/marekkuchcinski.pl\/wp-content\/uploads\/2016\/10\/DSCF4869-768x512.jpg 768w, https:\/\/marekkuchcinski.pl\/wp-content\/uploads\/2016\/10\/DSCF4869-1024x683.jpg 1024w\" sizes=\"(max-width: 4136px) 100vw, 4136px\" \/><\/a> <a href=\"https:\/\/marekkuchcinski.pl\/wp-content\/uploads\/2016\/10\/DSCF4881.jpg\"><img loading=\"lazy\" decoding=\"async\" class=\"alignnone size-full wp-image-4025\" src=\"https:\/\/marekkuchcinski.pl\/wp-content\/uploads\/2016\/10\/DSCF4881.jpg\" alt=\"dscf4881\" width=\"3156\" height=\"2103\" srcset=\"https:\/\/marekkuchcinski.pl\/wp-content\/uploads\/2016\/10\/DSCF4881.jpg 2048w, https:\/\/marekkuchcinski.pl\/wp-content\/uploads\/2016\/10\/DSCF4881-300x200.jpg 300w, https:\/\/marekkuchcinski.pl\/wp-content\/uploads\/2016\/10\/DSCF4881-768x512.jpg 768w, https:\/\/marekkuchcinski.pl\/wp-content\/uploads\/2016\/10\/DSCF4881-1024x682.jpg 1024w\" sizes=\"(max-width: 3156px) 100vw, 3156px\" \/><\/a> <a href=\"https:\/\/marekkuchcinski.pl\/wp-content\/uploads\/2016\/10\/DSCF4919.jpg\"><img loading=\"lazy\" decoding=\"async\" class=\"alignnone size-full wp-image-4024\" src=\"https:\/\/marekkuchcinski.pl\/wp-content\/uploads\/2016\/10\/DSCF4919.jpg\" alt=\"dscf4919\" width=\"4136\" height=\"2760\" srcset=\"https:\/\/marekkuchcinski.pl\/wp-content\/uploads\/2016\/10\/DSCF4919.jpg 2048w, https:\/\/marekkuchcinski.pl\/wp-content\/uploads\/2016\/10\/DSCF4919-300x200.jpg 300w, https:\/\/marekkuchcinski.pl\/wp-content\/uploads\/2016\/10\/DSCF4919-768x512.jpg 768w, https:\/\/marekkuchcinski.pl\/wp-content\/uploads\/2016\/10\/DSCF4919-1024x683.jpg 1024w\" sizes=\"(max-width: 4136px) 100vw, 4136px\" \/><\/a> <a href=\"https:\/\/marekkuchcinski.pl\/wp-content\/uploads\/2016\/10\/DSCF4940.jpg\"><img loading=\"lazy\" decoding=\"async\" class=\"alignnone size-full wp-image-4023\" src=\"https:\/\/marekkuchcinski.pl\/wp-content\/uploads\/2016\/10\/DSCF4940.jpg\" alt=\"dscf4940\" width=\"3547\" height=\"2362\" srcset=\"https:\/\/marekkuchcinski.pl\/wp-content\/uploads\/2016\/10\/DSCF4940.jpg 2048w, https:\/\/marekkuchcinski.pl\/wp-content\/uploads\/2016\/10\/DSCF4940-300x200.jpg 300w, https:\/\/marekkuchcinski.pl\/wp-content\/uploads\/2016\/10\/DSCF4940-768x511.jpg 768w, https:\/\/marekkuchcinski.pl\/wp-content\/uploads\/2016\/10\/DSCF4940-1024x682.jpg 1024w\" sizes=\"(max-width: 3547px) 100vw, 3547px\" \/><\/a> <a href=\"https:\/\/marekkuchcinski.pl\/wp-content\/uploads\/2016\/10\/DSCF4963.jpg\"><img loading=\"lazy\" decoding=\"async\" class=\"alignnone size-full wp-image-4021\" src=\"https:\/\/marekkuchcinski.pl\/wp-content\/uploads\/2016\/10\/DSCF4963.jpg\" alt=\"dscf4963\" width=\"2410\" height=\"1603\" srcset=\"https:\/\/marekkuchcinski.pl\/wp-content\/uploads\/2016\/10\/DSCF4963.jpg 2048w, https:\/\/marekkuchcinski.pl\/wp-content\/uploads\/2016\/10\/DSCF4963-300x200.jpg 300w, https:\/\/marekkuchcinski.pl\/wp-content\/uploads\/2016\/10\/DSCF4963-768x511.jpg 768w, https:\/\/marekkuchcinski.pl\/wp-content\/uploads\/2016\/10\/DSCF4963-1024x681.jpg 1024w\" sizes=\"(max-width: 2410px) 100vw, 2410px\" \/><\/a> <a href=\"https:\/\/marekkuchcinski.pl\/wp-content\/uploads\/2016\/10\/DSCF4977.jpg\"><img loading=\"lazy\" decoding=\"async\" class=\"alignnone size-full wp-image-4020\" src=\"https:\/\/marekkuchcinski.pl\/wp-content\/uploads\/2016\/10\/DSCF4977.jpg\" alt=\"dscf4977\" width=\"4896\" height=\"2760\" srcset=\"https:\/\/marekkuchcinski.pl\/wp-content\/uploads\/2016\/10\/DSCF4977.jpg 2048w, https:\/\/marekkuchcinski.pl\/wp-content\/uploads\/2016\/10\/DSCF4977-300x169.jpg 300w, https:\/\/marekkuchcinski.pl\/wp-content\/uploads\/2016\/10\/DSCF4977-768x433.jpg 768w, https:\/\/marekkuchcinski.pl\/wp-content\/uploads\/2016\/10\/DSCF4977-1024x577.jpg 1024w\" sizes=\"(max-width: 4896px) 100vw, 4896px\" \/><\/a><a href=\"https:\/\/marekkuchcinski.pl\/wp-content\/uploads\/2016\/10\/k1.jpg\"><img loading=\"lazy\" decoding=\"async\" class=\"alignnone size-full wp-image-13871\" src=\"https:\/\/marekkuchcinski.pl\/wp-content\/uploads\/2016\/10\/k1.jpg\" alt=\"k1\" width=\"3707\" height=\"2746\" srcset=\"https:\/\/marekkuchcinski.pl\/wp-content\/uploads\/2016\/10\/k1.jpg 2048w, https:\/\/marekkuchcinski.pl\/wp-content\/uploads\/2016\/10\/k1-300x222.jpg 300w, https:\/\/marekkuchcinski.pl\/wp-content\/uploads\/2016\/10\/k1-768x569.jpg 768w, https:\/\/marekkuchcinski.pl\/wp-content\/uploads\/2016\/10\/k1-1024x759.jpg 1024w\" sizes=\"(max-width: 3707px) 100vw, 3707px\" \/><\/a> <a href=\"https:\/\/marekkuchcinski.pl\/wp-content\/uploads\/2016\/10\/k2.jpg\"><img loading=\"lazy\" decoding=\"async\" class=\"alignnone size-full wp-image-13872\" src=\"https:\/\/marekkuchcinski.pl\/wp-content\/uploads\/2016\/10\/k2.jpg\" alt=\"k2\" width=\"4032\" height=\"3024\" srcset=\"https:\/\/marekkuchcinski.pl\/wp-content\/uploads\/2016\/10\/k2.jpg 2048w, https:\/\/marekkuchcinski.pl\/wp-content\/uploads\/2016\/10\/k2-300x225.jpg 300w, https:\/\/marekkuchcinski.pl\/wp-content\/uploads\/2016\/10\/k2-768x576.jpg 768w, https:\/\/marekkuchcinski.pl\/wp-content\/uploads\/2016\/10\/k2-1024x768.jpg 1024w\" sizes=\"(max-width: 4032px) 100vw, 4032px\" \/><\/a><\/p>\n<p>&nbsp;<\/p>","protected":false},"excerpt":{"rendered":"<p>W imieniu Prezydenta RP prezes Instytutu Pami\u0119ci Narodowej dr Jaros\u0142aw Szarek wr\u0119czy\u0142 odznaczenia 14 dzia\u0142aczom opozycyjnym. W\u015br\u00f3d wyr\u00f3\u017cnionych by\u0142 marsza\u0142ek Sejmu Marek Kuchci\u0144ski. \u2013 Z Krzy\u017cem Wolno\u015bci i Solidarno\u015bci \u0142\u0105cze pewn\u0105 przypowie\u015b\u0107, niejednokrotnie, przez dziesi\u0105tki lat, powtarzan\u0105: nie ma wolno\u015bci bez solidarno\u015bci. My, walcz\u0105cy, dodawali\u015bmy tak\u017ce, \u017ce nie ma wolno\u015bci bez ci\u0119\u017ckiej pracy, bez trudu [&hellip;]<\/p>","protected":false},"author":6,"featured_media":4023,"comment_status":"open","ping_status":"open","sticky":false,"template":"","format":"standard","meta":{"ngg_post_thumbnail":0,"footnotes":""},"categories":[49,3],"tags":[],"class_list":["post-4016","post","type-post","status-publish","format-standard","has-post-thumbnail","hentry","category-podkarpacie","category-wydarzenia"],"yoast_head":"<!-- This site is optimized with the Yoast SEO plugin v24.7 - https:\/\/yoast.com\/wordpress\/plugins\/seo\/ -->\n<title>Marsza\u0142ek Kuchci\u0144ski odznaczony Krzy\u017cem Wolno\u015bci i Solidarno\u015bci: Dzi\u015b najwi\u0119kszym dobrem jest niepodleg\u0142a Rzeczpospolita id\u0105ca drog\u0105 niepodleg\u0142o\u015bci &#8211; Marek Kuchci\u0144ski<\/title>\n<meta name=\"robots\" content=\"index, follow, max-snippet:-1, max-image-preview:large, max-video-preview:-1\" \/>\n<link rel=\"canonical\" href=\"https:\/\/marekkuchcinski.pl\/en\/wydarzenia\/marszalek-kuchcinski-odznaczony-krzyzem-wolnosci-solidarnosci-dzis-najwiekszym-dobrem-niepodlegla-rzeczpospolita-idaca-droga-niepodleglosci\/\" \/>\n<meta property=\"og:locale\" content=\"en_GB\" \/>\n<meta property=\"og:type\" content=\"article\" \/>\n<meta property=\"og:title\" content=\"Marsza\u0142ek Kuchci\u0144ski odznaczony Krzy\u017cem Wolno\u015bci i Solidarno\u015bci: Dzi\u015b najwi\u0119kszym dobrem jest niepodleg\u0142a Rzeczpospolita id\u0105ca drog\u0105 niepodleg\u0142o\u015bci &#8211; Marek Kuchci\u0144ski\" \/>\n<meta property=\"og:description\" content=\"W imieniu Prezydenta RP prezes Instytutu Pami\u0119ci Narodowej dr Jaros\u0142aw Szarek wr\u0119czy\u0142 odznaczenia 14 dzia\u0142aczom opozycyjnym. W\u015br\u00f3d wyr\u00f3\u017cnionych by\u0142 marsza\u0142ek Sejmu Marek Kuchci\u0144ski. \u2013 Z Krzy\u017cem Wolno\u015bci i Solidarno\u015bci \u0142\u0105cze pewn\u0105 przypowie\u015b\u0107, niejednokrotnie, przez dziesi\u0105tki lat, powtarzan\u0105: nie ma wolno\u015bci bez solidarno\u015bci. My, walcz\u0105cy, dodawali\u015bmy tak\u017ce, \u017ce nie ma wolno\u015bci bez ci\u0119\u017ckiej pracy, bez trudu [&hellip;]\" \/>\n<meta property=\"og:url\" content=\"https:\/\/marekkuchcinski.pl\/en\/wydarzenia\/marszalek-kuchcinski-odznaczony-krzyzem-wolnosci-solidarnosci-dzis-najwiekszym-dobrem-niepodlegla-rzeczpospolita-idaca-droga-niepodleglosci\/\" \/>\n<meta property=\"og:site_name\" content=\"Marek Kuchci\u0144ski\" \/>\n<meta property=\"article:published_time\" content=\"2016-10-12T09:28:17+00:00\" \/>\n<meta property=\"article:modified_time\" content=\"2019-06-13T10:58:02+00:00\" \/>\n<meta property=\"og:image\" content=\"https:\/\/marekkuchcinski.pl\/wp-content\/uploads\/2016\/10\/DSCF4940.jpg\" \/>\n\t<meta property=\"og:image:width\" content=\"2048\" \/>\n\t<meta property=\"og:image:height\" content=\"1364\" \/>\n\t<meta property=\"og:image:type\" content=\"image\/jpeg\" \/>\n<meta name=\"author\" content=\"admin\" \/>\n<meta name=\"twitter:card\" content=\"summary_large_image\" \/>\n<meta name=\"twitter:label1\" content=\"Written by\" \/>\n\t<meta name=\"twitter:data1\" content=\"admin\" \/>\n\t<meta name=\"twitter:label2\" content=\"Estimated reading time\" \/>\n\t<meta name=\"twitter:data2\" content=\"2 minutes\" \/>\n<script type=\"application\/ld+json\" class=\"yoast-schema-graph\">{\"@context\":\"https:\/\/schema.org\",\"@graph\":[{\"@type\":\"Article\",\"@id\":\"https:\/\/marekkuchcinski.pl\/ro\/wydarzenia\/marszalek-kuchcinski-odznaczony-krzyzem-wolnosci-solidarnosci-dzis-najwiekszym-dobrem-niepodlegla-rzeczpospolita-idaca-droga-niepodleglosci\/#article\",\"isPartOf\":{\"@id\":\"https:\/\/marekkuchcinski.pl\/ro\/wydarzenia\/marszalek-kuchcinski-odznaczony-krzyzem-wolnosci-solidarnosci-dzis-najwiekszym-dobrem-niepodlegla-rzeczpospolita-idaca-droga-niepodleglosci\/\"},\"author\":{\"name\":\"admin\",\"@id\":\"https:\/\/marekkuchcinski.pl\/#\/schema\/person\/6f62700996b4d950b6ea2d1183b6c6be\"},\"headline\":\"Marsza\u0142ek Kuchci\u0144ski odznaczony Krzy\u017cem Wolno\u015bci i Solidarno\u015bci: Dzi\u015b najwi\u0119kszym dobrem jest niepodleg\u0142a Rzeczpospolita id\u0105ca drog\u0105 niepodleg\u0142o\u015bci\",\"datePublished\":\"2016-10-12T09:28:17+00:00\",\"dateModified\":\"2019-06-13T10:58:02+00:00\",\"mainEntityOfPage\":{\"@id\":\"https:\/\/marekkuchcinski.pl\/ro\/wydarzenia\/marszalek-kuchcinski-odznaczony-krzyzem-wolnosci-solidarnosci-dzis-najwiekszym-dobrem-niepodlegla-rzeczpospolita-idaca-droga-niepodleglosci\/\"},\"wordCount\":338,\"commentCount\":0,\"publisher\":{\"@id\":\"https:\/\/marekkuchcinski.pl\/#organization\"},\"image\":{\"@id\":\"https:\/\/marekkuchcinski.pl\/ro\/wydarzenia\/marszalek-kuchcinski-odznaczony-krzyzem-wolnosci-solidarnosci-dzis-najwiekszym-dobrem-niepodlegla-rzeczpospolita-idaca-droga-niepodleglosci\/#primaryimage\"},\"thumbnailUrl\":\"https:\/\/marekkuchcinski.pl\/wp-content\/uploads\/2016\/10\/DSCF4940.jpg\",\"articleSection\":[\"Podkarpacie\",\"Wydarzenia\"],\"inLanguage\":\"en-GB\",\"potentialAction\":[{\"@type\":\"CommentAction\",\"name\":\"Comment\",\"target\":[\"https:\/\/marekkuchcinski.pl\/ro\/wydarzenia\/marszalek-kuchcinski-odznaczony-krzyzem-wolnosci-solidarnosci-dzis-najwiekszym-dobrem-niepodlegla-rzeczpospolita-idaca-droga-niepodleglosci\/#respond\"]}]},{\"@type\":\"WebPage\",\"@id\":\"https:\/\/marekkuchcinski.pl\/ro\/wydarzenia\/marszalek-kuchcinski-odznaczony-krzyzem-wolnosci-solidarnosci-dzis-najwiekszym-dobrem-niepodlegla-rzeczpospolita-idaca-droga-niepodleglosci\/\",\"url\":\"https:\/\/marekkuchcinski.pl\/ro\/wydarzenia\/marszalek-kuchcinski-odznaczony-krzyzem-wolnosci-solidarnosci-dzis-najwiekszym-dobrem-niepodlegla-rzeczpospolita-idaca-droga-niepodleglosci\/\",\"name\":\"Marsza\u0142ek Kuchci\u0144ski odznaczony Krzy\u017cem Wolno\u015bci i Solidarno\u015bci: Dzi\u015b najwi\u0119kszym dobrem jest niepodleg\u0142a Rzeczpospolita id\u0105ca drog\u0105 niepodleg\u0142o\u015bci &#8211; Marek Kuchci\u0144ski\",\"isPartOf\":{\"@id\":\"https:\/\/marekkuchcinski.pl\/#website\"},\"primaryImageOfPage\":{\"@id\":\"https:\/\/marekkuchcinski.pl\/ro\/wydarzenia\/marszalek-kuchcinski-odznaczony-krzyzem-wolnosci-solidarnosci-dzis-najwiekszym-dobrem-niepodlegla-rzeczpospolita-idaca-droga-niepodleglosci\/#primaryimage\"},\"image\":{\"@id\":\"https:\/\/marekkuchcinski.pl\/ro\/wydarzenia\/marszalek-kuchcinski-odznaczony-krzyzem-wolnosci-solidarnosci-dzis-najwiekszym-dobrem-niepodlegla-rzeczpospolita-idaca-droga-niepodleglosci\/#primaryimage\"},\"thumbnailUrl\":\"https:\/\/marekkuchcinski.pl\/wp-content\/uploads\/2016\/10\/DSCF4940.jpg\",\"datePublished\":\"2016-10-12T09:28:17+00:00\",\"dateModified\":\"2019-06-13T10:58:02+00:00\",\"breadcrumb\":{\"@id\":\"https:\/\/marekkuchcinski.pl\/ro\/wydarzenia\/marszalek-kuchcinski-odznaczony-krzyzem-wolnosci-solidarnosci-dzis-najwiekszym-dobrem-niepodlegla-rzeczpospolita-idaca-droga-niepodleglosci\/#breadcrumb\"},\"inLanguage\":\"en-GB\",\"potentialAction\":[{\"@type\":\"ReadAction\",\"target\":[\"https:\/\/marekkuchcinski.pl\/ro\/wydarzenia\/marszalek-kuchcinski-odznaczony-krzyzem-wolnosci-solidarnosci-dzis-najwiekszym-dobrem-niepodlegla-rzeczpospolita-idaca-droga-niepodleglosci\/\"]}]},{\"@type\":\"ImageObject\",\"inLanguage\":\"en-GB\",\"@id\":\"https:\/\/marekkuchcinski.pl\/ro\/wydarzenia\/marszalek-kuchcinski-odznaczony-krzyzem-wolnosci-solidarnosci-dzis-najwiekszym-dobrem-niepodlegla-rzeczpospolita-idaca-droga-niepodleglosci\/#primaryimage\",\"url\":\"https:\/\/marekkuchcinski.pl\/wp-content\/uploads\/2016\/10\/DSCF4940.jpg\",\"contentUrl\":\"https:\/\/marekkuchcinski.pl\/wp-content\/uploads\/2016\/10\/DSCF4940.jpg\",\"width\":2048,\"height\":1364},{\"@type\":\"BreadcrumbList\",\"@id\":\"https:\/\/marekkuchcinski.pl\/ro\/wydarzenia\/marszalek-kuchcinski-odznaczony-krzyzem-wolnosci-solidarnosci-dzis-najwiekszym-dobrem-niepodlegla-rzeczpospolita-idaca-droga-niepodleglosci\/#breadcrumb\",\"itemListElement\":[{\"@type\":\"ListItem\",\"position\":1,\"name\":\"Strona g\u0142\u00f3wna\",\"item\":\"https:\/\/marekkuchcinski.pl\/\"},{\"@type\":\"ListItem\",\"position\":2,\"name\":\"Marsza\u0142ek Kuchci\u0144ski odznaczony Krzy\u017cem Wolno\u015bci i Solidarno\u015bci: Dzi\u015b najwi\u0119kszym dobrem jest niepodleg\u0142a Rzeczpospolita id\u0105ca drog\u0105 niepodleg\u0142o\u015bci\"}]},{\"@type\":\"WebSite\",\"@id\":\"https:\/\/marekkuchcinski.pl\/#website\",\"url\":\"https:\/\/marekkuchcinski.pl\/\",\"name\":\"Marek Kuchci\u0144ski\",\"description\":\"Pose\u0142 na sejm RP &ndash; okr\u0119g nr 22\",\"publisher\":{\"@id\":\"https:\/\/marekkuchcinski.pl\/#organization\"},\"potentialAction\":[{\"@type\":\"SearchAction\",\"target\":{\"@type\":\"EntryPoint\",\"urlTemplate\":\"https:\/\/marekkuchcinski.pl\/?s={search_term_string}\"},\"query-input\":{\"@type\":\"PropertyValueSpecification\",\"valueRequired\":true,\"valueName\":\"search_term_string\"}}],\"inLanguage\":\"en-GB\"},{\"@type\":\"Organization\",\"@id\":\"https:\/\/marekkuchcinski.pl\/#organization\",\"name\":\"Marek Kuchci\u0144ski\",\"url\":\"https:\/\/marekkuchcinski.pl\/\",\"logo\":{\"@type\":\"ImageObject\",\"inLanguage\":\"en-GB\",\"@id\":\"https:\/\/marekkuchcinski.pl\/#\/schema\/logo\/image\/\",\"url\":\"https:\/\/marekkuchcinski.pl\/wp-content\/uploads\/2022\/09\/Marek.jpg\",\"contentUrl\":\"https:\/\/marekkuchcinski.pl\/wp-content\/uploads\/2022\/09\/Marek.jpg\",\"width\":1600,\"height\":971,\"caption\":\"Marek Kuchci\u0144ski\"},\"image\":{\"@id\":\"https:\/\/marekkuchcinski.pl\/#\/schema\/logo\/image\/\"}},{\"@type\":\"Person\",\"@id\":\"https:\/\/marekkuchcinski.pl\/#\/schema\/person\/6f62700996b4d950b6ea2d1183b6c6be\",\"name\":\"admin\",\"image\":{\"@type\":\"ImageObject\",\"inLanguage\":\"en-GB\",\"@id\":\"https:\/\/marekkuchcinski.pl\/#\/schema\/person\/image\/\",\"url\":\"https:\/\/secure.gravatar.com\/avatar\/4bab693b9d55c3d6b52c0296a8765085?s=96&d=mm&r=g\",\"contentUrl\":\"https:\/\/secure.gravatar.com\/avatar\/4bab693b9d55c3d6b52c0296a8765085?s=96&d=mm&r=g\",\"caption\":\"admin\"},\"url\":\"https:\/\/marekkuchcinski.pl\/en\/author\/marta-olejnik\/\"}]}<\/script>\n<!-- \/ Yoast SEO plugin. -->","yoast_head_json":{"title":"Marsza\u0142ek Kuchci\u0144ski odznaczony Krzy\u017cem Wolno\u015bci i Solidarno\u015bci: Dzi\u015b najwi\u0119kszym dobrem jest niepodleg\u0142a Rzeczpospolita id\u0105ca drog\u0105 niepodleg\u0142o\u015bci &#8211; Marek Kuchci\u0144ski","robots":{"index":"index","follow":"follow","max-snippet":"max-snippet:-1","max-image-preview":"max-image-preview:large","max-video-preview":"max-video-preview:-1"},"canonical":"https:\/\/marekkuchcinski.pl\/en\/wydarzenia\/marszalek-kuchcinski-odznaczony-krzyzem-wolnosci-solidarnosci-dzis-najwiekszym-dobrem-niepodlegla-rzeczpospolita-idaca-droga-niepodleglosci\/","og_locale":"en_GB","og_type":"article","og_title":"Marsza\u0142ek Kuchci\u0144ski odznaczony Krzy\u017cem Wolno\u015bci i Solidarno\u015bci: Dzi\u015b najwi\u0119kszym dobrem jest niepodleg\u0142a Rzeczpospolita id\u0105ca drog\u0105 niepodleg\u0142o\u015bci &#8211; Marek Kuchci\u0144ski","og_description":"W imieniu Prezydenta RP prezes Instytutu Pami\u0119ci Narodowej dr Jaros\u0142aw Szarek wr\u0119czy\u0142 odznaczenia 14 dzia\u0142aczom opozycyjnym. W\u015br\u00f3d wyr\u00f3\u017cnionych by\u0142 marsza\u0142ek Sejmu Marek Kuchci\u0144ski. \u2013 Z Krzy\u017cem Wolno\u015bci i Solidarno\u015bci \u0142\u0105cze pewn\u0105 przypowie\u015b\u0107, niejednokrotnie, przez dziesi\u0105tki lat, powtarzan\u0105: nie ma wolno\u015bci bez solidarno\u015bci. My, walcz\u0105cy, dodawali\u015bmy tak\u017ce, \u017ce nie ma wolno\u015bci bez ci\u0119\u017ckiej pracy, bez trudu [&hellip;]","og_url":"https:\/\/marekkuchcinski.pl\/en\/wydarzenia\/marszalek-kuchcinski-odznaczony-krzyzem-wolnosci-solidarnosci-dzis-najwiekszym-dobrem-niepodlegla-rzeczpospolita-idaca-droga-niepodleglosci\/","og_site_name":"Marek Kuchci\u0144ski","article_published_time":"2016-10-12T09:28:17+00:00","article_modified_time":"2019-06-13T10:58:02+00:00","og_image":[{"width":2048,"height":1364,"url":"https:\/\/marekkuchcinski.pl\/wp-content\/uploads\/2016\/10\/DSCF4940.jpg","type":"image\/jpeg"}],"author":"admin","twitter_card":"summary_large_image","twitter_misc":{"Written by":"admin","Estimated reading time":"2 minutes"},"schema":{"@context":"https:\/\/schema.org","@graph":[{"@type":"Article","@id":"https:\/\/marekkuchcinski.pl\/ro\/wydarzenia\/marszalek-kuchcinski-odznaczony-krzyzem-wolnosci-solidarnosci-dzis-najwiekszym-dobrem-niepodlegla-rzeczpospolita-idaca-droga-niepodleglosci\/#article","isPartOf":{"@id":"https:\/\/marekkuchcinski.pl\/ro\/wydarzenia\/marszalek-kuchcinski-odznaczony-krzyzem-wolnosci-solidarnosci-dzis-najwiekszym-dobrem-niepodlegla-rzeczpospolita-idaca-droga-niepodleglosci\/"},"author":{"name":"admin","@id":"https:\/\/marekkuchcinski.pl\/#\/schema\/person\/6f62700996b4d950b6ea2d1183b6c6be"},"headline":"Marsza\u0142ek Kuchci\u0144ski odznaczony Krzy\u017cem Wolno\u015bci i Solidarno\u015bci: Dzi\u015b najwi\u0119kszym dobrem jest niepodleg\u0142a Rzeczpospolita id\u0105ca drog\u0105 niepodleg\u0142o\u015bci","datePublished":"2016-10-12T09:28:17+00:00","dateModified":"2019-06-13T10:58:02+00:00","mainEntityOfPage":{"@id":"https:\/\/marekkuchcinski.pl\/ro\/wydarzenia\/marszalek-kuchcinski-odznaczony-krzyzem-wolnosci-solidarnosci-dzis-najwiekszym-dobrem-niepodlegla-rzeczpospolita-idaca-droga-niepodleglosci\/"},"wordCount":338,"commentCount":0,"publisher":{"@id":"https:\/\/marekkuchcinski.pl\/#organization"},"image":{"@id":"https:\/\/marekkuchcinski.pl\/ro\/wydarzenia\/marszalek-kuchcinski-odznaczony-krzyzem-wolnosci-solidarnosci-dzis-najwiekszym-dobrem-niepodlegla-rzeczpospolita-idaca-droga-niepodleglosci\/#primaryimage"},"thumbnailUrl":"https:\/\/marekkuchcinski.pl\/wp-content\/uploads\/2016\/10\/DSCF4940.jpg","articleSection":["Podkarpacie","Wydarzenia"],"inLanguage":"en-GB","potentialAction":[{"@type":"CommentAction","name":"Comment","target":["https:\/\/marekkuchcinski.pl\/ro\/wydarzenia\/marszalek-kuchcinski-odznaczony-krzyzem-wolnosci-solidarnosci-dzis-najwiekszym-dobrem-niepodlegla-rzeczpospolita-idaca-droga-niepodleglosci\/#respond"]}]},{"@type":"WebPage","@id":"https:\/\/marekkuchcinski.pl\/ro\/wydarzenia\/marszalek-kuchcinski-odznaczony-krzyzem-wolnosci-solidarnosci-dzis-najwiekszym-dobrem-niepodlegla-rzeczpospolita-idaca-droga-niepodleglosci\/","url":"https:\/\/marekkuchcinski.pl\/ro\/wydarzenia\/marszalek-kuchcinski-odznaczony-krzyzem-wolnosci-solidarnosci-dzis-najwiekszym-dobrem-niepodlegla-rzeczpospolita-idaca-droga-niepodleglosci\/","name":"Marsza\u0142ek Kuchci\u0144ski odznaczony Krzy\u017cem Wolno\u015bci i Solidarno\u015bci: Dzi\u015b najwi\u0119kszym dobrem jest niepodleg\u0142a Rzeczpospolita id\u0105ca drog\u0105 niepodleg\u0142o\u015bci &#8211; Marek Kuchci\u0144ski","isPartOf":{"@id":"https:\/\/marekkuchcinski.pl\/#website"},"primaryImageOfPage":{"@id":"https:\/\/marekkuchcinski.pl\/ro\/wydarzenia\/marszalek-kuchcinski-odznaczony-krzyzem-wolnosci-solidarnosci-dzis-najwiekszym-dobrem-niepodlegla-rzeczpospolita-idaca-droga-niepodleglosci\/#primaryimage"},"image":{"@id":"https:\/\/marekkuchcinski.pl\/ro\/wydarzenia\/marszalek-kuchcinski-odznaczony-krzyzem-wolnosci-solidarnosci-dzis-najwiekszym-dobrem-niepodlegla-rzeczpospolita-idaca-droga-niepodleglosci\/#primaryimage"},"thumbnailUrl":"https:\/\/marekkuchcinski.pl\/wp-content\/uploads\/2016\/10\/DSCF4940.jpg","datePublished":"2016-10-12T09:28:17+00:00","dateModified":"2019-06-13T10:58:02+00:00","breadcrumb":{"@id":"https:\/\/marekkuchcinski.pl\/ro\/wydarzenia\/marszalek-kuchcinski-odznaczony-krzyzem-wolnosci-solidarnosci-dzis-najwiekszym-dobrem-niepodlegla-rzeczpospolita-idaca-droga-niepodleglosci\/#breadcrumb"},"inLanguage":"en-GB","potentialAction":[{"@type":"ReadAction","target":["https:\/\/marekkuchcinski.pl\/ro\/wydarzenia\/marszalek-kuchcinski-odznaczony-krzyzem-wolnosci-solidarnosci-dzis-najwiekszym-dobrem-niepodlegla-rzeczpospolita-idaca-droga-niepodleglosci\/"]}]},{"@type":"ImageObject","inLanguage":"en-GB","@id":"https:\/\/marekkuchcinski.pl\/ro\/wydarzenia\/marszalek-kuchcinski-odznaczony-krzyzem-wolnosci-solidarnosci-dzis-najwiekszym-dobrem-niepodlegla-rzeczpospolita-idaca-droga-niepodleglosci\/#primaryimage","url":"https:\/\/marekkuchcinski.pl\/wp-content\/uploads\/2016\/10\/DSCF4940.jpg","contentUrl":"https:\/\/marekkuchcinski.pl\/wp-content\/uploads\/2016\/10\/DSCF4940.jpg","width":2048,"height":1364},{"@type":"BreadcrumbList","@id":"https:\/\/marekkuchcinski.pl\/ro\/wydarzenia\/marszalek-kuchcinski-odznaczony-krzyzem-wolnosci-solidarnosci-dzis-najwiekszym-dobrem-niepodlegla-rzeczpospolita-idaca-droga-niepodleglosci\/#breadcrumb","itemListElement":[{"@type":"ListItem","position":1,"name":"Strona g\u0142\u00f3wna","item":"https:\/\/marekkuchcinski.pl\/"},{"@type":"ListItem","position":2,"name":"Marsza\u0142ek Kuchci\u0144ski odznaczony Krzy\u017cem Wolno\u015bci i Solidarno\u015bci: Dzi\u015b najwi\u0119kszym dobrem jest niepodleg\u0142a Rzeczpospolita id\u0105ca drog\u0105 niepodleg\u0142o\u015bci"}]},{"@type":"WebSite","@id":"https:\/\/marekkuchcinski.pl\/#website","url":"https:\/\/marekkuchcinski.pl\/","name":"Marek Kuchci\u0144ski","description":"Pose\u0142 na sejm RP &ndash; okr\u0119g nr 22","publisher":{"@id":"https:\/\/marekkuchcinski.pl\/#organization"},"potentialAction":[{"@type":"SearchAction","target":{"@type":"EntryPoint","urlTemplate":"https:\/\/marekkuchcinski.pl\/?s={search_term_string}"},"query-input":{"@type":"PropertyValueSpecification","valueRequired":true,"valueName":"search_term_string"}}],"inLanguage":"en-GB"},{"@type":"Organization","@id":"https:\/\/marekkuchcinski.pl\/#organization","name":"Marek Kuchci\u0144ski","url":"https:\/\/marekkuchcinski.pl\/","logo":{"@type":"ImageObject","inLanguage":"en-GB","@id":"https:\/\/marekkuchcinski.pl\/#\/schema\/logo\/image\/","url":"https:\/\/marekkuchcinski.pl\/wp-content\/uploads\/2022\/09\/Marek.jpg","contentUrl":"https:\/\/marekkuchcinski.pl\/wp-content\/uploads\/2022\/09\/Marek.jpg","width":1600,"height":971,"caption":"Marek Kuchci\u0144ski"},"image":{"@id":"https:\/\/marekkuchcinski.pl\/#\/schema\/logo\/image\/"}},{"@type":"Person","@id":"https:\/\/marekkuchcinski.pl\/#\/schema\/person\/6f62700996b4d950b6ea2d1183b6c6be","name":"admin","image":{"@type":"ImageObject","inLanguage":"en-GB","@id":"https:\/\/marekkuchcinski.pl\/#\/schema\/person\/image\/","url":"https:\/\/secure.gravatar.com\/avatar\/4bab693b9d55c3d6b52c0296a8765085?s=96&d=mm&r=g","contentUrl":"https:\/\/secure.gravatar.com\/avatar\/4bab693b9d55c3d6b52c0296a8765085?s=96&d=mm&r=g","caption":"admin"},"url":"https:\/\/marekkuchcinski.pl\/en\/author\/marta-olejnik\/"}]}},"_links":{"self":[{"href":"https:\/\/marekkuchcinski.pl\/en\/wp-json\/wp\/v2\/posts\/4016","targetHints":{"allow":["GET"]}}],"collection":[{"href":"https:\/\/marekkuchcinski.pl\/en\/wp-json\/wp\/v2\/posts"}],"about":[{"href":"https:\/\/marekkuchcinski.pl\/en\/wp-json\/wp\/v2\/types\/post"}],"author":[{"embeddable":true,"href":"https:\/\/marekkuchcinski.pl\/en\/wp-json\/wp\/v2\/users\/6"}],"replies":[{"embeddable":true,"href":"https:\/\/marekkuchcinski.pl\/en\/wp-json\/wp\/v2\/comments?post=4016"}],"version-history":[{"count":10,"href":"https:\/\/marekkuchcinski.pl\/en\/wp-json\/wp\/v2\/posts\/4016\/revisions"}],"predecessor-version":[{"id":16339,"href":"https:\/\/marekkuchcinski.pl\/en\/wp-json\/wp\/v2\/posts\/4016\/revisions\/16339"}],"wp:featuredmedia":[{"embeddable":true,"href":"https:\/\/marekkuchcinski.pl\/en\/wp-json\/wp\/v2\/media\/4023"}],"wp:attachment":[{"href":"https:\/\/marekkuchcinski.pl\/en\/wp-json\/wp\/v2\/media?parent=4016"}],"wp:term":[{"taxonomy":"category","embeddable":true,"href":"https:\/\/marekkuchcinski.pl\/en\/wp-json\/wp\/v2\/categories?post=4016"},{"taxonomy":"post_tag","embeddable":true,"href":"https:\/\/marekkuchcinski.pl\/en\/wp-json\/wp\/v2\/tags?post=4016"}],"curies":[{"name":"wp","href":"https:\/\/api.w.org\/{rel}","templated":true}]}}