{"id":3989,"date":"2016-10-10T10:51:43","date_gmt":"2016-10-10T08:51:43","guid":{"rendered":"https:\/\/marekkuchcinski.pl\/?p=3989"},"modified":"2016-10-10T13:16:20","modified_gmt":"2016-10-10T11:16:20","slug":"10-pazdziernika-1914-r-polacy-odzyskali-twierdze-przemysl","status":"publish","type":"post","link":"https:\/\/marekkuchcinski.pl\/en\/wazne-daty\/10-pazdziernika-1914-r-polacy-odzyskali-twierdze-przemysl\/","title":{"rendered":"On October 10, 1914. Russians withdraw from the siege of the Przemy\u015bl Fortress"},"content":{"rendered":"<p>The Przemy\u015bl Fortress was the largest fortification complex in the Austro-Hungarian Monarchy and one of the three most powerful in Europe. <span class=\"cyt\">Its first siege<\/span>\u00a0It lasted from September 17 to October 10, 1914 and ended in complete failure for the Russian forces. Their losses were estimated at about 10,000 killed, wounded and missing, and the losses of the Fortress crew at 3-4,000 soldiers.<\/p>\n<p><a href=\"https:\/\/marekkuchcinski.pl\/wp-content\/uploads\/2016\/10\/Tp.jpg\"><img fetchpriority=\"high\" decoding=\"async\" class=\"alignnone wp-image-3990\" src=\"https:\/\/marekkuchcinski.pl\/wp-content\/uploads\/2016\/10\/Tp.jpg\" alt=\"tp\" width=\"1067\" height=\"711\" srcset=\"https:\/\/marekkuchcinski.pl\/wp-content\/uploads\/2016\/10\/Tp.jpg 572w, https:\/\/marekkuchcinski.pl\/wp-content\/uploads\/2016\/10\/Tp-300x200.jpg 300w\" sizes=\"(max-width: 1067px) 100vw, 1067px\" \/><\/a><\/p>\n<p>&nbsp;<\/p>","protected":false},"excerpt":{"rendered":"<p>Twierdza Przemy\u015bl by\u0142a najwi\u0119kszym zespo\u0142em fortyfikacji w\u00a0monarchii austro-w\u0119gierskiej i\u00a0jednym z\u00a0trzech najpot\u0119\u017cniejszych w\u00a0Europie. Pierwsze jej obl\u0119\u017cenie\u00a0trwa\u0142o od 17 wrze\u015bnia do 10 pa\u017adziernika 1914 r. i zako\u0144czy\u0142o si\u0119 ca\u0142kowitym niepowodzeniem dla wojsk rosyjskich. Ich straty oceniono na ok. 10 tys. zabitych, rannych i zaginionych, a straty za\u0142ogi Twierdzy na 3-4 tys. \u017co\u0142nierzy. &nbsp;<\/p>","protected":false},"author":6,"featured_media":3990,"comment_status":"open","ping_status":"open","sticky":false,"template":"","format":"standard","meta":{"ngg_post_thumbnail":0,"footnotes":""},"categories":[77],"tags":[],"class_list":["post-3989","post","type-post","status-publish","format-standard","has-post-thumbnail","hentry","category-wazne-daty"],"yoast_head":"<!-- This site is optimized with the Yoast SEO plugin v24.7 - https:\/\/yoast.com\/wordpress\/plugins\/seo\/ -->\n<title>10 pa\u017adziernika 1914 r. Rosjanie odst\u0105pili od obl\u0119\u017cenia Twierdzy Przemy\u015bl &#8211; Marek Kuchci\u0144ski<\/title>\n<meta name=\"robots\" content=\"index, follow, max-snippet:-1, max-image-preview:large, max-video-preview:-1\" \/>\n<link rel=\"canonical\" href=\"https:\/\/marekkuchcinski.pl\/en\/wazne-daty\/10-pazdziernika-1914-r-polacy-odzyskali-twierdze-przemysl\/\" \/>\n<meta property=\"og:locale\" content=\"en_GB\" \/>\n<meta property=\"og:type\" content=\"article\" \/>\n<meta property=\"og:title\" content=\"10 pa\u017adziernika 1914 r. Rosjanie odst\u0105pili od obl\u0119\u017cenia Twierdzy Przemy\u015bl &#8211; Marek Kuchci\u0144ski\" \/>\n<meta property=\"og:description\" content=\"Twierdza Przemy\u015bl by\u0142a najwi\u0119kszym zespo\u0142em fortyfikacji w\u00a0monarchii austro-w\u0119gierskiej i\u00a0jednym z\u00a0trzech najpot\u0119\u017cniejszych w\u00a0Europie. Pierwsze jej obl\u0119\u017cenie\u00a0trwa\u0142o od 17 wrze\u015bnia do 10 pa\u017adziernika 1914 r. i zako\u0144czy\u0142o si\u0119 ca\u0142kowitym niepowodzeniem dla wojsk rosyjskich. Ich straty oceniono na ok. 10 tys. zabitych, rannych i zaginionych, a straty za\u0142ogi Twierdzy na 3-4 tys. \u017co\u0142nierzy. &nbsp;\" \/>\n<meta property=\"og:url\" content=\"https:\/\/marekkuchcinski.pl\/en\/wazne-daty\/10-pazdziernika-1914-r-polacy-odzyskali-twierdze-przemysl\/\" \/>\n<meta property=\"og:site_name\" content=\"Marek Kuchci\u0144ski\" \/>\n<meta property=\"article:published_time\" content=\"2016-10-10T08:51:43+00:00\" \/>\n<meta property=\"article:modified_time\" content=\"2016-10-10T11:16:20+00:00\" \/>\n<meta property=\"og:image\" content=\"https:\/\/marekkuchcinski.pl\/wp-content\/uploads\/2016\/10\/Tp.jpg\" \/>\n\t<meta property=\"og:image:width\" content=\"572\" \/>\n\t<meta property=\"og:image:height\" content=\"381\" \/>\n\t<meta property=\"og:image:type\" content=\"image\/jpeg\" \/>\n<meta name=\"author\" content=\"admin\" \/>\n<meta name=\"twitter:card\" content=\"summary_large_image\" \/>\n<meta name=\"twitter:label1\" content=\"Written by\" \/>\n\t<meta name=\"twitter:data1\" content=\"admin\" \/>\n<script type=\"application\/ld+json\" class=\"yoast-schema-graph\">{\"@context\":\"https:\/\/schema.org\",\"@graph\":[{\"@type\":\"Article\",\"@id\":\"https:\/\/marekkuchcinski.pl\/wazne-daty\/10-pazdziernika-1914-r-polacy-odzyskali-twierdze-przemysl\/#article\",\"isPartOf\":{\"@id\":\"https:\/\/marekkuchcinski.pl\/wazne-daty\/10-pazdziernika-1914-r-polacy-odzyskali-twierdze-przemysl\/\"},\"author\":{\"name\":\"admin\",\"@id\":\"https:\/\/marekkuchcinski.pl\/#\/schema\/person\/6f62700996b4d950b6ea2d1183b6c6be\"},\"headline\":\"10 pa\u017adziernika 1914 r. Rosjanie odst\u0105pili od obl\u0119\u017cenia Twierdzy Przemy\u015bl\",\"datePublished\":\"2016-10-10T08:51:43+00:00\",\"dateModified\":\"2016-10-10T11:16:20+00:00\",\"mainEntityOfPage\":{\"@id\":\"https:\/\/marekkuchcinski.pl\/wazne-daty\/10-pazdziernika-1914-r-polacy-odzyskali-twierdze-przemysl\/\"},\"wordCount\":79,\"commentCount\":0,\"publisher\":{\"@id\":\"https:\/\/marekkuchcinski.pl\/#organization\"},\"image\":{\"@id\":\"https:\/\/marekkuchcinski.pl\/wazne-daty\/10-pazdziernika-1914-r-polacy-odzyskali-twierdze-przemysl\/#primaryimage\"},\"thumbnailUrl\":\"https:\/\/marekkuchcinski.pl\/wp-content\/uploads\/2016\/10\/Tp.jpg\",\"articleSection\":[\"Wa\u017cne daty\"],\"inLanguage\":\"en-GB\",\"potentialAction\":[{\"@type\":\"CommentAction\",\"name\":\"Comment\",\"target\":[\"https:\/\/marekkuchcinski.pl\/wazne-daty\/10-pazdziernika-1914-r-polacy-odzyskali-twierdze-przemysl\/#respond\"]}]},{\"@type\":\"WebPage\",\"@id\":\"https:\/\/marekkuchcinski.pl\/wazne-daty\/10-pazdziernika-1914-r-polacy-odzyskali-twierdze-przemysl\/\",\"url\":\"https:\/\/marekkuchcinski.pl\/wazne-daty\/10-pazdziernika-1914-r-polacy-odzyskali-twierdze-przemysl\/\",\"name\":\"10 pa\u017adziernika 1914 r. Rosjanie odst\u0105pili od obl\u0119\u017cenia Twierdzy Przemy\u015bl &#8211; Marek Kuchci\u0144ski\",\"isPartOf\":{\"@id\":\"https:\/\/marekkuchcinski.pl\/#website\"},\"primaryImageOfPage\":{\"@id\":\"https:\/\/marekkuchcinski.pl\/wazne-daty\/10-pazdziernika-1914-r-polacy-odzyskali-twierdze-przemysl\/#primaryimage\"},\"image\":{\"@id\":\"https:\/\/marekkuchcinski.pl\/wazne-daty\/10-pazdziernika-1914-r-polacy-odzyskali-twierdze-przemysl\/#primaryimage\"},\"thumbnailUrl\":\"https:\/\/marekkuchcinski.pl\/wp-content\/uploads\/2016\/10\/Tp.jpg\",\"datePublished\":\"2016-10-10T08:51:43+00:00\",\"dateModified\":\"2016-10-10T11:16:20+00:00\",\"breadcrumb\":{\"@id\":\"https:\/\/marekkuchcinski.pl\/wazne-daty\/10-pazdziernika-1914-r-polacy-odzyskali-twierdze-przemysl\/#breadcrumb\"},\"inLanguage\":\"en-GB\",\"potentialAction\":[{\"@type\":\"ReadAction\",\"target\":[\"https:\/\/marekkuchcinski.pl\/wazne-daty\/10-pazdziernika-1914-r-polacy-odzyskali-twierdze-przemysl\/\"]}]},{\"@type\":\"ImageObject\",\"inLanguage\":\"en-GB\",\"@id\":\"https:\/\/marekkuchcinski.pl\/wazne-daty\/10-pazdziernika-1914-r-polacy-odzyskali-twierdze-przemysl\/#primaryimage\",\"url\":\"https:\/\/marekkuchcinski.pl\/wp-content\/uploads\/2016\/10\/Tp.jpg\",\"contentUrl\":\"https:\/\/marekkuchcinski.pl\/wp-content\/uploads\/2016\/10\/Tp.jpg\",\"width\":572,\"height\":381},{\"@type\":\"BreadcrumbList\",\"@id\":\"https:\/\/marekkuchcinski.pl\/wazne-daty\/10-pazdziernika-1914-r-polacy-odzyskali-twierdze-przemysl\/#breadcrumb\",\"itemListElement\":[{\"@type\":\"ListItem\",\"position\":1,\"name\":\"Strona g\u0142\u00f3wna\",\"item\":\"https:\/\/marekkuchcinski.pl\/\"},{\"@type\":\"ListItem\",\"position\":2,\"name\":\"10 pa\u017adziernika 1914 r. Rosjanie odst\u0105pili od obl\u0119\u017cenia Twierdzy Przemy\u015bl\"}]},{\"@type\":\"WebSite\",\"@id\":\"https:\/\/marekkuchcinski.pl\/#website\",\"url\":\"https:\/\/marekkuchcinski.pl\/\",\"name\":\"Marek Kuchci\u0144ski\",\"description\":\"Pose\u0142 na sejm RP &ndash; okr\u0119g nr 22\",\"publisher\":{\"@id\":\"https:\/\/marekkuchcinski.pl\/#organization\"},\"potentialAction\":[{\"@type\":\"SearchAction\",\"target\":{\"@type\":\"EntryPoint\",\"urlTemplate\":\"https:\/\/marekkuchcinski.pl\/?s={search_term_string}\"},\"query-input\":{\"@type\":\"PropertyValueSpecification\",\"valueRequired\":true,\"valueName\":\"search_term_string\"}}],\"inLanguage\":\"en-GB\"},{\"@type\":\"Organization\",\"@id\":\"https:\/\/marekkuchcinski.pl\/#organization\",\"name\":\"Marek Kuchci\u0144ski\",\"url\":\"https:\/\/marekkuchcinski.pl\/\",\"logo\":{\"@type\":\"ImageObject\",\"inLanguage\":\"en-GB\",\"@id\":\"https:\/\/marekkuchcinski.pl\/#\/schema\/logo\/image\/\",\"url\":\"https:\/\/marekkuchcinski.pl\/wp-content\/uploads\/2022\/09\/Marek.jpg\",\"contentUrl\":\"https:\/\/marekkuchcinski.pl\/wp-content\/uploads\/2022\/09\/Marek.jpg\",\"width\":1600,\"height\":971,\"caption\":\"Marek Kuchci\u0144ski\"},\"image\":{\"@id\":\"https:\/\/marekkuchcinski.pl\/#\/schema\/logo\/image\/\"}},{\"@type\":\"Person\",\"@id\":\"https:\/\/marekkuchcinski.pl\/#\/schema\/person\/6f62700996b4d950b6ea2d1183b6c6be\",\"name\":\"admin\",\"image\":{\"@type\":\"ImageObject\",\"inLanguage\":\"en-GB\",\"@id\":\"https:\/\/marekkuchcinski.pl\/#\/schema\/person\/image\/\",\"url\":\"https:\/\/secure.gravatar.com\/avatar\/4bab693b9d55c3d6b52c0296a8765085?s=96&d=mm&r=g\",\"contentUrl\":\"https:\/\/secure.gravatar.com\/avatar\/4bab693b9d55c3d6b52c0296a8765085?s=96&d=mm&r=g\",\"caption\":\"admin\"},\"url\":\"https:\/\/marekkuchcinski.pl\/en\/author\/marta-olejnik\/\"}]}<\/script>\n<!-- \/ Yoast SEO plugin. -->","yoast_head_json":{"title":"10 pa\u017adziernika 1914 r. Rosjanie odst\u0105pili od obl\u0119\u017cenia Twierdzy Przemy\u015bl &#8211; Marek Kuchci\u0144ski","robots":{"index":"index","follow":"follow","max-snippet":"max-snippet:-1","max-image-preview":"max-image-preview:large","max-video-preview":"max-video-preview:-1"},"canonical":"https:\/\/marekkuchcinski.pl\/en\/wazne-daty\/10-pazdziernika-1914-r-polacy-odzyskali-twierdze-przemysl\/","og_locale":"en_GB","og_type":"article","og_title":"10 pa\u017adziernika 1914 r. Rosjanie odst\u0105pili od obl\u0119\u017cenia Twierdzy Przemy\u015bl &#8211; Marek Kuchci\u0144ski","og_description":"Twierdza Przemy\u015bl by\u0142a najwi\u0119kszym zespo\u0142em fortyfikacji w\u00a0monarchii austro-w\u0119gierskiej i\u00a0jednym z\u00a0trzech najpot\u0119\u017cniejszych w\u00a0Europie. Pierwsze jej obl\u0119\u017cenie\u00a0trwa\u0142o od 17 wrze\u015bnia do 10 pa\u017adziernika 1914 r. i zako\u0144czy\u0142o si\u0119 ca\u0142kowitym niepowodzeniem dla wojsk rosyjskich. Ich straty oceniono na ok. 10 tys. zabitych, rannych i zaginionych, a straty za\u0142ogi Twierdzy na 3-4 tys. \u017co\u0142nierzy. &nbsp;","og_url":"https:\/\/marekkuchcinski.pl\/en\/wazne-daty\/10-pazdziernika-1914-r-polacy-odzyskali-twierdze-przemysl\/","og_site_name":"Marek Kuchci\u0144ski","article_published_time":"2016-10-10T08:51:43+00:00","article_modified_time":"2016-10-10T11:16:20+00:00","og_image":[{"width":572,"height":381,"url":"https:\/\/marekkuchcinski.pl\/wp-content\/uploads\/2016\/10\/Tp.jpg","type":"image\/jpeg"}],"author":"admin","twitter_card":"summary_large_image","twitter_misc":{"Written by":"admin"},"schema":{"@context":"https:\/\/schema.org","@graph":[{"@type":"Article","@id":"https:\/\/marekkuchcinski.pl\/wazne-daty\/10-pazdziernika-1914-r-polacy-odzyskali-twierdze-przemysl\/#article","isPartOf":{"@id":"https:\/\/marekkuchcinski.pl\/wazne-daty\/10-pazdziernika-1914-r-polacy-odzyskali-twierdze-przemysl\/"},"author":{"name":"admin","@id":"https:\/\/marekkuchcinski.pl\/#\/schema\/person\/6f62700996b4d950b6ea2d1183b6c6be"},"headline":"10 pa\u017adziernika 1914 r. Rosjanie odst\u0105pili od obl\u0119\u017cenia Twierdzy Przemy\u015bl","datePublished":"2016-10-10T08:51:43+00:00","dateModified":"2016-10-10T11:16:20+00:00","mainEntityOfPage":{"@id":"https:\/\/marekkuchcinski.pl\/wazne-daty\/10-pazdziernika-1914-r-polacy-odzyskali-twierdze-przemysl\/"},"wordCount":79,"commentCount":0,"publisher":{"@id":"https:\/\/marekkuchcinski.pl\/#organization"},"image":{"@id":"https:\/\/marekkuchcinski.pl\/wazne-daty\/10-pazdziernika-1914-r-polacy-odzyskali-twierdze-przemysl\/#primaryimage"},"thumbnailUrl":"https:\/\/marekkuchcinski.pl\/wp-content\/uploads\/2016\/10\/Tp.jpg","articleSection":["Wa\u017cne daty"],"inLanguage":"en-GB","potentialAction":[{"@type":"CommentAction","name":"Comment","target":["https:\/\/marekkuchcinski.pl\/wazne-daty\/10-pazdziernika-1914-r-polacy-odzyskali-twierdze-przemysl\/#respond"]}]},{"@type":"WebPage","@id":"https:\/\/marekkuchcinski.pl\/wazne-daty\/10-pazdziernika-1914-r-polacy-odzyskali-twierdze-przemysl\/","url":"https:\/\/marekkuchcinski.pl\/wazne-daty\/10-pazdziernika-1914-r-polacy-odzyskali-twierdze-przemysl\/","name":"10 pa\u017adziernika 1914 r. Rosjanie odst\u0105pili od obl\u0119\u017cenia Twierdzy Przemy\u015bl &#8211; Marek Kuchci\u0144ski","isPartOf":{"@id":"https:\/\/marekkuchcinski.pl\/#website"},"primaryImageOfPage":{"@id":"https:\/\/marekkuchcinski.pl\/wazne-daty\/10-pazdziernika-1914-r-polacy-odzyskali-twierdze-przemysl\/#primaryimage"},"image":{"@id":"https:\/\/marekkuchcinski.pl\/wazne-daty\/10-pazdziernika-1914-r-polacy-odzyskali-twierdze-przemysl\/#primaryimage"},"thumbnailUrl":"https:\/\/marekkuchcinski.pl\/wp-content\/uploads\/2016\/10\/Tp.jpg","datePublished":"2016-10-10T08:51:43+00:00","dateModified":"2016-10-10T11:16:20+00:00","breadcrumb":{"@id":"https:\/\/marekkuchcinski.pl\/wazne-daty\/10-pazdziernika-1914-r-polacy-odzyskali-twierdze-przemysl\/#breadcrumb"},"inLanguage":"en-GB","potentialAction":[{"@type":"ReadAction","target":["https:\/\/marekkuchcinski.pl\/wazne-daty\/10-pazdziernika-1914-r-polacy-odzyskali-twierdze-przemysl\/"]}]},{"@type":"ImageObject","inLanguage":"en-GB","@id":"https:\/\/marekkuchcinski.pl\/wazne-daty\/10-pazdziernika-1914-r-polacy-odzyskali-twierdze-przemysl\/#primaryimage","url":"https:\/\/marekkuchcinski.pl\/wp-content\/uploads\/2016\/10\/Tp.jpg","contentUrl":"https:\/\/marekkuchcinski.pl\/wp-content\/uploads\/2016\/10\/Tp.jpg","width":572,"height":381},{"@type":"BreadcrumbList","@id":"https:\/\/marekkuchcinski.pl\/wazne-daty\/10-pazdziernika-1914-r-polacy-odzyskali-twierdze-przemysl\/#breadcrumb","itemListElement":[{"@type":"ListItem","position":1,"name":"Strona g\u0142\u00f3wna","item":"https:\/\/marekkuchcinski.pl\/"},{"@type":"ListItem","position":2,"name":"10 pa\u017adziernika 1914 r. Rosjanie odst\u0105pili od obl\u0119\u017cenia Twierdzy Przemy\u015bl"}]},{"@type":"WebSite","@id":"https:\/\/marekkuchcinski.pl\/#website","url":"https:\/\/marekkuchcinski.pl\/","name":"Marek Kuchci\u0144ski","description":"Pose\u0142 na sejm RP &ndash; okr\u0119g nr 22","publisher":{"@id":"https:\/\/marekkuchcinski.pl\/#organization"},"potentialAction":[{"@type":"SearchAction","target":{"@type":"EntryPoint","urlTemplate":"https:\/\/marekkuchcinski.pl\/?s={search_term_string}"},"query-input":{"@type":"PropertyValueSpecification","valueRequired":true,"valueName":"search_term_string"}}],"inLanguage":"en-GB"},{"@type":"Organization","@id":"https:\/\/marekkuchcinski.pl\/#organization","name":"Marek Kuchci\u0144ski","url":"https:\/\/marekkuchcinski.pl\/","logo":{"@type":"ImageObject","inLanguage":"en-GB","@id":"https:\/\/marekkuchcinski.pl\/#\/schema\/logo\/image\/","url":"https:\/\/marekkuchcinski.pl\/wp-content\/uploads\/2022\/09\/Marek.jpg","contentUrl":"https:\/\/marekkuchcinski.pl\/wp-content\/uploads\/2022\/09\/Marek.jpg","width":1600,"height":971,"caption":"Marek Kuchci\u0144ski"},"image":{"@id":"https:\/\/marekkuchcinski.pl\/#\/schema\/logo\/image\/"}},{"@type":"Person","@id":"https:\/\/marekkuchcinski.pl\/#\/schema\/person\/6f62700996b4d950b6ea2d1183b6c6be","name":"admin","image":{"@type":"ImageObject","inLanguage":"en-GB","@id":"https:\/\/marekkuchcinski.pl\/#\/schema\/person\/image\/","url":"https:\/\/secure.gravatar.com\/avatar\/4bab693b9d55c3d6b52c0296a8765085?s=96&d=mm&r=g","contentUrl":"https:\/\/secure.gravatar.com\/avatar\/4bab693b9d55c3d6b52c0296a8765085?s=96&d=mm&r=g","caption":"admin"},"url":"https:\/\/marekkuchcinski.pl\/en\/author\/marta-olejnik\/"}]}},"_links":{"self":[{"href":"https:\/\/marekkuchcinski.pl\/en\/wp-json\/wp\/v2\/posts\/3989","targetHints":{"allow":["GET"]}}],"collection":[{"href":"https:\/\/marekkuchcinski.pl\/en\/wp-json\/wp\/v2\/posts"}],"about":[{"href":"https:\/\/marekkuchcinski.pl\/en\/wp-json\/wp\/v2\/types\/post"}],"author":[{"embeddable":true,"href":"https:\/\/marekkuchcinski.pl\/en\/wp-json\/wp\/v2\/users\/6"}],"replies":[{"embeddable":true,"href":"https:\/\/marekkuchcinski.pl\/en\/wp-json\/wp\/v2\/comments?post=3989"}],"version-history":[{"count":3,"href":"https:\/\/marekkuchcinski.pl\/en\/wp-json\/wp\/v2\/posts\/3989\/revisions"}],"predecessor-version":[{"id":4005,"href":"https:\/\/marekkuchcinski.pl\/en\/wp-json\/wp\/v2\/posts\/3989\/revisions\/4005"}],"wp:featuredmedia":[{"embeddable":true,"href":"https:\/\/marekkuchcinski.pl\/en\/wp-json\/wp\/v2\/media\/3990"}],"wp:attachment":[{"href":"https:\/\/marekkuchcinski.pl\/en\/wp-json\/wp\/v2\/media?parent=3989"}],"wp:term":[{"taxonomy":"category","embeddable":true,"href":"https:\/\/marekkuchcinski.pl\/en\/wp-json\/wp\/v2\/categories?post=3989"},{"taxonomy":"post_tag","embeddable":true,"href":"https:\/\/marekkuchcinski.pl\/en\/wp-json\/wp\/v2\/tags?post=3989"}],"curies":[{"name":"wp","href":"https:\/\/api.w.org\/{rel}","templated":true}]}}