{"id":3929,"date":"2016-10-04T13:12:42","date_gmt":"2016-10-04T11:12:42","guid":{"rendered":"https:\/\/marekkuchcinski.pl\/?p=3929"},"modified":"2016-10-04T14:18:24","modified_gmt":"2016-10-04T12:18:24","slug":"minister-agnieszka-kaczmarska-zostala-p-o-szefa-kancelarii-sejmu","status":"publish","type":"post","link":"https:\/\/marekkuchcinski.pl\/en\/wydarzenia\/minister-agnieszka-kaczmarska-zostala-p-o-szefa-kancelarii-sejmu\/","title":{"rendered":"Minister Agnieszka Kaczmarska became the acting Head of the Chancellery of the Sejm"},"content":{"rendered":"<p><strong>Minister Agnieszka Kaczmarska has been appointed the new head of the Chancellery of the Sejm. She replaced Minister Lech Czapla, who had held the position since 2010.<\/strong><\/p>\n<p>The motion for dismissal of min. Czapla from the position of head of the SC was submitted by the Speaker of the Sejm Marek Kuchci\u0144ski. The Sejm's Rules, Parliamentary Affairs and Immunity Committee gave a positive opinion on the motion, and the two sides reached an agreement.<\/p>\n<p>Agnieszka Kaczmarska took up the post of Deputy Head of the Chancellery of the Sejm in February 2016. Between 2006 and 2016, she headed the Office of the Law and Justice Parliamentary Club and was a councillor of Targ\u00f3wek district.<\/p>\n<p>The duties of the head of the SC min. Kaczmarska will serve until December 31, 2016. Her current position was taken over by the Director of the Secretariat of the Sejm Meetings Dariusz Salamo\u0144czyk.<\/p>\n<p><a href=\"https:\/\/marekkuchcinski.pl\/wp-content\/uploads\/2016\/10\/DSCF4425-001.jpg\"><img fetchpriority=\"high\" decoding=\"async\" class=\"alignnone size-full wp-image-3930\" src=\"https:\/\/marekkuchcinski.pl\/wp-content\/uploads\/2016\/10\/DSCF4425-001.jpg\" alt=\"dscf4425-001\" width=\"2195\" height=\"1463\" srcset=\"https:\/\/marekkuchcinski.pl\/wp-content\/uploads\/2016\/10\/DSCF4425-001.jpg 2048w, https:\/\/marekkuchcinski.pl\/wp-content\/uploads\/2016\/10\/DSCF4425-001-300x200.jpg 300w, https:\/\/marekkuchcinski.pl\/wp-content\/uploads\/2016\/10\/DSCF4425-001-768x512.jpg 768w, https:\/\/marekkuchcinski.pl\/wp-content\/uploads\/2016\/10\/DSCF4425-001-1024x683.jpg 1024w\" sizes=\"(max-width: 2195px) 100vw, 2195px\" \/><\/a> <a href=\"https:\/\/marekkuchcinski.pl\/wp-content\/uploads\/2016\/10\/DSCF4436.jpg\"><img decoding=\"async\" class=\"alignnone size-full wp-image-3931\" src=\"https:\/\/marekkuchcinski.pl\/wp-content\/uploads\/2016\/10\/DSCF4436.jpg\" alt=\"dscf4436\" width=\"2690\" height=\"1795\" srcset=\"https:\/\/marekkuchcinski.pl\/wp-content\/uploads\/2016\/10\/DSCF4436.jpg 2048w, https:\/\/marekkuchcinski.pl\/wp-content\/uploads\/2016\/10\/DSCF4436-300x200.jpg 300w, https:\/\/marekkuchcinski.pl\/wp-content\/uploads\/2016\/10\/DSCF4436-768x512.jpg 768w, https:\/\/marekkuchcinski.pl\/wp-content\/uploads\/2016\/10\/DSCF4436-1024x683.jpg 1024w\" sizes=\"(max-width: 2690px) 100vw, 2690px\" \/><\/a><\/p>\n<p><a href=\"https:\/\/marekkuchcinski.pl\/wp-content\/uploads\/2016\/10\/KKB_0519.jpg\"><img decoding=\"async\" class=\"alignnone size-full wp-image-3932\" src=\"https:\/\/marekkuchcinski.pl\/wp-content\/uploads\/2016\/10\/KKB_0519.jpg\" alt=\"kkb_0519\" width=\"1800\" height=\"1200\" srcset=\"https:\/\/marekkuchcinski.pl\/wp-content\/uploads\/2016\/10\/KKB_0519.jpg 1800w, https:\/\/marekkuchcinski.pl\/wp-content\/uploads\/2016\/10\/KKB_0519-300x200.jpg 300w, https:\/\/marekkuchcinski.pl\/wp-content\/uploads\/2016\/10\/KKB_0519-768x512.jpg 768w, https:\/\/marekkuchcinski.pl\/wp-content\/uploads\/2016\/10\/KKB_0519-1024x683.jpg 1024w\" sizes=\"(max-width: 1800px) 100vw, 1800px\" \/><\/a><\/p>\n<p><a href=\"https:\/\/marekkuchcinski.pl\/wp-content\/uploads\/2016\/10\/001.jpg\"><img loading=\"lazy\" decoding=\"async\" class=\"alignnone size-full wp-image-3935\" src=\"https:\/\/marekkuchcinski.pl\/wp-content\/uploads\/2016\/10\/001.jpg\" alt=\"001\" width=\"2481\" height=\"2306\" srcset=\"https:\/\/marekkuchcinski.pl\/wp-content\/uploads\/2016\/10\/001.jpg 2048w, https:\/\/marekkuchcinski.pl\/wp-content\/uploads\/2016\/10\/001-300x279.jpg 300w, https:\/\/marekkuchcinski.pl\/wp-content\/uploads\/2016\/10\/001-768x714.jpg 768w, https:\/\/marekkuchcinski.pl\/wp-content\/uploads\/2016\/10\/001-1024x952.jpg 1024w\" sizes=\"(max-width: 2481px) 100vw, 2481px\" \/><\/a><\/p>","protected":false},"excerpt":{"rendered":"<p>Nowym szefem Kancelarii Sejmu zosta\u0142a minister Agnieszka Kaczmarska. Zast\u0105pi\u0142a na tym stanowisku pe\u0142ni\u0105cego t\u0119 funkcj\u0119 od 2010 r. ministra Lecha Czapl\u0119. Wniosek o odwo\u0142anie min. Czapli z funkcji szefa KS z\u0142o\u017cy\u0142 marsza\u0142ek Sejmu Marek Kuchci\u0144ski. Sejmowa Komisja Regulaminowa, Spraw Poselskich i Immunitetowych zaopiniowa\u0142a wniosek pozytywnie, a obie strony dosz\u0142y do porozumienia. Agnieszka Kaczmarska w lutym [&hellip;]<\/p>","protected":false},"author":6,"featured_media":3930,"comment_status":"open","ping_status":"open","sticky":false,"template":"","format":"standard","meta":{"ngg_post_thumbnail":0,"footnotes":""},"categories":[82,81,3],"tags":[],"class_list":["post-3929","post","type-post","status-publish","format-standard","has-post-thumbnail","hentry","category-prawo-i-sprawiedliwosc","category-wiesci-z-sejmu","category-wydarzenia"],"yoast_head":"<!-- This site is optimized with the Yoast SEO plugin v24.7 - https:\/\/yoast.com\/wordpress\/plugins\/seo\/ -->\n<title>Minister Agnieszka Kaczmarska zosta\u0142a p.o. szefa Kancelarii Sejmu &#8211; Marek Kuchci\u0144ski<\/title>\n<meta name=\"robots\" content=\"index, follow, max-snippet:-1, max-image-preview:large, max-video-preview:-1\" \/>\n<link rel=\"canonical\" href=\"https:\/\/marekkuchcinski.pl\/en\/wydarzenia\/minister-agnieszka-kaczmarska-zostala-p-o-szefa-kancelarii-sejmu\/\" \/>\n<meta property=\"og:locale\" content=\"en_GB\" \/>\n<meta property=\"og:type\" content=\"article\" \/>\n<meta property=\"og:title\" content=\"Minister Agnieszka Kaczmarska zosta\u0142a p.o. szefa Kancelarii Sejmu &#8211; Marek Kuchci\u0144ski\" \/>\n<meta property=\"og:description\" content=\"Nowym szefem Kancelarii Sejmu zosta\u0142a minister Agnieszka Kaczmarska. Zast\u0105pi\u0142a na tym stanowisku pe\u0142ni\u0105cego t\u0119 funkcj\u0119 od 2010 r. ministra Lecha Czapl\u0119. Wniosek o odwo\u0142anie min. Czapli z funkcji szefa KS z\u0142o\u017cy\u0142 marsza\u0142ek Sejmu Marek Kuchci\u0144ski. Sejmowa Komisja Regulaminowa, Spraw Poselskich i Immunitetowych zaopiniowa\u0142a wniosek pozytywnie, a obie strony dosz\u0142y do porozumienia. Agnieszka Kaczmarska w lutym [&hellip;]\" \/>\n<meta property=\"og:url\" content=\"https:\/\/marekkuchcinski.pl\/en\/wydarzenia\/minister-agnieszka-kaczmarska-zostala-p-o-szefa-kancelarii-sejmu\/\" \/>\n<meta property=\"og:site_name\" content=\"Marek Kuchci\u0144ski\" \/>\n<meta property=\"article:published_time\" content=\"2016-10-04T11:12:42+00:00\" \/>\n<meta property=\"article:modified_time\" content=\"2016-10-04T12:18:24+00:00\" \/>\n<meta property=\"og:image\" content=\"https:\/\/marekkuchcinski.pl\/wp-content\/uploads\/2016\/10\/DSCF4425-001.jpg\" \/>\n\t<meta property=\"og:image:width\" content=\"2048\" \/>\n\t<meta property=\"og:image:height\" content=\"1365\" \/>\n\t<meta property=\"og:image:type\" content=\"image\/jpeg\" \/>\n<meta name=\"author\" content=\"admin\" \/>\n<meta name=\"twitter:card\" content=\"summary_large_image\" \/>\n<meta name=\"twitter:label1\" content=\"Written by\" \/>\n\t<meta name=\"twitter:data1\" content=\"admin\" \/>\n\t<meta name=\"twitter:label2\" content=\"Estimated reading time\" \/>\n\t<meta name=\"twitter:data2\" content=\"1 minute\" \/>\n<script type=\"application\/ld+json\" class=\"yoast-schema-graph\">{\"@context\":\"https:\/\/schema.org\",\"@graph\":[{\"@type\":\"Article\",\"@id\":\"https:\/\/marekkuchcinski.pl\/wydarzenia\/minister-agnieszka-kaczmarska-zostala-p-o-szefa-kancelarii-sejmu\/#article\",\"isPartOf\":{\"@id\":\"https:\/\/marekkuchcinski.pl\/wydarzenia\/minister-agnieszka-kaczmarska-zostala-p-o-szefa-kancelarii-sejmu\/\"},\"author\":{\"name\":\"admin\",\"@id\":\"https:\/\/marekkuchcinski.pl\/#\/schema\/person\/6f62700996b4d950b6ea2d1183b6c6be\"},\"headline\":\"Minister Agnieszka Kaczmarska zosta\u0142a p.o. szefa Kancelarii Sejmu\",\"datePublished\":\"2016-10-04T11:12:42+00:00\",\"dateModified\":\"2016-10-04T12:18:24+00:00\",\"mainEntityOfPage\":{\"@id\":\"https:\/\/marekkuchcinski.pl\/wydarzenia\/minister-agnieszka-kaczmarska-zostala-p-o-szefa-kancelarii-sejmu\/\"},\"wordCount\":129,\"commentCount\":0,\"publisher\":{\"@id\":\"https:\/\/marekkuchcinski.pl\/#organization\"},\"image\":{\"@id\":\"https:\/\/marekkuchcinski.pl\/wydarzenia\/minister-agnieszka-kaczmarska-zostala-p-o-szefa-kancelarii-sejmu\/#primaryimage\"},\"thumbnailUrl\":\"https:\/\/marekkuchcinski.pl\/wp-content\/uploads\/2016\/10\/DSCF4425-001.jpg\",\"articleSection\":[\"Prawo i Sprawiedliwo\u015b\u0107\",\"Wie\u015bci z Sejmu\",\"Wydarzenia\"],\"inLanguage\":\"en-GB\",\"potentialAction\":[{\"@type\":\"CommentAction\",\"name\":\"Comment\",\"target\":[\"https:\/\/marekkuchcinski.pl\/wydarzenia\/minister-agnieszka-kaczmarska-zostala-p-o-szefa-kancelarii-sejmu\/#respond\"]}]},{\"@type\":\"WebPage\",\"@id\":\"https:\/\/marekkuchcinski.pl\/wydarzenia\/minister-agnieszka-kaczmarska-zostala-p-o-szefa-kancelarii-sejmu\/\",\"url\":\"https:\/\/marekkuchcinski.pl\/wydarzenia\/minister-agnieszka-kaczmarska-zostala-p-o-szefa-kancelarii-sejmu\/\",\"name\":\"Minister Agnieszka Kaczmarska zosta\u0142a p.o. szefa Kancelarii Sejmu &#8211; Marek Kuchci\u0144ski\",\"isPartOf\":{\"@id\":\"https:\/\/marekkuchcinski.pl\/#website\"},\"primaryImageOfPage\":{\"@id\":\"https:\/\/marekkuchcinski.pl\/wydarzenia\/minister-agnieszka-kaczmarska-zostala-p-o-szefa-kancelarii-sejmu\/#primaryimage\"},\"image\":{\"@id\":\"https:\/\/marekkuchcinski.pl\/wydarzenia\/minister-agnieszka-kaczmarska-zostala-p-o-szefa-kancelarii-sejmu\/#primaryimage\"},\"thumbnailUrl\":\"https:\/\/marekkuchcinski.pl\/wp-content\/uploads\/2016\/10\/DSCF4425-001.jpg\",\"datePublished\":\"2016-10-04T11:12:42+00:00\",\"dateModified\":\"2016-10-04T12:18:24+00:00\",\"breadcrumb\":{\"@id\":\"https:\/\/marekkuchcinski.pl\/wydarzenia\/minister-agnieszka-kaczmarska-zostala-p-o-szefa-kancelarii-sejmu\/#breadcrumb\"},\"inLanguage\":\"en-GB\",\"potentialAction\":[{\"@type\":\"ReadAction\",\"target\":[\"https:\/\/marekkuchcinski.pl\/wydarzenia\/minister-agnieszka-kaczmarska-zostala-p-o-szefa-kancelarii-sejmu\/\"]}]},{\"@type\":\"ImageObject\",\"inLanguage\":\"en-GB\",\"@id\":\"https:\/\/marekkuchcinski.pl\/wydarzenia\/minister-agnieszka-kaczmarska-zostala-p-o-szefa-kancelarii-sejmu\/#primaryimage\",\"url\":\"https:\/\/marekkuchcinski.pl\/wp-content\/uploads\/2016\/10\/DSCF4425-001.jpg\",\"contentUrl\":\"https:\/\/marekkuchcinski.pl\/wp-content\/uploads\/2016\/10\/DSCF4425-001.jpg\",\"width\":2048,\"height\":1365},{\"@type\":\"BreadcrumbList\",\"@id\":\"https:\/\/marekkuchcinski.pl\/wydarzenia\/minister-agnieszka-kaczmarska-zostala-p-o-szefa-kancelarii-sejmu\/#breadcrumb\",\"itemListElement\":[{\"@type\":\"ListItem\",\"position\":1,\"name\":\"Strona g\u0142\u00f3wna\",\"item\":\"https:\/\/marekkuchcinski.pl\/\"},{\"@type\":\"ListItem\",\"position\":2,\"name\":\"Minister Agnieszka Kaczmarska zosta\u0142a p.o. szefa Kancelarii Sejmu\"}]},{\"@type\":\"WebSite\",\"@id\":\"https:\/\/marekkuchcinski.pl\/#website\",\"url\":\"https:\/\/marekkuchcinski.pl\/\",\"name\":\"Marek Kuchci\u0144ski\",\"description\":\"Pose\u0142 na sejm RP &ndash; okr\u0119g nr 22\",\"publisher\":{\"@id\":\"https:\/\/marekkuchcinski.pl\/#organization\"},\"potentialAction\":[{\"@type\":\"SearchAction\",\"target\":{\"@type\":\"EntryPoint\",\"urlTemplate\":\"https:\/\/marekkuchcinski.pl\/?s={search_term_string}\"},\"query-input\":{\"@type\":\"PropertyValueSpecification\",\"valueRequired\":true,\"valueName\":\"search_term_string\"}}],\"inLanguage\":\"en-GB\"},{\"@type\":\"Organization\",\"@id\":\"https:\/\/marekkuchcinski.pl\/#organization\",\"name\":\"Marek Kuchci\u0144ski\",\"url\":\"https:\/\/marekkuchcinski.pl\/\",\"logo\":{\"@type\":\"ImageObject\",\"inLanguage\":\"en-GB\",\"@id\":\"https:\/\/marekkuchcinski.pl\/#\/schema\/logo\/image\/\",\"url\":\"https:\/\/marekkuchcinski.pl\/wp-content\/uploads\/2022\/09\/Marek.jpg\",\"contentUrl\":\"https:\/\/marekkuchcinski.pl\/wp-content\/uploads\/2022\/09\/Marek.jpg\",\"width\":1600,\"height\":971,\"caption\":\"Marek Kuchci\u0144ski\"},\"image\":{\"@id\":\"https:\/\/marekkuchcinski.pl\/#\/schema\/logo\/image\/\"}},{\"@type\":\"Person\",\"@id\":\"https:\/\/marekkuchcinski.pl\/#\/schema\/person\/6f62700996b4d950b6ea2d1183b6c6be\",\"name\":\"admin\",\"image\":{\"@type\":\"ImageObject\",\"inLanguage\":\"en-GB\",\"@id\":\"https:\/\/marekkuchcinski.pl\/#\/schema\/person\/image\/\",\"url\":\"https:\/\/secure.gravatar.com\/avatar\/4bab693b9d55c3d6b52c0296a8765085?s=96&d=mm&r=g\",\"contentUrl\":\"https:\/\/secure.gravatar.com\/avatar\/4bab693b9d55c3d6b52c0296a8765085?s=96&d=mm&r=g\",\"caption\":\"admin\"},\"url\":\"https:\/\/marekkuchcinski.pl\/en\/author\/marta-olejnik\/\"}]}<\/script>\n<!-- \/ Yoast SEO plugin. -->","yoast_head_json":{"title":"Minister Agnieszka Kaczmarska zosta\u0142a p.o. szefa Kancelarii Sejmu &#8211; Marek Kuchci\u0144ski","robots":{"index":"index","follow":"follow","max-snippet":"max-snippet:-1","max-image-preview":"max-image-preview:large","max-video-preview":"max-video-preview:-1"},"canonical":"https:\/\/marekkuchcinski.pl\/en\/wydarzenia\/minister-agnieszka-kaczmarska-zostala-p-o-szefa-kancelarii-sejmu\/","og_locale":"en_GB","og_type":"article","og_title":"Minister Agnieszka Kaczmarska zosta\u0142a p.o. szefa Kancelarii Sejmu &#8211; Marek Kuchci\u0144ski","og_description":"Nowym szefem Kancelarii Sejmu zosta\u0142a minister Agnieszka Kaczmarska. Zast\u0105pi\u0142a na tym stanowisku pe\u0142ni\u0105cego t\u0119 funkcj\u0119 od 2010 r. ministra Lecha Czapl\u0119. Wniosek o odwo\u0142anie min. Czapli z funkcji szefa KS z\u0142o\u017cy\u0142 marsza\u0142ek Sejmu Marek Kuchci\u0144ski. Sejmowa Komisja Regulaminowa, Spraw Poselskich i Immunitetowych zaopiniowa\u0142a wniosek pozytywnie, a obie strony dosz\u0142y do porozumienia. Agnieszka Kaczmarska w lutym [&hellip;]","og_url":"https:\/\/marekkuchcinski.pl\/en\/wydarzenia\/minister-agnieszka-kaczmarska-zostala-p-o-szefa-kancelarii-sejmu\/","og_site_name":"Marek Kuchci\u0144ski","article_published_time":"2016-10-04T11:12:42+00:00","article_modified_time":"2016-10-04T12:18:24+00:00","og_image":[{"width":2048,"height":1365,"url":"https:\/\/marekkuchcinski.pl\/wp-content\/uploads\/2016\/10\/DSCF4425-001.jpg","type":"image\/jpeg"}],"author":"admin","twitter_card":"summary_large_image","twitter_misc":{"Written by":"admin","Estimated reading time":"1 minute"},"schema":{"@context":"https:\/\/schema.org","@graph":[{"@type":"Article","@id":"https:\/\/marekkuchcinski.pl\/wydarzenia\/minister-agnieszka-kaczmarska-zostala-p-o-szefa-kancelarii-sejmu\/#article","isPartOf":{"@id":"https:\/\/marekkuchcinski.pl\/wydarzenia\/minister-agnieszka-kaczmarska-zostala-p-o-szefa-kancelarii-sejmu\/"},"author":{"name":"admin","@id":"https:\/\/marekkuchcinski.pl\/#\/schema\/person\/6f62700996b4d950b6ea2d1183b6c6be"},"headline":"Minister Agnieszka Kaczmarska zosta\u0142a p.o. szefa Kancelarii Sejmu","datePublished":"2016-10-04T11:12:42+00:00","dateModified":"2016-10-04T12:18:24+00:00","mainEntityOfPage":{"@id":"https:\/\/marekkuchcinski.pl\/wydarzenia\/minister-agnieszka-kaczmarska-zostala-p-o-szefa-kancelarii-sejmu\/"},"wordCount":129,"commentCount":0,"publisher":{"@id":"https:\/\/marekkuchcinski.pl\/#organization"},"image":{"@id":"https:\/\/marekkuchcinski.pl\/wydarzenia\/minister-agnieszka-kaczmarska-zostala-p-o-szefa-kancelarii-sejmu\/#primaryimage"},"thumbnailUrl":"https:\/\/marekkuchcinski.pl\/wp-content\/uploads\/2016\/10\/DSCF4425-001.jpg","articleSection":["Prawo i Sprawiedliwo\u015b\u0107","Wie\u015bci z Sejmu","Wydarzenia"],"inLanguage":"en-GB","potentialAction":[{"@type":"CommentAction","name":"Comment","target":["https:\/\/marekkuchcinski.pl\/wydarzenia\/minister-agnieszka-kaczmarska-zostala-p-o-szefa-kancelarii-sejmu\/#respond"]}]},{"@type":"WebPage","@id":"https:\/\/marekkuchcinski.pl\/wydarzenia\/minister-agnieszka-kaczmarska-zostala-p-o-szefa-kancelarii-sejmu\/","url":"https:\/\/marekkuchcinski.pl\/wydarzenia\/minister-agnieszka-kaczmarska-zostala-p-o-szefa-kancelarii-sejmu\/","name":"Minister Agnieszka Kaczmarska zosta\u0142a p.o. szefa Kancelarii Sejmu &#8211; Marek Kuchci\u0144ski","isPartOf":{"@id":"https:\/\/marekkuchcinski.pl\/#website"},"primaryImageOfPage":{"@id":"https:\/\/marekkuchcinski.pl\/wydarzenia\/minister-agnieszka-kaczmarska-zostala-p-o-szefa-kancelarii-sejmu\/#primaryimage"},"image":{"@id":"https:\/\/marekkuchcinski.pl\/wydarzenia\/minister-agnieszka-kaczmarska-zostala-p-o-szefa-kancelarii-sejmu\/#primaryimage"},"thumbnailUrl":"https:\/\/marekkuchcinski.pl\/wp-content\/uploads\/2016\/10\/DSCF4425-001.jpg","datePublished":"2016-10-04T11:12:42+00:00","dateModified":"2016-10-04T12:18:24+00:00","breadcrumb":{"@id":"https:\/\/marekkuchcinski.pl\/wydarzenia\/minister-agnieszka-kaczmarska-zostala-p-o-szefa-kancelarii-sejmu\/#breadcrumb"},"inLanguage":"en-GB","potentialAction":[{"@type":"ReadAction","target":["https:\/\/marekkuchcinski.pl\/wydarzenia\/minister-agnieszka-kaczmarska-zostala-p-o-szefa-kancelarii-sejmu\/"]}]},{"@type":"ImageObject","inLanguage":"en-GB","@id":"https:\/\/marekkuchcinski.pl\/wydarzenia\/minister-agnieszka-kaczmarska-zostala-p-o-szefa-kancelarii-sejmu\/#primaryimage","url":"https:\/\/marekkuchcinski.pl\/wp-content\/uploads\/2016\/10\/DSCF4425-001.jpg","contentUrl":"https:\/\/marekkuchcinski.pl\/wp-content\/uploads\/2016\/10\/DSCF4425-001.jpg","width":2048,"height":1365},{"@type":"BreadcrumbList","@id":"https:\/\/marekkuchcinski.pl\/wydarzenia\/minister-agnieszka-kaczmarska-zostala-p-o-szefa-kancelarii-sejmu\/#breadcrumb","itemListElement":[{"@type":"ListItem","position":1,"name":"Strona g\u0142\u00f3wna","item":"https:\/\/marekkuchcinski.pl\/"},{"@type":"ListItem","position":2,"name":"Minister Agnieszka Kaczmarska zosta\u0142a p.o. szefa Kancelarii Sejmu"}]},{"@type":"WebSite","@id":"https:\/\/marekkuchcinski.pl\/#website","url":"https:\/\/marekkuchcinski.pl\/","name":"Marek Kuchci\u0144ski","description":"Pose\u0142 na sejm RP &ndash; okr\u0119g nr 22","publisher":{"@id":"https:\/\/marekkuchcinski.pl\/#organization"},"potentialAction":[{"@type":"SearchAction","target":{"@type":"EntryPoint","urlTemplate":"https:\/\/marekkuchcinski.pl\/?s={search_term_string}"},"query-input":{"@type":"PropertyValueSpecification","valueRequired":true,"valueName":"search_term_string"}}],"inLanguage":"en-GB"},{"@type":"Organization","@id":"https:\/\/marekkuchcinski.pl\/#organization","name":"Marek Kuchci\u0144ski","url":"https:\/\/marekkuchcinski.pl\/","logo":{"@type":"ImageObject","inLanguage":"en-GB","@id":"https:\/\/marekkuchcinski.pl\/#\/schema\/logo\/image\/","url":"https:\/\/marekkuchcinski.pl\/wp-content\/uploads\/2022\/09\/Marek.jpg","contentUrl":"https:\/\/marekkuchcinski.pl\/wp-content\/uploads\/2022\/09\/Marek.jpg","width":1600,"height":971,"caption":"Marek Kuchci\u0144ski"},"image":{"@id":"https:\/\/marekkuchcinski.pl\/#\/schema\/logo\/image\/"}},{"@type":"Person","@id":"https:\/\/marekkuchcinski.pl\/#\/schema\/person\/6f62700996b4d950b6ea2d1183b6c6be","name":"admin","image":{"@type":"ImageObject","inLanguage":"en-GB","@id":"https:\/\/marekkuchcinski.pl\/#\/schema\/person\/image\/","url":"https:\/\/secure.gravatar.com\/avatar\/4bab693b9d55c3d6b52c0296a8765085?s=96&d=mm&r=g","contentUrl":"https:\/\/secure.gravatar.com\/avatar\/4bab693b9d55c3d6b52c0296a8765085?s=96&d=mm&r=g","caption":"admin"},"url":"https:\/\/marekkuchcinski.pl\/en\/author\/marta-olejnik\/"}]}},"_links":{"self":[{"href":"https:\/\/marekkuchcinski.pl\/en\/wp-json\/wp\/v2\/posts\/3929","targetHints":{"allow":["GET"]}}],"collection":[{"href":"https:\/\/marekkuchcinski.pl\/en\/wp-json\/wp\/v2\/posts"}],"about":[{"href":"https:\/\/marekkuchcinski.pl\/en\/wp-json\/wp\/v2\/types\/post"}],"author":[{"embeddable":true,"href":"https:\/\/marekkuchcinski.pl\/en\/wp-json\/wp\/v2\/users\/6"}],"replies":[{"embeddable":true,"href":"https:\/\/marekkuchcinski.pl\/en\/wp-json\/wp\/v2\/comments?post=3929"}],"version-history":[{"count":7,"href":"https:\/\/marekkuchcinski.pl\/en\/wp-json\/wp\/v2\/posts\/3929\/revisions"}],"predecessor-version":[{"id":3941,"href":"https:\/\/marekkuchcinski.pl\/en\/wp-json\/wp\/v2\/posts\/3929\/revisions\/3941"}],"wp:featuredmedia":[{"embeddable":true,"href":"https:\/\/marekkuchcinski.pl\/en\/wp-json\/wp\/v2\/media\/3930"}],"wp:attachment":[{"href":"https:\/\/marekkuchcinski.pl\/en\/wp-json\/wp\/v2\/media?parent=3929"}],"wp:term":[{"taxonomy":"category","embeddable":true,"href":"https:\/\/marekkuchcinski.pl\/en\/wp-json\/wp\/v2\/categories?post=3929"},{"taxonomy":"post_tag","embeddable":true,"href":"https:\/\/marekkuchcinski.pl\/en\/wp-json\/wp\/v2\/tags?post=3929"}],"curies":[{"name":"wp","href":"https:\/\/api.w.org\/{rel}","templated":true}]}}