{"id":3862,"date":"2016-09-26T08:59:00","date_gmt":"2016-09-26T06:59:00","guid":{"rendered":"https:\/\/marekkuchcinski.pl\/?p=3862"},"modified":"2016-09-29T11:12:45","modified_gmt":"2016-09-29T09:12:45","slug":"polska-chiny-wzmacniamy-wspolprace","status":"publish","type":"post","link":"https:\/\/marekkuchcinski.pl\/en\/wydarzenia\/polska-chiny-wzmacniamy-wspolprace\/","title":{"rendered":"Poland - China - we strengthen cooperation"},"content":{"rendered":"<p><strong>Speaker of the Sejm Marek Kuchcinski met today with Vice Chairman of the Chinese Consultative Conference Wang Jiarui<\/strong><\/p>\n<p>The starting point for the talks was a statement signed by the presidents of Poland and China in Warsaw in June, which states that \"Poland and China view each other as long-term and stable strategic partners.\" Marshal Kuchcinski agrees with its contents. During the meeting, he argued that despite political differences, cooperation between Europe and China is extremely important and leads to the development of the global economy and world order. He also encouraged intercession for the organization of the EXPO 2022 International Exhibition in \u0141\u00f3d\u017a. He also stressed the strategic importance of the Belt and Road Initiative and Poland's unique place in this project, enabling the exchange of goods, technology, capital and personnel, promoting coordinated development and joint progress of the signatory countries in the economic, social, environmental and cultural fields.<\/p>\n<p>Poland is an important partner for China because of its location. Its great assets are sea ports like Gdansk, but also intersecting transport routes. Our cooperation should be developed not only on the level of economy, culture, art or communication, but also on the level of safety. According to the Marshal, cooperation on the parliamentary level is becoming more and more important. Poland and China should strengthen it and intensify bilateral contacts.<\/p>\n<p><a href=\"https:\/\/marekkuchcinski.pl\/wp-content\/uploads\/2016\/09\/DSCF3953.jpg\"><img fetchpriority=\"high\" decoding=\"async\" class=\"alignnone size-full wp-image-3864\" src=\"https:\/\/marekkuchcinski.pl\/wp-content\/uploads\/2016\/09\/DSCF3953.jpg\" alt=\"dscf3953\" width=\"2871\" height=\"1911\" srcset=\"https:\/\/marekkuchcinski.pl\/wp-content\/uploads\/2016\/09\/DSCF3953.jpg 2048w, https:\/\/marekkuchcinski.pl\/wp-content\/uploads\/2016\/09\/DSCF3953-300x200.jpg 300w, https:\/\/marekkuchcinski.pl\/wp-content\/uploads\/2016\/09\/DSCF3953-768x511.jpg 768w, https:\/\/marekkuchcinski.pl\/wp-content\/uploads\/2016\/09\/DSCF3953-1024x682.jpg 1024w\" sizes=\"(max-width: 2871px) 100vw, 2871px\" \/><\/a> <a href=\"https:\/\/marekkuchcinski.pl\/wp-content\/uploads\/2016\/09\/DSCF3975.jpg\"><img decoding=\"async\" class=\"alignnone size-full wp-image-3865\" src=\"https:\/\/marekkuchcinski.pl\/wp-content\/uploads\/2016\/09\/DSCF3975.jpg\" alt=\"dscf3975\" width=\"3090\" height=\"2059\" srcset=\"https:\/\/marekkuchcinski.pl\/wp-content\/uploads\/2016\/09\/DSCF3975.jpg 2048w, https:\/\/marekkuchcinski.pl\/wp-content\/uploads\/2016\/09\/DSCF3975-300x200.jpg 300w, https:\/\/marekkuchcinski.pl\/wp-content\/uploads\/2016\/09\/DSCF3975-768x512.jpg 768w, https:\/\/marekkuchcinski.pl\/wp-content\/uploads\/2016\/09\/DSCF3975-1024x682.jpg 1024w\" sizes=\"(max-width: 3090px) 100vw, 3090px\" \/><\/a> <a href=\"https:\/\/marekkuchcinski.pl\/wp-content\/uploads\/2016\/09\/DSCF3984.jpg\"><img decoding=\"async\" class=\"alignnone size-full wp-image-3866\" src=\"https:\/\/marekkuchcinski.pl\/wp-content\/uploads\/2016\/09\/DSCF3984.jpg\" alt=\"dscf3984\" width=\"4896\" height=\"2760\" srcset=\"https:\/\/marekkuchcinski.pl\/wp-content\/uploads\/2016\/09\/DSCF3984.jpg 2048w, https:\/\/marekkuchcinski.pl\/wp-content\/uploads\/2016\/09\/DSCF3984-300x169.jpg 300w, https:\/\/marekkuchcinski.pl\/wp-content\/uploads\/2016\/09\/DSCF3984-768x433.jpg 768w, https:\/\/marekkuchcinski.pl\/wp-content\/uploads\/2016\/09\/DSCF3984-1024x577.jpg 1024w\" sizes=\"(max-width: 4896px) 100vw, 4896px\" \/><\/a> <a href=\"https:\/\/marekkuchcinski.pl\/wp-content\/uploads\/2016\/09\/DSCF4021.jpg\"><img loading=\"lazy\" decoding=\"async\" class=\"alignnone size-full wp-image-3867\" src=\"https:\/\/marekkuchcinski.pl\/wp-content\/uploads\/2016\/09\/DSCF4021.jpg\" alt=\"dscf4021\" width=\"3729\" height=\"2487\" srcset=\"https:\/\/marekkuchcinski.pl\/wp-content\/uploads\/2016\/09\/DSCF4021.jpg 2048w, https:\/\/marekkuchcinski.pl\/wp-content\/uploads\/2016\/09\/DSCF4021-300x200.jpg 300w, https:\/\/marekkuchcinski.pl\/wp-content\/uploads\/2016\/09\/DSCF4021-768x512.jpg 768w, https:\/\/marekkuchcinski.pl\/wp-content\/uploads\/2016\/09\/DSCF4021-1024x683.jpg 1024w\" sizes=\"(max-width: 3729px) 100vw, 3729px\" \/><\/a><\/p>","protected":false},"excerpt":{"rendered":"<p>Marsza\u0142ek Sejmu Marek Kuchci\u0144ski spotka\u0142 si\u0119 dzi\u015b z wiceprzewodnicz\u0105cym Konferencji Konsultatywnej Chin Wangiem Jiarui Punktem wyj\u015bcia rozm\u00f3w by\u0142o o\u015bwiadczenie podpisane w czerwcu w Warszawie przez prezydent\u00f3w Polski i Chin, kt\u00f3re g\u0142osi, \u017ce \u201ePolska i Chiny postrzegaj\u0105 siebie nawzajem jako d\u0142ugoterminowych i stabilnych partner\u00f3w strategicznych&#8221;. Z jego tre\u015bci\u0105 zgadza si\u0119 marsza\u0142ek Kuchci\u0144ski. Podczas spotkania przekonywa\u0142, \u017ce [&hellip;]<\/p>","protected":false},"author":6,"featured_media":3866,"comment_status":"open","ping_status":"open","sticky":false,"template":"","format":"standard","meta":{"ngg_post_thumbnail":0,"footnotes":""},"categories":[81,50,3],"tags":[],"class_list":["post-3862","post","type-post","status-publish","format-standard","has-post-thumbnail","hentry","category-wiesci-z-sejmu","category-wspolpraca-miedzynarodowa","category-wydarzenia"],"yoast_head":"<!-- This site is optimized with the Yoast SEO plugin v24.7 - https:\/\/yoast.com\/wordpress\/plugins\/seo\/ -->\n<title>Polska \u2013 Chiny \u2013 wzmacniamy wsp\u00f3\u0142prac\u0119 &#8211; Marek Kuchci\u0144ski<\/title>\n<meta name=\"robots\" content=\"index, follow, max-snippet:-1, max-image-preview:large, max-video-preview:-1\" \/>\n<link rel=\"canonical\" href=\"https:\/\/marekkuchcinski.pl\/en\/wydarzenia\/polska-chiny-wzmacniamy-wspolprace\/\" \/>\n<meta property=\"og:locale\" content=\"en_GB\" \/>\n<meta property=\"og:type\" content=\"article\" \/>\n<meta property=\"og:title\" content=\"Polska \u2013 Chiny \u2013 wzmacniamy wsp\u00f3\u0142prac\u0119 &#8211; Marek Kuchci\u0144ski\" \/>\n<meta property=\"og:description\" content=\"Marsza\u0142ek Sejmu Marek Kuchci\u0144ski spotka\u0142 si\u0119 dzi\u015b z wiceprzewodnicz\u0105cym Konferencji Konsultatywnej Chin Wangiem Jiarui Punktem wyj\u015bcia rozm\u00f3w by\u0142o o\u015bwiadczenie podpisane w czerwcu w Warszawie przez prezydent\u00f3w Polski i Chin, kt\u00f3re g\u0142osi, \u017ce \u201ePolska i Chiny postrzegaj\u0105 siebie nawzajem jako d\u0142ugoterminowych i stabilnych partner\u00f3w strategicznych&#8221;. Z jego tre\u015bci\u0105 zgadza si\u0119 marsza\u0142ek Kuchci\u0144ski. Podczas spotkania przekonywa\u0142, \u017ce [&hellip;]\" \/>\n<meta property=\"og:url\" content=\"https:\/\/marekkuchcinski.pl\/en\/wydarzenia\/polska-chiny-wzmacniamy-wspolprace\/\" \/>\n<meta property=\"og:site_name\" content=\"Marek Kuchci\u0144ski\" \/>\n<meta property=\"article:published_time\" content=\"2016-09-26T06:59:00+00:00\" \/>\n<meta property=\"article:modified_time\" content=\"2016-09-29T09:12:45+00:00\" \/>\n<meta property=\"og:image\" content=\"https:\/\/marekkuchcinski.pl\/wp-content\/uploads\/2016\/09\/DSCF3984.jpg\" \/>\n\t<meta property=\"og:image:width\" content=\"2048\" \/>\n\t<meta property=\"og:image:height\" content=\"1155\" \/>\n\t<meta property=\"og:image:type\" content=\"image\/jpeg\" \/>\n<meta name=\"author\" content=\"admin\" \/>\n<meta name=\"twitter:card\" content=\"summary_large_image\" \/>\n<meta name=\"twitter:label1\" content=\"Written by\" \/>\n\t<meta name=\"twitter:data1\" content=\"admin\" \/>\n\t<meta name=\"twitter:label2\" content=\"Estimated reading time\" \/>\n\t<meta name=\"twitter:data2\" content=\"1 minute\" \/>\n<script type=\"application\/ld+json\" class=\"yoast-schema-graph\">{\"@context\":\"https:\/\/schema.org\",\"@graph\":[{\"@type\":\"Article\",\"@id\":\"https:\/\/marekkuchcinski.pl\/en\/wydarzenia\/polska-chiny-wzmacniamy-wspolprace\/#article\",\"isPartOf\":{\"@id\":\"https:\/\/marekkuchcinski.pl\/en\/wydarzenia\/polska-chiny-wzmacniamy-wspolprace\/\"},\"author\":{\"name\":\"admin\",\"@id\":\"https:\/\/marekkuchcinski.pl\/#\/schema\/person\/6f62700996b4d950b6ea2d1183b6c6be\"},\"headline\":\"Polska \u2013 Chiny \u2013 wzmacniamy wsp\u00f3\u0142prac\u0119\",\"datePublished\":\"2016-09-26T06:59:00+00:00\",\"dateModified\":\"2016-09-29T09:12:45+00:00\",\"mainEntityOfPage\":{\"@id\":\"https:\/\/marekkuchcinski.pl\/en\/wydarzenia\/polska-chiny-wzmacniamy-wspolprace\/\"},\"wordCount\":242,\"commentCount\":0,\"publisher\":{\"@id\":\"https:\/\/marekkuchcinski.pl\/#organization\"},\"image\":{\"@id\":\"https:\/\/marekkuchcinski.pl\/en\/wydarzenia\/polska-chiny-wzmacniamy-wspolprace\/#primaryimage\"},\"thumbnailUrl\":\"https:\/\/marekkuchcinski.pl\/wp-content\/uploads\/2016\/09\/DSCF3984.jpg\",\"articleSection\":[\"Wie\u015bci z Sejmu\",\"Wsp\u00f3\u0142praca mi\u0119dzynarodowa\",\"Wydarzenia\"],\"inLanguage\":\"en-GB\",\"potentialAction\":[{\"@type\":\"CommentAction\",\"name\":\"Comment\",\"target\":[\"https:\/\/marekkuchcinski.pl\/en\/wydarzenia\/polska-chiny-wzmacniamy-wspolprace\/#respond\"]}]},{\"@type\":\"WebPage\",\"@id\":\"https:\/\/marekkuchcinski.pl\/en\/wydarzenia\/polska-chiny-wzmacniamy-wspolprace\/\",\"url\":\"https:\/\/marekkuchcinski.pl\/en\/wydarzenia\/polska-chiny-wzmacniamy-wspolprace\/\",\"name\":\"Polska \u2013 Chiny \u2013 wzmacniamy wsp\u00f3\u0142prac\u0119 &#8211; Marek Kuchci\u0144ski\",\"isPartOf\":{\"@id\":\"https:\/\/marekkuchcinski.pl\/#website\"},\"primaryImageOfPage\":{\"@id\":\"https:\/\/marekkuchcinski.pl\/en\/wydarzenia\/polska-chiny-wzmacniamy-wspolprace\/#primaryimage\"},\"image\":{\"@id\":\"https:\/\/marekkuchcinski.pl\/en\/wydarzenia\/polska-chiny-wzmacniamy-wspolprace\/#primaryimage\"},\"thumbnailUrl\":\"https:\/\/marekkuchcinski.pl\/wp-content\/uploads\/2016\/09\/DSCF3984.jpg\",\"datePublished\":\"2016-09-26T06:59:00+00:00\",\"dateModified\":\"2016-09-29T09:12:45+00:00\",\"breadcrumb\":{\"@id\":\"https:\/\/marekkuchcinski.pl\/en\/wydarzenia\/polska-chiny-wzmacniamy-wspolprace\/#breadcrumb\"},\"inLanguage\":\"en-GB\",\"potentialAction\":[{\"@type\":\"ReadAction\",\"target\":[\"https:\/\/marekkuchcinski.pl\/en\/wydarzenia\/polska-chiny-wzmacniamy-wspolprace\/\"]}]},{\"@type\":\"ImageObject\",\"inLanguage\":\"en-GB\",\"@id\":\"https:\/\/marekkuchcinski.pl\/en\/wydarzenia\/polska-chiny-wzmacniamy-wspolprace\/#primaryimage\",\"url\":\"https:\/\/marekkuchcinski.pl\/wp-content\/uploads\/2016\/09\/DSCF3984.jpg\",\"contentUrl\":\"https:\/\/marekkuchcinski.pl\/wp-content\/uploads\/2016\/09\/DSCF3984.jpg\",\"width\":2048,\"height\":1155},{\"@type\":\"BreadcrumbList\",\"@id\":\"https:\/\/marekkuchcinski.pl\/en\/wydarzenia\/polska-chiny-wzmacniamy-wspolprace\/#breadcrumb\",\"itemListElement\":[{\"@type\":\"ListItem\",\"position\":1,\"name\":\"Strona g\u0142\u00f3wna\",\"item\":\"https:\/\/marekkuchcinski.pl\/\"},{\"@type\":\"ListItem\",\"position\":2,\"name\":\"Polska \u2013 Chiny \u2013 wzmacniamy wsp\u00f3\u0142prac\u0119\"}]},{\"@type\":\"WebSite\",\"@id\":\"https:\/\/marekkuchcinski.pl\/#website\",\"url\":\"https:\/\/marekkuchcinski.pl\/\",\"name\":\"Marek Kuchci\u0144ski\",\"description\":\"Pose\u0142 na sejm RP &ndash; okr\u0119g nr 22\",\"publisher\":{\"@id\":\"https:\/\/marekkuchcinski.pl\/#organization\"},\"potentialAction\":[{\"@type\":\"SearchAction\",\"target\":{\"@type\":\"EntryPoint\",\"urlTemplate\":\"https:\/\/marekkuchcinski.pl\/?s={search_term_string}\"},\"query-input\":{\"@type\":\"PropertyValueSpecification\",\"valueRequired\":true,\"valueName\":\"search_term_string\"}}],\"inLanguage\":\"en-GB\"},{\"@type\":\"Organization\",\"@id\":\"https:\/\/marekkuchcinski.pl\/#organization\",\"name\":\"Marek Kuchci\u0144ski\",\"url\":\"https:\/\/marekkuchcinski.pl\/\",\"logo\":{\"@type\":\"ImageObject\",\"inLanguage\":\"en-GB\",\"@id\":\"https:\/\/marekkuchcinski.pl\/#\/schema\/logo\/image\/\",\"url\":\"https:\/\/marekkuchcinski.pl\/wp-content\/uploads\/2022\/09\/Marek.jpg\",\"contentUrl\":\"https:\/\/marekkuchcinski.pl\/wp-content\/uploads\/2022\/09\/Marek.jpg\",\"width\":1600,\"height\":971,\"caption\":\"Marek Kuchci\u0144ski\"},\"image\":{\"@id\":\"https:\/\/marekkuchcinski.pl\/#\/schema\/logo\/image\/\"}},{\"@type\":\"Person\",\"@id\":\"https:\/\/marekkuchcinski.pl\/#\/schema\/person\/6f62700996b4d950b6ea2d1183b6c6be\",\"name\":\"admin\",\"image\":{\"@type\":\"ImageObject\",\"inLanguage\":\"en-GB\",\"@id\":\"https:\/\/marekkuchcinski.pl\/#\/schema\/person\/image\/\",\"url\":\"https:\/\/secure.gravatar.com\/avatar\/4bab693b9d55c3d6b52c0296a8765085?s=96&d=mm&r=g\",\"contentUrl\":\"https:\/\/secure.gravatar.com\/avatar\/4bab693b9d55c3d6b52c0296a8765085?s=96&d=mm&r=g\",\"caption\":\"admin\"},\"url\":\"https:\/\/marekkuchcinski.pl\/en\/author\/marta-olejnik\/\"}]}<\/script>\n<!-- \/ Yoast SEO plugin. -->","yoast_head_json":{"title":"Polska \u2013 Chiny \u2013 wzmacniamy wsp\u00f3\u0142prac\u0119 &#8211; Marek Kuchci\u0144ski","robots":{"index":"index","follow":"follow","max-snippet":"max-snippet:-1","max-image-preview":"max-image-preview:large","max-video-preview":"max-video-preview:-1"},"canonical":"https:\/\/marekkuchcinski.pl\/en\/wydarzenia\/polska-chiny-wzmacniamy-wspolprace\/","og_locale":"en_GB","og_type":"article","og_title":"Polska \u2013 Chiny \u2013 wzmacniamy wsp\u00f3\u0142prac\u0119 &#8211; Marek Kuchci\u0144ski","og_description":"Marsza\u0142ek Sejmu Marek Kuchci\u0144ski spotka\u0142 si\u0119 dzi\u015b z wiceprzewodnicz\u0105cym Konferencji Konsultatywnej Chin Wangiem Jiarui Punktem wyj\u015bcia rozm\u00f3w by\u0142o o\u015bwiadczenie podpisane w czerwcu w Warszawie przez prezydent\u00f3w Polski i Chin, kt\u00f3re g\u0142osi, \u017ce \u201ePolska i Chiny postrzegaj\u0105 siebie nawzajem jako d\u0142ugoterminowych i stabilnych partner\u00f3w strategicznych&#8221;. Z jego tre\u015bci\u0105 zgadza si\u0119 marsza\u0142ek Kuchci\u0144ski. Podczas spotkania przekonywa\u0142, \u017ce [&hellip;]","og_url":"https:\/\/marekkuchcinski.pl\/en\/wydarzenia\/polska-chiny-wzmacniamy-wspolprace\/","og_site_name":"Marek Kuchci\u0144ski","article_published_time":"2016-09-26T06:59:00+00:00","article_modified_time":"2016-09-29T09:12:45+00:00","og_image":[{"width":2048,"height":1155,"url":"https:\/\/marekkuchcinski.pl\/wp-content\/uploads\/2016\/09\/DSCF3984.jpg","type":"image\/jpeg"}],"author":"admin","twitter_card":"summary_large_image","twitter_misc":{"Written by":"admin","Estimated reading time":"1 minute"},"schema":{"@context":"https:\/\/schema.org","@graph":[{"@type":"Article","@id":"https:\/\/marekkuchcinski.pl\/en\/wydarzenia\/polska-chiny-wzmacniamy-wspolprace\/#article","isPartOf":{"@id":"https:\/\/marekkuchcinski.pl\/en\/wydarzenia\/polska-chiny-wzmacniamy-wspolprace\/"},"author":{"name":"admin","@id":"https:\/\/marekkuchcinski.pl\/#\/schema\/person\/6f62700996b4d950b6ea2d1183b6c6be"},"headline":"Polska \u2013 Chiny \u2013 wzmacniamy wsp\u00f3\u0142prac\u0119","datePublished":"2016-09-26T06:59:00+00:00","dateModified":"2016-09-29T09:12:45+00:00","mainEntityOfPage":{"@id":"https:\/\/marekkuchcinski.pl\/en\/wydarzenia\/polska-chiny-wzmacniamy-wspolprace\/"},"wordCount":242,"commentCount":0,"publisher":{"@id":"https:\/\/marekkuchcinski.pl\/#organization"},"image":{"@id":"https:\/\/marekkuchcinski.pl\/en\/wydarzenia\/polska-chiny-wzmacniamy-wspolprace\/#primaryimage"},"thumbnailUrl":"https:\/\/marekkuchcinski.pl\/wp-content\/uploads\/2016\/09\/DSCF3984.jpg","articleSection":["Wie\u015bci z Sejmu","Wsp\u00f3\u0142praca mi\u0119dzynarodowa","Wydarzenia"],"inLanguage":"en-GB","potentialAction":[{"@type":"CommentAction","name":"Comment","target":["https:\/\/marekkuchcinski.pl\/en\/wydarzenia\/polska-chiny-wzmacniamy-wspolprace\/#respond"]}]},{"@type":"WebPage","@id":"https:\/\/marekkuchcinski.pl\/en\/wydarzenia\/polska-chiny-wzmacniamy-wspolprace\/","url":"https:\/\/marekkuchcinski.pl\/en\/wydarzenia\/polska-chiny-wzmacniamy-wspolprace\/","name":"Polska \u2013 Chiny \u2013 wzmacniamy wsp\u00f3\u0142prac\u0119 &#8211; Marek Kuchci\u0144ski","isPartOf":{"@id":"https:\/\/marekkuchcinski.pl\/#website"},"primaryImageOfPage":{"@id":"https:\/\/marekkuchcinski.pl\/en\/wydarzenia\/polska-chiny-wzmacniamy-wspolprace\/#primaryimage"},"image":{"@id":"https:\/\/marekkuchcinski.pl\/en\/wydarzenia\/polska-chiny-wzmacniamy-wspolprace\/#primaryimage"},"thumbnailUrl":"https:\/\/marekkuchcinski.pl\/wp-content\/uploads\/2016\/09\/DSCF3984.jpg","datePublished":"2016-09-26T06:59:00+00:00","dateModified":"2016-09-29T09:12:45+00:00","breadcrumb":{"@id":"https:\/\/marekkuchcinski.pl\/en\/wydarzenia\/polska-chiny-wzmacniamy-wspolprace\/#breadcrumb"},"inLanguage":"en-GB","potentialAction":[{"@type":"ReadAction","target":["https:\/\/marekkuchcinski.pl\/en\/wydarzenia\/polska-chiny-wzmacniamy-wspolprace\/"]}]},{"@type":"ImageObject","inLanguage":"en-GB","@id":"https:\/\/marekkuchcinski.pl\/en\/wydarzenia\/polska-chiny-wzmacniamy-wspolprace\/#primaryimage","url":"https:\/\/marekkuchcinski.pl\/wp-content\/uploads\/2016\/09\/DSCF3984.jpg","contentUrl":"https:\/\/marekkuchcinski.pl\/wp-content\/uploads\/2016\/09\/DSCF3984.jpg","width":2048,"height":1155},{"@type":"BreadcrumbList","@id":"https:\/\/marekkuchcinski.pl\/en\/wydarzenia\/polska-chiny-wzmacniamy-wspolprace\/#breadcrumb","itemListElement":[{"@type":"ListItem","position":1,"name":"Strona g\u0142\u00f3wna","item":"https:\/\/marekkuchcinski.pl\/"},{"@type":"ListItem","position":2,"name":"Polska \u2013 Chiny \u2013 wzmacniamy wsp\u00f3\u0142prac\u0119"}]},{"@type":"WebSite","@id":"https:\/\/marekkuchcinski.pl\/#website","url":"https:\/\/marekkuchcinski.pl\/","name":"Marek Kuchci\u0144ski","description":"Pose\u0142 na sejm RP &ndash; okr\u0119g nr 22","publisher":{"@id":"https:\/\/marekkuchcinski.pl\/#organization"},"potentialAction":[{"@type":"SearchAction","target":{"@type":"EntryPoint","urlTemplate":"https:\/\/marekkuchcinski.pl\/?s={search_term_string}"},"query-input":{"@type":"PropertyValueSpecification","valueRequired":true,"valueName":"search_term_string"}}],"inLanguage":"en-GB"},{"@type":"Organization","@id":"https:\/\/marekkuchcinski.pl\/#organization","name":"Marek Kuchci\u0144ski","url":"https:\/\/marekkuchcinski.pl\/","logo":{"@type":"ImageObject","inLanguage":"en-GB","@id":"https:\/\/marekkuchcinski.pl\/#\/schema\/logo\/image\/","url":"https:\/\/marekkuchcinski.pl\/wp-content\/uploads\/2022\/09\/Marek.jpg","contentUrl":"https:\/\/marekkuchcinski.pl\/wp-content\/uploads\/2022\/09\/Marek.jpg","width":1600,"height":971,"caption":"Marek Kuchci\u0144ski"},"image":{"@id":"https:\/\/marekkuchcinski.pl\/#\/schema\/logo\/image\/"}},{"@type":"Person","@id":"https:\/\/marekkuchcinski.pl\/#\/schema\/person\/6f62700996b4d950b6ea2d1183b6c6be","name":"admin","image":{"@type":"ImageObject","inLanguage":"en-GB","@id":"https:\/\/marekkuchcinski.pl\/#\/schema\/person\/image\/","url":"https:\/\/secure.gravatar.com\/avatar\/4bab693b9d55c3d6b52c0296a8765085?s=96&d=mm&r=g","contentUrl":"https:\/\/secure.gravatar.com\/avatar\/4bab693b9d55c3d6b52c0296a8765085?s=96&d=mm&r=g","caption":"admin"},"url":"https:\/\/marekkuchcinski.pl\/en\/author\/marta-olejnik\/"}]}},"_links":{"self":[{"href":"https:\/\/marekkuchcinski.pl\/en\/wp-json\/wp\/v2\/posts\/3862","targetHints":{"allow":["GET"]}}],"collection":[{"href":"https:\/\/marekkuchcinski.pl\/en\/wp-json\/wp\/v2\/posts"}],"about":[{"href":"https:\/\/marekkuchcinski.pl\/en\/wp-json\/wp\/v2\/types\/post"}],"author":[{"embeddable":true,"href":"https:\/\/marekkuchcinski.pl\/en\/wp-json\/wp\/v2\/users\/6"}],"replies":[{"embeddable":true,"href":"https:\/\/marekkuchcinski.pl\/en\/wp-json\/wp\/v2\/comments?post=3862"}],"version-history":[{"count":4,"href":"https:\/\/marekkuchcinski.pl\/en\/wp-json\/wp\/v2\/posts\/3862\/revisions"}],"predecessor-version":[{"id":3878,"href":"https:\/\/marekkuchcinski.pl\/en\/wp-json\/wp\/v2\/posts\/3862\/revisions\/3878"}],"wp:featuredmedia":[{"embeddable":true,"href":"https:\/\/marekkuchcinski.pl\/en\/wp-json\/wp\/v2\/media\/3866"}],"wp:attachment":[{"href":"https:\/\/marekkuchcinski.pl\/en\/wp-json\/wp\/v2\/media?parent=3862"}],"wp:term":[{"taxonomy":"category","embeddable":true,"href":"https:\/\/marekkuchcinski.pl\/en\/wp-json\/wp\/v2\/categories?post=3862"},{"taxonomy":"post_tag","embeddable":true,"href":"https:\/\/marekkuchcinski.pl\/en\/wp-json\/wp\/v2\/tags?post=3862"}],"curies":[{"name":"wp","href":"https:\/\/api.w.org\/{rel}","templated":true}]}}