{"id":3802,"date":"2016-09-22T10:42:54","date_gmt":"2016-09-22T08:42:54","guid":{"rendered":"https:\/\/marekkuchcinski.pl\/?p=3802"},"modified":"2016-09-22T10:42:54","modified_gmt":"2016-09-22T08:42:54","slug":"36-lecie-niezaleznego-zrzeszenia-studentow","status":"publish","type":"post","link":"https:\/\/marekkuchcinski.pl\/en\/wydarzenia\/36-lecie-niezaleznego-zrzeszenia-studentow\/","title":{"rendered":"36th Anniversary of the Independent Students' Association"},"content":{"rendered":"<p><strong>In 1980, Polish students revolt against the communist government. They unite their forces and create the student equivalent of \"Solidarity\". This is how the Independent Students' Association is created. Its members fight against the criminal communist system.<\/strong><\/p>\n<p>The Union of Independent Students (NZS) gathered young people who wanted an independent students' organization from the state authorities, democratization of academic life, respect for fundamental political freedoms and human rights, respect for Polish independence and patriotic traditions. The authorities of the People's Republic of Poland delayed registration of the Union for a long time.<\/p>\n<p>It was only as a result of student strikes, particularly in \u0141\u00f3d\u017a, that the then government agreed to register the Association, which took place on 17 February 1981. Apart from typical student-oriented activities, such as the reform of higher education, the organization supported the political activities of the \"Solidarity\" movement.<\/p>\n<p>After martial law was imposed, the Association was banned and many of its activists were arrested. However, in several academic centers, the Union continued its underground activities. After 1989, the Union was legalized again. It gradually changed the profile of its activity, limiting political initiatives in favor of representing students' interests and organizing cultural and entertainment events, thus becoming a typical students' organization.<\/p>\n<p><em>source: nzs.org.pl<\/em><\/p>\n<p><a href=\"https:\/\/marekkuchcinski.pl\/wp-content\/uploads\/2016\/09\/NZS.jpg\"><img fetchpriority=\"high\" decoding=\"async\" class=\"alignnone  wp-image-3803\" src=\"https:\/\/marekkuchcinski.pl\/wp-content\/uploads\/2016\/09\/NZS.jpg\" alt=\"nzs\" width=\"1077\" height=\"686\" srcset=\"https:\/\/marekkuchcinski.pl\/wp-content\/uploads\/2016\/09\/NZS.jpg 625w, https:\/\/marekkuchcinski.pl\/wp-content\/uploads\/2016\/09\/NZS-300x191.jpg 300w\" sizes=\"(max-width: 1077px) 100vw, 1077px\" \/><\/a><\/p>","protected":false},"excerpt":{"rendered":"<p>Rok 1980. Polscy studenci buntuj\u0105 si\u0119 przeciwko dzia\u0142aniom komunistycznej w\u0142adzy. Zrzeszaj\u0105 si\u0119, jednocz\u0105c si\u0142y i tworz\u0105 studencki odpowiednik \u201eSolidarno\u015bci\u201d. Tak powstaje Niezale\u017cne Zrzeszenie Student\u00f3w, kt\u00f3rego cz\u0142onkowie walcz\u0105 ze zbrodniczym ustrojem komunistycznym. NZS skupia\u0142 m\u0142odych ludzi chc\u0105cych niezale\u017cnej od w\u0142adz pa\u0144stwowych organizacji studenckiej, a ponadto demokratyzacji \u017cycia akademickiego, przestrzegania podstawowych swob\u00f3d politycznych w kraju oraz praw [&hellip;]<\/p>","protected":false},"author":6,"featured_media":3803,"comment_status":"open","ping_status":"open","sticky":false,"template":"","format":"standard","meta":{"ngg_post_thumbnail":0,"footnotes":""},"categories":[77,3],"tags":[],"class_list":["post-3802","post","type-post","status-publish","format-standard","has-post-thumbnail","hentry","category-wazne-daty","category-wydarzenia"],"yoast_head":"<!-- This site is optimized with the Yoast SEO plugin v24.7 - https:\/\/yoast.com\/wordpress\/plugins\/seo\/ -->\n<title>36-lecie Niezale\u017cnego Zrzeszenia Student\u00f3w &#8211; Marek Kuchci\u0144ski<\/title>\n<meta name=\"robots\" content=\"index, follow, max-snippet:-1, max-image-preview:large, max-video-preview:-1\" \/>\n<link rel=\"canonical\" href=\"https:\/\/marekkuchcinski.pl\/en\/wydarzenia\/36-lecie-niezaleznego-zrzeszenia-studentow\/\" \/>\n<meta property=\"og:locale\" content=\"en_GB\" \/>\n<meta property=\"og:type\" content=\"article\" \/>\n<meta property=\"og:title\" content=\"36-lecie Niezale\u017cnego Zrzeszenia Student\u00f3w &#8211; Marek Kuchci\u0144ski\" \/>\n<meta property=\"og:description\" content=\"Rok 1980. Polscy studenci buntuj\u0105 si\u0119 przeciwko dzia\u0142aniom komunistycznej w\u0142adzy. Zrzeszaj\u0105 si\u0119, jednocz\u0105c si\u0142y i tworz\u0105 studencki odpowiednik \u201eSolidarno\u015bci\u201d. Tak powstaje Niezale\u017cne Zrzeszenie Student\u00f3w, kt\u00f3rego cz\u0142onkowie walcz\u0105 ze zbrodniczym ustrojem komunistycznym. NZS skupia\u0142 m\u0142odych ludzi chc\u0105cych niezale\u017cnej od w\u0142adz pa\u0144stwowych organizacji studenckiej, a ponadto demokratyzacji \u017cycia akademickiego, przestrzegania podstawowych swob\u00f3d politycznych w kraju oraz praw [&hellip;]\" \/>\n<meta property=\"og:url\" content=\"https:\/\/marekkuchcinski.pl\/en\/wydarzenia\/36-lecie-niezaleznego-zrzeszenia-studentow\/\" \/>\n<meta property=\"og:site_name\" content=\"Marek Kuchci\u0144ski\" \/>\n<meta property=\"article:published_time\" content=\"2016-09-22T08:42:54+00:00\" \/>\n<meta property=\"og:image\" content=\"https:\/\/marekkuchcinski.pl\/wp-content\/uploads\/2016\/09\/NZS.jpg\" \/>\n\t<meta property=\"og:image:width\" content=\"625\" \/>\n\t<meta property=\"og:image:height\" content=\"398\" \/>\n\t<meta property=\"og:image:type\" content=\"image\/jpeg\" \/>\n<meta name=\"author\" content=\"admin\" \/>\n<meta name=\"twitter:card\" content=\"summary_large_image\" \/>\n<meta name=\"twitter:label1\" content=\"Written by\" \/>\n\t<meta name=\"twitter:data1\" content=\"admin\" \/>\n\t<meta name=\"twitter:label2\" content=\"Estimated reading time\" \/>\n\t<meta name=\"twitter:data2\" content=\"1 minute\" \/>\n<script type=\"application\/ld+json\" class=\"yoast-schema-graph\">{\"@context\":\"https:\/\/schema.org\",\"@graph\":[{\"@type\":\"Article\",\"@id\":\"https:\/\/marekkuchcinski.pl\/ro\/wydarzenia\/36-lecie-niezaleznego-zrzeszenia-studentow\/#article\",\"isPartOf\":{\"@id\":\"https:\/\/marekkuchcinski.pl\/ro\/wydarzenia\/36-lecie-niezaleznego-zrzeszenia-studentow\/\"},\"author\":{\"name\":\"admin\",\"@id\":\"https:\/\/marekkuchcinski.pl\/#\/schema\/person\/6f62700996b4d950b6ea2d1183b6c6be\"},\"headline\":\"36-lecie Niezale\u017cnego Zrzeszenia Student\u00f3w\",\"datePublished\":\"2016-09-22T08:42:54+00:00\",\"mainEntityOfPage\":{\"@id\":\"https:\/\/marekkuchcinski.pl\/ro\/wydarzenia\/36-lecie-niezaleznego-zrzeszenia-studentow\/\"},\"wordCount\":231,\"commentCount\":0,\"publisher\":{\"@id\":\"https:\/\/marekkuchcinski.pl\/#organization\"},\"image\":{\"@id\":\"https:\/\/marekkuchcinski.pl\/ro\/wydarzenia\/36-lecie-niezaleznego-zrzeszenia-studentow\/#primaryimage\"},\"thumbnailUrl\":\"https:\/\/marekkuchcinski.pl\/wp-content\/uploads\/2016\/09\/NZS.jpg\",\"articleSection\":[\"Wa\u017cne daty\",\"Wydarzenia\"],\"inLanguage\":\"en-GB\",\"potentialAction\":[{\"@type\":\"CommentAction\",\"name\":\"Comment\",\"target\":[\"https:\/\/marekkuchcinski.pl\/ro\/wydarzenia\/36-lecie-niezaleznego-zrzeszenia-studentow\/#respond\"]}]},{\"@type\":\"WebPage\",\"@id\":\"https:\/\/marekkuchcinski.pl\/ro\/wydarzenia\/36-lecie-niezaleznego-zrzeszenia-studentow\/\",\"url\":\"https:\/\/marekkuchcinski.pl\/ro\/wydarzenia\/36-lecie-niezaleznego-zrzeszenia-studentow\/\",\"name\":\"36-lecie Niezale\u017cnego Zrzeszenia Student\u00f3w &#8211; Marek Kuchci\u0144ski\",\"isPartOf\":{\"@id\":\"https:\/\/marekkuchcinski.pl\/#website\"},\"primaryImageOfPage\":{\"@id\":\"https:\/\/marekkuchcinski.pl\/ro\/wydarzenia\/36-lecie-niezaleznego-zrzeszenia-studentow\/#primaryimage\"},\"image\":{\"@id\":\"https:\/\/marekkuchcinski.pl\/ro\/wydarzenia\/36-lecie-niezaleznego-zrzeszenia-studentow\/#primaryimage\"},\"thumbnailUrl\":\"https:\/\/marekkuchcinski.pl\/wp-content\/uploads\/2016\/09\/NZS.jpg\",\"datePublished\":\"2016-09-22T08:42:54+00:00\",\"breadcrumb\":{\"@id\":\"https:\/\/marekkuchcinski.pl\/ro\/wydarzenia\/36-lecie-niezaleznego-zrzeszenia-studentow\/#breadcrumb\"},\"inLanguage\":\"en-GB\",\"potentialAction\":[{\"@type\":\"ReadAction\",\"target\":[\"https:\/\/marekkuchcinski.pl\/ro\/wydarzenia\/36-lecie-niezaleznego-zrzeszenia-studentow\/\"]}]},{\"@type\":\"ImageObject\",\"inLanguage\":\"en-GB\",\"@id\":\"https:\/\/marekkuchcinski.pl\/ro\/wydarzenia\/36-lecie-niezaleznego-zrzeszenia-studentow\/#primaryimage\",\"url\":\"https:\/\/marekkuchcinski.pl\/wp-content\/uploads\/2016\/09\/NZS.jpg\",\"contentUrl\":\"https:\/\/marekkuchcinski.pl\/wp-content\/uploads\/2016\/09\/NZS.jpg\",\"width\":625,\"height\":398},{\"@type\":\"BreadcrumbList\",\"@id\":\"https:\/\/marekkuchcinski.pl\/ro\/wydarzenia\/36-lecie-niezaleznego-zrzeszenia-studentow\/#breadcrumb\",\"itemListElement\":[{\"@type\":\"ListItem\",\"position\":1,\"name\":\"Strona g\u0142\u00f3wna\",\"item\":\"https:\/\/marekkuchcinski.pl\/\"},{\"@type\":\"ListItem\",\"position\":2,\"name\":\"36-lecie Niezale\u017cnego Zrzeszenia Student\u00f3w\"}]},{\"@type\":\"WebSite\",\"@id\":\"https:\/\/marekkuchcinski.pl\/#website\",\"url\":\"https:\/\/marekkuchcinski.pl\/\",\"name\":\"Marek Kuchci\u0144ski\",\"description\":\"Pose\u0142 na sejm RP &ndash; okr\u0119g nr 22\",\"publisher\":{\"@id\":\"https:\/\/marekkuchcinski.pl\/#organization\"},\"potentialAction\":[{\"@type\":\"SearchAction\",\"target\":{\"@type\":\"EntryPoint\",\"urlTemplate\":\"https:\/\/marekkuchcinski.pl\/?s={search_term_string}\"},\"query-input\":{\"@type\":\"PropertyValueSpecification\",\"valueRequired\":true,\"valueName\":\"search_term_string\"}}],\"inLanguage\":\"en-GB\"},{\"@type\":\"Organization\",\"@id\":\"https:\/\/marekkuchcinski.pl\/#organization\",\"name\":\"Marek Kuchci\u0144ski\",\"url\":\"https:\/\/marekkuchcinski.pl\/\",\"logo\":{\"@type\":\"ImageObject\",\"inLanguage\":\"en-GB\",\"@id\":\"https:\/\/marekkuchcinski.pl\/#\/schema\/logo\/image\/\",\"url\":\"https:\/\/marekkuchcinski.pl\/wp-content\/uploads\/2022\/09\/Marek.jpg\",\"contentUrl\":\"https:\/\/marekkuchcinski.pl\/wp-content\/uploads\/2022\/09\/Marek.jpg\",\"width\":1600,\"height\":971,\"caption\":\"Marek Kuchci\u0144ski\"},\"image\":{\"@id\":\"https:\/\/marekkuchcinski.pl\/#\/schema\/logo\/image\/\"}},{\"@type\":\"Person\",\"@id\":\"https:\/\/marekkuchcinski.pl\/#\/schema\/person\/6f62700996b4d950b6ea2d1183b6c6be\",\"name\":\"admin\",\"image\":{\"@type\":\"ImageObject\",\"inLanguage\":\"en-GB\",\"@id\":\"https:\/\/marekkuchcinski.pl\/#\/schema\/person\/image\/\",\"url\":\"https:\/\/secure.gravatar.com\/avatar\/4bab693b9d55c3d6b52c0296a8765085?s=96&d=mm&r=g\",\"contentUrl\":\"https:\/\/secure.gravatar.com\/avatar\/4bab693b9d55c3d6b52c0296a8765085?s=96&d=mm&r=g\",\"caption\":\"admin\"},\"url\":\"https:\/\/marekkuchcinski.pl\/en\/author\/marta-olejnik\/\"}]}<\/script>\n<!-- \/ Yoast SEO plugin. -->","yoast_head_json":{"title":"36-lecie Niezale\u017cnego Zrzeszenia Student\u00f3w &#8211; Marek Kuchci\u0144ski","robots":{"index":"index","follow":"follow","max-snippet":"max-snippet:-1","max-image-preview":"max-image-preview:large","max-video-preview":"max-video-preview:-1"},"canonical":"https:\/\/marekkuchcinski.pl\/en\/wydarzenia\/36-lecie-niezaleznego-zrzeszenia-studentow\/","og_locale":"en_GB","og_type":"article","og_title":"36-lecie Niezale\u017cnego Zrzeszenia Student\u00f3w &#8211; Marek Kuchci\u0144ski","og_description":"Rok 1980. Polscy studenci buntuj\u0105 si\u0119 przeciwko dzia\u0142aniom komunistycznej w\u0142adzy. Zrzeszaj\u0105 si\u0119, jednocz\u0105c si\u0142y i tworz\u0105 studencki odpowiednik \u201eSolidarno\u015bci\u201d. Tak powstaje Niezale\u017cne Zrzeszenie Student\u00f3w, kt\u00f3rego cz\u0142onkowie walcz\u0105 ze zbrodniczym ustrojem komunistycznym. NZS skupia\u0142 m\u0142odych ludzi chc\u0105cych niezale\u017cnej od w\u0142adz pa\u0144stwowych organizacji studenckiej, a ponadto demokratyzacji \u017cycia akademickiego, przestrzegania podstawowych swob\u00f3d politycznych w kraju oraz praw [&hellip;]","og_url":"https:\/\/marekkuchcinski.pl\/en\/wydarzenia\/36-lecie-niezaleznego-zrzeszenia-studentow\/","og_site_name":"Marek Kuchci\u0144ski","article_published_time":"2016-09-22T08:42:54+00:00","og_image":[{"width":625,"height":398,"url":"https:\/\/marekkuchcinski.pl\/wp-content\/uploads\/2016\/09\/NZS.jpg","type":"image\/jpeg"}],"author":"admin","twitter_card":"summary_large_image","twitter_misc":{"Written by":"admin","Estimated reading time":"1 minute"},"schema":{"@context":"https:\/\/schema.org","@graph":[{"@type":"Article","@id":"https:\/\/marekkuchcinski.pl\/ro\/wydarzenia\/36-lecie-niezaleznego-zrzeszenia-studentow\/#article","isPartOf":{"@id":"https:\/\/marekkuchcinski.pl\/ro\/wydarzenia\/36-lecie-niezaleznego-zrzeszenia-studentow\/"},"author":{"name":"admin","@id":"https:\/\/marekkuchcinski.pl\/#\/schema\/person\/6f62700996b4d950b6ea2d1183b6c6be"},"headline":"36-lecie Niezale\u017cnego Zrzeszenia Student\u00f3w","datePublished":"2016-09-22T08:42:54+00:00","mainEntityOfPage":{"@id":"https:\/\/marekkuchcinski.pl\/ro\/wydarzenia\/36-lecie-niezaleznego-zrzeszenia-studentow\/"},"wordCount":231,"commentCount":0,"publisher":{"@id":"https:\/\/marekkuchcinski.pl\/#organization"},"image":{"@id":"https:\/\/marekkuchcinski.pl\/ro\/wydarzenia\/36-lecie-niezaleznego-zrzeszenia-studentow\/#primaryimage"},"thumbnailUrl":"https:\/\/marekkuchcinski.pl\/wp-content\/uploads\/2016\/09\/NZS.jpg","articleSection":["Wa\u017cne daty","Wydarzenia"],"inLanguage":"en-GB","potentialAction":[{"@type":"CommentAction","name":"Comment","target":["https:\/\/marekkuchcinski.pl\/ro\/wydarzenia\/36-lecie-niezaleznego-zrzeszenia-studentow\/#respond"]}]},{"@type":"WebPage","@id":"https:\/\/marekkuchcinski.pl\/ro\/wydarzenia\/36-lecie-niezaleznego-zrzeszenia-studentow\/","url":"https:\/\/marekkuchcinski.pl\/ro\/wydarzenia\/36-lecie-niezaleznego-zrzeszenia-studentow\/","name":"36-lecie Niezale\u017cnego Zrzeszenia Student\u00f3w &#8211; Marek Kuchci\u0144ski","isPartOf":{"@id":"https:\/\/marekkuchcinski.pl\/#website"},"primaryImageOfPage":{"@id":"https:\/\/marekkuchcinski.pl\/ro\/wydarzenia\/36-lecie-niezaleznego-zrzeszenia-studentow\/#primaryimage"},"image":{"@id":"https:\/\/marekkuchcinski.pl\/ro\/wydarzenia\/36-lecie-niezaleznego-zrzeszenia-studentow\/#primaryimage"},"thumbnailUrl":"https:\/\/marekkuchcinski.pl\/wp-content\/uploads\/2016\/09\/NZS.jpg","datePublished":"2016-09-22T08:42:54+00:00","breadcrumb":{"@id":"https:\/\/marekkuchcinski.pl\/ro\/wydarzenia\/36-lecie-niezaleznego-zrzeszenia-studentow\/#breadcrumb"},"inLanguage":"en-GB","potentialAction":[{"@type":"ReadAction","target":["https:\/\/marekkuchcinski.pl\/ro\/wydarzenia\/36-lecie-niezaleznego-zrzeszenia-studentow\/"]}]},{"@type":"ImageObject","inLanguage":"en-GB","@id":"https:\/\/marekkuchcinski.pl\/ro\/wydarzenia\/36-lecie-niezaleznego-zrzeszenia-studentow\/#primaryimage","url":"https:\/\/marekkuchcinski.pl\/wp-content\/uploads\/2016\/09\/NZS.jpg","contentUrl":"https:\/\/marekkuchcinski.pl\/wp-content\/uploads\/2016\/09\/NZS.jpg","width":625,"height":398},{"@type":"BreadcrumbList","@id":"https:\/\/marekkuchcinski.pl\/ro\/wydarzenia\/36-lecie-niezaleznego-zrzeszenia-studentow\/#breadcrumb","itemListElement":[{"@type":"ListItem","position":1,"name":"Strona g\u0142\u00f3wna","item":"https:\/\/marekkuchcinski.pl\/"},{"@type":"ListItem","position":2,"name":"36-lecie Niezale\u017cnego Zrzeszenia Student\u00f3w"}]},{"@type":"WebSite","@id":"https:\/\/marekkuchcinski.pl\/#website","url":"https:\/\/marekkuchcinski.pl\/","name":"Marek Kuchci\u0144ski","description":"Pose\u0142 na sejm RP &ndash; okr\u0119g nr 22","publisher":{"@id":"https:\/\/marekkuchcinski.pl\/#organization"},"potentialAction":[{"@type":"SearchAction","target":{"@type":"EntryPoint","urlTemplate":"https:\/\/marekkuchcinski.pl\/?s={search_term_string}"},"query-input":{"@type":"PropertyValueSpecification","valueRequired":true,"valueName":"search_term_string"}}],"inLanguage":"en-GB"},{"@type":"Organization","@id":"https:\/\/marekkuchcinski.pl\/#organization","name":"Marek Kuchci\u0144ski","url":"https:\/\/marekkuchcinski.pl\/","logo":{"@type":"ImageObject","inLanguage":"en-GB","@id":"https:\/\/marekkuchcinski.pl\/#\/schema\/logo\/image\/","url":"https:\/\/marekkuchcinski.pl\/wp-content\/uploads\/2022\/09\/Marek.jpg","contentUrl":"https:\/\/marekkuchcinski.pl\/wp-content\/uploads\/2022\/09\/Marek.jpg","width":1600,"height":971,"caption":"Marek Kuchci\u0144ski"},"image":{"@id":"https:\/\/marekkuchcinski.pl\/#\/schema\/logo\/image\/"}},{"@type":"Person","@id":"https:\/\/marekkuchcinski.pl\/#\/schema\/person\/6f62700996b4d950b6ea2d1183b6c6be","name":"admin","image":{"@type":"ImageObject","inLanguage":"en-GB","@id":"https:\/\/marekkuchcinski.pl\/#\/schema\/person\/image\/","url":"https:\/\/secure.gravatar.com\/avatar\/4bab693b9d55c3d6b52c0296a8765085?s=96&d=mm&r=g","contentUrl":"https:\/\/secure.gravatar.com\/avatar\/4bab693b9d55c3d6b52c0296a8765085?s=96&d=mm&r=g","caption":"admin"},"url":"https:\/\/marekkuchcinski.pl\/en\/author\/marta-olejnik\/"}]}},"_links":{"self":[{"href":"https:\/\/marekkuchcinski.pl\/en\/wp-json\/wp\/v2\/posts\/3802","targetHints":{"allow":["GET"]}}],"collection":[{"href":"https:\/\/marekkuchcinski.pl\/en\/wp-json\/wp\/v2\/posts"}],"about":[{"href":"https:\/\/marekkuchcinski.pl\/en\/wp-json\/wp\/v2\/types\/post"}],"author":[{"embeddable":true,"href":"https:\/\/marekkuchcinski.pl\/en\/wp-json\/wp\/v2\/users\/6"}],"replies":[{"embeddable":true,"href":"https:\/\/marekkuchcinski.pl\/en\/wp-json\/wp\/v2\/comments?post=3802"}],"version-history":[{"count":1,"href":"https:\/\/marekkuchcinski.pl\/en\/wp-json\/wp\/v2\/posts\/3802\/revisions"}],"predecessor-version":[{"id":3804,"href":"https:\/\/marekkuchcinski.pl\/en\/wp-json\/wp\/v2\/posts\/3802\/revisions\/3804"}],"wp:featuredmedia":[{"embeddable":true,"href":"https:\/\/marekkuchcinski.pl\/en\/wp-json\/wp\/v2\/media\/3803"}],"wp:attachment":[{"href":"https:\/\/marekkuchcinski.pl\/en\/wp-json\/wp\/v2\/media?parent=3802"}],"wp:term":[{"taxonomy":"category","embeddable":true,"href":"https:\/\/marekkuchcinski.pl\/en\/wp-json\/wp\/v2\/categories?post=3802"},{"taxonomy":"post_tag","embeddable":true,"href":"https:\/\/marekkuchcinski.pl\/en\/wp-json\/wp\/v2\/tags?post=3802"}],"curies":[{"name":"wp","href":"https:\/\/api.w.org\/{rel}","templated":true}]}}