{"id":378,"date":"2013-10-09T16:03:28","date_gmt":"2013-10-09T14:03:28","guid":{"rendered":"https:\/\/marekkuchcinski.pl\/?p=378"},"modified":"2016-08-25T16:59:26","modified_gmt":"2016-08-25T14:59:26","slug":"wicemarszalek-sejmu-przed-tablica-smolenska-w-koninie","status":"publish","type":"post","link":"https:\/\/marekkuchcinski.pl\/en\/wydarzenia\/wicemarszalek-sejmu-przed-tablica-smolenska-w-koninie\/","title":{"rendered":"Deputy Speaker of the Sejm in front of the Smolensk plaque in Konin"},"content":{"rendered":"<p><p><img decoding=\"async\" class=\"alignleft size-full wp-image-377\" src=\"https:\/\/marekkuchcinski.pl\/wp-content\/uploads\/2013\/10\/1-300x200.jpg\" width=\"160\" height=\"107\" alt=\"1-300x200\" style=\"float: left;\" \/>On 29 September, the Vice Marshal of the Sejm, Marek Kuchci\u0144ski, visited the Konin region to pay homage to the 96 victims of the Smolensk catastrophe. Together with him, MP Witold Czarnecki, B\u0142a\u017cej Spychalski, a councillor of the Wielkopolska Regional Assembly, and Zofia Itman, a councillor of the Konin City Council, laid flowers at the plaque by the Saint Maximilian Kolbe Church.<\/p>\n<p>Source: <a href=\"http:\/\/koninskagazetainternetowa.pl\/2013\/10\/01\/konin-wicemarszalek-sejmu-przed-tablica-smolenska\/\" target=\"_blank\">konin internet newspaper<\/a><\/p><\/p>","protected":false},"excerpt":{"rendered":"<p>W dniu 29 wrze\u015bnia przebywaj\u0105cy w regionie koni\u0144skim wicemarsza\u0142ek Sejmu Marek Kuchci\u0144ski odda\u0142 ho\u0142d 96 ofiarom katastrofy smole\u0144skiej. Wraz z nim kwiaty pod tablic\u0105 znajduj\u0105c\u0105 si\u0119 przy ko\u015bciele \u015bw. Maksymiliana Kolbe z\u0142o\u017cyli: pose\u0142 Witold Czarnecki, radny Sejmiku Wielkopolskiego B\u0142a\u017cej Spychalski oraz radna Rady Miasta Konina Zofia Itman. \u0179r\u00f3d\u0142o: koni\u0144ska gazeta internetowa<\/p>","protected":false},"author":6,"featured_media":377,"comment_status":"open","ping_status":"open","sticky":false,"template":"","format":"standard","meta":{"ngg_post_thumbnail":0,"footnotes":""},"categories":[3],"tags":[],"class_list":["post-378","post","type-post","status-publish","format-standard","has-post-thumbnail","hentry","category-wydarzenia"],"_links":{"self":[{"href":"https:\/\/marekkuchcinski.pl\/en\/wp-json\/wp\/v2\/posts\/378","targetHints":{"allow":["GET"]}}],"collection":[{"href":"https:\/\/marekkuchcinski.pl\/en\/wp-json\/wp\/v2\/posts"}],"about":[{"href":"https:\/\/marekkuchcinski.pl\/en\/wp-json\/wp\/v2\/types\/post"}],"author":[{"embeddable":true,"href":"https:\/\/marekkuchcinski.pl\/en\/wp-json\/wp\/v2\/users\/6"}],"replies":[{"embeddable":true,"href":"https:\/\/marekkuchcinski.pl\/en\/wp-json\/wp\/v2\/comments?post=378"}],"version-history":[{"count":1,"href":"https:\/\/marekkuchcinski.pl\/en\/wp-json\/wp\/v2\/posts\/378\/revisions"}],"predecessor-version":[{"id":1370,"href":"https:\/\/marekkuchcinski.pl\/en\/wp-json\/wp\/v2\/posts\/378\/revisions\/1370"}],"wp:featuredmedia":[{"embeddable":true,"href":"https:\/\/marekkuchcinski.pl\/en\/wp-json\/wp\/v2\/media\/377"}],"wp:attachment":[{"href":"https:\/\/marekkuchcinski.pl\/en\/wp-json\/wp\/v2\/media?parent=378"}],"wp:term":[{"taxonomy":"category","embeddable":true,"href":"https:\/\/marekkuchcinski.pl\/en\/wp-json\/wp\/v2\/categories?post=378"},{"taxonomy":"post_tag","embeddable":true,"href":"https:\/\/marekkuchcinski.pl\/en\/wp-json\/wp\/v2\/tags?post=378"}],"curies":[{"name":"wp","href":"https:\/\/api.w.org\/{rel}","templated":true}]}}