{"id":3779,"date":"2016-09-20T20:19:33","date_gmt":"2016-09-20T18:19:33","guid":{"rendered":"https:\/\/marekkuchcinski.pl\/?p=3779"},"modified":"2016-09-23T14:14:03","modified_gmt":"2016-09-23T12:14:03","slug":"20-wrzesnia","status":"publish","type":"post","link":"https:\/\/marekkuchcinski.pl\/en\/wazne-daty\/20-wrzesnia\/","title":{"rendered":"September 20 - the day of polish glory"},"content":{"rendered":"<p style=\"text-align: left;\">September 20 recalls the glory days of the First and Second Republics. They shaped people, history, identity, patriotism. In 1580, the Polish cavalry under the<br \/>\ncommanded by Prince Janusz Zbaraski smashed the Russian cavalry<strong> w\u00a0<\/strong><strong>battle of Toropec<\/strong>. The best banners of the king's rotamen took part in it. The Polish Hussars, which were established by the Seym of the First Republic by a resolution at the beginning of the 16th century, also gave a spectacular display and won a victory at that time. To this day it is considered one of the most outstanding formations in the history of the world.<\/p>\n<p style=\"text-align: left;\"><a href=\"https:\/\/marekkuchcinski.pl\/wp-content\/uploads\/2016\/09\/husaria.jpg\"><img fetchpriority=\"high\" decoding=\"async\" class=\"alignnone size-full wp-image-3780\" src=\"https:\/\/marekkuchcinski.pl\/wp-content\/uploads\/2016\/09\/husaria.jpg\" alt=\"husaria\" width=\"1920\" height=\"1152\" srcset=\"https:\/\/marekkuchcinski.pl\/wp-content\/uploads\/2016\/09\/husaria.jpg 1920w, https:\/\/marekkuchcinski.pl\/wp-content\/uploads\/2016\/09\/husaria-300x180.jpg 300w, https:\/\/marekkuchcinski.pl\/wp-content\/uploads\/2016\/09\/husaria-768x461.jpg 768w, https:\/\/marekkuchcinski.pl\/wp-content\/uploads\/2016\/09\/husaria-1024x614.jpg 1024w\" sizes=\"(max-width: 1920px) 100vw, 1920px\" \/><\/a><\/p>\n<p>In 1920, the reborn Polish state dealt a decisive blow to the Polish-Bolshevik <strong>battle of the Niemen<\/strong>. The strategy of Commander-in-Chief Jozef Pilsudski was characterized by boldness, innovation and surprise of the enemy.<\/p>\n<p><a href=\"https:\/\/marekkuchcinski.pl\/wp-content\/uploads\/2016\/09\/images.jpg\"><img decoding=\"async\" class=\"alignnone wp-image-3781\" src=\"https:\/\/marekkuchcinski.pl\/wp-content\/uploads\/2016\/09\/images.jpg\" alt=\"images\" width=\"654\" height=\"385\" \/><\/a><\/p>\n<p>In 1939, it began\u00a0<strong>defense of Grodno<\/strong>\u00a0in front of the advancing Red Army<strong>.<\/strong>\u00a0 Gen. Wladyslaw Sikorski, during an inspection of the 6th Infantry Division in the USSR in December 1941, in a conversation with the surviving defenders of Grodno, said:\u00a0<em>You are the new Eagles. I will do my best to make sure that your city receives a\u00a0<\/em><em>Virtuti Militari<\/em><em>\u00a0<\/em><em>and the title of Always Faithful<\/em>. The struggles of the Polish soldier in the defense of Grodno in World War II were commemorated after 1990 on the Tomb of the Unknown Soldier in Warsaw with an inscription on one of the plaques GRODNO 2 - 22 September 1939.<\/p>\n<p><a href=\"https:\/\/marekkuchcinski.pl\/wp-content\/uploads\/2016\/09\/grodno1939.jpg\"><img decoding=\"async\" class=\"alignnone size-full wp-image-3782\" src=\"https:\/\/marekkuchcinski.pl\/wp-content\/uploads\/2016\/09\/grodno1939.jpg\" alt=\"grodno1939\" width=\"600\" height=\"292\" srcset=\"https:\/\/marekkuchcinski.pl\/wp-content\/uploads\/2016\/09\/grodno1939.jpg 600w, https:\/\/marekkuchcinski.pl\/wp-content\/uploads\/2016\/09\/grodno1939-300x146.jpg 300w\" sizes=\"(max-width: 600px) 100vw, 600px\" \/><\/a><\/p>\n<p>On this day it is also worth remembering the two Baltic countries and their rise to independence, which is as great a value for them as it is for the Poles. On September 20, 1992, Estonia held its first free elections after the collapse of the USSR. And in 2003, Latvian citizens voted in a referendum to join the European Union.<\/p>\n<p>On September 21, 1991, Armenian citizens decided in a referendum to secede from the USSR.<\/p>","protected":false},"excerpt":{"rendered":"<p>20 wrze\u015bnia przypomina o dniach chwa\u0142y I i II Rzeczpospolitej. Kszta\u0142towa\u0142y one ludzi, histori\u0119, to\u017csamo\u015b\u0107, patriotyzm. W 1580\u00a0r. polska jazda pod dow\u00f3dztwem ksi\u0119cia\u00a0Janusza Zbaraskiego\u00a0rozbi\u0142a kawaleri\u0119 rosyjsk\u0105 w\u00a0bitwie pod Toropcem. Wzi\u0119\u0142y w niej udzia\u0142 najlepsze\u00a0chor\u0105gwie\u00a0rotmistrz\u00f3w\u00a0kr\u00f3lewskich. Husaria polska, kt\u00f3r\u0105\u00a0Sejm I Rzeczpospolitej powo\u0142a\u0142 do \u017cycia uchwal\u0105 na pocz\u0105tku XVI wieku, r\u00f3wnie\u017c wtedy da\u0142a spektakularny popis i odnios\u0142a zwyci\u0119stwo. [&hellip;]<\/p>","protected":false},"author":6,"featured_media":3780,"comment_status":"open","ping_status":"open","sticky":false,"template":"","format":"standard","meta":{"ngg_post_thumbnail":0,"footnotes":""},"categories":[77],"tags":[],"class_list":["post-3779","post","type-post","status-publish","format-standard","has-post-thumbnail","hentry","category-wazne-daty"],"yoast_head":"<!-- This site is optimized with the Yoast SEO plugin v24.7 - https:\/\/yoast.com\/wordpress\/plugins\/seo\/ -->\n<title>20 wrze\u015bnia dniem polskiej chwa\u0142y &#8211; Marek Kuchci\u0144ski<\/title>\n<meta name=\"robots\" content=\"index, follow, max-snippet:-1, max-image-preview:large, max-video-preview:-1\" \/>\n<link rel=\"canonical\" href=\"https:\/\/marekkuchcinski.pl\/en\/wazne-daty\/20-wrzesnia\/\" \/>\n<meta property=\"og:locale\" content=\"en_GB\" \/>\n<meta property=\"og:type\" content=\"article\" \/>\n<meta property=\"og:title\" content=\"20 wrze\u015bnia dniem polskiej chwa\u0142y &#8211; Marek Kuchci\u0144ski\" \/>\n<meta property=\"og:description\" content=\"20 wrze\u015bnia przypomina o dniach chwa\u0142y I i II Rzeczpospolitej. Kszta\u0142towa\u0142y one ludzi, histori\u0119, to\u017csamo\u015b\u0107, patriotyzm. W 1580\u00a0r. polska jazda pod dow\u00f3dztwem ksi\u0119cia\u00a0Janusza Zbaraskiego\u00a0rozbi\u0142a kawaleri\u0119 rosyjsk\u0105 w\u00a0bitwie pod Toropcem. Wzi\u0119\u0142y w niej udzia\u0142 najlepsze\u00a0chor\u0105gwie\u00a0rotmistrz\u00f3w\u00a0kr\u00f3lewskich. Husaria polska, kt\u00f3r\u0105\u00a0Sejm I Rzeczpospolitej powo\u0142a\u0142 do \u017cycia uchwal\u0105 na pocz\u0105tku XVI wieku, r\u00f3wnie\u017c wtedy da\u0142a spektakularny popis i odnios\u0142a zwyci\u0119stwo. [&hellip;]\" \/>\n<meta property=\"og:url\" content=\"https:\/\/marekkuchcinski.pl\/en\/wazne-daty\/20-wrzesnia\/\" \/>\n<meta property=\"og:site_name\" content=\"Marek Kuchci\u0144ski\" \/>\n<meta property=\"article:published_time\" content=\"2016-09-20T18:19:33+00:00\" \/>\n<meta property=\"article:modified_time\" content=\"2016-09-23T12:14:03+00:00\" \/>\n<meta property=\"og:image\" content=\"https:\/\/marekkuchcinski.pl\/wp-content\/uploads\/2016\/09\/husaria.jpg\" \/>\n\t<meta property=\"og:image:width\" content=\"1920\" \/>\n\t<meta property=\"og:image:height\" content=\"1152\" \/>\n\t<meta property=\"og:image:type\" content=\"image\/jpeg\" \/>\n<meta name=\"author\" content=\"admin\" \/>\n<meta name=\"twitter:card\" content=\"summary_large_image\" \/>\n<meta name=\"twitter:label1\" content=\"Written by\" \/>\n\t<meta name=\"twitter:data1\" content=\"admin\" \/>\n\t<meta name=\"twitter:label2\" content=\"Estimated reading time\" \/>\n\t<meta name=\"twitter:data2\" content=\"1 minute\" \/>\n<script type=\"application\/ld+json\" class=\"yoast-schema-graph\">{\"@context\":\"https:\/\/schema.org\",\"@graph\":[{\"@type\":\"Article\",\"@id\":\"https:\/\/marekkuchcinski.pl\/wazne-daty\/20-wrzesnia\/#article\",\"isPartOf\":{\"@id\":\"https:\/\/marekkuchcinski.pl\/wazne-daty\/20-wrzesnia\/\"},\"author\":{\"name\":\"admin\",\"@id\":\"https:\/\/marekkuchcinski.pl\/#\/schema\/person\/6f62700996b4d950b6ea2d1183b6c6be\"},\"headline\":\"20 wrze\u015bnia dniem polskiej chwa\u0142y\",\"datePublished\":\"2016-09-20T18:19:33+00:00\",\"dateModified\":\"2016-09-23T12:14:03+00:00\",\"mainEntityOfPage\":{\"@id\":\"https:\/\/marekkuchcinski.pl\/wazne-daty\/20-wrzesnia\/\"},\"wordCount\":291,\"commentCount\":0,\"publisher\":{\"@id\":\"https:\/\/marekkuchcinski.pl\/#organization\"},\"image\":{\"@id\":\"https:\/\/marekkuchcinski.pl\/wazne-daty\/20-wrzesnia\/#primaryimage\"},\"thumbnailUrl\":\"https:\/\/marekkuchcinski.pl\/wp-content\/uploads\/2016\/09\/husaria.jpg\",\"articleSection\":[\"Wa\u017cne daty\"],\"inLanguage\":\"en-GB\",\"potentialAction\":[{\"@type\":\"CommentAction\",\"name\":\"Comment\",\"target\":[\"https:\/\/marekkuchcinski.pl\/wazne-daty\/20-wrzesnia\/#respond\"]}]},{\"@type\":\"WebPage\",\"@id\":\"https:\/\/marekkuchcinski.pl\/wazne-daty\/20-wrzesnia\/\",\"url\":\"https:\/\/marekkuchcinski.pl\/wazne-daty\/20-wrzesnia\/\",\"name\":\"20 wrze\u015bnia dniem polskiej chwa\u0142y &#8211; Marek Kuchci\u0144ski\",\"isPartOf\":{\"@id\":\"https:\/\/marekkuchcinski.pl\/#website\"},\"primaryImageOfPage\":{\"@id\":\"https:\/\/marekkuchcinski.pl\/wazne-daty\/20-wrzesnia\/#primaryimage\"},\"image\":{\"@id\":\"https:\/\/marekkuchcinski.pl\/wazne-daty\/20-wrzesnia\/#primaryimage\"},\"thumbnailUrl\":\"https:\/\/marekkuchcinski.pl\/wp-content\/uploads\/2016\/09\/husaria.jpg\",\"datePublished\":\"2016-09-20T18:19:33+00:00\",\"dateModified\":\"2016-09-23T12:14:03+00:00\",\"breadcrumb\":{\"@id\":\"https:\/\/marekkuchcinski.pl\/wazne-daty\/20-wrzesnia\/#breadcrumb\"},\"inLanguage\":\"en-GB\",\"potentialAction\":[{\"@type\":\"ReadAction\",\"target\":[\"https:\/\/marekkuchcinski.pl\/wazne-daty\/20-wrzesnia\/\"]}]},{\"@type\":\"ImageObject\",\"inLanguage\":\"en-GB\",\"@id\":\"https:\/\/marekkuchcinski.pl\/wazne-daty\/20-wrzesnia\/#primaryimage\",\"url\":\"https:\/\/marekkuchcinski.pl\/wp-content\/uploads\/2016\/09\/husaria.jpg\",\"contentUrl\":\"https:\/\/marekkuchcinski.pl\/wp-content\/uploads\/2016\/09\/husaria.jpg\",\"width\":1920,\"height\":1152},{\"@type\":\"BreadcrumbList\",\"@id\":\"https:\/\/marekkuchcinski.pl\/wazne-daty\/20-wrzesnia\/#breadcrumb\",\"itemListElement\":[{\"@type\":\"ListItem\",\"position\":1,\"name\":\"Strona g\u0142\u00f3wna\",\"item\":\"https:\/\/marekkuchcinski.pl\/\"},{\"@type\":\"ListItem\",\"position\":2,\"name\":\"20 wrze\u015bnia dniem polskiej chwa\u0142y\"}]},{\"@type\":\"WebSite\",\"@id\":\"https:\/\/marekkuchcinski.pl\/#website\",\"url\":\"https:\/\/marekkuchcinski.pl\/\",\"name\":\"Marek Kuchci\u0144ski\",\"description\":\"Pose\u0142 na sejm RP &ndash; okr\u0119g nr 22\",\"publisher\":{\"@id\":\"https:\/\/marekkuchcinski.pl\/#organization\"},\"potentialAction\":[{\"@type\":\"SearchAction\",\"target\":{\"@type\":\"EntryPoint\",\"urlTemplate\":\"https:\/\/marekkuchcinski.pl\/?s={search_term_string}\"},\"query-input\":{\"@type\":\"PropertyValueSpecification\",\"valueRequired\":true,\"valueName\":\"search_term_string\"}}],\"inLanguage\":\"en-GB\"},{\"@type\":\"Organization\",\"@id\":\"https:\/\/marekkuchcinski.pl\/#organization\",\"name\":\"Marek Kuchci\u0144ski\",\"url\":\"https:\/\/marekkuchcinski.pl\/\",\"logo\":{\"@type\":\"ImageObject\",\"inLanguage\":\"en-GB\",\"@id\":\"https:\/\/marekkuchcinski.pl\/#\/schema\/logo\/image\/\",\"url\":\"https:\/\/marekkuchcinski.pl\/wp-content\/uploads\/2022\/09\/Marek.jpg\",\"contentUrl\":\"https:\/\/marekkuchcinski.pl\/wp-content\/uploads\/2022\/09\/Marek.jpg\",\"width\":1600,\"height\":971,\"caption\":\"Marek Kuchci\u0144ski\"},\"image\":{\"@id\":\"https:\/\/marekkuchcinski.pl\/#\/schema\/logo\/image\/\"}},{\"@type\":\"Person\",\"@id\":\"https:\/\/marekkuchcinski.pl\/#\/schema\/person\/6f62700996b4d950b6ea2d1183b6c6be\",\"name\":\"admin\",\"image\":{\"@type\":\"ImageObject\",\"inLanguage\":\"en-GB\",\"@id\":\"https:\/\/marekkuchcinski.pl\/#\/schema\/person\/image\/\",\"url\":\"https:\/\/secure.gravatar.com\/avatar\/4bab693b9d55c3d6b52c0296a8765085?s=96&d=mm&r=g\",\"contentUrl\":\"https:\/\/secure.gravatar.com\/avatar\/4bab693b9d55c3d6b52c0296a8765085?s=96&d=mm&r=g\",\"caption\":\"admin\"},\"url\":\"https:\/\/marekkuchcinski.pl\/en\/author\/marta-olejnik\/\"}]}<\/script>\n<!-- \/ Yoast SEO plugin. -->","yoast_head_json":{"title":"20 wrze\u015bnia dniem polskiej chwa\u0142y &#8211; Marek Kuchci\u0144ski","robots":{"index":"index","follow":"follow","max-snippet":"max-snippet:-1","max-image-preview":"max-image-preview:large","max-video-preview":"max-video-preview:-1"},"canonical":"https:\/\/marekkuchcinski.pl\/en\/wazne-daty\/20-wrzesnia\/","og_locale":"en_GB","og_type":"article","og_title":"20 wrze\u015bnia dniem polskiej chwa\u0142y &#8211; Marek Kuchci\u0144ski","og_description":"20 wrze\u015bnia przypomina o dniach chwa\u0142y I i II Rzeczpospolitej. Kszta\u0142towa\u0142y one ludzi, histori\u0119, to\u017csamo\u015b\u0107, patriotyzm. W 1580\u00a0r. polska jazda pod dow\u00f3dztwem ksi\u0119cia\u00a0Janusza Zbaraskiego\u00a0rozbi\u0142a kawaleri\u0119 rosyjsk\u0105 w\u00a0bitwie pod Toropcem. Wzi\u0119\u0142y w niej udzia\u0142 najlepsze\u00a0chor\u0105gwie\u00a0rotmistrz\u00f3w\u00a0kr\u00f3lewskich. Husaria polska, kt\u00f3r\u0105\u00a0Sejm I Rzeczpospolitej powo\u0142a\u0142 do \u017cycia uchwal\u0105 na pocz\u0105tku XVI wieku, r\u00f3wnie\u017c wtedy da\u0142a spektakularny popis i odnios\u0142a zwyci\u0119stwo. [&hellip;]","og_url":"https:\/\/marekkuchcinski.pl\/en\/wazne-daty\/20-wrzesnia\/","og_site_name":"Marek Kuchci\u0144ski","article_published_time":"2016-09-20T18:19:33+00:00","article_modified_time":"2016-09-23T12:14:03+00:00","og_image":[{"width":1920,"height":1152,"url":"https:\/\/marekkuchcinski.pl\/wp-content\/uploads\/2016\/09\/husaria.jpg","type":"image\/jpeg"}],"author":"admin","twitter_card":"summary_large_image","twitter_misc":{"Written by":"admin","Estimated reading time":"1 minute"},"schema":{"@context":"https:\/\/schema.org","@graph":[{"@type":"Article","@id":"https:\/\/marekkuchcinski.pl\/wazne-daty\/20-wrzesnia\/#article","isPartOf":{"@id":"https:\/\/marekkuchcinski.pl\/wazne-daty\/20-wrzesnia\/"},"author":{"name":"admin","@id":"https:\/\/marekkuchcinski.pl\/#\/schema\/person\/6f62700996b4d950b6ea2d1183b6c6be"},"headline":"20 wrze\u015bnia dniem polskiej chwa\u0142y","datePublished":"2016-09-20T18:19:33+00:00","dateModified":"2016-09-23T12:14:03+00:00","mainEntityOfPage":{"@id":"https:\/\/marekkuchcinski.pl\/wazne-daty\/20-wrzesnia\/"},"wordCount":291,"commentCount":0,"publisher":{"@id":"https:\/\/marekkuchcinski.pl\/#organization"},"image":{"@id":"https:\/\/marekkuchcinski.pl\/wazne-daty\/20-wrzesnia\/#primaryimage"},"thumbnailUrl":"https:\/\/marekkuchcinski.pl\/wp-content\/uploads\/2016\/09\/husaria.jpg","articleSection":["Wa\u017cne daty"],"inLanguage":"en-GB","potentialAction":[{"@type":"CommentAction","name":"Comment","target":["https:\/\/marekkuchcinski.pl\/wazne-daty\/20-wrzesnia\/#respond"]}]},{"@type":"WebPage","@id":"https:\/\/marekkuchcinski.pl\/wazne-daty\/20-wrzesnia\/","url":"https:\/\/marekkuchcinski.pl\/wazne-daty\/20-wrzesnia\/","name":"20 wrze\u015bnia dniem polskiej chwa\u0142y &#8211; Marek Kuchci\u0144ski","isPartOf":{"@id":"https:\/\/marekkuchcinski.pl\/#website"},"primaryImageOfPage":{"@id":"https:\/\/marekkuchcinski.pl\/wazne-daty\/20-wrzesnia\/#primaryimage"},"image":{"@id":"https:\/\/marekkuchcinski.pl\/wazne-daty\/20-wrzesnia\/#primaryimage"},"thumbnailUrl":"https:\/\/marekkuchcinski.pl\/wp-content\/uploads\/2016\/09\/husaria.jpg","datePublished":"2016-09-20T18:19:33+00:00","dateModified":"2016-09-23T12:14:03+00:00","breadcrumb":{"@id":"https:\/\/marekkuchcinski.pl\/wazne-daty\/20-wrzesnia\/#breadcrumb"},"inLanguage":"en-GB","potentialAction":[{"@type":"ReadAction","target":["https:\/\/marekkuchcinski.pl\/wazne-daty\/20-wrzesnia\/"]}]},{"@type":"ImageObject","inLanguage":"en-GB","@id":"https:\/\/marekkuchcinski.pl\/wazne-daty\/20-wrzesnia\/#primaryimage","url":"https:\/\/marekkuchcinski.pl\/wp-content\/uploads\/2016\/09\/husaria.jpg","contentUrl":"https:\/\/marekkuchcinski.pl\/wp-content\/uploads\/2016\/09\/husaria.jpg","width":1920,"height":1152},{"@type":"BreadcrumbList","@id":"https:\/\/marekkuchcinski.pl\/wazne-daty\/20-wrzesnia\/#breadcrumb","itemListElement":[{"@type":"ListItem","position":1,"name":"Strona g\u0142\u00f3wna","item":"https:\/\/marekkuchcinski.pl\/"},{"@type":"ListItem","position":2,"name":"20 wrze\u015bnia dniem polskiej chwa\u0142y"}]},{"@type":"WebSite","@id":"https:\/\/marekkuchcinski.pl\/#website","url":"https:\/\/marekkuchcinski.pl\/","name":"Marek Kuchci\u0144ski","description":"Pose\u0142 na sejm RP &ndash; okr\u0119g nr 22","publisher":{"@id":"https:\/\/marekkuchcinski.pl\/#organization"},"potentialAction":[{"@type":"SearchAction","target":{"@type":"EntryPoint","urlTemplate":"https:\/\/marekkuchcinski.pl\/?s={search_term_string}"},"query-input":{"@type":"PropertyValueSpecification","valueRequired":true,"valueName":"search_term_string"}}],"inLanguage":"en-GB"},{"@type":"Organization","@id":"https:\/\/marekkuchcinski.pl\/#organization","name":"Marek Kuchci\u0144ski","url":"https:\/\/marekkuchcinski.pl\/","logo":{"@type":"ImageObject","inLanguage":"en-GB","@id":"https:\/\/marekkuchcinski.pl\/#\/schema\/logo\/image\/","url":"https:\/\/marekkuchcinski.pl\/wp-content\/uploads\/2022\/09\/Marek.jpg","contentUrl":"https:\/\/marekkuchcinski.pl\/wp-content\/uploads\/2022\/09\/Marek.jpg","width":1600,"height":971,"caption":"Marek Kuchci\u0144ski"},"image":{"@id":"https:\/\/marekkuchcinski.pl\/#\/schema\/logo\/image\/"}},{"@type":"Person","@id":"https:\/\/marekkuchcinski.pl\/#\/schema\/person\/6f62700996b4d950b6ea2d1183b6c6be","name":"admin","image":{"@type":"ImageObject","inLanguage":"en-GB","@id":"https:\/\/marekkuchcinski.pl\/#\/schema\/person\/image\/","url":"https:\/\/secure.gravatar.com\/avatar\/4bab693b9d55c3d6b52c0296a8765085?s=96&d=mm&r=g","contentUrl":"https:\/\/secure.gravatar.com\/avatar\/4bab693b9d55c3d6b52c0296a8765085?s=96&d=mm&r=g","caption":"admin"},"url":"https:\/\/marekkuchcinski.pl\/en\/author\/marta-olejnik\/"}]}},"_links":{"self":[{"href":"https:\/\/marekkuchcinski.pl\/en\/wp-json\/wp\/v2\/posts\/3779","targetHints":{"allow":["GET"]}}],"collection":[{"href":"https:\/\/marekkuchcinski.pl\/en\/wp-json\/wp\/v2\/posts"}],"about":[{"href":"https:\/\/marekkuchcinski.pl\/en\/wp-json\/wp\/v2\/types\/post"}],"author":[{"embeddable":true,"href":"https:\/\/marekkuchcinski.pl\/en\/wp-json\/wp\/v2\/users\/6"}],"replies":[{"embeddable":true,"href":"https:\/\/marekkuchcinski.pl\/en\/wp-json\/wp\/v2\/comments?post=3779"}],"version-history":[{"count":6,"href":"https:\/\/marekkuchcinski.pl\/en\/wp-json\/wp\/v2\/posts\/3779\/revisions"}],"predecessor-version":[{"id":3842,"href":"https:\/\/marekkuchcinski.pl\/en\/wp-json\/wp\/v2\/posts\/3779\/revisions\/3842"}],"wp:featuredmedia":[{"embeddable":true,"href":"https:\/\/marekkuchcinski.pl\/en\/wp-json\/wp\/v2\/media\/3780"}],"wp:attachment":[{"href":"https:\/\/marekkuchcinski.pl\/en\/wp-json\/wp\/v2\/media?parent=3779"}],"wp:term":[{"taxonomy":"category","embeddable":true,"href":"https:\/\/marekkuchcinski.pl\/en\/wp-json\/wp\/v2\/categories?post=3779"},{"taxonomy":"post_tag","embeddable":true,"href":"https:\/\/marekkuchcinski.pl\/en\/wp-json\/wp\/v2\/tags?post=3779"}],"curies":[{"name":"wp","href":"https:\/\/api.w.org\/{rel}","templated":true}]}}