{"id":3708,"date":"2016-09-14T10:28:23","date_gmt":"2016-09-14T08:28:23","guid":{"rendered":"https:\/\/marekkuchcinski.pl\/?p=3708"},"modified":"2016-09-14T10:34:41","modified_gmt":"2016-09-14T08:34:41","slug":"raport-zespolu-ekspertow-ds-tk","status":"publish","type":"post","link":"https:\/\/marekkuchcinski.pl\/en\/wydarzenia\/raport-zespolu-ekspertow-ds-tk\/","title":{"rendered":"Report of the Panel of Experts on the Problems of the Constitutional Tribunal"},"content":{"rendered":"<p>The Report of the Group of Experts on the Problems of the Constitutional Tribunal refers in a very important way to the existing political and legal crisis around the Constitutional Tribunal, and in particular contains a critical analysis of the Opinion of the Venice Commission issued in March this year, as well as a very detailed list of events illustrating the background, genesis and course of the crisis around the Constitutional Tribunal, including also facts that were omitted in the Opinion of the Venice Commission. The report also refers to the problem of constitutional judiciary itself and contains the proposals of the Venice Commission. <em>de lege ferenda<\/em> on the functioning of the Constitutional Tribunal in Poland.<\/p>\n<p>The Speaker of the Sejm would like to encourage all institutions and public authorities in Poland, which within the framework of their functioning have contact with foreign entities dealing with the issues of the Polish Constitutional Tribunal, to take interest in the results of the work of the Team of Experts appointed by the Speaker of the Sejm, which should make it easier for these entities to form an objective opinion on this matter.<\/p>\n<p>Below is a Polish and English version of the report<\/p>\n<p><a href=\"https:\/\/marekkuchcinski.pl\/wp-content\/uploads\/2016\/09\/EN-Raport-Zespo\u0142u-Ekspert\u00f3w-do-spraw-problematyki-Trybuna\u0142u-Konstytucyjnego-wersja-angielska-1.pdf\">en-report from the panel of experts on the constitutional procedure-English version<\/a><\/p>\n<p><a href=\"https:\/\/marekkuchcinski.pl\/wp-content\/uploads\/2016\/09\/Raport-Zespo\u0142u-Ekspert\u00f3w-do-spraw-Problematyki-Trybuna\u0142u-Konstytucyjnego-1.pdf\">report from the panel of experts on the constitutional court<\/a><\/p>","protected":false},"excerpt":{"rendered":"<p>Raport Zespo\u0142u Ekspert\u00f3w do spraw Problematyki Trybuna\u0142u Konstytucyjnego w bardzo istotny spos\u00f3b odnosi si\u0119 do zaistnia\u0142ego kryzysu polityczno-prawnego wok\u00f3\u0142 Trybuna\u0142u Konstytucyjnego, a w szczeg\u00f3lno\u015bci zawiera krytyczn\u0105 analiz\u0119 Opinii Komisji Weneckiej, wydanej w marcu br. oraz bardzo szczeg\u00f3\u0142owy wykaz wydarze\u0144, obrazuj\u0105cych t\u0142o, genez\u0119 i przebieg kryzysu wok\u00f3\u0142 TK, w tym tak\u017ce fakt\u00f3w, kt\u00f3re zosta\u0142y pomini\u0119te w [&hellip;]<\/p>\n","protected":false},"author":6,"featured_media":3709,"comment_status":"open","ping_status":"open","sticky":false,"template":"","format":"standard","meta":{"ngg_post_thumbnail":0,"footnotes":""},"categories":[81,3],"tags":[],"class_list":["post-3708","post","type-post","status-publish","format-standard","has-post-thumbnail","hentry","category-wiesci-z-sejmu","category-wydarzenia"],"_links":{"self":[{"href":"https:\/\/marekkuchcinski.pl\/en\/wp-json\/wp\/v2\/posts\/3708","targetHints":{"allow":["GET"]}}],"collection":[{"href":"https:\/\/marekkuchcinski.pl\/en\/wp-json\/wp\/v2\/posts"}],"about":[{"href":"https:\/\/marekkuchcinski.pl\/en\/wp-json\/wp\/v2\/types\/post"}],"author":[{"embeddable":true,"href":"https:\/\/marekkuchcinski.pl\/en\/wp-json\/wp\/v2\/users\/6"}],"replies":[{"embeddable":true,"href":"https:\/\/marekkuchcinski.pl\/en\/wp-json\/wp\/v2\/comments?post=3708"}],"version-history":[{"count":4,"href":"https:\/\/marekkuchcinski.pl\/en\/wp-json\/wp\/v2\/posts\/3708\/revisions"}],"predecessor-version":[{"id":3718,"href":"https:\/\/marekkuchcinski.pl\/en\/wp-json\/wp\/v2\/posts\/3708\/revisions\/3718"}],"wp:featuredmedia":[{"embeddable":true,"href":"https:\/\/marekkuchcinski.pl\/en\/wp-json\/wp\/v2\/media\/3709"}],"wp:attachment":[{"href":"https:\/\/marekkuchcinski.pl\/en\/wp-json\/wp\/v2\/media?parent=3708"}],"wp:term":[{"taxonomy":"category","embeddable":true,"href":"https:\/\/marekkuchcinski.pl\/en\/wp-json\/wp\/v2\/categories?post=3708"},{"taxonomy":"post_tag","embeddable":true,"href":"https:\/\/marekkuchcinski.pl\/en\/wp-json\/wp\/v2\/tags?post=3708"}],"curies":[{"name":"wp","href":"https:\/\/api.w.org\/{rel}","templated":true}]}}