{"id":322,"date":"2013-04-12T18:23:22","date_gmt":"2013-04-12T16:23:22","guid":{"rendered":"https:\/\/marekkuchcinski.pl\/?p=322"},"modified":"2016-08-25T16:59:50","modified_gmt":"2016-08-25T14:59:50","slug":"spotkanie-z-czeska-delegacja","status":"publish","type":"post","link":"https:\/\/marekkuchcinski.pl\/en\/wydarzenia\/spotkanie-z-czeska-delegacja\/","title":{"rendered":"Meeting with the Czech delegation"},"content":{"rendered":"<p style=\"text-align: justify;\">On Monday, April 8, Vice-Speaker of the Polish Sejm Marek Kuchcinski met in the Sejm with a Czech delegation headed by Senate President Milan Steche, who was on a two-day official visit.<\/p>\n<p style=\"text-align: justify;\">May 2, 2013 will mark the twelfth edition of the World Day of Poles and Polish Communities Abroad. This year, the celebrations will be held in the Czech Republic, in Zaolzie. In previous years, the day was celebrated in Ukraine, Greece and Russia, among others.<\/p>\n<p style=\"text-align: justify;\">The holiday was established on the initiative of the Senate \"in recognition of the centuries-long contribution of the Polish community to Poland's independence; for loyalty and devotion to Polishness and assistance to the country in its most difficult moments, in order to confirm the bond with the Motherland and the unity of all Poles.\"<\/p>\n<p style=\"text-align: justify;\">{gallery} a visit from Czech Republic{\/gallery}<\/p>","protected":false},"excerpt":{"rendered":"<p>W poniedzia\u0142ek \u2013 8 kwietnia wicemarsza\u0142ek Sejmu RP Marek Kuchci\u0144ski spotka\u0142 si\u0119 w Sejmie z przebywaj\u0105c\u0105 z dwudniow\u0105 oficjaln\u0105 wizyt\u0105 delegacj\u0105 czesk\u0105 na czele z przewodnicz\u0105cym Senatu Czech Milanem Stechem. 2 maja 2013 r. po raz dwunasty b\u0119dzie obchodzony \u015awiatowy Dzie\u0144 Polonii i Polak\u00f3w za Granic\u0105. W tym roku uroczysto\u015bci b\u0119d\u0105 odbywa\u0142y si\u0119 w Czechach, [&hellip;]<\/p>","protected":false},"author":6,"featured_media":0,"comment_status":"open","ping_status":"open","sticky":false,"template":"","format":"standard","meta":{"ngg_post_thumbnail":0,"footnotes":""},"categories":[3],"tags":[],"class_list":["post-322","post","type-post","status-publish","format-standard","hentry","category-wydarzenia"],"yoast_head":"<!-- This site is optimized with the Yoast SEO plugin v24.7 - https:\/\/yoast.com\/wordpress\/plugins\/seo\/ -->\n<title>Spotkanie z czesk\u0105 delegacj\u0105 &#8211; Marek Kuchci\u0144ski<\/title>\n<meta name=\"robots\" content=\"index, follow, max-snippet:-1, max-image-preview:large, max-video-preview:-1\" \/>\n<link rel=\"canonical\" href=\"https:\/\/marekkuchcinski.pl\/en\/wydarzenia\/spotkanie-z-czeska-delegacja\/\" \/>\n<meta property=\"og:locale\" content=\"en_GB\" \/>\n<meta property=\"og:type\" content=\"article\" \/>\n<meta property=\"og:title\" content=\"Spotkanie z czesk\u0105 delegacj\u0105 &#8211; Marek Kuchci\u0144ski\" \/>\n<meta property=\"og:description\" content=\"W poniedzia\u0142ek \u2013 8 kwietnia wicemarsza\u0142ek Sejmu RP Marek Kuchci\u0144ski spotka\u0142 si\u0119 w Sejmie z przebywaj\u0105c\u0105 z dwudniow\u0105 oficjaln\u0105 wizyt\u0105 delegacj\u0105 czesk\u0105 na czele z przewodnicz\u0105cym Senatu Czech Milanem Stechem. 2 maja 2013 r. po raz dwunasty b\u0119dzie obchodzony \u015awiatowy Dzie\u0144 Polonii i Polak\u00f3w za Granic\u0105. W tym roku uroczysto\u015bci b\u0119d\u0105 odbywa\u0142y si\u0119 w Czechach, [&hellip;]\" \/>\n<meta property=\"og:url\" content=\"https:\/\/marekkuchcinski.pl\/en\/wydarzenia\/spotkanie-z-czeska-delegacja\/\" \/>\n<meta property=\"og:site_name\" content=\"Marek Kuchci\u0144ski\" \/>\n<meta property=\"article:published_time\" content=\"2013-04-12T16:23:22+00:00\" \/>\n<meta property=\"article:modified_time\" content=\"2016-08-25T14:59:50+00:00\" \/>\n<meta property=\"og:image\" content=\"https:\/\/marekkuchcinski.pl\/wp-content\/uploads\/2022\/09\/Marek.jpg\" \/>\n\t<meta property=\"og:image:width\" content=\"1600\" \/>\n\t<meta property=\"og:image:height\" content=\"971\" \/>\n\t<meta property=\"og:image:type\" content=\"image\/jpeg\" \/>\n<meta name=\"author\" content=\"admin\" \/>\n<meta name=\"twitter:card\" content=\"summary_large_image\" \/>\n<meta name=\"twitter:label1\" content=\"Written by\" \/>\n\t<meta name=\"twitter:data1\" content=\"admin\" \/>\n\t<meta name=\"twitter:label2\" content=\"Estimated reading time\" \/>\n\t<meta name=\"twitter:data2\" content=\"1 minute\" \/>\n<script type=\"application\/ld+json\" class=\"yoast-schema-graph\">{\"@context\":\"https:\/\/schema.org\",\"@graph\":[{\"@type\":\"Article\",\"@id\":\"https:\/\/marekkuchcinski.pl\/wydarzenia\/spotkanie-z-czeska-delegacja\/#article\",\"isPartOf\":{\"@id\":\"https:\/\/marekkuchcinski.pl\/wydarzenia\/spotkanie-z-czeska-delegacja\/\"},\"author\":{\"name\":\"admin\",\"@id\":\"https:\/\/marekkuchcinski.pl\/#\/schema\/person\/6f62700996b4d950b6ea2d1183b6c6be\"},\"headline\":\"Spotkanie z czesk\u0105 delegacj\u0105\",\"datePublished\":\"2013-04-12T16:23:22+00:00\",\"dateModified\":\"2016-08-25T14:59:50+00:00\",\"mainEntityOfPage\":{\"@id\":\"https:\/\/marekkuchcinski.pl\/wydarzenia\/spotkanie-z-czeska-delegacja\/\"},\"wordCount\":135,\"commentCount\":0,\"publisher\":{\"@id\":\"https:\/\/marekkuchcinski.pl\/#organization\"},\"articleSection\":[\"Wydarzenia\"],\"inLanguage\":\"en-GB\",\"potentialAction\":[{\"@type\":\"CommentAction\",\"name\":\"Comment\",\"target\":[\"https:\/\/marekkuchcinski.pl\/wydarzenia\/spotkanie-z-czeska-delegacja\/#respond\"]}]},{\"@type\":\"WebPage\",\"@id\":\"https:\/\/marekkuchcinski.pl\/wydarzenia\/spotkanie-z-czeska-delegacja\/\",\"url\":\"https:\/\/marekkuchcinski.pl\/wydarzenia\/spotkanie-z-czeska-delegacja\/\",\"name\":\"Spotkanie z czesk\u0105 delegacj\u0105 &#8211; Marek Kuchci\u0144ski\",\"isPartOf\":{\"@id\":\"https:\/\/marekkuchcinski.pl\/#website\"},\"datePublished\":\"2013-04-12T16:23:22+00:00\",\"dateModified\":\"2016-08-25T14:59:50+00:00\",\"breadcrumb\":{\"@id\":\"https:\/\/marekkuchcinski.pl\/wydarzenia\/spotkanie-z-czeska-delegacja\/#breadcrumb\"},\"inLanguage\":\"en-GB\",\"potentialAction\":[{\"@type\":\"ReadAction\",\"target\":[\"https:\/\/marekkuchcinski.pl\/wydarzenia\/spotkanie-z-czeska-delegacja\/\"]}]},{\"@type\":\"BreadcrumbList\",\"@id\":\"https:\/\/marekkuchcinski.pl\/wydarzenia\/spotkanie-z-czeska-delegacja\/#breadcrumb\",\"itemListElement\":[{\"@type\":\"ListItem\",\"position\":1,\"name\":\"Strona g\u0142\u00f3wna\",\"item\":\"https:\/\/marekkuchcinski.pl\/\"},{\"@type\":\"ListItem\",\"position\":2,\"name\":\"Spotkanie z czesk\u0105 delegacj\u0105\"}]},{\"@type\":\"WebSite\",\"@id\":\"https:\/\/marekkuchcinski.pl\/#website\",\"url\":\"https:\/\/marekkuchcinski.pl\/\",\"name\":\"Marek Kuchci\u0144ski\",\"description\":\"Pose\u0142 na sejm RP &ndash; okr\u0119g nr 22\",\"publisher\":{\"@id\":\"https:\/\/marekkuchcinski.pl\/#organization\"},\"potentialAction\":[{\"@type\":\"SearchAction\",\"target\":{\"@type\":\"EntryPoint\",\"urlTemplate\":\"https:\/\/marekkuchcinski.pl\/?s={search_term_string}\"},\"query-input\":{\"@type\":\"PropertyValueSpecification\",\"valueRequired\":true,\"valueName\":\"search_term_string\"}}],\"inLanguage\":\"en-GB\"},{\"@type\":\"Organization\",\"@id\":\"https:\/\/marekkuchcinski.pl\/#organization\",\"name\":\"Marek Kuchci\u0144ski\",\"url\":\"https:\/\/marekkuchcinski.pl\/\",\"logo\":{\"@type\":\"ImageObject\",\"inLanguage\":\"en-GB\",\"@id\":\"https:\/\/marekkuchcinski.pl\/#\/schema\/logo\/image\/\",\"url\":\"https:\/\/marekkuchcinski.pl\/wp-content\/uploads\/2022\/09\/Marek.jpg\",\"contentUrl\":\"https:\/\/marekkuchcinski.pl\/wp-content\/uploads\/2022\/09\/Marek.jpg\",\"width\":1600,\"height\":971,\"caption\":\"Marek Kuchci\u0144ski\"},\"image\":{\"@id\":\"https:\/\/marekkuchcinski.pl\/#\/schema\/logo\/image\/\"}},{\"@type\":\"Person\",\"@id\":\"https:\/\/marekkuchcinski.pl\/#\/schema\/person\/6f62700996b4d950b6ea2d1183b6c6be\",\"name\":\"admin\",\"image\":{\"@type\":\"ImageObject\",\"inLanguage\":\"en-GB\",\"@id\":\"https:\/\/marekkuchcinski.pl\/#\/schema\/person\/image\/\",\"url\":\"https:\/\/secure.gravatar.com\/avatar\/4bab693b9d55c3d6b52c0296a8765085?s=96&d=mm&r=g\",\"contentUrl\":\"https:\/\/secure.gravatar.com\/avatar\/4bab693b9d55c3d6b52c0296a8765085?s=96&d=mm&r=g\",\"caption\":\"admin\"},\"url\":\"https:\/\/marekkuchcinski.pl\/en\/author\/marta-olejnik\/\"}]}<\/script>\n<!-- \/ Yoast SEO plugin. -->","yoast_head_json":{"title":"Spotkanie z czesk\u0105 delegacj\u0105 &#8211; Marek Kuchci\u0144ski","robots":{"index":"index","follow":"follow","max-snippet":"max-snippet:-1","max-image-preview":"max-image-preview:large","max-video-preview":"max-video-preview:-1"},"canonical":"https:\/\/marekkuchcinski.pl\/en\/wydarzenia\/spotkanie-z-czeska-delegacja\/","og_locale":"en_GB","og_type":"article","og_title":"Spotkanie z czesk\u0105 delegacj\u0105 &#8211; Marek Kuchci\u0144ski","og_description":"W poniedzia\u0142ek \u2013 8 kwietnia wicemarsza\u0142ek Sejmu RP Marek Kuchci\u0144ski spotka\u0142 si\u0119 w Sejmie z przebywaj\u0105c\u0105 z dwudniow\u0105 oficjaln\u0105 wizyt\u0105 delegacj\u0105 czesk\u0105 na czele z przewodnicz\u0105cym Senatu Czech Milanem Stechem. 2 maja 2013 r. po raz dwunasty b\u0119dzie obchodzony \u015awiatowy Dzie\u0144 Polonii i Polak\u00f3w za Granic\u0105. W tym roku uroczysto\u015bci b\u0119d\u0105 odbywa\u0142y si\u0119 w Czechach, [&hellip;]","og_url":"https:\/\/marekkuchcinski.pl\/en\/wydarzenia\/spotkanie-z-czeska-delegacja\/","og_site_name":"Marek Kuchci\u0144ski","article_published_time":"2013-04-12T16:23:22+00:00","article_modified_time":"2016-08-25T14:59:50+00:00","og_image":[{"width":1600,"height":971,"url":"https:\/\/marekkuchcinski.pl\/wp-content\/uploads\/2022\/09\/Marek.jpg","type":"image\/jpeg"}],"author":"admin","twitter_card":"summary_large_image","twitter_misc":{"Written by":"admin","Estimated reading time":"1 minute"},"schema":{"@context":"https:\/\/schema.org","@graph":[{"@type":"Article","@id":"https:\/\/marekkuchcinski.pl\/wydarzenia\/spotkanie-z-czeska-delegacja\/#article","isPartOf":{"@id":"https:\/\/marekkuchcinski.pl\/wydarzenia\/spotkanie-z-czeska-delegacja\/"},"author":{"name":"admin","@id":"https:\/\/marekkuchcinski.pl\/#\/schema\/person\/6f62700996b4d950b6ea2d1183b6c6be"},"headline":"Spotkanie z czesk\u0105 delegacj\u0105","datePublished":"2013-04-12T16:23:22+00:00","dateModified":"2016-08-25T14:59:50+00:00","mainEntityOfPage":{"@id":"https:\/\/marekkuchcinski.pl\/wydarzenia\/spotkanie-z-czeska-delegacja\/"},"wordCount":135,"commentCount":0,"publisher":{"@id":"https:\/\/marekkuchcinski.pl\/#organization"},"articleSection":["Wydarzenia"],"inLanguage":"en-GB","potentialAction":[{"@type":"CommentAction","name":"Comment","target":["https:\/\/marekkuchcinski.pl\/wydarzenia\/spotkanie-z-czeska-delegacja\/#respond"]}]},{"@type":"WebPage","@id":"https:\/\/marekkuchcinski.pl\/wydarzenia\/spotkanie-z-czeska-delegacja\/","url":"https:\/\/marekkuchcinski.pl\/wydarzenia\/spotkanie-z-czeska-delegacja\/","name":"Spotkanie z czesk\u0105 delegacj\u0105 &#8211; Marek Kuchci\u0144ski","isPartOf":{"@id":"https:\/\/marekkuchcinski.pl\/#website"},"datePublished":"2013-04-12T16:23:22+00:00","dateModified":"2016-08-25T14:59:50+00:00","breadcrumb":{"@id":"https:\/\/marekkuchcinski.pl\/wydarzenia\/spotkanie-z-czeska-delegacja\/#breadcrumb"},"inLanguage":"en-GB","potentialAction":[{"@type":"ReadAction","target":["https:\/\/marekkuchcinski.pl\/wydarzenia\/spotkanie-z-czeska-delegacja\/"]}]},{"@type":"BreadcrumbList","@id":"https:\/\/marekkuchcinski.pl\/wydarzenia\/spotkanie-z-czeska-delegacja\/#breadcrumb","itemListElement":[{"@type":"ListItem","position":1,"name":"Strona g\u0142\u00f3wna","item":"https:\/\/marekkuchcinski.pl\/"},{"@type":"ListItem","position":2,"name":"Spotkanie z czesk\u0105 delegacj\u0105"}]},{"@type":"WebSite","@id":"https:\/\/marekkuchcinski.pl\/#website","url":"https:\/\/marekkuchcinski.pl\/","name":"Marek Kuchci\u0144ski","description":"Pose\u0142 na sejm RP &ndash; okr\u0119g nr 22","publisher":{"@id":"https:\/\/marekkuchcinski.pl\/#organization"},"potentialAction":[{"@type":"SearchAction","target":{"@type":"EntryPoint","urlTemplate":"https:\/\/marekkuchcinski.pl\/?s={search_term_string}"},"query-input":{"@type":"PropertyValueSpecification","valueRequired":true,"valueName":"search_term_string"}}],"inLanguage":"en-GB"},{"@type":"Organization","@id":"https:\/\/marekkuchcinski.pl\/#organization","name":"Marek Kuchci\u0144ski","url":"https:\/\/marekkuchcinski.pl\/","logo":{"@type":"ImageObject","inLanguage":"en-GB","@id":"https:\/\/marekkuchcinski.pl\/#\/schema\/logo\/image\/","url":"https:\/\/marekkuchcinski.pl\/wp-content\/uploads\/2022\/09\/Marek.jpg","contentUrl":"https:\/\/marekkuchcinski.pl\/wp-content\/uploads\/2022\/09\/Marek.jpg","width":1600,"height":971,"caption":"Marek Kuchci\u0144ski"},"image":{"@id":"https:\/\/marekkuchcinski.pl\/#\/schema\/logo\/image\/"}},{"@type":"Person","@id":"https:\/\/marekkuchcinski.pl\/#\/schema\/person\/6f62700996b4d950b6ea2d1183b6c6be","name":"admin","image":{"@type":"ImageObject","inLanguage":"en-GB","@id":"https:\/\/marekkuchcinski.pl\/#\/schema\/person\/image\/","url":"https:\/\/secure.gravatar.com\/avatar\/4bab693b9d55c3d6b52c0296a8765085?s=96&d=mm&r=g","contentUrl":"https:\/\/secure.gravatar.com\/avatar\/4bab693b9d55c3d6b52c0296a8765085?s=96&d=mm&r=g","caption":"admin"},"url":"https:\/\/marekkuchcinski.pl\/en\/author\/marta-olejnik\/"}]}},"_links":{"self":[{"href":"https:\/\/marekkuchcinski.pl\/en\/wp-json\/wp\/v2\/posts\/322","targetHints":{"allow":["GET"]}}],"collection":[{"href":"https:\/\/marekkuchcinski.pl\/en\/wp-json\/wp\/v2\/posts"}],"about":[{"href":"https:\/\/marekkuchcinski.pl\/en\/wp-json\/wp\/v2\/types\/post"}],"author":[{"embeddable":true,"href":"https:\/\/marekkuchcinski.pl\/en\/wp-json\/wp\/v2\/users\/6"}],"replies":[{"embeddable":true,"href":"https:\/\/marekkuchcinski.pl\/en\/wp-json\/wp\/v2\/comments?post=322"}],"version-history":[{"count":1,"href":"https:\/\/marekkuchcinski.pl\/en\/wp-json\/wp\/v2\/posts\/322\/revisions"}],"predecessor-version":[{"id":1462,"href":"https:\/\/marekkuchcinski.pl\/en\/wp-json\/wp\/v2\/posts\/322\/revisions\/1462"}],"wp:attachment":[{"href":"https:\/\/marekkuchcinski.pl\/en\/wp-json\/wp\/v2\/media?parent=322"}],"wp:term":[{"taxonomy":"category","embeddable":true,"href":"https:\/\/marekkuchcinski.pl\/en\/wp-json\/wp\/v2\/categories?post=322"},{"taxonomy":"post_tag","embeddable":true,"href":"https:\/\/marekkuchcinski.pl\/en\/wp-json\/wp\/v2\/tags?post=322"}],"curies":[{"name":"wp","href":"https:\/\/api.w.org\/{rel}","templated":true}]}}