{"id":319,"date":"2013-04-03T11:19:46","date_gmt":"2013-04-03T09:19:46","guid":{"rendered":"https:\/\/marekkuchcinski.pl\/?p=319"},"modified":"2016-08-25T16:59:50","modified_gmt":"2016-08-25T14:59:50","slug":"europa-karpat-i-slalom-gigant-2013","status":"publish","type":"post","link":"https:\/\/marekkuchcinski.pl\/en\/komunikaty-prasowe\/europa-karpat-i-slalom-gigant-2013\/","title":{"rendered":"Carpathian Europe and Giant Slalom - 2013"},"content":{"rendered":"<p><strong>PAP: 2013-02-22 17:03<\/strong><\/p>\n<p>Deputies at the international conference \"Europe of the Carpathians\" (message)<\/p>\n<p>22.02. Warsaw - The Press Office of the Sejm Chancellery reports:<\/p>\n<p>Parliamentary cooperation of the Carpathian countries and the 20th anniversary of the Carpathian Euroregion are just some of the topics of the international conference \"Europe of the Carpathians\", which will be held on February 23 this year in Krasiczyn near Przemysl.<\/p>\n<p> <!--more--> <\/p>\n<p>Parliamentarians, local government officials, scientists, representatives of non-governmental organizations and the media from Ukraine, Slovakia, Hungary and Poland, among others, will meet for the sixth time to discuss strengthening cooperation between the countries of the Carpathian region. The conference is organized by the Carpathian Parliamentary Group, chaired by Deputy Speaker of the Sejm Marek Kuchcinski, and the Association of the Carpathian Euroregion Poland.<\/p>\n<p>The \"Europe of the Carpathians\" conference series was launched in 2010. To date, sessions have been held in Krynica, Krasiczyn and Przemy\u015bl in Poland and in Yaremcha in Ukraine, among others. The purpose of this initiative is to deepen cross-border regional cooperation, monitor progress in the implementation of the Carpathian Convention and build an international network of parliamentarians working for the sustainable development of the Carpathians.<\/p>\n<p>PLEASE NOTE: messages are published on the PAP website without PAP SA making any changes to their content, in the form provided by the sender. The sender of the message is solely and fully responsible for its content. (PAP)<\/p>\n<p>com\/aja\/<\/p>\n<p>More press materials about the event - in the appendix.<\/p>","protected":false},"excerpt":{"rendered":"<p>PAP:&nbsp;2013-02-22 17:03 Pos\u0142owie na mi\u0119dzynarodowej konferencji \u201eEuropa Karpat&#8221; (komunikat) 22.02. Warszawa &#8211; Biuro Prasowe Kancelarii Sejmu informuje: Wsp\u00f3\u0142praca parlamentarna pa\u0144stw karpackich i 20-lecie Euroregionu Karpackiego to tylko niekt\u00f3re tematy mi\u0119dzynarodowej konferencji &#8222;Europa Karpat&#8221;, kt\u00f3ra odb\u0119dzie si\u0119 23 lutego br. w Krasiczynie k. Przemy\u015bla.<\/p>","protected":false},"author":6,"featured_media":0,"comment_status":"open","ping_status":"open","sticky":false,"template":"","format":"standard","meta":{"ngg_post_thumbnail":0,"footnotes":""},"categories":[37],"tags":[],"class_list":["post-319","post","type-post","status-publish","format-standard","hentry","category-komunikaty-prasowe"],"yoast_head":"<!-- This site is optimized with the Yoast SEO plugin v24.7 - https:\/\/yoast.com\/wordpress\/plugins\/seo\/ -->\n<title>Europa Karpat i Slalom Gigant - 2013 &#8211; Marek Kuchci\u0144ski<\/title>\n<meta name=\"robots\" content=\"index, follow, max-snippet:-1, max-image-preview:large, max-video-preview:-1\" \/>\n<link rel=\"canonical\" href=\"https:\/\/marekkuchcinski.pl\/en\/komunikaty-prasowe\/europa-karpat-i-slalom-gigant-2013\/\" \/>\n<meta property=\"og:locale\" content=\"en_GB\" \/>\n<meta property=\"og:type\" content=\"article\" \/>\n<meta property=\"og:title\" content=\"Europa Karpat i Slalom Gigant - 2013 &#8211; Marek Kuchci\u0144ski\" \/>\n<meta property=\"og:description\" content=\"PAP:&nbsp;2013-02-22 17:03 Pos\u0142owie na mi\u0119dzynarodowej konferencji \u201eEuropa Karpat&#8221; (komunikat) 22.02. Warszawa &#8211; Biuro Prasowe Kancelarii Sejmu informuje: Wsp\u00f3\u0142praca parlamentarna pa\u0144stw karpackich i 20-lecie Euroregionu Karpackiego to tylko niekt\u00f3re tematy mi\u0119dzynarodowej konferencji &#8222;Europa Karpat&#8221;, kt\u00f3ra odb\u0119dzie si\u0119 23 lutego br. w Krasiczynie k. Przemy\u015bla.\" \/>\n<meta property=\"og:url\" content=\"https:\/\/marekkuchcinski.pl\/en\/komunikaty-prasowe\/europa-karpat-i-slalom-gigant-2013\/\" \/>\n<meta property=\"og:site_name\" content=\"Marek Kuchci\u0144ski\" \/>\n<meta property=\"article:published_time\" content=\"2013-04-03T09:19:46+00:00\" \/>\n<meta property=\"article:modified_time\" content=\"2016-08-25T14:59:50+00:00\" \/>\n<meta property=\"og:image\" content=\"https:\/\/marekkuchcinski.pl\/wp-content\/uploads\/2022\/09\/Marek.jpg\" \/>\n\t<meta property=\"og:image:width\" content=\"1600\" \/>\n\t<meta property=\"og:image:height\" content=\"971\" \/>\n\t<meta property=\"og:image:type\" content=\"image\/jpeg\" \/>\n<meta name=\"author\" content=\"admin\" \/>\n<meta name=\"twitter:card\" content=\"summary_large_image\" \/>\n<meta name=\"twitter:label1\" content=\"Written by\" \/>\n\t<meta name=\"twitter:data1\" content=\"admin\" \/>\n\t<meta name=\"twitter:label2\" content=\"Estimated reading time\" \/>\n\t<meta name=\"twitter:data2\" content=\"1 minute\" \/>\n<script type=\"application\/ld+json\" class=\"yoast-schema-graph\">{\"@context\":\"https:\/\/schema.org\",\"@graph\":[{\"@type\":\"Article\",\"@id\":\"https:\/\/marekkuchcinski.pl\/cs\/komunikaty-prasowe\/europa-karpat-i-slalom-gigant-2013\/#article\",\"isPartOf\":{\"@id\":\"https:\/\/marekkuchcinski.pl\/cs\/komunikaty-prasowe\/europa-karpat-i-slalom-gigant-2013\/\"},\"author\":{\"name\":\"admin\",\"@id\":\"https:\/\/marekkuchcinski.pl\/#\/schema\/person\/6f62700996b4d950b6ea2d1183b6c6be\"},\"headline\":\"Europa Karpat i Slalom Gigant &#8211; 2013\",\"datePublished\":\"2013-04-03T09:19:46+00:00\",\"dateModified\":\"2016-08-25T14:59:50+00:00\",\"mainEntityOfPage\":{\"@id\":\"https:\/\/marekkuchcinski.pl\/cs\/komunikaty-prasowe\/europa-karpat-i-slalom-gigant-2013\/\"},\"wordCount\":235,\"commentCount\":0,\"publisher\":{\"@id\":\"https:\/\/marekkuchcinski.pl\/#organization\"},\"articleSection\":[\"Komunikaty prasowe\"],\"inLanguage\":\"en-GB\",\"potentialAction\":[{\"@type\":\"CommentAction\",\"name\":\"Comment\",\"target\":[\"https:\/\/marekkuchcinski.pl\/cs\/komunikaty-prasowe\/europa-karpat-i-slalom-gigant-2013\/#respond\"]}]},{\"@type\":\"WebPage\",\"@id\":\"https:\/\/marekkuchcinski.pl\/cs\/komunikaty-prasowe\/europa-karpat-i-slalom-gigant-2013\/\",\"url\":\"https:\/\/marekkuchcinski.pl\/cs\/komunikaty-prasowe\/europa-karpat-i-slalom-gigant-2013\/\",\"name\":\"Europa Karpat i Slalom Gigant - 2013 &#8211; Marek Kuchci\u0144ski\",\"isPartOf\":{\"@id\":\"https:\/\/marekkuchcinski.pl\/#website\"},\"datePublished\":\"2013-04-03T09:19:46+00:00\",\"dateModified\":\"2016-08-25T14:59:50+00:00\",\"breadcrumb\":{\"@id\":\"https:\/\/marekkuchcinski.pl\/cs\/komunikaty-prasowe\/europa-karpat-i-slalom-gigant-2013\/#breadcrumb\"},\"inLanguage\":\"en-GB\",\"potentialAction\":[{\"@type\":\"ReadAction\",\"target\":[\"https:\/\/marekkuchcinski.pl\/cs\/komunikaty-prasowe\/europa-karpat-i-slalom-gigant-2013\/\"]}]},{\"@type\":\"BreadcrumbList\",\"@id\":\"https:\/\/marekkuchcinski.pl\/cs\/komunikaty-prasowe\/europa-karpat-i-slalom-gigant-2013\/#breadcrumb\",\"itemListElement\":[{\"@type\":\"ListItem\",\"position\":1,\"name\":\"Strona g\u0142\u00f3wna\",\"item\":\"https:\/\/marekkuchcinski.pl\/\"},{\"@type\":\"ListItem\",\"position\":2,\"name\":\"Europa Karpat i Slalom Gigant &#8211; 2013\"}]},{\"@type\":\"WebSite\",\"@id\":\"https:\/\/marekkuchcinski.pl\/#website\",\"url\":\"https:\/\/marekkuchcinski.pl\/\",\"name\":\"Marek Kuchci\u0144ski\",\"description\":\"Pose\u0142 na sejm RP &ndash; okr\u0119g nr 22\",\"publisher\":{\"@id\":\"https:\/\/marekkuchcinski.pl\/#organization\"},\"potentialAction\":[{\"@type\":\"SearchAction\",\"target\":{\"@type\":\"EntryPoint\",\"urlTemplate\":\"https:\/\/marekkuchcinski.pl\/?s={search_term_string}\"},\"query-input\":{\"@type\":\"PropertyValueSpecification\",\"valueRequired\":true,\"valueName\":\"search_term_string\"}}],\"inLanguage\":\"en-GB\"},{\"@type\":\"Organization\",\"@id\":\"https:\/\/marekkuchcinski.pl\/#organization\",\"name\":\"Marek Kuchci\u0144ski\",\"url\":\"https:\/\/marekkuchcinski.pl\/\",\"logo\":{\"@type\":\"ImageObject\",\"inLanguage\":\"en-GB\",\"@id\":\"https:\/\/marekkuchcinski.pl\/#\/schema\/logo\/image\/\",\"url\":\"https:\/\/marekkuchcinski.pl\/wp-content\/uploads\/2022\/09\/Marek.jpg\",\"contentUrl\":\"https:\/\/marekkuchcinski.pl\/wp-content\/uploads\/2022\/09\/Marek.jpg\",\"width\":1600,\"height\":971,\"caption\":\"Marek Kuchci\u0144ski\"},\"image\":{\"@id\":\"https:\/\/marekkuchcinski.pl\/#\/schema\/logo\/image\/\"}},{\"@type\":\"Person\",\"@id\":\"https:\/\/marekkuchcinski.pl\/#\/schema\/person\/6f62700996b4d950b6ea2d1183b6c6be\",\"name\":\"admin\",\"image\":{\"@type\":\"ImageObject\",\"inLanguage\":\"en-GB\",\"@id\":\"https:\/\/marekkuchcinski.pl\/#\/schema\/person\/image\/\",\"url\":\"https:\/\/secure.gravatar.com\/avatar\/4bab693b9d55c3d6b52c0296a8765085?s=96&d=mm&r=g\",\"contentUrl\":\"https:\/\/secure.gravatar.com\/avatar\/4bab693b9d55c3d6b52c0296a8765085?s=96&d=mm&r=g\",\"caption\":\"admin\"},\"url\":\"https:\/\/marekkuchcinski.pl\/en\/author\/marta-olejnik\/\"}]}<\/script>\n<!-- \/ Yoast SEO plugin. -->","yoast_head_json":{"title":"Europa Karpat i Slalom Gigant - 2013 &#8211; Marek Kuchci\u0144ski","robots":{"index":"index","follow":"follow","max-snippet":"max-snippet:-1","max-image-preview":"max-image-preview:large","max-video-preview":"max-video-preview:-1"},"canonical":"https:\/\/marekkuchcinski.pl\/en\/komunikaty-prasowe\/europa-karpat-i-slalom-gigant-2013\/","og_locale":"en_GB","og_type":"article","og_title":"Europa Karpat i Slalom Gigant - 2013 &#8211; Marek Kuchci\u0144ski","og_description":"PAP:&nbsp;2013-02-22 17:03 Pos\u0142owie na mi\u0119dzynarodowej konferencji \u201eEuropa Karpat&#8221; (komunikat) 22.02. Warszawa &#8211; Biuro Prasowe Kancelarii Sejmu informuje: Wsp\u00f3\u0142praca parlamentarna pa\u0144stw karpackich i 20-lecie Euroregionu Karpackiego to tylko niekt\u00f3re tematy mi\u0119dzynarodowej konferencji &#8222;Europa Karpat&#8221;, kt\u00f3ra odb\u0119dzie si\u0119 23 lutego br. w Krasiczynie k. Przemy\u015bla.","og_url":"https:\/\/marekkuchcinski.pl\/en\/komunikaty-prasowe\/europa-karpat-i-slalom-gigant-2013\/","og_site_name":"Marek Kuchci\u0144ski","article_published_time":"2013-04-03T09:19:46+00:00","article_modified_time":"2016-08-25T14:59:50+00:00","og_image":[{"width":1600,"height":971,"url":"https:\/\/marekkuchcinski.pl\/wp-content\/uploads\/2022\/09\/Marek.jpg","type":"image\/jpeg"}],"author":"admin","twitter_card":"summary_large_image","twitter_misc":{"Written by":"admin","Estimated reading time":"1 minute"},"schema":{"@context":"https:\/\/schema.org","@graph":[{"@type":"Article","@id":"https:\/\/marekkuchcinski.pl\/cs\/komunikaty-prasowe\/europa-karpat-i-slalom-gigant-2013\/#article","isPartOf":{"@id":"https:\/\/marekkuchcinski.pl\/cs\/komunikaty-prasowe\/europa-karpat-i-slalom-gigant-2013\/"},"author":{"name":"admin","@id":"https:\/\/marekkuchcinski.pl\/#\/schema\/person\/6f62700996b4d950b6ea2d1183b6c6be"},"headline":"Europa Karpat i Slalom Gigant &#8211; 2013","datePublished":"2013-04-03T09:19:46+00:00","dateModified":"2016-08-25T14:59:50+00:00","mainEntityOfPage":{"@id":"https:\/\/marekkuchcinski.pl\/cs\/komunikaty-prasowe\/europa-karpat-i-slalom-gigant-2013\/"},"wordCount":235,"commentCount":0,"publisher":{"@id":"https:\/\/marekkuchcinski.pl\/#organization"},"articleSection":["Komunikaty prasowe"],"inLanguage":"en-GB","potentialAction":[{"@type":"CommentAction","name":"Comment","target":["https:\/\/marekkuchcinski.pl\/cs\/komunikaty-prasowe\/europa-karpat-i-slalom-gigant-2013\/#respond"]}]},{"@type":"WebPage","@id":"https:\/\/marekkuchcinski.pl\/cs\/komunikaty-prasowe\/europa-karpat-i-slalom-gigant-2013\/","url":"https:\/\/marekkuchcinski.pl\/cs\/komunikaty-prasowe\/europa-karpat-i-slalom-gigant-2013\/","name":"Europa Karpat i Slalom Gigant - 2013 &#8211; Marek Kuchci\u0144ski","isPartOf":{"@id":"https:\/\/marekkuchcinski.pl\/#website"},"datePublished":"2013-04-03T09:19:46+00:00","dateModified":"2016-08-25T14:59:50+00:00","breadcrumb":{"@id":"https:\/\/marekkuchcinski.pl\/cs\/komunikaty-prasowe\/europa-karpat-i-slalom-gigant-2013\/#breadcrumb"},"inLanguage":"en-GB","potentialAction":[{"@type":"ReadAction","target":["https:\/\/marekkuchcinski.pl\/cs\/komunikaty-prasowe\/europa-karpat-i-slalom-gigant-2013\/"]}]},{"@type":"BreadcrumbList","@id":"https:\/\/marekkuchcinski.pl\/cs\/komunikaty-prasowe\/europa-karpat-i-slalom-gigant-2013\/#breadcrumb","itemListElement":[{"@type":"ListItem","position":1,"name":"Strona g\u0142\u00f3wna","item":"https:\/\/marekkuchcinski.pl\/"},{"@type":"ListItem","position":2,"name":"Europa Karpat i Slalom Gigant &#8211; 2013"}]},{"@type":"WebSite","@id":"https:\/\/marekkuchcinski.pl\/#website","url":"https:\/\/marekkuchcinski.pl\/","name":"Marek Kuchci\u0144ski","description":"Pose\u0142 na sejm RP &ndash; okr\u0119g nr 22","publisher":{"@id":"https:\/\/marekkuchcinski.pl\/#organization"},"potentialAction":[{"@type":"SearchAction","target":{"@type":"EntryPoint","urlTemplate":"https:\/\/marekkuchcinski.pl\/?s={search_term_string}"},"query-input":{"@type":"PropertyValueSpecification","valueRequired":true,"valueName":"search_term_string"}}],"inLanguage":"en-GB"},{"@type":"Organization","@id":"https:\/\/marekkuchcinski.pl\/#organization","name":"Marek Kuchci\u0144ski","url":"https:\/\/marekkuchcinski.pl\/","logo":{"@type":"ImageObject","inLanguage":"en-GB","@id":"https:\/\/marekkuchcinski.pl\/#\/schema\/logo\/image\/","url":"https:\/\/marekkuchcinski.pl\/wp-content\/uploads\/2022\/09\/Marek.jpg","contentUrl":"https:\/\/marekkuchcinski.pl\/wp-content\/uploads\/2022\/09\/Marek.jpg","width":1600,"height":971,"caption":"Marek Kuchci\u0144ski"},"image":{"@id":"https:\/\/marekkuchcinski.pl\/#\/schema\/logo\/image\/"}},{"@type":"Person","@id":"https:\/\/marekkuchcinski.pl\/#\/schema\/person\/6f62700996b4d950b6ea2d1183b6c6be","name":"admin","image":{"@type":"ImageObject","inLanguage":"en-GB","@id":"https:\/\/marekkuchcinski.pl\/#\/schema\/person\/image\/","url":"https:\/\/secure.gravatar.com\/avatar\/4bab693b9d55c3d6b52c0296a8765085?s=96&d=mm&r=g","contentUrl":"https:\/\/secure.gravatar.com\/avatar\/4bab693b9d55c3d6b52c0296a8765085?s=96&d=mm&r=g","caption":"admin"},"url":"https:\/\/marekkuchcinski.pl\/en\/author\/marta-olejnik\/"}]}},"_links":{"self":[{"href":"https:\/\/marekkuchcinski.pl\/en\/wp-json\/wp\/v2\/posts\/319","targetHints":{"allow":["GET"]}}],"collection":[{"href":"https:\/\/marekkuchcinski.pl\/en\/wp-json\/wp\/v2\/posts"}],"about":[{"href":"https:\/\/marekkuchcinski.pl\/en\/wp-json\/wp\/v2\/types\/post"}],"author":[{"embeddable":true,"href":"https:\/\/marekkuchcinski.pl\/en\/wp-json\/wp\/v2\/users\/6"}],"replies":[{"embeddable":true,"href":"https:\/\/marekkuchcinski.pl\/en\/wp-json\/wp\/v2\/comments?post=319"}],"version-history":[{"count":1,"href":"https:\/\/marekkuchcinski.pl\/en\/wp-json\/wp\/v2\/posts\/319\/revisions"}],"predecessor-version":[{"id":1465,"href":"https:\/\/marekkuchcinski.pl\/en\/wp-json\/wp\/v2\/posts\/319\/revisions\/1465"}],"wp:attachment":[{"href":"https:\/\/marekkuchcinski.pl\/en\/wp-json\/wp\/v2\/media?parent=319"}],"wp:term":[{"taxonomy":"category","embeddable":true,"href":"https:\/\/marekkuchcinski.pl\/en\/wp-json\/wp\/v2\/categories?post=319"},{"taxonomy":"post_tag","embeddable":true,"href":"https:\/\/marekkuchcinski.pl\/en\/wp-json\/wp\/v2\/tags?post=319"}],"curies":[{"name":"wp","href":"https:\/\/api.w.org\/{rel}","templated":true}]}}