{"id":311,"date":"2013-03-12T08:05:59","date_gmt":"2013-03-12T07:05:59","guid":{"rendered":"https:\/\/marekkuchcinski.pl\/?p=311"},"modified":"2016-08-25T16:59:50","modified_gmt":"2016-08-25T14:59:50","slug":"i-memorial-marii-kaczynskiej-w-rabce-zdroju","status":"publish","type":"post","link":"https:\/\/marekkuchcinski.pl\/en\/wydarzenia\/i-memorial-marii-kaczynskiej-w-rabce-zdroju\/","title":{"rendered":"I Memorial of Maria Kaczy\u0144ska in Rabka-Zdr\u00f3j"},"content":{"rendered":"<p style=\"text-align: justify;\"><img fetchpriority=\"high\" decoding=\"async\" class=\"alignleft size-full wp-image-197\" alt=\"\" src=\"https:\/\/marekkuchcinski.pl\/wp-content\/uploads\/2012\/04\/maria%20i%20lech%20kaczyscy.jpg\" style=\"height: 171px; width: 150px; margin: 6px; float: left;\" width=\"596\" height=\"679\" \/>The Deputy Speaker of the Sejm Marek Kuchci\u0144ski was a guest of the 1st Maria Kaczy\u0144ska Memorial in Rabka-Zdr\u00f3j (March 9th).<\/p>\n<p style=\"text-align: justify;\">It was a recreational skiing event: downhill slalom on the course adjusted to the participant's age, played in three age categories. The aim was to commemorate President Maria Kaczy\u0144ska, who in 1958-61 as a resident of Rabka attended a high school - Eugeniusz Romer High School. Marta Kaczy\u0144ska took patronage of the Memorial.<\/p>\n<p style=\"text-align: justify;\"><a href=\"http:\/\/podhaleregion.pl\/galerie\/3512-galeria-memoria%C5%82-im-marii-kaczy%C5%84skiej-w-narciarstwie.html\"><strong>See photos from the Memorial (podhaleregion.pl).<\/strong><\/a><\/p>\n<p>More information on this after PAP and wp.pl:<\/p>\n<p><strong>She was quiet and helpful, she loved mountains, skiing and music - this is how former First Lady Maria Kaczy\u0144ska was remembered by her friends and colleagues from her youth during the First Memorial in her name, which took place in Rabka-Zdr\u00f3j. <\/strong><\/p>\n<p> <!--more--> <\/p>\n<p>\"Commemorating the tragically deceased president by dedicating to her a sports event aimed at children and young people is a beautiful gesture fully in line with the ideas that Maria Kaczy\u00f1ska followed in her life, especially in her activities as the First Lady,\" wrote Marta Kaczy\u00f1ska, daughter of Maria and Lech Kaczy\u00f1ska, tragically deceased in the Smolensk catastrophe, in a letter to the participants. - In our conversations my mother often mentioned her teachers and friends from Rabka. The environment in which she grew up helped her to become an open-minded person, a patriot curious about the world, a polyglot, a wonderful wife, mother and grandmother.<\/p>\n<p>Maria Kaczy\u0144ska spent her childhood and youth in Rabka. She attended elementary school and high school in Rabka, where she graduated.<\/p>\n<p>The Memorial began with skiing competition for children and young people with the participation of 120 participants. In the afternoon an exhibition commemorating the relationship between Maria Kaczy\u0144ska and Rabka was opened. Also presented were photographs documenting the activities of former President Lech Kaczy\u0144ski as a parliamentarian from the Nowy S\u0105cz-Podhale region in the years 1991-1993.<\/p>\n<p>- Lech Kaczy\u0144ski fought for Poland's place in Europe and in the world, he restored historical memory, which had been misinterpreted and passed on for many generations,\" said Marek Kuchci\u0144ski (Law and Justice), deputy speaker of the Sejm.<\/p>\n<p>The initiator and main organizer of the Memorial of Maria Kaczynska, MP Anna Paluch informed that it will also be held next year, and parliamentarians will be invited to participate in the skiing competition.<\/p>\n<p><small>(meg, ah)<\/small><\/p>","protected":false},"excerpt":{"rendered":"<p>Wicemarsza\u0142ek Sejmu RP Marek Kuchci\u0144ski by\u0142 go\u015bciem I Memoria\u0142u im. Marii Kaczy\u0144skiej w Rabce-Zdroju (9 marca). By\u0142a to narciarska impreza rekreacyjna: zjazd \u2013 slalom po trasie dostosowanej do wieku uczestnika, rozgrywany w trzech kategoriach wiekowych. Celem by\u0142o upami\u0119tnienie postaci Prezydentowej Marii Kaczy\u0144skiej, kt\u00f3ra w latach 1958-61 jako mieszkanka Rabki ucz\u0119szcza\u0142a do szko\u0142y \u015bredniej \u2013 Liceum [&hellip;]<\/p>","protected":false},"author":6,"featured_media":197,"comment_status":"open","ping_status":"open","sticky":false,"template":"","format":"standard","meta":{"ngg_post_thumbnail":0,"footnotes":""},"categories":[3],"tags":[],"class_list":["post-311","post","type-post","status-publish","format-standard","has-post-thumbnail","hentry","category-wydarzenia"],"yoast_head":"<!-- This site is optimized with the Yoast SEO plugin v24.7 - https:\/\/yoast.com\/wordpress\/plugins\/seo\/ -->\n<title>I Memoria\u0142 Marii Kaczy\u0144skiej w Rabce-Zdroju &#8211; Marek Kuchci\u0144ski<\/title>\n<meta name=\"robots\" content=\"index, follow, max-snippet:-1, max-image-preview:large, max-video-preview:-1\" \/>\n<link rel=\"canonical\" href=\"https:\/\/marekkuchcinski.pl\/en\/wydarzenia\/i-memorial-marii-kaczynskiej-w-rabce-zdroju\/\" \/>\n<meta property=\"og:locale\" content=\"en_GB\" \/>\n<meta property=\"og:type\" content=\"article\" \/>\n<meta property=\"og:title\" content=\"I Memoria\u0142 Marii Kaczy\u0144skiej w Rabce-Zdroju &#8211; Marek Kuchci\u0144ski\" \/>\n<meta property=\"og:description\" content=\"Wicemarsza\u0142ek Sejmu RP Marek Kuchci\u0144ski by\u0142 go\u015bciem I Memoria\u0142u im. Marii Kaczy\u0144skiej w Rabce-Zdroju (9 marca). By\u0142a to narciarska impreza rekreacyjna: zjazd \u2013 slalom po trasie dostosowanej do wieku uczestnika, rozgrywany w trzech kategoriach wiekowych. Celem by\u0142o upami\u0119tnienie postaci Prezydentowej Marii Kaczy\u0144skiej, kt\u00f3ra w latach 1958-61 jako mieszkanka Rabki ucz\u0119szcza\u0142a do szko\u0142y \u015bredniej \u2013 Liceum [&hellip;]\" \/>\n<meta property=\"og:url\" content=\"https:\/\/marekkuchcinski.pl\/en\/wydarzenia\/i-memorial-marii-kaczynskiej-w-rabce-zdroju\/\" \/>\n<meta property=\"og:site_name\" content=\"Marek Kuchci\u0144ski\" \/>\n<meta property=\"article:published_time\" content=\"2013-03-12T07:05:59+00:00\" \/>\n<meta property=\"article:modified_time\" content=\"2016-08-25T14:59:50+00:00\" \/>\n<meta property=\"og:image\" content=\"https:\/\/marekkuchcinski.pl\/wp-content\/uploads\/2012\/04\/maria%20i%20lech%20kaczyscy.jpg\" \/>\n\t<meta property=\"og:image:width\" content=\"596\" \/>\n\t<meta property=\"og:image:height\" content=\"679\" \/>\n\t<meta property=\"og:image:type\" content=\"image\/jpeg\" \/>\n<meta name=\"author\" content=\"admin\" \/>\n<meta name=\"twitter:card\" content=\"summary_large_image\" \/>\n<meta name=\"twitter:label1\" content=\"Written by\" \/>\n\t<meta name=\"twitter:data1\" content=\"admin\" \/>\n\t<meta name=\"twitter:label2\" content=\"Estimated reading time\" \/>\n\t<meta name=\"twitter:data2\" content=\"2 minutes\" \/>\n<script type=\"application\/ld+json\" class=\"yoast-schema-graph\">{\"@context\":\"https:\/\/schema.org\",\"@graph\":[{\"@type\":\"Article\",\"@id\":\"https:\/\/marekkuchcinski.pl\/en\/wydarzenia\/i-memorial-marii-kaczynskiej-w-rabce-zdroju\/#article\",\"isPartOf\":{\"@id\":\"https:\/\/marekkuchcinski.pl\/en\/wydarzenia\/i-memorial-marii-kaczynskiej-w-rabce-zdroju\/\"},\"author\":{\"name\":\"admin\",\"@id\":\"https:\/\/marekkuchcinski.pl\/#\/schema\/person\/6f62700996b4d950b6ea2d1183b6c6be\"},\"headline\":\"I Memoria\u0142 Marii Kaczy\u0144skiej w Rabce-Zdroju\",\"datePublished\":\"2013-03-12T07:05:59+00:00\",\"dateModified\":\"2016-08-25T14:59:50+00:00\",\"mainEntityOfPage\":{\"@id\":\"https:\/\/marekkuchcinski.pl\/en\/wydarzenia\/i-memorial-marii-kaczynskiej-w-rabce-zdroju\/\"},\"wordCount\":425,\"commentCount\":0,\"publisher\":{\"@id\":\"https:\/\/marekkuchcinski.pl\/#organization\"},\"image\":{\"@id\":\"https:\/\/marekkuchcinski.pl\/en\/wydarzenia\/i-memorial-marii-kaczynskiej-w-rabce-zdroju\/#primaryimage\"},\"thumbnailUrl\":\"https:\/\/marekkuchcinski.pl\/wp-content\/uploads\/2012\/04\/maria i lech kaczyscy.jpg\",\"articleSection\":[\"Wydarzenia\"],\"inLanguage\":\"en-GB\",\"potentialAction\":[{\"@type\":\"CommentAction\",\"name\":\"Comment\",\"target\":[\"https:\/\/marekkuchcinski.pl\/en\/wydarzenia\/i-memorial-marii-kaczynskiej-w-rabce-zdroju\/#respond\"]}]},{\"@type\":\"WebPage\",\"@id\":\"https:\/\/marekkuchcinski.pl\/en\/wydarzenia\/i-memorial-marii-kaczynskiej-w-rabce-zdroju\/\",\"url\":\"https:\/\/marekkuchcinski.pl\/en\/wydarzenia\/i-memorial-marii-kaczynskiej-w-rabce-zdroju\/\",\"name\":\"I Memoria\u0142 Marii Kaczy\u0144skiej w Rabce-Zdroju &#8211; Marek Kuchci\u0144ski\",\"isPartOf\":{\"@id\":\"https:\/\/marekkuchcinski.pl\/#website\"},\"primaryImageOfPage\":{\"@id\":\"https:\/\/marekkuchcinski.pl\/en\/wydarzenia\/i-memorial-marii-kaczynskiej-w-rabce-zdroju\/#primaryimage\"},\"image\":{\"@id\":\"https:\/\/marekkuchcinski.pl\/en\/wydarzenia\/i-memorial-marii-kaczynskiej-w-rabce-zdroju\/#primaryimage\"},\"thumbnailUrl\":\"https:\/\/marekkuchcinski.pl\/wp-content\/uploads\/2012\/04\/maria i lech kaczyscy.jpg\",\"datePublished\":\"2013-03-12T07:05:59+00:00\",\"dateModified\":\"2016-08-25T14:59:50+00:00\",\"breadcrumb\":{\"@id\":\"https:\/\/marekkuchcinski.pl\/en\/wydarzenia\/i-memorial-marii-kaczynskiej-w-rabce-zdroju\/#breadcrumb\"},\"inLanguage\":\"en-GB\",\"potentialAction\":[{\"@type\":\"ReadAction\",\"target\":[\"https:\/\/marekkuchcinski.pl\/en\/wydarzenia\/i-memorial-marii-kaczynskiej-w-rabce-zdroju\/\"]}]},{\"@type\":\"ImageObject\",\"inLanguage\":\"en-GB\",\"@id\":\"https:\/\/marekkuchcinski.pl\/en\/wydarzenia\/i-memorial-marii-kaczynskiej-w-rabce-zdroju\/#primaryimage\",\"url\":\"https:\/\/marekkuchcinski.pl\/wp-content\/uploads\/2012\/04\/maria i lech kaczyscy.jpg\",\"contentUrl\":\"https:\/\/marekkuchcinski.pl\/wp-content\/uploads\/2012\/04\/maria i lech kaczyscy.jpg\",\"width\":596,\"height\":679,\"caption\":\"maria i lech kaczyscy\"},{\"@type\":\"BreadcrumbList\",\"@id\":\"https:\/\/marekkuchcinski.pl\/en\/wydarzenia\/i-memorial-marii-kaczynskiej-w-rabce-zdroju\/#breadcrumb\",\"itemListElement\":[{\"@type\":\"ListItem\",\"position\":1,\"name\":\"Strona g\u0142\u00f3wna\",\"item\":\"https:\/\/marekkuchcinski.pl\/\"},{\"@type\":\"ListItem\",\"position\":2,\"name\":\"I Memoria\u0142 Marii Kaczy\u0144skiej w Rabce-Zdroju\"}]},{\"@type\":\"WebSite\",\"@id\":\"https:\/\/marekkuchcinski.pl\/#website\",\"url\":\"https:\/\/marekkuchcinski.pl\/\",\"name\":\"Marek Kuchci\u0144ski\",\"description\":\"Pose\u0142 na sejm RP &ndash; okr\u0119g nr 22\",\"publisher\":{\"@id\":\"https:\/\/marekkuchcinski.pl\/#organization\"},\"potentialAction\":[{\"@type\":\"SearchAction\",\"target\":{\"@type\":\"EntryPoint\",\"urlTemplate\":\"https:\/\/marekkuchcinski.pl\/?s={search_term_string}\"},\"query-input\":{\"@type\":\"PropertyValueSpecification\",\"valueRequired\":true,\"valueName\":\"search_term_string\"}}],\"inLanguage\":\"en-GB\"},{\"@type\":\"Organization\",\"@id\":\"https:\/\/marekkuchcinski.pl\/#organization\",\"name\":\"Marek Kuchci\u0144ski\",\"url\":\"https:\/\/marekkuchcinski.pl\/\",\"logo\":{\"@type\":\"ImageObject\",\"inLanguage\":\"en-GB\",\"@id\":\"https:\/\/marekkuchcinski.pl\/#\/schema\/logo\/image\/\",\"url\":\"https:\/\/marekkuchcinski.pl\/wp-content\/uploads\/2022\/09\/Marek.jpg\",\"contentUrl\":\"https:\/\/marekkuchcinski.pl\/wp-content\/uploads\/2022\/09\/Marek.jpg\",\"width\":1600,\"height\":971,\"caption\":\"Marek Kuchci\u0144ski\"},\"image\":{\"@id\":\"https:\/\/marekkuchcinski.pl\/#\/schema\/logo\/image\/\"}},{\"@type\":\"Person\",\"@id\":\"https:\/\/marekkuchcinski.pl\/#\/schema\/person\/6f62700996b4d950b6ea2d1183b6c6be\",\"name\":\"admin\",\"image\":{\"@type\":\"ImageObject\",\"inLanguage\":\"en-GB\",\"@id\":\"https:\/\/marekkuchcinski.pl\/#\/schema\/person\/image\/\",\"url\":\"https:\/\/secure.gravatar.com\/avatar\/4bab693b9d55c3d6b52c0296a8765085?s=96&d=mm&r=g\",\"contentUrl\":\"https:\/\/secure.gravatar.com\/avatar\/4bab693b9d55c3d6b52c0296a8765085?s=96&d=mm&r=g\",\"caption\":\"admin\"},\"url\":\"https:\/\/marekkuchcinski.pl\/en\/author\/marta-olejnik\/\"}]}<\/script>\n<!-- \/ Yoast SEO plugin. -->","yoast_head_json":{"title":"I Memoria\u0142 Marii Kaczy\u0144skiej w Rabce-Zdroju &#8211; Marek Kuchci\u0144ski","robots":{"index":"index","follow":"follow","max-snippet":"max-snippet:-1","max-image-preview":"max-image-preview:large","max-video-preview":"max-video-preview:-1"},"canonical":"https:\/\/marekkuchcinski.pl\/en\/wydarzenia\/i-memorial-marii-kaczynskiej-w-rabce-zdroju\/","og_locale":"en_GB","og_type":"article","og_title":"I Memoria\u0142 Marii Kaczy\u0144skiej w Rabce-Zdroju &#8211; Marek Kuchci\u0144ski","og_description":"Wicemarsza\u0142ek Sejmu RP Marek Kuchci\u0144ski by\u0142 go\u015bciem I Memoria\u0142u im. Marii Kaczy\u0144skiej w Rabce-Zdroju (9 marca). By\u0142a to narciarska impreza rekreacyjna: zjazd \u2013 slalom po trasie dostosowanej do wieku uczestnika, rozgrywany w trzech kategoriach wiekowych. Celem by\u0142o upami\u0119tnienie postaci Prezydentowej Marii Kaczy\u0144skiej, kt\u00f3ra w latach 1958-61 jako mieszkanka Rabki ucz\u0119szcza\u0142a do szko\u0142y \u015bredniej \u2013 Liceum [&hellip;]","og_url":"https:\/\/marekkuchcinski.pl\/en\/wydarzenia\/i-memorial-marii-kaczynskiej-w-rabce-zdroju\/","og_site_name":"Marek Kuchci\u0144ski","article_published_time":"2013-03-12T07:05:59+00:00","article_modified_time":"2016-08-25T14:59:50+00:00","og_image":[{"width":596,"height":679,"url":"https:\/\/marekkuchcinski.pl\/wp-content\/uploads\/2012\/04\/maria i lech kaczyscy.jpg","type":"image\/jpeg"}],"author":"admin","twitter_card":"summary_large_image","twitter_misc":{"Written by":"admin","Estimated reading time":"2 minutes"},"schema":{"@context":"https:\/\/schema.org","@graph":[{"@type":"Article","@id":"https:\/\/marekkuchcinski.pl\/en\/wydarzenia\/i-memorial-marii-kaczynskiej-w-rabce-zdroju\/#article","isPartOf":{"@id":"https:\/\/marekkuchcinski.pl\/en\/wydarzenia\/i-memorial-marii-kaczynskiej-w-rabce-zdroju\/"},"author":{"name":"admin","@id":"https:\/\/marekkuchcinski.pl\/#\/schema\/person\/6f62700996b4d950b6ea2d1183b6c6be"},"headline":"I Memoria\u0142 Marii Kaczy\u0144skiej w Rabce-Zdroju","datePublished":"2013-03-12T07:05:59+00:00","dateModified":"2016-08-25T14:59:50+00:00","mainEntityOfPage":{"@id":"https:\/\/marekkuchcinski.pl\/en\/wydarzenia\/i-memorial-marii-kaczynskiej-w-rabce-zdroju\/"},"wordCount":425,"commentCount":0,"publisher":{"@id":"https:\/\/marekkuchcinski.pl\/#organization"},"image":{"@id":"https:\/\/marekkuchcinski.pl\/en\/wydarzenia\/i-memorial-marii-kaczynskiej-w-rabce-zdroju\/#primaryimage"},"thumbnailUrl":"https:\/\/marekkuchcinski.pl\/wp-content\/uploads\/2012\/04\/maria i lech kaczyscy.jpg","articleSection":["Wydarzenia"],"inLanguage":"en-GB","potentialAction":[{"@type":"CommentAction","name":"Comment","target":["https:\/\/marekkuchcinski.pl\/en\/wydarzenia\/i-memorial-marii-kaczynskiej-w-rabce-zdroju\/#respond"]}]},{"@type":"WebPage","@id":"https:\/\/marekkuchcinski.pl\/en\/wydarzenia\/i-memorial-marii-kaczynskiej-w-rabce-zdroju\/","url":"https:\/\/marekkuchcinski.pl\/en\/wydarzenia\/i-memorial-marii-kaczynskiej-w-rabce-zdroju\/","name":"I Memoria\u0142 Marii Kaczy\u0144skiej w Rabce-Zdroju &#8211; Marek Kuchci\u0144ski","isPartOf":{"@id":"https:\/\/marekkuchcinski.pl\/#website"},"primaryImageOfPage":{"@id":"https:\/\/marekkuchcinski.pl\/en\/wydarzenia\/i-memorial-marii-kaczynskiej-w-rabce-zdroju\/#primaryimage"},"image":{"@id":"https:\/\/marekkuchcinski.pl\/en\/wydarzenia\/i-memorial-marii-kaczynskiej-w-rabce-zdroju\/#primaryimage"},"thumbnailUrl":"https:\/\/marekkuchcinski.pl\/wp-content\/uploads\/2012\/04\/maria i lech kaczyscy.jpg","datePublished":"2013-03-12T07:05:59+00:00","dateModified":"2016-08-25T14:59:50+00:00","breadcrumb":{"@id":"https:\/\/marekkuchcinski.pl\/en\/wydarzenia\/i-memorial-marii-kaczynskiej-w-rabce-zdroju\/#breadcrumb"},"inLanguage":"en-GB","potentialAction":[{"@type":"ReadAction","target":["https:\/\/marekkuchcinski.pl\/en\/wydarzenia\/i-memorial-marii-kaczynskiej-w-rabce-zdroju\/"]}]},{"@type":"ImageObject","inLanguage":"en-GB","@id":"https:\/\/marekkuchcinski.pl\/en\/wydarzenia\/i-memorial-marii-kaczynskiej-w-rabce-zdroju\/#primaryimage","url":"https:\/\/marekkuchcinski.pl\/wp-content\/uploads\/2012\/04\/maria i lech kaczyscy.jpg","contentUrl":"https:\/\/marekkuchcinski.pl\/wp-content\/uploads\/2012\/04\/maria i lech kaczyscy.jpg","width":596,"height":679,"caption":"maria i lech kaczyscy"},{"@type":"BreadcrumbList","@id":"https:\/\/marekkuchcinski.pl\/en\/wydarzenia\/i-memorial-marii-kaczynskiej-w-rabce-zdroju\/#breadcrumb","itemListElement":[{"@type":"ListItem","position":1,"name":"Strona g\u0142\u00f3wna","item":"https:\/\/marekkuchcinski.pl\/"},{"@type":"ListItem","position":2,"name":"I Memoria\u0142 Marii Kaczy\u0144skiej w Rabce-Zdroju"}]},{"@type":"WebSite","@id":"https:\/\/marekkuchcinski.pl\/#website","url":"https:\/\/marekkuchcinski.pl\/","name":"Marek Kuchci\u0144ski","description":"Pose\u0142 na sejm RP &ndash; okr\u0119g nr 22","publisher":{"@id":"https:\/\/marekkuchcinski.pl\/#organization"},"potentialAction":[{"@type":"SearchAction","target":{"@type":"EntryPoint","urlTemplate":"https:\/\/marekkuchcinski.pl\/?s={search_term_string}"},"query-input":{"@type":"PropertyValueSpecification","valueRequired":true,"valueName":"search_term_string"}}],"inLanguage":"en-GB"},{"@type":"Organization","@id":"https:\/\/marekkuchcinski.pl\/#organization","name":"Marek Kuchci\u0144ski","url":"https:\/\/marekkuchcinski.pl\/","logo":{"@type":"ImageObject","inLanguage":"en-GB","@id":"https:\/\/marekkuchcinski.pl\/#\/schema\/logo\/image\/","url":"https:\/\/marekkuchcinski.pl\/wp-content\/uploads\/2022\/09\/Marek.jpg","contentUrl":"https:\/\/marekkuchcinski.pl\/wp-content\/uploads\/2022\/09\/Marek.jpg","width":1600,"height":971,"caption":"Marek Kuchci\u0144ski"},"image":{"@id":"https:\/\/marekkuchcinski.pl\/#\/schema\/logo\/image\/"}},{"@type":"Person","@id":"https:\/\/marekkuchcinski.pl\/#\/schema\/person\/6f62700996b4d950b6ea2d1183b6c6be","name":"admin","image":{"@type":"ImageObject","inLanguage":"en-GB","@id":"https:\/\/marekkuchcinski.pl\/#\/schema\/person\/image\/","url":"https:\/\/secure.gravatar.com\/avatar\/4bab693b9d55c3d6b52c0296a8765085?s=96&d=mm&r=g","contentUrl":"https:\/\/secure.gravatar.com\/avatar\/4bab693b9d55c3d6b52c0296a8765085?s=96&d=mm&r=g","caption":"admin"},"url":"https:\/\/marekkuchcinski.pl\/en\/author\/marta-olejnik\/"}]}},"_links":{"self":[{"href":"https:\/\/marekkuchcinski.pl\/en\/wp-json\/wp\/v2\/posts\/311","targetHints":{"allow":["GET"]}}],"collection":[{"href":"https:\/\/marekkuchcinski.pl\/en\/wp-json\/wp\/v2\/posts"}],"about":[{"href":"https:\/\/marekkuchcinski.pl\/en\/wp-json\/wp\/v2\/types\/post"}],"author":[{"embeddable":true,"href":"https:\/\/marekkuchcinski.pl\/en\/wp-json\/wp\/v2\/users\/6"}],"replies":[{"embeddable":true,"href":"https:\/\/marekkuchcinski.pl\/en\/wp-json\/wp\/v2\/comments?post=311"}],"version-history":[{"count":1,"href":"https:\/\/marekkuchcinski.pl\/en\/wp-json\/wp\/v2\/posts\/311\/revisions"}],"predecessor-version":[{"id":1470,"href":"https:\/\/marekkuchcinski.pl\/en\/wp-json\/wp\/v2\/posts\/311\/revisions\/1470"}],"wp:featuredmedia":[{"embeddable":true,"href":"https:\/\/marekkuchcinski.pl\/en\/wp-json\/wp\/v2\/media\/197"}],"wp:attachment":[{"href":"https:\/\/marekkuchcinski.pl\/en\/wp-json\/wp\/v2\/media?parent=311"}],"wp:term":[{"taxonomy":"category","embeddable":true,"href":"https:\/\/marekkuchcinski.pl\/en\/wp-json\/wp\/v2\/categories?post=311"},{"taxonomy":"post_tag","embeddable":true,"href":"https:\/\/marekkuchcinski.pl\/en\/wp-json\/wp\/v2\/tags?post=311"}],"curies":[{"name":"wp","href":"https:\/\/api.w.org\/{rel}","templated":true}]}}