{"id":29324,"date":"2023-09-12T14:36:56","date_gmt":"2023-09-12T12:36:56","guid":{"rendered":"https:\/\/marekkuchcinski.pl\/?p=29324"},"modified":"2023-09-14T08:54:26","modified_gmt":"2023-09-14T06:54:26","slug":"dofinansowanie-jednostek-strazy-pozarnej-w-powiecie-przemyskim","status":"publish","type":"post","link":"https:\/\/marekkuchcinski.pl\/en\/bez-kategorii\/dofinansowanie-jednostek-strazy-pozarnej-w-powiecie-przemyskim\/","title":{"rendered":"Dofinansowanie jednostek Stra\u017cy Po\u017carnej w powiecie przemyskim"},"content":{"rendered":"<p class=\"wp-block-paragraph\"><strong>Ostatnio 3 jednostki Stra\u017cy Po\u017carnej z powiatu przemyskiego zosta\u0142y wsparte dotacjami m.in.&nbsp;dzi\u0119ki pozytywnemu zaopiniowaniu przez szefa Kancelarii Prezesa Rady Ministr\u00f3w \u2013 ministra Marka Kuchci\u0144skiego.<\/strong><\/p>\n\n\n\n<figure class=\"wp-block-image aligncenter size-large\"><a href=\"https:\/\/marekkuchcinski.pl\/wp-content\/uploads\/2023\/09\/IMG_2971.jpg\"><img fetchpriority=\"high\" decoding=\"async\" width=\"1024\" height=\"563\" src=\"https:\/\/marekkuchcinski.pl\/wp-content\/uploads\/2023\/09\/IMG_2971-1024x563.jpg\" alt=\"\" class=\"wp-image-29341\" srcset=\"https:\/\/marekkuchcinski.pl\/wp-content\/uploads\/2023\/09\/IMG_2971-1024x563.jpg 1024w, https:\/\/marekkuchcinski.pl\/wp-content\/uploads\/2023\/09\/IMG_2971-300x165.jpg 300w, https:\/\/marekkuchcinski.pl\/wp-content\/uploads\/2023\/09\/IMG_2971-768x422.jpg 768w, https:\/\/marekkuchcinski.pl\/wp-content\/uploads\/2023\/09\/IMG_2971-1536x845.jpg 1536w, https:\/\/marekkuchcinski.pl\/wp-content\/uploads\/2023\/09\/IMG_2971-18x10.jpg 18w, https:\/\/marekkuchcinski.pl\/wp-content\/uploads\/2023\/09\/IMG_2971.jpg 1600w\" sizes=\"(max-width: 1024px) 100vw, 1024px\" \/><\/a><\/figure>\n\n\n\n<p class=\"wp-block-paragraph\">I tak 4 wrze\u015bnia br. prezes Rady Ministr\u00f3w, Mateusz Morawiecki, podpisa\u0142 zarz\u0105dzenie o zwi\u0119kszeniu dotacji z og\u00f3lnej rezerwy bud\u017cetowej dla Komendy Miejskiej Pa\u0144stwowej Stra\u017cy Po\u017carnej w Przemy\u015blu z dotychczasowych 5 mln z\u0142 do prawie 6,5 mln z\u0142. Przyznane dofinansowanie pokryje cz\u0119\u015b\u0107 koszt\u00f3w budowania Jednostki Ratowniczo-Ga\u015bniczej w Dubiecku. To jedna z najwi\u0119kszych i najwa\u017cniejszych inwestycji w powiecie przemyskim.<\/p>\n\n\n\n<p class=\"wp-block-paragraph\">Z kolei 30 sierpnia br. Ochotnicza Stra\u017c Po\u017carna w Pikulicach otrzyma\u0142a pozytywn\u0105 odpowied\u017a na wniosek o dotacj\u0119 w wysoko\u015bci 200 tysi\u0119cy z\u0142otych &nbsp;na cele ochrony przeciwpo\u017carowej. Dotacja pochodzi ze \u015brodk\u00f3w finansowych pozyskanych ze sk\u0142adek na obowi\u0105zkowe ubezpieczenie od ognia, rozdzielanych wed\u0142ug zasad okre\u015blonych w rozporz\u0105dzeniu Ministra Spraw Wewn\u0119trznych i Administracji. Dofinansowanie zostanie przekazane OSP Pikulice przez Komendanta G\u0142\u00f3wnego Pa\u0144stwowej Stra\u017cy Po\u017carnej.<\/p>\n\n\n\n<p class=\"wp-block-paragraph\">Ochotnicza Stra\u017c Po\u017carna w Birczy otrzyma\u0142a&nbsp;prawie 19 tys. z\u0142otych ze \u015brodk\u00f3w Fundacji ORLEN w ramach programu &#8222;ORLEN dla Stra\u017cak\u00f3w 2023&#8221;.&nbsp;\u015arodki te zostan\u0105 przeznaczone na zakup 2 aparat\u00f3w powietrznych, 2 sygnalizator\u00f3w bezruchu, 4 par r\u0119kawic technicznych, 4 par r\u0119kawic specjalnych, 2 par but\u00f3w specjalnych, oraz 4 pas\u00f3w stra\u017cackich.<\/p>\n\n\n\n<figure class=\"wp-block-image aligncenter size-large\"><a href=\"https:\/\/marekkuchcinski.pl\/wp-content\/uploads\/2023\/09\/D3F351F6-CED5-4351-9996-1602C64B329B.jpeg\"><img decoding=\"async\" width=\"1024\" height=\"768\" src=\"https:\/\/marekkuchcinski.pl\/wp-content\/uploads\/2023\/09\/D3F351F6-CED5-4351-9996-1602C64B329B-1024x768.jpeg\" alt=\"\" class=\"wp-image-29344\" srcset=\"https:\/\/marekkuchcinski.pl\/wp-content\/uploads\/2023\/09\/D3F351F6-CED5-4351-9996-1602C64B329B-1024x768.jpeg 1024w, https:\/\/marekkuchcinski.pl\/wp-content\/uploads\/2023\/09\/D3F351F6-CED5-4351-9996-1602C64B329B-300x225.jpeg 300w, https:\/\/marekkuchcinski.pl\/wp-content\/uploads\/2023\/09\/D3F351F6-CED5-4351-9996-1602C64B329B-768x576.jpeg 768w, https:\/\/marekkuchcinski.pl\/wp-content\/uploads\/2023\/09\/D3F351F6-CED5-4351-9996-1602C64B329B-1536x1152.jpeg 1536w, https:\/\/marekkuchcinski.pl\/wp-content\/uploads\/2023\/09\/D3F351F6-CED5-4351-9996-1602C64B329B-16x12.jpeg 16w, https:\/\/marekkuchcinski.pl\/wp-content\/uploads\/2023\/09\/D3F351F6-CED5-4351-9996-1602C64B329B.jpeg 1600w\" sizes=\"(max-width: 1024px) 100vw, 1024px\" \/><\/a><\/figure>","protected":false},"excerpt":{"rendered":"<p>Ostatnio 3 jednostki Stra\u017cy Po\u017carnej z powiatu przemyskiego zosta\u0142y wsparte dotacjami m.in.&nbsp;dzi\u0119ki pozytywnemu zaopiniowaniu przez szefa Kancelarii Prezesa Rady Ministr\u00f3w \u2013 ministra Marka Kuchci\u0144skiego. I tak 4 wrze\u015bnia br. prezes Rady Ministr\u00f3w, Mateusz Morawiecki, podpisa\u0142 zarz\u0105dzenie o zwi\u0119kszeniu dotacji z og\u00f3lnej rezerwy bud\u017cetowej dla Komendy Miejskiej Pa\u0144stwowej Stra\u017cy Po\u017carnej w Przemy\u015blu z dotychczasowych 5 mln [&hellip;]<\/p>\n","protected":false},"author":17,"featured_media":29332,"comment_status":"closed","ping_status":"open","sticky":false,"template":"","format":"standard","meta":{"ngg_post_thumbnail":0,"footnotes":""},"categories":[1,3],"tags":[],"class_list":["post-29324","post","type-post","status-publish","format-standard","has-post-thumbnail","hentry","category-bez-kategorii","category-wydarzenia"],"_links":{"self":[{"href":"https:\/\/marekkuchcinski.pl\/en\/wp-json\/wp\/v2\/posts\/29324","targetHints":{"allow":["GET"]}}],"collection":[{"href":"https:\/\/marekkuchcinski.pl\/en\/wp-json\/wp\/v2\/posts"}],"about":[{"href":"https:\/\/marekkuchcinski.pl\/en\/wp-json\/wp\/v2\/types\/post"}],"author":[{"embeddable":true,"href":"https:\/\/marekkuchcinski.pl\/en\/wp-json\/wp\/v2\/users\/17"}],"replies":[{"embeddable":true,"href":"https:\/\/marekkuchcinski.pl\/en\/wp-json\/wp\/v2\/comments?post=29324"}],"version-history":[{"count":7,"href":"https:\/\/marekkuchcinski.pl\/en\/wp-json\/wp\/v2\/posts\/29324\/revisions"}],"predecessor-version":[{"id":29345,"href":"https:\/\/marekkuchcinski.pl\/en\/wp-json\/wp\/v2\/posts\/29324\/revisions\/29345"}],"wp:featuredmedia":[{"embeddable":true,"href":"https:\/\/marekkuchcinski.pl\/en\/wp-json\/wp\/v2\/media\/29332"}],"wp:attachment":[{"href":"https:\/\/marekkuchcinski.pl\/en\/wp-json\/wp\/v2\/media?parent=29324"}],"wp:term":[{"taxonomy":"category","embeddable":true,"href":"https:\/\/marekkuchcinski.pl\/en\/wp-json\/wp\/v2\/categories?post=29324"},{"taxonomy":"post_tag","embeddable":true,"href":"https:\/\/marekkuchcinski.pl\/en\/wp-json\/wp\/v2\/tags?post=29324"}],"curies":[{"name":"wp","href":"https:\/\/api.w.org\/{rel}","templated":true}]}}