{"id":29089,"date":"2023-08-04T21:07:10","date_gmt":"2023-08-04T19:07:10","guid":{"rendered":"https:\/\/marekkuchcinski.pl\/?p=29089"},"modified":"2023-08-07T12:24:47","modified_gmt":"2023-08-07T10:24:47","slug":"bircza-i-jawornik-polski-zostana-miastami","status":"publish","type":"post","link":"https:\/\/marekkuchcinski.pl\/en\/wydarzenia\/bircza-i-jawornik-polski-zostana-miastami\/","title":{"rendered":"Bircza i Jawornik Polski zostan\u0105 miastami"},"content":{"rendered":"<figure class=\"wp-block-image size-large\"><a href=\"https:\/\/marekkuchcinski.pl\/wp-content\/uploads\/2023\/08\/Jawornik-Polski.jpg\"><img fetchpriority=\"high\" decoding=\"async\" width=\"1024\" height=\"511\" src=\"https:\/\/marekkuchcinski.pl\/wp-content\/uploads\/2023\/08\/Jawornik-Polski-1024x511.jpg\" alt=\"Jawornik Polski\" class=\"wp-image-29090\" srcset=\"https:\/\/marekkuchcinski.pl\/wp-content\/uploads\/2023\/08\/Jawornik-Polski-1024x511.jpg 1024w, https:\/\/marekkuchcinski.pl\/wp-content\/uploads\/2023\/08\/Jawornik-Polski-300x150.jpg 300w, https:\/\/marekkuchcinski.pl\/wp-content\/uploads\/2023\/08\/Jawornik-Polski-768x383.jpg 768w, https:\/\/marekkuchcinski.pl\/wp-content\/uploads\/2023\/08\/Jawornik-Polski-18x9.jpg 18w, https:\/\/marekkuchcinski.pl\/wp-content\/uploads\/2023\/08\/Jawornik-Polski.jpg 1156w\" sizes=\"(max-width: 1024px) 100vw, 1024px\" \/><\/a><figcaption class=\"wp-element-caption\">Jawornik Polski. \u017ar\u00f3d\u0142o: podkarpackie.com<\/figcaption><\/figure>\n\n\n\n<p><strong>Podkarpacie b\u0119dzie mia\u0142o dwa nowe miasta! Bircza w powiecie przemyskim i Jawornik Polski w powiecie przeworskim uzyska\u0142y rz\u0105dow\u0105 rekomendacj\u0119.<\/strong><\/p>\n\n\n\n<p>Rada Ministr\u00f3w zaproponowa\u0142a, \u017ceby Bircza i Jawornik Polski otrzyma\u0142 prawa miejskie od 1 stycznia 2024 roku. Decyzj\u0119 musi jeszcze zaopiniowa\u0107 Komisja Wsp\u00f3lna Rz\u0105du i Samorz\u0105du Terytorialnego.<\/p>\n\n\n\n<h2 class=\"wp-block-heading\">34 nowe miasta w Polsce<\/h2>\n\n\n\n<p>W sumie status miasta uzyska\u0142y 34 miejscowo\u015bci: trzy w kujawsko-pomorskim, trzy w lubelskim, jedna w lubuskim, osiem w \u0142\u00f3dzkim, jedena\u015bcie w mazowieckim, jedna w opolskim, dwie w <a href=\"https:\/\/marekkuchcinski.pl\/en\/podkarpacie\/podkarpacie-miejsce-szczesliwych-ludzi\/\">podkarpackie<\/a>, jedna w \u015bl\u0105skim, dwie w \u015bwi\u0119tokrzyskim i dwie w wielkopolskim.<\/p>\n\n\n\n<h2 class=\"wp-block-heading\">Bircza i Jawornik Polski ju\u017c by\u0142y miastami<\/h2>\n\n\n\n<p><a href=\"https:\/\/www.bircza.pl\/\" target=\"_blank\" rel=\"noreferrer noopener\">Bircza<\/a> ma bardzo bogat\u0105 histori\u0119, si\u0119gaj\u0105c\u0105 1188 roku. &nbsp;W 1464 roku og\u0142oszono lokacj\u0119 miasta. Zosta\u0142o ono zredukowane do wsi w 1934 roku na mocy reformy gminnej.<\/p>\n\n\n\n<p><a href=\"https:\/\/gminajawornikpolski.pl\/\" target=\"_blank\" rel=\"noreferrer noopener\">Jawornik<\/a> uzyska\u0142 lokacj\u0119 miejsk\u0105 przed 1472 rokiem. 300 lat p\u00f3\u017aniej (w 1784 r.) zosta\u0142 przekszta\u0142cony, a w 1934 roku utraci\u0142 to prawo.<\/p>\n\n\n\n<p>Obie miejscowo\u015bci licz\u0105 ponad 1000 mieszka\u0144c\u00f3w.<\/p>\n\n\n\n<h2 class=\"wp-block-heading\">Co prawa miejskie oznaczaj\u0105 dla Birczy i Jawornika Polskiego?&nbsp;<\/h2>\n\n\n\n<p>Teraz miejscowo\u015bci czeka zmiana szyld\u00f3w, piecz\u0105tek i tablic. Nie ma natomiast potrzeby wymiany dowod\u00f3w osobistych. Zachowuj\u0105 one wa\u017cno\u015b\u0107 do up\u0142ywu termin\u00f3w w nich okre\u015blonych. Wed\u0142ug rz\u0105du status miasta u\u0142atwia pozyskiwanie inwestor\u00f3w, tworzenie nowych miejsc pracy.<\/p>\n\n\n\n<p>Z do\u015bwiadcze\u0144 innych miejscowo\u015bci, kt\u00f3re uzyska\u0142y prawa miejskie, dzi\u0119ki zrealizowanym inwestycjom z rz\u0105dowych program\u00f3w, podnios\u0142y poziom \u017cycia mieszka\u0144c\u00f3w. Rozwin\u0119\u0142y sie\u0107 komunikacyjn\u0105, zabudow\u0119 kanalizacyjn\u0105, infrastruktur\u0119 przeznaczon\u0105 dla dzieci i senior\u00f3w, oraz opiek\u0119 medyczn\u0105.<\/p>","protected":false},"excerpt":{"rendered":"<p>Podkarpacie b\u0119dzie mia\u0142o dwa nowe miasta! Bircza w powiecie przemyskim i Jawornik Polski w powiecie przeworskim uzyska\u0142y rz\u0105dow\u0105 rekomendacj\u0119. Rada Ministr\u00f3w zaproponowa\u0142a, \u017ceby Bircza i Jawornik Polski otrzyma\u0142 prawa miejskie od 1 stycznia 2024 roku. Decyzj\u0119 musi jeszcze zaopiniowa\u0107 Komisja Wsp\u00f3lna Rz\u0105du i Samorz\u0105du Terytorialnego. 34 nowe miasta w Polsce W sumie status miasta uzyska\u0142y [&hellip;]<\/p>","protected":false},"author":21,"featured_media":29104,"comment_status":"closed","ping_status":"open","sticky":false,"template":"","format":"standard","meta":{"ngg_post_thumbnail":0,"footnotes":""},"categories":[3],"tags":[202,203,134],"class_list":["post-29089","post","type-post","status-publish","format-standard","has-post-thumbnail","hentry","category-wydarzenia","tag-bircza","tag-jawornik-polski","tag-podkarpacie"],"yoast_head":"<!-- This site is optimized with the Yoast SEO plugin v24.7 - https:\/\/yoast.com\/wordpress\/plugins\/seo\/ -->\n<title>Bircza i Jawornik Polski zostan\u0105 miastami &#8211; Marek Kuchci\u0144ski<\/title>\n<meta name=\"robots\" content=\"index, follow, max-snippet:-1, max-image-preview:large, max-video-preview:-1\" \/>\n<link rel=\"canonical\" href=\"https:\/\/marekkuchcinski.pl\/en\/wydarzenia\/bircza-i-jawornik-polski-zostana-miastami\/\" \/>\n<meta property=\"og:locale\" content=\"en_GB\" \/>\n<meta property=\"og:type\" content=\"article\" \/>\n<meta property=\"og:title\" content=\"Bircza i Jawornik Polski zostan\u0105 miastami &#8211; Marek Kuchci\u0144ski\" \/>\n<meta property=\"og:description\" content=\"Podkarpacie b\u0119dzie mia\u0142o dwa nowe miasta! Bircza w powiecie przemyskim i Jawornik Polski w powiecie przeworskim uzyska\u0142y rz\u0105dow\u0105 rekomendacj\u0119. Rada Ministr\u00f3w zaproponowa\u0142a, \u017ceby Bircza i Jawornik Polski otrzyma\u0142 prawa miejskie od 1 stycznia 2024 roku. Decyzj\u0119 musi jeszcze zaopiniowa\u0107 Komisja Wsp\u00f3lna Rz\u0105du i Samorz\u0105du Terytorialnego. 34 nowe miasta w Polsce W sumie status miasta uzyska\u0142y [&hellip;]\" \/>\n<meta property=\"og:url\" content=\"https:\/\/marekkuchcinski.pl\/en\/wydarzenia\/bircza-i-jawornik-polski-zostana-miastami\/\" \/>\n<meta property=\"og:site_name\" content=\"Marek Kuchci\u0144ski\" \/>\n<meta property=\"article:published_time\" content=\"2023-08-04T19:07:10+00:00\" \/>\n<meta property=\"article:modified_time\" content=\"2023-08-07T10:24:47+00:00\" \/>\n<meta property=\"og:image\" content=\"https:\/\/marekkuchcinski.pl\/wp-content\/uploads\/2023\/08\/Jawornik-Polski-2.jpg\" \/>\n\t<meta property=\"og:image:width\" content=\"1156\" \/>\n\t<meta property=\"og:image:height\" content=\"577\" \/>\n\t<meta property=\"og:image:type\" content=\"image\/jpeg\" \/>\n<meta name=\"author\" content=\"Marta Olejnik\" \/>\n<meta name=\"twitter:card\" content=\"summary_large_image\" \/>\n<meta name=\"twitter:label1\" content=\"Written by\" \/>\n\t<meta name=\"twitter:data1\" content=\"Marta Olejnik\" \/>\n\t<meta name=\"twitter:label2\" content=\"Estimated reading time\" \/>\n\t<meta name=\"twitter:data2\" content=\"2 minutes\" \/>\n<script type=\"application\/ld+json\" class=\"yoast-schema-graph\">{\"@context\":\"https:\/\/schema.org\",\"@graph\":[{\"@type\":\"Article\",\"@id\":\"https:\/\/marekkuchcinski.pl\/wydarzenia\/bircza-i-jawornik-polski-zostana-miastami\/#article\",\"isPartOf\":{\"@id\":\"https:\/\/marekkuchcinski.pl\/wydarzenia\/bircza-i-jawornik-polski-zostana-miastami\/\"},\"author\":{\"name\":\"Marta Olejnik\",\"@id\":\"https:\/\/marekkuchcinski.pl\/#\/schema\/person\/51d5d4ee3b5317b8e4dd2b48af359229\"},\"headline\":\"Bircza i Jawornik Polski zostan\u0105 miastami\",\"datePublished\":\"2023-08-04T19:07:10+00:00\",\"dateModified\":\"2023-08-07T10:24:47+00:00\",\"mainEntityOfPage\":{\"@id\":\"https:\/\/marekkuchcinski.pl\/wydarzenia\/bircza-i-jawornik-polski-zostana-miastami\/\"},\"wordCount\":276,\"publisher\":{\"@id\":\"https:\/\/marekkuchcinski.pl\/#organization\"},\"image\":{\"@id\":\"https:\/\/marekkuchcinski.pl\/wydarzenia\/bircza-i-jawornik-polski-zostana-miastami\/#primaryimage\"},\"thumbnailUrl\":\"https:\/\/marekkuchcinski.pl\/wp-content\/uploads\/2023\/08\/Jawornik-Polski-2.jpg\",\"keywords\":[\"Bircza\",\"Jawornik Polski\",\"Podkarpacie\"],\"articleSection\":[\"Wydarzenia\"],\"inLanguage\":\"en-GB\"},{\"@type\":\"WebPage\",\"@id\":\"https:\/\/marekkuchcinski.pl\/wydarzenia\/bircza-i-jawornik-polski-zostana-miastami\/\",\"url\":\"https:\/\/marekkuchcinski.pl\/wydarzenia\/bircza-i-jawornik-polski-zostana-miastami\/\",\"name\":\"Bircza i Jawornik Polski zostan\u0105 miastami &#8211; Marek Kuchci\u0144ski\",\"isPartOf\":{\"@id\":\"https:\/\/marekkuchcinski.pl\/#website\"},\"primaryImageOfPage\":{\"@id\":\"https:\/\/marekkuchcinski.pl\/wydarzenia\/bircza-i-jawornik-polski-zostana-miastami\/#primaryimage\"},\"image\":{\"@id\":\"https:\/\/marekkuchcinski.pl\/wydarzenia\/bircza-i-jawornik-polski-zostana-miastami\/#primaryimage\"},\"thumbnailUrl\":\"https:\/\/marekkuchcinski.pl\/wp-content\/uploads\/2023\/08\/Jawornik-Polski-2.jpg\",\"datePublished\":\"2023-08-04T19:07:10+00:00\",\"dateModified\":\"2023-08-07T10:24:47+00:00\",\"breadcrumb\":{\"@id\":\"https:\/\/marekkuchcinski.pl\/wydarzenia\/bircza-i-jawornik-polski-zostana-miastami\/#breadcrumb\"},\"inLanguage\":\"en-GB\",\"potentialAction\":[{\"@type\":\"ReadAction\",\"target\":[\"https:\/\/marekkuchcinski.pl\/wydarzenia\/bircza-i-jawornik-polski-zostana-miastami\/\"]}]},{\"@type\":\"ImageObject\",\"inLanguage\":\"en-GB\",\"@id\":\"https:\/\/marekkuchcinski.pl\/wydarzenia\/bircza-i-jawornik-polski-zostana-miastami\/#primaryimage\",\"url\":\"https:\/\/marekkuchcinski.pl\/wp-content\/uploads\/2023\/08\/Jawornik-Polski-2.jpg\",\"contentUrl\":\"https:\/\/marekkuchcinski.pl\/wp-content\/uploads\/2023\/08\/Jawornik-Polski-2.jpg\",\"width\":1156,\"height\":577},{\"@type\":\"BreadcrumbList\",\"@id\":\"https:\/\/marekkuchcinski.pl\/wydarzenia\/bircza-i-jawornik-polski-zostana-miastami\/#breadcrumb\",\"itemListElement\":[{\"@type\":\"ListItem\",\"position\":1,\"name\":\"Strona g\u0142\u00f3wna\",\"item\":\"https:\/\/marekkuchcinski.pl\/\"},{\"@type\":\"ListItem\",\"position\":2,\"name\":\"Bircza i Jawornik Polski zostan\u0105 miastami\"}]},{\"@type\":\"WebSite\",\"@id\":\"https:\/\/marekkuchcinski.pl\/#website\",\"url\":\"https:\/\/marekkuchcinski.pl\/\",\"name\":\"Marek Kuchci\u0144ski\",\"description\":\"Pose\u0142 na sejm RP &ndash; okr\u0119g nr 22\",\"publisher\":{\"@id\":\"https:\/\/marekkuchcinski.pl\/#organization\"},\"potentialAction\":[{\"@type\":\"SearchAction\",\"target\":{\"@type\":\"EntryPoint\",\"urlTemplate\":\"https:\/\/marekkuchcinski.pl\/?s={search_term_string}\"},\"query-input\":{\"@type\":\"PropertyValueSpecification\",\"valueRequired\":true,\"valueName\":\"search_term_string\"}}],\"inLanguage\":\"en-GB\"},{\"@type\":\"Organization\",\"@id\":\"https:\/\/marekkuchcinski.pl\/#organization\",\"name\":\"Marek Kuchci\u0144ski\",\"url\":\"https:\/\/marekkuchcinski.pl\/\",\"logo\":{\"@type\":\"ImageObject\",\"inLanguage\":\"en-GB\",\"@id\":\"https:\/\/marekkuchcinski.pl\/#\/schema\/logo\/image\/\",\"url\":\"https:\/\/marekkuchcinski.pl\/wp-content\/uploads\/2022\/09\/Marek.jpg\",\"contentUrl\":\"https:\/\/marekkuchcinski.pl\/wp-content\/uploads\/2022\/09\/Marek.jpg\",\"width\":1600,\"height\":971,\"caption\":\"Marek Kuchci\u0144ski\"},\"image\":{\"@id\":\"https:\/\/marekkuchcinski.pl\/#\/schema\/logo\/image\/\"}},{\"@type\":\"Person\",\"@id\":\"https:\/\/marekkuchcinski.pl\/#\/schema\/person\/51d5d4ee3b5317b8e4dd2b48af359229\",\"name\":\"Marta Olejnik\",\"image\":{\"@type\":\"ImageObject\",\"inLanguage\":\"en-GB\",\"@id\":\"https:\/\/marekkuchcinski.pl\/#\/schema\/person\/image\/\",\"url\":\"https:\/\/secure.gravatar.com\/avatar\/e39914b2aa6a48959e24d475b5dc9793?s=96&d=mm&r=g\",\"contentUrl\":\"https:\/\/secure.gravatar.com\/avatar\/e39914b2aa6a48959e24d475b5dc9793?s=96&d=mm&r=g\",\"caption\":\"Marta Olejnik\"},\"url\":\"https:\/\/marekkuchcinski.pl\/en\/author\/marta\/\"}]}<\/script>\n<!-- \/ Yoast SEO plugin. -->","yoast_head_json":{"title":"Bircza i Jawornik Polski zostan\u0105 miastami &#8211; Marek Kuchci\u0144ski","robots":{"index":"index","follow":"follow","max-snippet":"max-snippet:-1","max-image-preview":"max-image-preview:large","max-video-preview":"max-video-preview:-1"},"canonical":"https:\/\/marekkuchcinski.pl\/en\/wydarzenia\/bircza-i-jawornik-polski-zostana-miastami\/","og_locale":"en_GB","og_type":"article","og_title":"Bircza i Jawornik Polski zostan\u0105 miastami &#8211; Marek Kuchci\u0144ski","og_description":"Podkarpacie b\u0119dzie mia\u0142o dwa nowe miasta! Bircza w powiecie przemyskim i Jawornik Polski w powiecie przeworskim uzyska\u0142y rz\u0105dow\u0105 rekomendacj\u0119. Rada Ministr\u00f3w zaproponowa\u0142a, \u017ceby Bircza i Jawornik Polski otrzyma\u0142 prawa miejskie od 1 stycznia 2024 roku. Decyzj\u0119 musi jeszcze zaopiniowa\u0107 Komisja Wsp\u00f3lna Rz\u0105du i Samorz\u0105du Terytorialnego. 34 nowe miasta w Polsce W sumie status miasta uzyska\u0142y [&hellip;]","og_url":"https:\/\/marekkuchcinski.pl\/en\/wydarzenia\/bircza-i-jawornik-polski-zostana-miastami\/","og_site_name":"Marek Kuchci\u0144ski","article_published_time":"2023-08-04T19:07:10+00:00","article_modified_time":"2023-08-07T10:24:47+00:00","og_image":[{"width":1156,"height":577,"url":"https:\/\/marekkuchcinski.pl\/wp-content\/uploads\/2023\/08\/Jawornik-Polski-2.jpg","type":"image\/jpeg"}],"author":"Marta Olejnik","twitter_card":"summary_large_image","twitter_misc":{"Written by":"Marta Olejnik","Estimated reading time":"2 minutes"},"schema":{"@context":"https:\/\/schema.org","@graph":[{"@type":"Article","@id":"https:\/\/marekkuchcinski.pl\/wydarzenia\/bircza-i-jawornik-polski-zostana-miastami\/#article","isPartOf":{"@id":"https:\/\/marekkuchcinski.pl\/wydarzenia\/bircza-i-jawornik-polski-zostana-miastami\/"},"author":{"name":"Marta Olejnik","@id":"https:\/\/marekkuchcinski.pl\/#\/schema\/person\/51d5d4ee3b5317b8e4dd2b48af359229"},"headline":"Bircza i Jawornik Polski zostan\u0105 miastami","datePublished":"2023-08-04T19:07:10+00:00","dateModified":"2023-08-07T10:24:47+00:00","mainEntityOfPage":{"@id":"https:\/\/marekkuchcinski.pl\/wydarzenia\/bircza-i-jawornik-polski-zostana-miastami\/"},"wordCount":276,"publisher":{"@id":"https:\/\/marekkuchcinski.pl\/#organization"},"image":{"@id":"https:\/\/marekkuchcinski.pl\/wydarzenia\/bircza-i-jawornik-polski-zostana-miastami\/#primaryimage"},"thumbnailUrl":"https:\/\/marekkuchcinski.pl\/wp-content\/uploads\/2023\/08\/Jawornik-Polski-2.jpg","keywords":["Bircza","Jawornik Polski","Podkarpacie"],"articleSection":["Wydarzenia"],"inLanguage":"en-GB"},{"@type":"WebPage","@id":"https:\/\/marekkuchcinski.pl\/wydarzenia\/bircza-i-jawornik-polski-zostana-miastami\/","url":"https:\/\/marekkuchcinski.pl\/wydarzenia\/bircza-i-jawornik-polski-zostana-miastami\/","name":"Bircza i Jawornik Polski zostan\u0105 miastami &#8211; Marek Kuchci\u0144ski","isPartOf":{"@id":"https:\/\/marekkuchcinski.pl\/#website"},"primaryImageOfPage":{"@id":"https:\/\/marekkuchcinski.pl\/wydarzenia\/bircza-i-jawornik-polski-zostana-miastami\/#primaryimage"},"image":{"@id":"https:\/\/marekkuchcinski.pl\/wydarzenia\/bircza-i-jawornik-polski-zostana-miastami\/#primaryimage"},"thumbnailUrl":"https:\/\/marekkuchcinski.pl\/wp-content\/uploads\/2023\/08\/Jawornik-Polski-2.jpg","datePublished":"2023-08-04T19:07:10+00:00","dateModified":"2023-08-07T10:24:47+00:00","breadcrumb":{"@id":"https:\/\/marekkuchcinski.pl\/wydarzenia\/bircza-i-jawornik-polski-zostana-miastami\/#breadcrumb"},"inLanguage":"en-GB","potentialAction":[{"@type":"ReadAction","target":["https:\/\/marekkuchcinski.pl\/wydarzenia\/bircza-i-jawornik-polski-zostana-miastami\/"]}]},{"@type":"ImageObject","inLanguage":"en-GB","@id":"https:\/\/marekkuchcinski.pl\/wydarzenia\/bircza-i-jawornik-polski-zostana-miastami\/#primaryimage","url":"https:\/\/marekkuchcinski.pl\/wp-content\/uploads\/2023\/08\/Jawornik-Polski-2.jpg","contentUrl":"https:\/\/marekkuchcinski.pl\/wp-content\/uploads\/2023\/08\/Jawornik-Polski-2.jpg","width":1156,"height":577},{"@type":"BreadcrumbList","@id":"https:\/\/marekkuchcinski.pl\/wydarzenia\/bircza-i-jawornik-polski-zostana-miastami\/#breadcrumb","itemListElement":[{"@type":"ListItem","position":1,"name":"Strona g\u0142\u00f3wna","item":"https:\/\/marekkuchcinski.pl\/"},{"@type":"ListItem","position":2,"name":"Bircza i Jawornik Polski zostan\u0105 miastami"}]},{"@type":"WebSite","@id":"https:\/\/marekkuchcinski.pl\/#website","url":"https:\/\/marekkuchcinski.pl\/","name":"Marek Kuchci\u0144ski","description":"Pose\u0142 na sejm RP &ndash; okr\u0119g nr 22","publisher":{"@id":"https:\/\/marekkuchcinski.pl\/#organization"},"potentialAction":[{"@type":"SearchAction","target":{"@type":"EntryPoint","urlTemplate":"https:\/\/marekkuchcinski.pl\/?s={search_term_string}"},"query-input":{"@type":"PropertyValueSpecification","valueRequired":true,"valueName":"search_term_string"}}],"inLanguage":"en-GB"},{"@type":"Organization","@id":"https:\/\/marekkuchcinski.pl\/#organization","name":"Marek Kuchci\u0144ski","url":"https:\/\/marekkuchcinski.pl\/","logo":{"@type":"ImageObject","inLanguage":"en-GB","@id":"https:\/\/marekkuchcinski.pl\/#\/schema\/logo\/image\/","url":"https:\/\/marekkuchcinski.pl\/wp-content\/uploads\/2022\/09\/Marek.jpg","contentUrl":"https:\/\/marekkuchcinski.pl\/wp-content\/uploads\/2022\/09\/Marek.jpg","width":1600,"height":971,"caption":"Marek Kuchci\u0144ski"},"image":{"@id":"https:\/\/marekkuchcinski.pl\/#\/schema\/logo\/image\/"}},{"@type":"Person","@id":"https:\/\/marekkuchcinski.pl\/#\/schema\/person\/51d5d4ee3b5317b8e4dd2b48af359229","name":"Marta Olejnik","image":{"@type":"ImageObject","inLanguage":"en-GB","@id":"https:\/\/marekkuchcinski.pl\/#\/schema\/person\/image\/","url":"https:\/\/secure.gravatar.com\/avatar\/e39914b2aa6a48959e24d475b5dc9793?s=96&d=mm&r=g","contentUrl":"https:\/\/secure.gravatar.com\/avatar\/e39914b2aa6a48959e24d475b5dc9793?s=96&d=mm&r=g","caption":"Marta Olejnik"},"url":"https:\/\/marekkuchcinski.pl\/en\/author\/marta\/"}]}},"_links":{"self":[{"href":"https:\/\/marekkuchcinski.pl\/en\/wp-json\/wp\/v2\/posts\/29089","targetHints":{"allow":["GET"]}}],"collection":[{"href":"https:\/\/marekkuchcinski.pl\/en\/wp-json\/wp\/v2\/posts"}],"about":[{"href":"https:\/\/marekkuchcinski.pl\/en\/wp-json\/wp\/v2\/types\/post"}],"author":[{"embeddable":true,"href":"https:\/\/marekkuchcinski.pl\/en\/wp-json\/wp\/v2\/users\/21"}],"replies":[{"embeddable":true,"href":"https:\/\/marekkuchcinski.pl\/en\/wp-json\/wp\/v2\/comments?post=29089"}],"version-history":[{"count":2,"href":"https:\/\/marekkuchcinski.pl\/en\/wp-json\/wp\/v2\/posts\/29089\/revisions"}],"predecessor-version":[{"id":29103,"href":"https:\/\/marekkuchcinski.pl\/en\/wp-json\/wp\/v2\/posts\/29089\/revisions\/29103"}],"wp:featuredmedia":[{"embeddable":true,"href":"https:\/\/marekkuchcinski.pl\/en\/wp-json\/wp\/v2\/media\/29104"}],"wp:attachment":[{"href":"https:\/\/marekkuchcinski.pl\/en\/wp-json\/wp\/v2\/media?parent=29089"}],"wp:term":[{"taxonomy":"category","embeddable":true,"href":"https:\/\/marekkuchcinski.pl\/en\/wp-json\/wp\/v2\/categories?post=29089"},{"taxonomy":"post_tag","embeddable":true,"href":"https:\/\/marekkuchcinski.pl\/en\/wp-json\/wp\/v2\/tags?post=29089"}],"curies":[{"name":"wp","href":"https:\/\/api.w.org\/{rel}","templated":true}]}}