{"id":28187,"date":"2023-03-26T16:54:11","date_gmt":"2023-03-26T14:54:11","guid":{"rendered":"https:\/\/marekkuchcinski.pl\/?p=28187"},"modified":"2023-03-26T16:54:12","modified_gmt":"2023-03-26T14:54:12","slug":"marek-kuchcinski-w-dubiecku-stawiamy-na-inwestycje-wsparcie-i-bezpieczenstwo-spelniamy-obietnice","status":"publish","type":"post","link":"https:\/\/marekkuchcinski.pl\/en\/wydarzenia\/marek-kuchcinski-w-dubiecku-stawiamy-na-inwestycje-wsparcie-i-bezpieczenstwo-spelniamy-obietnice\/","title":{"rendered":"Marek Kuchci\u0144ski in Dubiecko: We focus on investments, support and security. We deliver on promises"},"content":{"rendered":"<p>At the end of the year, the first stage of construction of the rescue and firefighting unit in Dubiecko was completed. This is an investment of the Municipal Headquarters of the State Fire Service in Przemy\u015bl worth nearly PLN 20 million. A garage and technical facilities will be built. Seven firefighters are on duty every day. The building is scheduled to be commissioned at the end of 2023. This is one of five such investments in Podkarpacie, a similar one is being carried out, e.g. Dukla.<\/p>\n\n\n\n<p><strong>This is an element of improving the internal security of the state. Over the last few years, we have exceeded PLN 100 million in these two large uniformed services modernization programs in which the fire brigade participates<em> <\/em><\/strong><em>&#8211; <\/em>said Marek Kuchci\u0144ski, head of the Prime Minister&#039;s Office.<em><br><\/em><br>A tender for the next stage of this task will be announced in the near future. Last year, support from the state budget amounted to PLN 10 million.<br><br>In Dubiecko, Marek Kuchci\u0144ski also met with local government officials and residents as part of the nationwide Law and Justice tour &quot;The future is Poland&quot;. According to the head of the Chancellery of the Prime Minister, such meetings are to help create the party&#039;s program for the next election. The PiS politician reminded that over the last 7 years, the Dubiecko commune has received over PLN 150 million in government support. As part of the grant, m.in. 40 municipal roads, a bridge over the San in Sielnica was built and the water supply and sewage infrastructure was modernised. A coal allowance was also paid to 1,800 households, and nearly 1,500 children in the commune benefited from the Family 500+ programme. During the meeting, the following were discussed: about social programmes, Poland&#039;s security, as well as agriculture and rural development.<\/p>\n\n\n\n<p>Marek Kuchci\u0144ski emphasized that the investments were possible thanks to very good cooperation between the government and local governments and the Law and Justice&#039;s listening to the problems of residents.<\/p>\n\n\n\n<p><strong>Below are the investments for the Dubiecko commune implemented in 2016-2023<\/strong><\/p>\n\n\n\n<figure class=\"wp-block-image size-large is-resized\"><a href=\"https:\/\/marekkuchcinski.pl\/wp-content\/uploads\/2023\/03\/1.jpg\"><img fetchpriority=\"high\" decoding=\"async\" src=\"https:\/\/marekkuchcinski.pl\/wp-content\/uploads\/2023\/03\/1-724x1024.jpg\" alt=\"\" class=\"wp-image-28188\" width=\"842\" height=\"1191\" srcset=\"https:\/\/marekkuchcinski.pl\/wp-content\/uploads\/2023\/03\/1-724x1024.jpg 724w, https:\/\/marekkuchcinski.pl\/wp-content\/uploads\/2023\/03\/1-212x300.jpg 212w, https:\/\/marekkuchcinski.pl\/wp-content\/uploads\/2023\/03\/1-768x1086.jpg 768w, https:\/\/marekkuchcinski.pl\/wp-content\/uploads\/2023\/03\/1-1086x1536.jpg 1086w, https:\/\/marekkuchcinski.pl\/wp-content\/uploads\/2023\/03\/1-8x12.jpg 8w, https:\/\/marekkuchcinski.pl\/wp-content\/uploads\/2023\/03\/1.jpg 1131w\" sizes=\"(max-width: 842px) 100vw, 842px\" \/><\/a><\/figure>\n\n\n\n<figure class=\"wp-block-image size-large is-resized\"><a href=\"https:\/\/marekkuchcinski.pl\/wp-content\/uploads\/2023\/03\/2.jpg\"><img decoding=\"async\" src=\"https:\/\/marekkuchcinski.pl\/wp-content\/uploads\/2023\/03\/2-724x1024.jpg\" alt=\"\" class=\"wp-image-28189\" width=\"839\" height=\"1187\" srcset=\"https:\/\/marekkuchcinski.pl\/wp-content\/uploads\/2023\/03\/2-724x1024.jpg 724w, https:\/\/marekkuchcinski.pl\/wp-content\/uploads\/2023\/03\/2-212x300.jpg 212w, https:\/\/marekkuchcinski.pl\/wp-content\/uploads\/2023\/03\/2-768x1086.jpg 768w, https:\/\/marekkuchcinski.pl\/wp-content\/uploads\/2023\/03\/2-1086x1536.jpg 1086w, https:\/\/marekkuchcinski.pl\/wp-content\/uploads\/2023\/03\/2-8x12.jpg 8w, https:\/\/marekkuchcinski.pl\/wp-content\/uploads\/2023\/03\/2.jpg 1131w\" sizes=\"(max-width: 839px) 100vw, 839px\" \/><\/a><\/figure>\n\n\n\n<figure class=\"wp-block-image size-large is-resized\"><a href=\"https:\/\/marekkuchcinski.pl\/wp-content\/uploads\/2023\/03\/3.jpg\"><img decoding=\"async\" src=\"https:\/\/marekkuchcinski.pl\/wp-content\/uploads\/2023\/03\/3-724x1024.jpg\" alt=\"\" class=\"wp-image-28190\" width=\"845\" height=\"1195\" srcset=\"https:\/\/marekkuchcinski.pl\/wp-content\/uploads\/2023\/03\/3-724x1024.jpg 724w, https:\/\/marekkuchcinski.pl\/wp-content\/uploads\/2023\/03\/3-212x300.jpg 212w, https:\/\/marekkuchcinski.pl\/wp-content\/uploads\/2023\/03\/3-768x1086.jpg 768w, https:\/\/marekkuchcinski.pl\/wp-content\/uploads\/2023\/03\/3-1086x1536.jpg 1086w, https:\/\/marekkuchcinski.pl\/wp-content\/uploads\/2023\/03\/3-8x12.jpg 8w, https:\/\/marekkuchcinski.pl\/wp-content\/uploads\/2023\/03\/3.jpg 1131w\" sizes=\"(max-width: 845px) 100vw, 845px\" \/><\/a><\/figure>\n\n\n\n<figure class=\"wp-block-image size-large is-resized\"><a href=\"https:\/\/marekkuchcinski.pl\/wp-content\/uploads\/2023\/03\/4.jpg\"><img loading=\"lazy\" decoding=\"async\" src=\"https:\/\/marekkuchcinski.pl\/wp-content\/uploads\/2023\/03\/4-724x1024.jpg\" alt=\"\" class=\"wp-image-28191\" width=\"845\" height=\"1195\" srcset=\"https:\/\/marekkuchcinski.pl\/wp-content\/uploads\/2023\/03\/4-724x1024.jpg 724w, https:\/\/marekkuchcinski.pl\/wp-content\/uploads\/2023\/03\/4-212x300.jpg 212w, https:\/\/marekkuchcinski.pl\/wp-content\/uploads\/2023\/03\/4-768x1086.jpg 768w, https:\/\/marekkuchcinski.pl\/wp-content\/uploads\/2023\/03\/4-1086x1536.jpg 1086w, https:\/\/marekkuchcinski.pl\/wp-content\/uploads\/2023\/03\/4-8x12.jpg 8w, https:\/\/marekkuchcinski.pl\/wp-content\/uploads\/2023\/03\/4.jpg 1131w\" sizes=\"(max-width: 845px) 100vw, 845px\" \/><\/a><\/figure>\n\n\n\n<figure class=\"wp-block-image size-large\"><a href=\"https:\/\/marekkuchcinski.pl\/wp-content\/uploads\/2023\/03\/9c9567a5-0d04-4f64-b1ae-4a2652060e7c.jpg\"><img loading=\"lazy\" decoding=\"async\" width=\"1024\" height=\"589\" src=\"https:\/\/marekkuchcinski.pl\/wp-content\/uploads\/2023\/03\/9c9567a5-0d04-4f64-b1ae-4a2652060e7c-1024x589.jpg\" alt=\"\" class=\"wp-image-28193\" srcset=\"https:\/\/marekkuchcinski.pl\/wp-content\/uploads\/2023\/03\/9c9567a5-0d04-4f64-b1ae-4a2652060e7c-1024x589.jpg 1024w, https:\/\/marekkuchcinski.pl\/wp-content\/uploads\/2023\/03\/9c9567a5-0d04-4f64-b1ae-4a2652060e7c-300x172.jpg 300w, https:\/\/marekkuchcinski.pl\/wp-content\/uploads\/2023\/03\/9c9567a5-0d04-4f64-b1ae-4a2652060e7c-768x441.jpg 768w, https:\/\/marekkuchcinski.pl\/wp-content\/uploads\/2023\/03\/9c9567a5-0d04-4f64-b1ae-4a2652060e7c-18x10.jpg 18w, https:\/\/marekkuchcinski.pl\/wp-content\/uploads\/2023\/03\/9c9567a5-0d04-4f64-b1ae-4a2652060e7c.jpg 1404w\" sizes=\"(max-width: 1024px) 100vw, 1024px\" \/><\/a><\/figure>\n\n\n\n<figure class=\"wp-block-image size-large\"><a href=\"https:\/\/marekkuchcinski.pl\/wp-content\/uploads\/2023\/03\/04171da7-691a-477a-b98d-e44bf66282ac.jpg\"><img loading=\"lazy\" decoding=\"async\" width=\"1024\" height=\"576\" src=\"https:\/\/marekkuchcinski.pl\/wp-content\/uploads\/2023\/03\/04171da7-691a-477a-b98d-e44bf66282ac-1024x576.jpg\" alt=\"\" class=\"wp-image-28194\" srcset=\"https:\/\/marekkuchcinski.pl\/wp-content\/uploads\/2023\/03\/04171da7-691a-477a-b98d-e44bf66282ac-1024x576.jpg 1024w, https:\/\/marekkuchcinski.pl\/wp-content\/uploads\/2023\/03\/04171da7-691a-477a-b98d-e44bf66282ac-300x169.jpg 300w, https:\/\/marekkuchcinski.pl\/wp-content\/uploads\/2023\/03\/04171da7-691a-477a-b98d-e44bf66282ac-768x432.jpg 768w, https:\/\/marekkuchcinski.pl\/wp-content\/uploads\/2023\/03\/04171da7-691a-477a-b98d-e44bf66282ac-1536x864.jpg 1536w, https:\/\/marekkuchcinski.pl\/wp-content\/uploads\/2023\/03\/04171da7-691a-477a-b98d-e44bf66282ac-18x10.jpg 18w, https:\/\/marekkuchcinski.pl\/wp-content\/uploads\/2023\/03\/04171da7-691a-477a-b98d-e44bf66282ac.jpg 1600w\" sizes=\"(max-width: 1024px) 100vw, 1024px\" \/><\/a><\/figure>\n\n\n\n<figure class=\"wp-block-image size-large\"><a href=\"https:\/\/marekkuchcinski.pl\/wp-content\/uploads\/2023\/03\/7b4bafbc-1f20-4b54-8ce4-0d14fb869920.jpg\"><img loading=\"lazy\" decoding=\"async\" width=\"1024\" height=\"576\" src=\"https:\/\/marekkuchcinski.pl\/wp-content\/uploads\/2023\/03\/7b4bafbc-1f20-4b54-8ce4-0d14fb869920-1024x576.jpg\" alt=\"\" class=\"wp-image-28195\" srcset=\"https:\/\/marekkuchcinski.pl\/wp-content\/uploads\/2023\/03\/7b4bafbc-1f20-4b54-8ce4-0d14fb869920-1024x576.jpg 1024w, https:\/\/marekkuchcinski.pl\/wp-content\/uploads\/2023\/03\/7b4bafbc-1f20-4b54-8ce4-0d14fb869920-300x169.jpg 300w, https:\/\/marekkuchcinski.pl\/wp-content\/uploads\/2023\/03\/7b4bafbc-1f20-4b54-8ce4-0d14fb869920-768x432.jpg 768w, https:\/\/marekkuchcinski.pl\/wp-content\/uploads\/2023\/03\/7b4bafbc-1f20-4b54-8ce4-0d14fb869920-1536x864.jpg 1536w, https:\/\/marekkuchcinski.pl\/wp-content\/uploads\/2023\/03\/7b4bafbc-1f20-4b54-8ce4-0d14fb869920-18x10.jpg 18w, https:\/\/marekkuchcinski.pl\/wp-content\/uploads\/2023\/03\/7b4bafbc-1f20-4b54-8ce4-0d14fb869920.jpg 1600w\" sizes=\"(max-width: 1024px) 100vw, 1024px\" \/><\/a><\/figure>","protected":false},"excerpt":{"rendered":"<p>Pod koniec roku zako\u0144czy\u0142 si\u0119 pierwszy etap budowy jednostki ratowniczo-ga\u015bniczej w Dubiecku. To inwestycja Komendy Miejskiej PSP w Przemy\u015blu o warto\u015bci blisko 20 milion\u00f3w z\u0142otych. Powstanie gara\u017c i zaplecze techniczne. Codziennie s\u0142u\u017cb\u0119 ma tu pe\u0142ni\u0107 7 stra\u017cak\u00f3w. Budynek ma by\u0107 oddany do u\u017cytku pod koniec 2023 roku. To jedna z pi\u0119ciu takich inwestycji na Podkarpaciu [&hellip;]<\/p>","protected":false},"author":21,"featured_media":28193,"comment_status":"closed","ping_status":"open","sticky":false,"template":"","format":"standard","meta":{"ngg_post_thumbnail":0,"footnotes":""},"categories":[3],"tags":[],"class_list":["post-28187","post","type-post","status-publish","format-standard","has-post-thumbnail","hentry","category-wydarzenia"],"yoast_head":"<!-- This site is optimized with the Yoast SEO plugin v24.7 - https:\/\/yoast.com\/wordpress\/plugins\/seo\/ -->\n<title>Marek Kuchci\u0144ski w Dubiecku: Stawiamy na inwestycje, wsparcie i bezpiecze\u0144stwo. Spe\u0142niamy obietnice &#8211; Marek Kuchci\u0144ski<\/title>\n<meta name=\"robots\" content=\"index, follow, max-snippet:-1, max-image-preview:large, max-video-preview:-1\" \/>\n<link rel=\"canonical\" href=\"https:\/\/marekkuchcinski.pl\/en\/wydarzenia\/marek-kuchcinski-w-dubiecku-stawiamy-na-inwestycje-wsparcie-i-bezpieczenstwo-spelniamy-obietnice\/\" \/>\n<meta property=\"og:locale\" content=\"en_GB\" \/>\n<meta property=\"og:type\" content=\"article\" \/>\n<meta property=\"og:title\" content=\"Marek Kuchci\u0144ski w Dubiecku: Stawiamy na inwestycje, wsparcie i bezpiecze\u0144stwo. Spe\u0142niamy obietnice &#8211; Marek Kuchci\u0144ski\" \/>\n<meta property=\"og:description\" content=\"Pod koniec roku zako\u0144czy\u0142 si\u0119 pierwszy etap budowy jednostki ratowniczo-ga\u015bniczej w Dubiecku. To inwestycja Komendy Miejskiej PSP w Przemy\u015blu o warto\u015bci blisko 20 milion\u00f3w z\u0142otych. Powstanie gara\u017c i zaplecze techniczne. Codziennie s\u0142u\u017cb\u0119 ma tu pe\u0142ni\u0107 7 stra\u017cak\u00f3w. Budynek ma by\u0107 oddany do u\u017cytku pod koniec 2023 roku. To jedna z pi\u0119ciu takich inwestycji na Podkarpaciu [&hellip;]\" \/>\n<meta property=\"og:url\" content=\"https:\/\/marekkuchcinski.pl\/en\/wydarzenia\/marek-kuchcinski-w-dubiecku-stawiamy-na-inwestycje-wsparcie-i-bezpieczenstwo-spelniamy-obietnice\/\" \/>\n<meta property=\"og:site_name\" content=\"Marek Kuchci\u0144ski\" \/>\n<meta property=\"article:published_time\" content=\"2023-03-26T14:54:11+00:00\" \/>\n<meta property=\"article:modified_time\" content=\"2023-03-26T14:54:12+00:00\" \/>\n<meta property=\"og:image\" content=\"https:\/\/marekkuchcinski.pl\/wp-content\/uploads\/2023\/03\/9c9567a5-0d04-4f64-b1ae-4a2652060e7c.jpg\" \/>\n\t<meta property=\"og:image:width\" content=\"1404\" \/>\n\t<meta property=\"og:image:height\" content=\"807\" \/>\n\t<meta property=\"og:image:type\" content=\"image\/jpeg\" \/>\n<meta name=\"author\" content=\"Marta Olejnik\" \/>\n<meta name=\"twitter:card\" content=\"summary_large_image\" \/>\n<meta name=\"twitter:label1\" content=\"Written by\" \/>\n\t<meta name=\"twitter:data1\" content=\"Marta Olejnik\" \/>\n\t<meta name=\"twitter:label2\" content=\"Estimated reading time\" \/>\n\t<meta name=\"twitter:data2\" content=\"3 minutes\" \/>\n<script type=\"application\/ld+json\" class=\"yoast-schema-graph\">{\"@context\":\"https:\/\/schema.org\",\"@graph\":[{\"@type\":\"Article\",\"@id\":\"https:\/\/marekkuchcinski.pl\/wydarzenia\/marek-kuchcinski-w-dubiecku-stawiamy-na-inwestycje-wsparcie-i-bezpieczenstwo-spelniamy-obietnice\/#article\",\"isPartOf\":{\"@id\":\"https:\/\/marekkuchcinski.pl\/wydarzenia\/marek-kuchcinski-w-dubiecku-stawiamy-na-inwestycje-wsparcie-i-bezpieczenstwo-spelniamy-obietnice\/\"},\"author\":{\"name\":\"Marta Olejnik\",\"@id\":\"https:\/\/marekkuchcinski.pl\/#\/schema\/person\/51d5d4ee3b5317b8e4dd2b48af359229\"},\"headline\":\"Marek Kuchci\u0144ski w Dubiecku: Stawiamy na inwestycje, wsparcie i bezpiecze\u0144stwo. Spe\u0142niamy obietnice\",\"datePublished\":\"2023-03-26T14:54:11+00:00\",\"dateModified\":\"2023-03-26T14:54:12+00:00\",\"mainEntityOfPage\":{\"@id\":\"https:\/\/marekkuchcinski.pl\/wydarzenia\/marek-kuchcinski-w-dubiecku-stawiamy-na-inwestycje-wsparcie-i-bezpieczenstwo-spelniamy-obietnice\/\"},\"wordCount\":337,\"publisher\":{\"@id\":\"https:\/\/marekkuchcinski.pl\/#organization\"},\"image\":{\"@id\":\"https:\/\/marekkuchcinski.pl\/wydarzenia\/marek-kuchcinski-w-dubiecku-stawiamy-na-inwestycje-wsparcie-i-bezpieczenstwo-spelniamy-obietnice\/#primaryimage\"},\"thumbnailUrl\":\"https:\/\/marekkuchcinski.pl\/wp-content\/uploads\/2023\/03\/9c9567a5-0d04-4f64-b1ae-4a2652060e7c.jpg\",\"articleSection\":[\"Wydarzenia\"],\"inLanguage\":\"en-GB\"},{\"@type\":\"WebPage\",\"@id\":\"https:\/\/marekkuchcinski.pl\/wydarzenia\/marek-kuchcinski-w-dubiecku-stawiamy-na-inwestycje-wsparcie-i-bezpieczenstwo-spelniamy-obietnice\/\",\"url\":\"https:\/\/marekkuchcinski.pl\/wydarzenia\/marek-kuchcinski-w-dubiecku-stawiamy-na-inwestycje-wsparcie-i-bezpieczenstwo-spelniamy-obietnice\/\",\"name\":\"Marek Kuchci\u0144ski w Dubiecku: Stawiamy na inwestycje, wsparcie i bezpiecze\u0144stwo. Spe\u0142niamy obietnice &#8211; Marek Kuchci\u0144ski\",\"isPartOf\":{\"@id\":\"https:\/\/marekkuchcinski.pl\/#website\"},\"primaryImageOfPage\":{\"@id\":\"https:\/\/marekkuchcinski.pl\/wydarzenia\/marek-kuchcinski-w-dubiecku-stawiamy-na-inwestycje-wsparcie-i-bezpieczenstwo-spelniamy-obietnice\/#primaryimage\"},\"image\":{\"@id\":\"https:\/\/marekkuchcinski.pl\/wydarzenia\/marek-kuchcinski-w-dubiecku-stawiamy-na-inwestycje-wsparcie-i-bezpieczenstwo-spelniamy-obietnice\/#primaryimage\"},\"thumbnailUrl\":\"https:\/\/marekkuchcinski.pl\/wp-content\/uploads\/2023\/03\/9c9567a5-0d04-4f64-b1ae-4a2652060e7c.jpg\",\"datePublished\":\"2023-03-26T14:54:11+00:00\",\"dateModified\":\"2023-03-26T14:54:12+00:00\",\"breadcrumb\":{\"@id\":\"https:\/\/marekkuchcinski.pl\/wydarzenia\/marek-kuchcinski-w-dubiecku-stawiamy-na-inwestycje-wsparcie-i-bezpieczenstwo-spelniamy-obietnice\/#breadcrumb\"},\"inLanguage\":\"en-GB\",\"potentialAction\":[{\"@type\":\"ReadAction\",\"target\":[\"https:\/\/marekkuchcinski.pl\/wydarzenia\/marek-kuchcinski-w-dubiecku-stawiamy-na-inwestycje-wsparcie-i-bezpieczenstwo-spelniamy-obietnice\/\"]}]},{\"@type\":\"ImageObject\",\"inLanguage\":\"en-GB\",\"@id\":\"https:\/\/marekkuchcinski.pl\/wydarzenia\/marek-kuchcinski-w-dubiecku-stawiamy-na-inwestycje-wsparcie-i-bezpieczenstwo-spelniamy-obietnice\/#primaryimage\",\"url\":\"https:\/\/marekkuchcinski.pl\/wp-content\/uploads\/2023\/03\/9c9567a5-0d04-4f64-b1ae-4a2652060e7c.jpg\",\"contentUrl\":\"https:\/\/marekkuchcinski.pl\/wp-content\/uploads\/2023\/03\/9c9567a5-0d04-4f64-b1ae-4a2652060e7c.jpg\",\"width\":1404,\"height\":807},{\"@type\":\"BreadcrumbList\",\"@id\":\"https:\/\/marekkuchcinski.pl\/wydarzenia\/marek-kuchcinski-w-dubiecku-stawiamy-na-inwestycje-wsparcie-i-bezpieczenstwo-spelniamy-obietnice\/#breadcrumb\",\"itemListElement\":[{\"@type\":\"ListItem\",\"position\":1,\"name\":\"Strona g\u0142\u00f3wna\",\"item\":\"https:\/\/marekkuchcinski.pl\/\"},{\"@type\":\"ListItem\",\"position\":2,\"name\":\"Marek Kuchci\u0144ski w Dubiecku: Stawiamy na inwestycje, wsparcie i bezpiecze\u0144stwo. Spe\u0142niamy obietnice\"}]},{\"@type\":\"WebSite\",\"@id\":\"https:\/\/marekkuchcinski.pl\/#website\",\"url\":\"https:\/\/marekkuchcinski.pl\/\",\"name\":\"Marek Kuchci\u0144ski\",\"description\":\"Pose\u0142 na sejm RP &ndash; okr\u0119g nr 22\",\"publisher\":{\"@id\":\"https:\/\/marekkuchcinski.pl\/#organization\"},\"potentialAction\":[{\"@type\":\"SearchAction\",\"target\":{\"@type\":\"EntryPoint\",\"urlTemplate\":\"https:\/\/marekkuchcinski.pl\/?s={search_term_string}\"},\"query-input\":{\"@type\":\"PropertyValueSpecification\",\"valueRequired\":true,\"valueName\":\"search_term_string\"}}],\"inLanguage\":\"en-GB\"},{\"@type\":\"Organization\",\"@id\":\"https:\/\/marekkuchcinski.pl\/#organization\",\"name\":\"Marek Kuchci\u0144ski\",\"url\":\"https:\/\/marekkuchcinski.pl\/\",\"logo\":{\"@type\":\"ImageObject\",\"inLanguage\":\"en-GB\",\"@id\":\"https:\/\/marekkuchcinski.pl\/#\/schema\/logo\/image\/\",\"url\":\"https:\/\/marekkuchcinski.pl\/wp-content\/uploads\/2022\/09\/Marek.jpg\",\"contentUrl\":\"https:\/\/marekkuchcinski.pl\/wp-content\/uploads\/2022\/09\/Marek.jpg\",\"width\":1600,\"height\":971,\"caption\":\"Marek Kuchci\u0144ski\"},\"image\":{\"@id\":\"https:\/\/marekkuchcinski.pl\/#\/schema\/logo\/image\/\"}},{\"@type\":\"Person\",\"@id\":\"https:\/\/marekkuchcinski.pl\/#\/schema\/person\/51d5d4ee3b5317b8e4dd2b48af359229\",\"name\":\"Marta Olejnik\",\"image\":{\"@type\":\"ImageObject\",\"inLanguage\":\"en-GB\",\"@id\":\"https:\/\/marekkuchcinski.pl\/#\/schema\/person\/image\/\",\"url\":\"https:\/\/secure.gravatar.com\/avatar\/e39914b2aa6a48959e24d475b5dc9793?s=96&d=mm&r=g\",\"contentUrl\":\"https:\/\/secure.gravatar.com\/avatar\/e39914b2aa6a48959e24d475b5dc9793?s=96&d=mm&r=g\",\"caption\":\"Marta Olejnik\"},\"url\":\"https:\/\/marekkuchcinski.pl\/en\/author\/marta\/\"}]}<\/script>\n<!-- \/ Yoast SEO plugin. -->","yoast_head_json":{"title":"Marek Kuchci\u0144ski w Dubiecku: Stawiamy na inwestycje, wsparcie i bezpiecze\u0144stwo. Spe\u0142niamy obietnice &#8211; Marek Kuchci\u0144ski","robots":{"index":"index","follow":"follow","max-snippet":"max-snippet:-1","max-image-preview":"max-image-preview:large","max-video-preview":"max-video-preview:-1"},"canonical":"https:\/\/marekkuchcinski.pl\/en\/wydarzenia\/marek-kuchcinski-w-dubiecku-stawiamy-na-inwestycje-wsparcie-i-bezpieczenstwo-spelniamy-obietnice\/","og_locale":"en_GB","og_type":"article","og_title":"Marek Kuchci\u0144ski w Dubiecku: Stawiamy na inwestycje, wsparcie i bezpiecze\u0144stwo. Spe\u0142niamy obietnice &#8211; Marek Kuchci\u0144ski","og_description":"Pod koniec roku zako\u0144czy\u0142 si\u0119 pierwszy etap budowy jednostki ratowniczo-ga\u015bniczej w Dubiecku. To inwestycja Komendy Miejskiej PSP w Przemy\u015blu o warto\u015bci blisko 20 milion\u00f3w z\u0142otych. Powstanie gara\u017c i zaplecze techniczne. Codziennie s\u0142u\u017cb\u0119 ma tu pe\u0142ni\u0107 7 stra\u017cak\u00f3w. Budynek ma by\u0107 oddany do u\u017cytku pod koniec 2023 roku. To jedna z pi\u0119ciu takich inwestycji na Podkarpaciu [&hellip;]","og_url":"https:\/\/marekkuchcinski.pl\/en\/wydarzenia\/marek-kuchcinski-w-dubiecku-stawiamy-na-inwestycje-wsparcie-i-bezpieczenstwo-spelniamy-obietnice\/","og_site_name":"Marek Kuchci\u0144ski","article_published_time":"2023-03-26T14:54:11+00:00","article_modified_time":"2023-03-26T14:54:12+00:00","og_image":[{"width":1404,"height":807,"url":"https:\/\/marekkuchcinski.pl\/wp-content\/uploads\/2023\/03\/9c9567a5-0d04-4f64-b1ae-4a2652060e7c.jpg","type":"image\/jpeg"}],"author":"Marta Olejnik","twitter_card":"summary_large_image","twitter_misc":{"Written by":"Marta Olejnik","Estimated reading time":"3 minutes"},"schema":{"@context":"https:\/\/schema.org","@graph":[{"@type":"Article","@id":"https:\/\/marekkuchcinski.pl\/wydarzenia\/marek-kuchcinski-w-dubiecku-stawiamy-na-inwestycje-wsparcie-i-bezpieczenstwo-spelniamy-obietnice\/#article","isPartOf":{"@id":"https:\/\/marekkuchcinski.pl\/wydarzenia\/marek-kuchcinski-w-dubiecku-stawiamy-na-inwestycje-wsparcie-i-bezpieczenstwo-spelniamy-obietnice\/"},"author":{"name":"Marta Olejnik","@id":"https:\/\/marekkuchcinski.pl\/#\/schema\/person\/51d5d4ee3b5317b8e4dd2b48af359229"},"headline":"Marek Kuchci\u0144ski w Dubiecku: Stawiamy na inwestycje, wsparcie i bezpiecze\u0144stwo. Spe\u0142niamy obietnice","datePublished":"2023-03-26T14:54:11+00:00","dateModified":"2023-03-26T14:54:12+00:00","mainEntityOfPage":{"@id":"https:\/\/marekkuchcinski.pl\/wydarzenia\/marek-kuchcinski-w-dubiecku-stawiamy-na-inwestycje-wsparcie-i-bezpieczenstwo-spelniamy-obietnice\/"},"wordCount":337,"publisher":{"@id":"https:\/\/marekkuchcinski.pl\/#organization"},"image":{"@id":"https:\/\/marekkuchcinski.pl\/wydarzenia\/marek-kuchcinski-w-dubiecku-stawiamy-na-inwestycje-wsparcie-i-bezpieczenstwo-spelniamy-obietnice\/#primaryimage"},"thumbnailUrl":"https:\/\/marekkuchcinski.pl\/wp-content\/uploads\/2023\/03\/9c9567a5-0d04-4f64-b1ae-4a2652060e7c.jpg","articleSection":["Wydarzenia"],"inLanguage":"en-GB"},{"@type":"WebPage","@id":"https:\/\/marekkuchcinski.pl\/wydarzenia\/marek-kuchcinski-w-dubiecku-stawiamy-na-inwestycje-wsparcie-i-bezpieczenstwo-spelniamy-obietnice\/","url":"https:\/\/marekkuchcinski.pl\/wydarzenia\/marek-kuchcinski-w-dubiecku-stawiamy-na-inwestycje-wsparcie-i-bezpieczenstwo-spelniamy-obietnice\/","name":"Marek Kuchci\u0144ski w Dubiecku: Stawiamy na inwestycje, wsparcie i bezpiecze\u0144stwo. Spe\u0142niamy obietnice &#8211; Marek Kuchci\u0144ski","isPartOf":{"@id":"https:\/\/marekkuchcinski.pl\/#website"},"primaryImageOfPage":{"@id":"https:\/\/marekkuchcinski.pl\/wydarzenia\/marek-kuchcinski-w-dubiecku-stawiamy-na-inwestycje-wsparcie-i-bezpieczenstwo-spelniamy-obietnice\/#primaryimage"},"image":{"@id":"https:\/\/marekkuchcinski.pl\/wydarzenia\/marek-kuchcinski-w-dubiecku-stawiamy-na-inwestycje-wsparcie-i-bezpieczenstwo-spelniamy-obietnice\/#primaryimage"},"thumbnailUrl":"https:\/\/marekkuchcinski.pl\/wp-content\/uploads\/2023\/03\/9c9567a5-0d04-4f64-b1ae-4a2652060e7c.jpg","datePublished":"2023-03-26T14:54:11+00:00","dateModified":"2023-03-26T14:54:12+00:00","breadcrumb":{"@id":"https:\/\/marekkuchcinski.pl\/wydarzenia\/marek-kuchcinski-w-dubiecku-stawiamy-na-inwestycje-wsparcie-i-bezpieczenstwo-spelniamy-obietnice\/#breadcrumb"},"inLanguage":"en-GB","potentialAction":[{"@type":"ReadAction","target":["https:\/\/marekkuchcinski.pl\/wydarzenia\/marek-kuchcinski-w-dubiecku-stawiamy-na-inwestycje-wsparcie-i-bezpieczenstwo-spelniamy-obietnice\/"]}]},{"@type":"ImageObject","inLanguage":"en-GB","@id":"https:\/\/marekkuchcinski.pl\/wydarzenia\/marek-kuchcinski-w-dubiecku-stawiamy-na-inwestycje-wsparcie-i-bezpieczenstwo-spelniamy-obietnice\/#primaryimage","url":"https:\/\/marekkuchcinski.pl\/wp-content\/uploads\/2023\/03\/9c9567a5-0d04-4f64-b1ae-4a2652060e7c.jpg","contentUrl":"https:\/\/marekkuchcinski.pl\/wp-content\/uploads\/2023\/03\/9c9567a5-0d04-4f64-b1ae-4a2652060e7c.jpg","width":1404,"height":807},{"@type":"BreadcrumbList","@id":"https:\/\/marekkuchcinski.pl\/wydarzenia\/marek-kuchcinski-w-dubiecku-stawiamy-na-inwestycje-wsparcie-i-bezpieczenstwo-spelniamy-obietnice\/#breadcrumb","itemListElement":[{"@type":"ListItem","position":1,"name":"Strona g\u0142\u00f3wna","item":"https:\/\/marekkuchcinski.pl\/"},{"@type":"ListItem","position":2,"name":"Marek Kuchci\u0144ski w Dubiecku: Stawiamy na inwestycje, wsparcie i bezpiecze\u0144stwo. Spe\u0142niamy obietnice"}]},{"@type":"WebSite","@id":"https:\/\/marekkuchcinski.pl\/#website","url":"https:\/\/marekkuchcinski.pl\/","name":"Marek Kuchci\u0144ski","description":"Pose\u0142 na sejm RP &ndash; okr\u0119g nr 22","publisher":{"@id":"https:\/\/marekkuchcinski.pl\/#organization"},"potentialAction":[{"@type":"SearchAction","target":{"@type":"EntryPoint","urlTemplate":"https:\/\/marekkuchcinski.pl\/?s={search_term_string}"},"query-input":{"@type":"PropertyValueSpecification","valueRequired":true,"valueName":"search_term_string"}}],"inLanguage":"en-GB"},{"@type":"Organization","@id":"https:\/\/marekkuchcinski.pl\/#organization","name":"Marek Kuchci\u0144ski","url":"https:\/\/marekkuchcinski.pl\/","logo":{"@type":"ImageObject","inLanguage":"en-GB","@id":"https:\/\/marekkuchcinski.pl\/#\/schema\/logo\/image\/","url":"https:\/\/marekkuchcinski.pl\/wp-content\/uploads\/2022\/09\/Marek.jpg","contentUrl":"https:\/\/marekkuchcinski.pl\/wp-content\/uploads\/2022\/09\/Marek.jpg","width":1600,"height":971,"caption":"Marek Kuchci\u0144ski"},"image":{"@id":"https:\/\/marekkuchcinski.pl\/#\/schema\/logo\/image\/"}},{"@type":"Person","@id":"https:\/\/marekkuchcinski.pl\/#\/schema\/person\/51d5d4ee3b5317b8e4dd2b48af359229","name":"Marta Olejnik","image":{"@type":"ImageObject","inLanguage":"en-GB","@id":"https:\/\/marekkuchcinski.pl\/#\/schema\/person\/image\/","url":"https:\/\/secure.gravatar.com\/avatar\/e39914b2aa6a48959e24d475b5dc9793?s=96&d=mm&r=g","contentUrl":"https:\/\/secure.gravatar.com\/avatar\/e39914b2aa6a48959e24d475b5dc9793?s=96&d=mm&r=g","caption":"Marta Olejnik"},"url":"https:\/\/marekkuchcinski.pl\/en\/author\/marta\/"}]}},"_links":{"self":[{"href":"https:\/\/marekkuchcinski.pl\/en\/wp-json\/wp\/v2\/posts\/28187","targetHints":{"allow":["GET"]}}],"collection":[{"href":"https:\/\/marekkuchcinski.pl\/en\/wp-json\/wp\/v2\/posts"}],"about":[{"href":"https:\/\/marekkuchcinski.pl\/en\/wp-json\/wp\/v2\/types\/post"}],"author":[{"embeddable":true,"href":"https:\/\/marekkuchcinski.pl\/en\/wp-json\/wp\/v2\/users\/21"}],"replies":[{"embeddable":true,"href":"https:\/\/marekkuchcinski.pl\/en\/wp-json\/wp\/v2\/comments?post=28187"}],"version-history":[{"count":5,"href":"https:\/\/marekkuchcinski.pl\/en\/wp-json\/wp\/v2\/posts\/28187\/revisions"}],"predecessor-version":[{"id":28199,"href":"https:\/\/marekkuchcinski.pl\/en\/wp-json\/wp\/v2\/posts\/28187\/revisions\/28199"}],"wp:featuredmedia":[{"embeddable":true,"href":"https:\/\/marekkuchcinski.pl\/en\/wp-json\/wp\/v2\/media\/28193"}],"wp:attachment":[{"href":"https:\/\/marekkuchcinski.pl\/en\/wp-json\/wp\/v2\/media?parent=28187"}],"wp:term":[{"taxonomy":"category","embeddable":true,"href":"https:\/\/marekkuchcinski.pl\/en\/wp-json\/wp\/v2\/categories?post=28187"},{"taxonomy":"post_tag","embeddable":true,"href":"https:\/\/marekkuchcinski.pl\/en\/wp-json\/wp\/v2\/tags?post=28187"}],"curies":[{"name":"wp","href":"https:\/\/api.w.org\/{rel}","templated":true}]}}