{"id":28165,"date":"2023-03-12T12:41:49","date_gmt":"2023-03-12T11:41:49","guid":{"rendered":"https:\/\/marekkuchcinski.pl\/?p=28165"},"modified":"2023-03-14T20:34:04","modified_gmt":"2023-03-14T19:34:04","slug":"szef-rzadu-i-kancelarii-premiera-spotkali-sie-z-mieszkancami-jasla","status":"publish","type":"post","link":"https:\/\/marekkuchcinski.pl\/en\/wydarzenia\/szef-rzadu-i-kancelarii-premiera-spotkali-sie-z-mieszkancami-jasla\/","title":{"rendered":"Szef rz\u0105du i kancelarii premiera spotkali si\u0119 z  mieszka\u0144cami Jas\u0142a"},"content":{"rendered":"<p class=\"wp-block-paragraph\">Politycy PiS rozpocz\u0119li w sobot\u0119\u00a0zapowiedzian\u0105 przez prezesa partii Jaros\u0142awa Kaczy\u0144skiego tras\u0119 programow\u0105 \u201ePrzysz\u0142o\u015b\u0107 to Polska\u201d. Premier Mateusz Morawiecki odwiedzi\u0142\u00a0Jas\u0142o (woj. podkarpackie).\u00a0<\/p>\n\n\n\n<p class=\"wp-block-paragraph\">Zbli\u017ca si\u0119 wiosna, a my ruszamy na nasz\u0105 tras\u0119 rozm\u00f3w z Polakami \u2013 powiedzia\u0142 w Ja\u015ble na Podkarpaciu premier Mateusz Morawiecki. \u2013 Chcemy, \u017ceby nasz plan na kolejne cztery lata, a mo\u017ce na osiem lat, wykuwa\u0142 si\u0119 na takich spotkaniach jak to \u2013 wskaza\u0142.<\/p>\n\n\n\n<p class=\"wp-block-paragraph\">Jak zaznacza\u0142 premier,\u00a0jest jedna przyczyna tego, dlaczego kolejny raz PiS, wszyscy pos\u0142owie i cz\u0142onkowie rz\u0105du ruszaj\u0105 na tras\u0119 spotka\u0144 z Polakami.\u00a0<\/p>\n\n\n\n<p class=\"wp-block-paragraph\">\u2013 Tak jak zawsze chcemy, aby nasz plan na kolejne cztery, a mo\u017ce na osiem&nbsp;lat, wykuwa\u0142 si\u0119 na takich spotkaniach jak to. Te spotkania maj\u0105 sw\u00f3j wielki sens. To na takim spotkaniu jak to \u201eurodzi\u0142a\u201d si\u0119 13. i 14. Emerytura. To na takich spotkaniach powsta\u0142 pomys\u0142 wyprawki dla dzieci, rodzinnego kapita\u0142u opieku\u0144czego.&nbsp;Rozmawiali\u015bmy z Polakami o obni\u017ceniu podatk\u00f3w, by mogli jak najwi\u0119cej zarabia\u0107 netto&nbsp;\u2013 m\u00f3wi\u0142 szef rz\u0105du.&nbsp;<\/p>\n\n\n\n<p class=\"wp-block-paragraph\">I apelowa\u0142: \u2013Prosimy was o wasze pomys\u0142y i propozycje; nasze program wykuwa si\u0119 nie w gabinetach tylko na takich spotkaniach jak t.\u00a0<\/p>\n\n\n\n<p class=\"wp-block-paragraph\">Morawiecki podkre\u015bla\u0142, \u017ce praprzyczyn\u0105 wszystkich naszych sukces\u00f3w takich, jak polityka spo\u0142eczna, zakup uzbrojenia i inwestycje jest jedna \u2013\u00a0naprawa finans\u00f3w publicznych\u201d. \u2013 Naprawa finans\u00f3w publicznych to podstawa do wykonania cel\u00f3w, kt\u00f3re realizujemy \u2013 zaznacza\u0142.\u00a0<\/p>\n\n\n\n<p class=\"wp-block-paragraph\">\u2013 Gdyby nie naprawa finans\u00f3w publicznych, to nie by\u0142oby nowych \u017c\u0142ob\u00f3w, wyremontowanych szk\u00f3\u0142, czy inwestycji drogowych. Trzy&nbsp;lata temu w czasie pandemii \u015bwiat zamar\u0142. W czasie kryzysu za rz\u0105d\u00f3w PO nic nie zrobiono, a ponad dwa&nbsp;mln ludzi by\u0142o na bezrobociu \u2013 doda\u0142.&nbsp;<\/p>\n\n\n\n<p class=\"wp-block-paragraph\">Doda\u0142, \u017ce w ostatnich latach najpierw mieli\u015bmy do czynienia z pandemi\u0105 koronawirusa, potem z kryzysem na granicy z Bia\u0142orusi\u0105, nast\u0119pnie \u201ewielki kryzys inflacyjny, energetyczny\u201d i wojna w Ukrainie. \u2013 I przetrwali\u015bmy wszystkie te wielkie kryzysowe fale i powie\u017ali\u015bmy Polsk\u0119 do czasu, kiedy widz\u0119 ju\u017c wyra\u017anie \u015bwiate\u0142ka nadziei w gospodarce i malej\u0105cej inflacji, bo walczymy z t\u0105 inflacj\u0105 \u2013&nbsp;powiedzia\u0142 Morawiecki.&nbsp;<\/p>\n\n\n\n<p class=\"wp-block-paragraph\">\u2013&nbsp;Pomimo tego wielkiego kryzysu obni\u017cyli\u015bmy do najni\u017cszych poziom\u00f3w w historii III Rzeczpospolitej podatek PIT, do 12 proc., a kwota wolna (od podatku) 30 tys. z\u0142, czyli emerytura i praca do 2,5 tys. z\u0142 bez podatku&nbsp;\u2013&nbsp;m\u00f3wi\u0142 Morawiecki<\/p>\n\n\n\n<p class=\"wp-block-paragraph\">Opr\u00f3cz tego \u2013&nbsp;jak doda\u0142 \u2013&nbsp;rz\u0105d PiS obni\u017cy\u0142 VAT na podstawowe artyku\u0142y \u017cywno\u015bciowe, na paliwo, na ciep\u0142o, na gaz, na pr\u0105d. \u2013 I pomimo tych wszystkich dzia\u0142a\u0144, tak\u017ce dodatk\u00f3w os\u0142onowych (&#8230;) tak\u017ce zamro\u017conych cen energii (&#8230;) mamy ni\u017cszy deficyt bud\u017cetowy ni\u017c planowali\u015bmy \u2013&nbsp;12 mld z\u0142 zamiast prawie 30 mld z\u0142.&nbsp;Tak zarz\u0105dza finansami PiS&nbsp;\u2013&nbsp;powiedzia\u0142 Morawiecki.&nbsp;<\/p>\n\n\n\n<p class=\"wp-block-paragraph\">M\u00f3wi\u0142, \u017ce \u201erz\u0105d PO dawa\u0142 przyzwolenie\u201d na to, aby pieni\u0105dze by\u0142y w \u201ekieszeniach mafii paliwowych, cwaniak\u00f3w r\u00f3\u017cnych, \u0142ajdak\u00f3w\u201d. Morawiecki m\u00f3wi\u0142, \u017ce r\u00f3\u017cne bran\u017ce \u2013\u00a0stalowa, elektroniczna, w\u0119glowa \u2013\u00a0zwraca\u0142y si\u0119 bezskutecznie do premiera i ministra finans\u00f3w za czas\u00f3w rz\u0105d\u00f3w PO o podj\u0119cie jaki\u015b dzia\u0142a\u0144.\u00a0<\/p>\n\n\n\n<p class=\"wp-block-paragraph\"><em>fot. Adam Guz\/KPRM<\/em><\/p>\n\n\n\n<figure class=\"wp-block-image size-large\"><a href=\"https:\/\/marekkuchcinski.pl\/wp-content\/uploads\/2023\/03\/Jaslo-1.jpg\"><img fetchpriority=\"high\" decoding=\"async\" width=\"1024\" height=\"682\" src=\"https:\/\/marekkuchcinski.pl\/wp-content\/uploads\/2023\/03\/Jaslo-1-1024x682.jpg\" alt=\"\" class=\"wp-image-28166\" srcset=\"https:\/\/marekkuchcinski.pl\/wp-content\/uploads\/2023\/03\/Jaslo-1-1024x682.jpg 1024w, https:\/\/marekkuchcinski.pl\/wp-content\/uploads\/2023\/03\/Jaslo-1-300x200.jpg 300w, https:\/\/marekkuchcinski.pl\/wp-content\/uploads\/2023\/03\/Jaslo-1-768x512.jpg 768w, https:\/\/marekkuchcinski.pl\/wp-content\/uploads\/2023\/03\/Jaslo-1-1536x1023.jpg 1536w, https:\/\/marekkuchcinski.pl\/wp-content\/uploads\/2023\/03\/Jaslo-1-18x12.jpg 18w, https:\/\/marekkuchcinski.pl\/wp-content\/uploads\/2023\/03\/Jaslo-1.jpg 1600w\" sizes=\"(max-width: 1024px) 100vw, 1024px\" \/><\/a><\/figure>\n\n\n\n<figure class=\"wp-block-image size-full\"><a href=\"https:\/\/marekkuchcinski.pl\/wp-content\/uploads\/2023\/03\/J2.jpg\"><img decoding=\"async\" width=\"1024\" height=\"682\" src=\"https:\/\/marekkuchcinski.pl\/wp-content\/uploads\/2023\/03\/J2.jpg\" alt=\"\" class=\"wp-image-28167\" srcset=\"https:\/\/marekkuchcinski.pl\/wp-content\/uploads\/2023\/03\/J2.jpg 1024w, https:\/\/marekkuchcinski.pl\/wp-content\/uploads\/2023\/03\/J2-300x200.jpg 300w, https:\/\/marekkuchcinski.pl\/wp-content\/uploads\/2023\/03\/J2-768x512.jpg 768w, https:\/\/marekkuchcinski.pl\/wp-content\/uploads\/2023\/03\/J2-18x12.jpg 18w\" sizes=\"(max-width: 1024px) 100vw, 1024px\" \/><\/a><\/figure>\n\n\n\n<figure class=\"wp-block-image size-full\"><a href=\"https:\/\/marekkuchcinski.pl\/wp-content\/uploads\/2023\/03\/J3.jpg\"><img decoding=\"async\" width=\"960\" height=\"616\" src=\"https:\/\/marekkuchcinski.pl\/wp-content\/uploads\/2023\/03\/J3.jpg\" alt=\"\" class=\"wp-image-28168\" srcset=\"https:\/\/marekkuchcinski.pl\/wp-content\/uploads\/2023\/03\/J3.jpg 960w, https:\/\/marekkuchcinski.pl\/wp-content\/uploads\/2023\/03\/J3-300x193.jpg 300w, https:\/\/marekkuchcinski.pl\/wp-content\/uploads\/2023\/03\/J3-768x493.jpg 768w, https:\/\/marekkuchcinski.pl\/wp-content\/uploads\/2023\/03\/J3-18x12.jpg 18w\" sizes=\"(max-width: 960px) 100vw, 960px\" \/><\/a><\/figure>\n\n\n\n<p class=\"wp-block-paragraph\"><\/p>","protected":false},"excerpt":{"rendered":"<p>Politycy PiS rozpocz\u0119li w sobot\u0119\u00a0zapowiedzian\u0105 przez prezesa partii Jaros\u0142awa Kaczy\u0144skiego tras\u0119 programow\u0105 \u201ePrzysz\u0142o\u015b\u0107 to Polska\u201d. Premier Mateusz Morawiecki odwiedzi\u0142\u00a0Jas\u0142o (woj. podkarpackie).\u00a0 Zbli\u017ca si\u0119 wiosna, a my ruszamy na nasz\u0105 tras\u0119 rozm\u00f3w z Polakami \u2013 powiedzia\u0142 w Ja\u015ble na Podkarpaciu premier Mateusz Morawiecki. \u2013 Chcemy, \u017ceby nasz plan na kolejne cztery lata, a mo\u017ce na osiem [&hellip;]<\/p>\n","protected":false},"author":3,"featured_media":28168,"comment_status":"closed","ping_status":"open","sticky":false,"template":"","format":"standard","meta":{"ngg_post_thumbnail":0,"footnotes":""},"categories":[49,3],"tags":[],"class_list":["post-28165","post","type-post","status-publish","format-standard","has-post-thumbnail","hentry","category-podkarpacie","category-wydarzenia"],"yoast_head":"<!-- This site is optimized with the Yoast SEO plugin v28.4 - https:\/\/yoast.com\/product\/yoast-seo-wordpress\/ -->\n<title>Szef rz\u0105du i kancelarii premiera spotkali si\u0119 z mieszka\u0144cami Jas\u0142a &#8211; Marek Kuchci\u0144ski<\/title>\n<meta name=\"robots\" content=\"index, follow, max-snippet:-1, max-image-preview:large, max-video-preview:-1\" \/>\n<link rel=\"canonical\" href=\"https:\/\/marekkuchcinski.pl\/en\/wydarzenia\/szef-rzadu-i-kancelarii-premiera-spotkali-sie-z-mieszkancami-jasla\/\" \/>\n<meta property=\"og:locale\" content=\"en_GB\" \/>\n<meta property=\"og:type\" content=\"article\" \/>\n<meta property=\"og:title\" content=\"Szef rz\u0105du i kancelarii premiera spotkali si\u0119 z mieszka\u0144cami Jas\u0142a &#8211; Marek Kuchci\u0144ski\" \/>\n<meta property=\"og:description\" content=\"Politycy PiS rozpocz\u0119li w sobot\u0119\u00a0zapowiedzian\u0105 przez prezesa partii Jaros\u0142awa Kaczy\u0144skiego tras\u0119 programow\u0105 \u201ePrzysz\u0142o\u015b\u0107 to Polska\u201d. Premier Mateusz Morawiecki odwiedzi\u0142\u00a0Jas\u0142o (woj. podkarpackie).\u00a0 Zbli\u017ca si\u0119 wiosna, a my ruszamy na nasz\u0105 tras\u0119 rozm\u00f3w z Polakami \u2013 powiedzia\u0142 w Ja\u015ble na Podkarpaciu premier Mateusz Morawiecki. \u2013 Chcemy, \u017ceby nasz plan na kolejne cztery lata, a mo\u017ce na osiem [&hellip;]\" \/>\n<meta property=\"og:url\" content=\"https:\/\/marekkuchcinski.pl\/en\/wydarzenia\/szef-rzadu-i-kancelarii-premiera-spotkali-sie-z-mieszkancami-jasla\/\" \/>\n<meta property=\"og:site_name\" content=\"Marek Kuchci\u0144ski\" \/>\n<meta property=\"article:published_time\" content=\"2023-03-12T11:41:49+00:00\" \/>\n<meta property=\"article:modified_time\" content=\"2023-03-14T19:34:04+00:00\" \/>\n<meta property=\"og:image\" content=\"https:\/\/marekkuchcinski.pl\/wp-content\/uploads\/2023\/03\/J3.jpg\" \/>\n\t<meta property=\"og:image:width\" content=\"960\" \/>\n\t<meta property=\"og:image:height\" content=\"616\" \/>\n\t<meta property=\"og:image:type\" content=\"image\/jpeg\" \/>\n<meta name=\"author\" content=\"Marta Olejnik\" \/>\n<meta name=\"twitter:card\" content=\"summary_large_image\" \/>\n<meta name=\"twitter:label1\" content=\"Written by\" \/>\n\t<meta name=\"twitter:data1\" content=\"Marta Olejnik\" \/>\n\t<meta name=\"twitter:label2\" content=\"Est. reading time\" \/>\n\t<meta name=\"twitter:data2\" content=\"4 minutes\" \/>\n<script type=\"application\/ld+json\" class=\"yoast-schema-graph\">{\"@context\":\"https:\\\/\\\/schema.org\",\"@graph\":[{\"@type\":\"Article\",\"@id\":\"https:\\\/\\\/marekkuchcinski.pl\\\/wydarzenia\\\/szef-rzadu-i-kancelarii-premiera-spotkali-sie-z-mieszkancami-jasla\\\/#article\",\"isPartOf\":{\"@id\":\"https:\\\/\\\/marekkuchcinski.pl\\\/wydarzenia\\\/szef-rzadu-i-kancelarii-premiera-spotkali-sie-z-mieszkancami-jasla\\\/\"},\"author\":{\"name\":\"Marta Olejnik\",\"@id\":\"https:\\\/\\\/marekkuchcinski.pl\\\/#\\\/schema\\\/person\\\/bd3f15dee67fee76e83c8350d0154101\"},\"headline\":\"Szef rz\u0105du i kancelarii premiera spotkali si\u0119 z mieszka\u0144cami Jas\u0142a\",\"datePublished\":\"2023-03-12T11:41:49+00:00\",\"dateModified\":\"2023-03-14T19:34:04+00:00\",\"mainEntityOfPage\":{\"@id\":\"https:\\\/\\\/marekkuchcinski.pl\\\/wydarzenia\\\/szef-rzadu-i-kancelarii-premiera-spotkali-sie-z-mieszkancami-jasla\\\/\"},\"wordCount\":551,\"publisher\":{\"@id\":\"https:\\\/\\\/marekkuchcinski.pl\\\/#organization\"},\"image\":{\"@id\":\"https:\\\/\\\/marekkuchcinski.pl\\\/wydarzenia\\\/szef-rzadu-i-kancelarii-premiera-spotkali-sie-z-mieszkancami-jasla\\\/#primaryimage\"},\"thumbnailUrl\":\"https:\\\/\\\/marekkuchcinski.pl\\\/wp-content\\\/uploads\\\/2023\\\/03\\\/J3.jpg\",\"articleSection\":[\"Podkarpacie\",\"Wydarzenia\"],\"inLanguage\":\"en-GB\"},{\"@type\":\"WebPage\",\"@id\":\"https:\\\/\\\/marekkuchcinski.pl\\\/wydarzenia\\\/szef-rzadu-i-kancelarii-premiera-spotkali-sie-z-mieszkancami-jasla\\\/\",\"url\":\"https:\\\/\\\/marekkuchcinski.pl\\\/wydarzenia\\\/szef-rzadu-i-kancelarii-premiera-spotkali-sie-z-mieszkancami-jasla\\\/\",\"name\":\"Szef rz\u0105du i kancelarii premiera spotkali si\u0119 z mieszka\u0144cami Jas\u0142a &#8211; Marek Kuchci\u0144ski\",\"isPartOf\":{\"@id\":\"https:\\\/\\\/marekkuchcinski.pl\\\/#website\"},\"primaryImageOfPage\":{\"@id\":\"https:\\\/\\\/marekkuchcinski.pl\\\/wydarzenia\\\/szef-rzadu-i-kancelarii-premiera-spotkali-sie-z-mieszkancami-jasla\\\/#primaryimage\"},\"image\":{\"@id\":\"https:\\\/\\\/marekkuchcinski.pl\\\/wydarzenia\\\/szef-rzadu-i-kancelarii-premiera-spotkali-sie-z-mieszkancami-jasla\\\/#primaryimage\"},\"thumbnailUrl\":\"https:\\\/\\\/marekkuchcinski.pl\\\/wp-content\\\/uploads\\\/2023\\\/03\\\/J3.jpg\",\"datePublished\":\"2023-03-12T11:41:49+00:00\",\"dateModified\":\"2023-03-14T19:34:04+00:00\",\"breadcrumb\":{\"@id\":\"https:\\\/\\\/marekkuchcinski.pl\\\/wydarzenia\\\/szef-rzadu-i-kancelarii-premiera-spotkali-sie-z-mieszkancami-jasla\\\/#breadcrumb\"},\"inLanguage\":\"en-GB\",\"potentialAction\":[{\"@type\":\"ReadAction\",\"target\":[\"https:\\\/\\\/marekkuchcinski.pl\\\/wydarzenia\\\/szef-rzadu-i-kancelarii-premiera-spotkali-sie-z-mieszkancami-jasla\\\/\"]}]},{\"@type\":\"ImageObject\",\"inLanguage\":\"en-GB\",\"@id\":\"https:\\\/\\\/marekkuchcinski.pl\\\/wydarzenia\\\/szef-rzadu-i-kancelarii-premiera-spotkali-sie-z-mieszkancami-jasla\\\/#primaryimage\",\"url\":\"https:\\\/\\\/marekkuchcinski.pl\\\/wp-content\\\/uploads\\\/2023\\\/03\\\/J3.jpg\",\"contentUrl\":\"https:\\\/\\\/marekkuchcinski.pl\\\/wp-content\\\/uploads\\\/2023\\\/03\\\/J3.jpg\",\"width\":960,\"height\":616},{\"@type\":\"BreadcrumbList\",\"@id\":\"https:\\\/\\\/marekkuchcinski.pl\\\/wydarzenia\\\/szef-rzadu-i-kancelarii-premiera-spotkali-sie-z-mieszkancami-jasla\\\/#breadcrumb\",\"itemListElement\":[{\"@type\":\"ListItem\",\"position\":1,\"name\":\"Strona g\u0142\u00f3wna\",\"item\":\"https:\\\/\\\/marekkuchcinski.pl\\\/\"},{\"@type\":\"ListItem\",\"position\":2,\"name\":\"Szef rz\u0105du i kancelarii premiera spotkali si\u0119 z mieszka\u0144cami Jas\u0142a\"}]},{\"@type\":\"WebSite\",\"@id\":\"https:\\\/\\\/marekkuchcinski.pl\\\/#website\",\"url\":\"https:\\\/\\\/marekkuchcinski.pl\\\/\",\"name\":\"Marek Kuchci\u0144ski\",\"description\":\"Marek Kuchci\u0144ski \",\"publisher\":{\"@id\":\"https:\\\/\\\/marekkuchcinski.pl\\\/#organization\"},\"potentialAction\":[{\"@type\":\"SearchAction\",\"target\":{\"@type\":\"EntryPoint\",\"urlTemplate\":\"https:\\\/\\\/marekkuchcinski.pl\\\/?s={search_term_string}\"},\"query-input\":{\"@type\":\"PropertyValueSpecification\",\"valueRequired\":true,\"valueName\":\"search_term_string\"}}],\"inLanguage\":\"en-GB\"},{\"@type\":\"Organization\",\"@id\":\"https:\\\/\\\/marekkuchcinski.pl\\\/#organization\",\"name\":\"Marek Kuchci\u0144ski\",\"url\":\"https:\\\/\\\/marekkuchcinski.pl\\\/\",\"logo\":{\"@type\":\"ImageObject\",\"inLanguage\":\"en-GB\",\"@id\":\"https:\\\/\\\/marekkuchcinski.pl\\\/#\\\/schema\\\/logo\\\/image\\\/\",\"url\":\"https:\\\/\\\/marekkuchcinski.pl\\\/wp-content\\\/uploads\\\/2022\\\/09\\\/Marek.jpg\",\"contentUrl\":\"https:\\\/\\\/marekkuchcinski.pl\\\/wp-content\\\/uploads\\\/2022\\\/09\\\/Marek.jpg\",\"width\":1600,\"height\":971,\"caption\":\"Marek Kuchci\u0144ski\"},\"image\":{\"@id\":\"https:\\\/\\\/marekkuchcinski.pl\\\/#\\\/schema\\\/logo\\\/image\\\/\"}},{\"@type\":\"Person\",\"@id\":\"https:\\\/\\\/marekkuchcinski.pl\\\/#\\\/schema\\\/person\\\/bd3f15dee67fee76e83c8350d0154101\",\"name\":\"Marta Olejnik\",\"image\":{\"@type\":\"ImageObject\",\"inLanguage\":\"en-GB\",\"@id\":\"https:\\\/\\\/secure.gravatar.com\\\/avatar\\\/24754edd6080383402e292374b406b553027d572e97d60e7aa89a6940e88659a?s=96&d=mm&r=g\",\"url\":\"https:\\\/\\\/secure.gravatar.com\\\/avatar\\\/24754edd6080383402e292374b406b553027d572e97d60e7aa89a6940e88659a?s=96&d=mm&r=g\",\"contentUrl\":\"https:\\\/\\\/secure.gravatar.com\\\/avatar\\\/24754edd6080383402e292374b406b553027d572e97d60e7aa89a6940e88659a?s=96&d=mm&r=g\",\"caption\":\"Marta Olejnik\"},\"url\":\"https:\\\/\\\/marekkuchcinski.pl\\\/en\\\/author\\\/marta\\\/\"}]}<\/script>\n<!-- \/ Yoast SEO plugin. -->","yoast_head_json":{"title":"Szef rz\u0105du i kancelarii premiera spotkali si\u0119 z mieszka\u0144cami Jas\u0142a &#8211; Marek Kuchci\u0144ski","robots":{"index":"index","follow":"follow","max-snippet":"max-snippet:-1","max-image-preview":"max-image-preview:large","max-video-preview":"max-video-preview:-1"},"canonical":"https:\/\/marekkuchcinski.pl\/en\/wydarzenia\/szef-rzadu-i-kancelarii-premiera-spotkali-sie-z-mieszkancami-jasla\/","og_locale":"en_GB","og_type":"article","og_title":"Szef rz\u0105du i kancelarii premiera spotkali si\u0119 z mieszka\u0144cami Jas\u0142a &#8211; Marek Kuchci\u0144ski","og_description":"Politycy PiS rozpocz\u0119li w sobot\u0119\u00a0zapowiedzian\u0105 przez prezesa partii Jaros\u0142awa Kaczy\u0144skiego tras\u0119 programow\u0105 \u201ePrzysz\u0142o\u015b\u0107 to Polska\u201d. Premier Mateusz Morawiecki odwiedzi\u0142\u00a0Jas\u0142o (woj. podkarpackie).\u00a0 Zbli\u017ca si\u0119 wiosna, a my ruszamy na nasz\u0105 tras\u0119 rozm\u00f3w z Polakami \u2013 powiedzia\u0142 w Ja\u015ble na Podkarpaciu premier Mateusz Morawiecki. \u2013 Chcemy, \u017ceby nasz plan na kolejne cztery lata, a mo\u017ce na osiem [&hellip;]","og_url":"https:\/\/marekkuchcinski.pl\/en\/wydarzenia\/szef-rzadu-i-kancelarii-premiera-spotkali-sie-z-mieszkancami-jasla\/","og_site_name":"Marek Kuchci\u0144ski","article_published_time":"2023-03-12T11:41:49+00:00","article_modified_time":"2023-03-14T19:34:04+00:00","og_image":[{"width":960,"height":616,"url":"https:\/\/marekkuchcinski.pl\/wp-content\/uploads\/2023\/03\/J3.jpg","type":"image\/jpeg"}],"author":"Marta Olejnik","twitter_card":"summary_large_image","twitter_misc":{"Written by":"Marta Olejnik","Est. reading time":"4 minutes"},"schema":{"@context":"https:\/\/schema.org","@graph":[{"@type":"Article","@id":"https:\/\/marekkuchcinski.pl\/wydarzenia\/szef-rzadu-i-kancelarii-premiera-spotkali-sie-z-mieszkancami-jasla\/#article","isPartOf":{"@id":"https:\/\/marekkuchcinski.pl\/wydarzenia\/szef-rzadu-i-kancelarii-premiera-spotkali-sie-z-mieszkancami-jasla\/"},"author":{"name":"Marta Olejnik","@id":"https:\/\/marekkuchcinski.pl\/#\/schema\/person\/bd3f15dee67fee76e83c8350d0154101"},"headline":"Szef rz\u0105du i kancelarii premiera spotkali si\u0119 z mieszka\u0144cami Jas\u0142a","datePublished":"2023-03-12T11:41:49+00:00","dateModified":"2023-03-14T19:34:04+00:00","mainEntityOfPage":{"@id":"https:\/\/marekkuchcinski.pl\/wydarzenia\/szef-rzadu-i-kancelarii-premiera-spotkali-sie-z-mieszkancami-jasla\/"},"wordCount":551,"publisher":{"@id":"https:\/\/marekkuchcinski.pl\/#organization"},"image":{"@id":"https:\/\/marekkuchcinski.pl\/wydarzenia\/szef-rzadu-i-kancelarii-premiera-spotkali-sie-z-mieszkancami-jasla\/#primaryimage"},"thumbnailUrl":"https:\/\/marekkuchcinski.pl\/wp-content\/uploads\/2023\/03\/J3.jpg","articleSection":["Podkarpacie","Wydarzenia"],"inLanguage":"en-GB"},{"@type":"WebPage","@id":"https:\/\/marekkuchcinski.pl\/wydarzenia\/szef-rzadu-i-kancelarii-premiera-spotkali-sie-z-mieszkancami-jasla\/","url":"https:\/\/marekkuchcinski.pl\/wydarzenia\/szef-rzadu-i-kancelarii-premiera-spotkali-sie-z-mieszkancami-jasla\/","name":"Szef rz\u0105du i kancelarii premiera spotkali si\u0119 z mieszka\u0144cami Jas\u0142a &#8211; Marek Kuchci\u0144ski","isPartOf":{"@id":"https:\/\/marekkuchcinski.pl\/#website"},"primaryImageOfPage":{"@id":"https:\/\/marekkuchcinski.pl\/wydarzenia\/szef-rzadu-i-kancelarii-premiera-spotkali-sie-z-mieszkancami-jasla\/#primaryimage"},"image":{"@id":"https:\/\/marekkuchcinski.pl\/wydarzenia\/szef-rzadu-i-kancelarii-premiera-spotkali-sie-z-mieszkancami-jasla\/#primaryimage"},"thumbnailUrl":"https:\/\/marekkuchcinski.pl\/wp-content\/uploads\/2023\/03\/J3.jpg","datePublished":"2023-03-12T11:41:49+00:00","dateModified":"2023-03-14T19:34:04+00:00","breadcrumb":{"@id":"https:\/\/marekkuchcinski.pl\/wydarzenia\/szef-rzadu-i-kancelarii-premiera-spotkali-sie-z-mieszkancami-jasla\/#breadcrumb"},"inLanguage":"en-GB","potentialAction":[{"@type":"ReadAction","target":["https:\/\/marekkuchcinski.pl\/wydarzenia\/szef-rzadu-i-kancelarii-premiera-spotkali-sie-z-mieszkancami-jasla\/"]}]},{"@type":"ImageObject","inLanguage":"en-GB","@id":"https:\/\/marekkuchcinski.pl\/wydarzenia\/szef-rzadu-i-kancelarii-premiera-spotkali-sie-z-mieszkancami-jasla\/#primaryimage","url":"https:\/\/marekkuchcinski.pl\/wp-content\/uploads\/2023\/03\/J3.jpg","contentUrl":"https:\/\/marekkuchcinski.pl\/wp-content\/uploads\/2023\/03\/J3.jpg","width":960,"height":616},{"@type":"BreadcrumbList","@id":"https:\/\/marekkuchcinski.pl\/wydarzenia\/szef-rzadu-i-kancelarii-premiera-spotkali-sie-z-mieszkancami-jasla\/#breadcrumb","itemListElement":[{"@type":"ListItem","position":1,"name":"Strona g\u0142\u00f3wna","item":"https:\/\/marekkuchcinski.pl\/"},{"@type":"ListItem","position":2,"name":"Szef rz\u0105du i kancelarii premiera spotkali si\u0119 z mieszka\u0144cami Jas\u0142a"}]},{"@type":"WebSite","@id":"https:\/\/marekkuchcinski.pl\/#website","url":"https:\/\/marekkuchcinski.pl\/","name":"Marek Kuchci\u0144ski","description":"Marek Kuchci\u0144ski","publisher":{"@id":"https:\/\/marekkuchcinski.pl\/#organization"},"potentialAction":[{"@type":"SearchAction","target":{"@type":"EntryPoint","urlTemplate":"https:\/\/marekkuchcinski.pl\/?s={search_term_string}"},"query-input":{"@type":"PropertyValueSpecification","valueRequired":true,"valueName":"search_term_string"}}],"inLanguage":"en-GB"},{"@type":"Organization","@id":"https:\/\/marekkuchcinski.pl\/#organization","name":"Marek Kuchci\u0144ski","url":"https:\/\/marekkuchcinski.pl\/","logo":{"@type":"ImageObject","inLanguage":"en-GB","@id":"https:\/\/marekkuchcinski.pl\/#\/schema\/logo\/image\/","url":"https:\/\/marekkuchcinski.pl\/wp-content\/uploads\/2022\/09\/Marek.jpg","contentUrl":"https:\/\/marekkuchcinski.pl\/wp-content\/uploads\/2022\/09\/Marek.jpg","width":1600,"height":971,"caption":"Marek Kuchci\u0144ski"},"image":{"@id":"https:\/\/marekkuchcinski.pl\/#\/schema\/logo\/image\/"}},{"@type":"Person","@id":"https:\/\/marekkuchcinski.pl\/#\/schema\/person\/bd3f15dee67fee76e83c8350d0154101","name":"Marta Olejnik","image":{"@type":"ImageObject","inLanguage":"en-GB","@id":"https:\/\/secure.gravatar.com\/avatar\/24754edd6080383402e292374b406b553027d572e97d60e7aa89a6940e88659a?s=96&d=mm&r=g","url":"https:\/\/secure.gravatar.com\/avatar\/24754edd6080383402e292374b406b553027d572e97d60e7aa89a6940e88659a?s=96&d=mm&r=g","contentUrl":"https:\/\/secure.gravatar.com\/avatar\/24754edd6080383402e292374b406b553027d572e97d60e7aa89a6940e88659a?s=96&d=mm&r=g","caption":"Marta Olejnik"},"url":"https:\/\/marekkuchcinski.pl\/en\/author\/marta\/"}]}},"_links":{"self":[{"href":"https:\/\/marekkuchcinski.pl\/en\/wp-json\/wp\/v2\/posts\/28165","targetHints":{"allow":["GET"]}}],"collection":[{"href":"https:\/\/marekkuchcinski.pl\/en\/wp-json\/wp\/v2\/posts"}],"about":[{"href":"https:\/\/marekkuchcinski.pl\/en\/wp-json\/wp\/v2\/types\/post"}],"author":[{"embeddable":true,"href":"https:\/\/marekkuchcinski.pl\/en\/wp-json\/wp\/v2\/users\/3"}],"replies":[{"embeddable":true,"href":"https:\/\/marekkuchcinski.pl\/en\/wp-json\/wp\/v2\/comments?post=28165"}],"version-history":[{"count":3,"href":"https:\/\/marekkuchcinski.pl\/en\/wp-json\/wp\/v2\/posts\/28165\/revisions"}],"predecessor-version":[{"id":28178,"href":"https:\/\/marekkuchcinski.pl\/en\/wp-json\/wp\/v2\/posts\/28165\/revisions\/28178"}],"wp:featuredmedia":[{"embeddable":true,"href":"https:\/\/marekkuchcinski.pl\/en\/wp-json\/wp\/v2\/media\/28168"}],"wp:attachment":[{"href":"https:\/\/marekkuchcinski.pl\/en\/wp-json\/wp\/v2\/media?parent=28165"}],"wp:term":[{"taxonomy":"category","embeddable":true,"href":"https:\/\/marekkuchcinski.pl\/en\/wp-json\/wp\/v2\/categories?post=28165"},{"taxonomy":"post_tag","embeddable":true,"href":"https:\/\/marekkuchcinski.pl\/en\/wp-json\/wp\/v2\/tags?post=28165"}],"curies":[{"name":"wp","href":"https:\/\/api.w.org\/{rel}","templated":true}]}}