{"id":27315,"date":"2023-01-15T10:19:00","date_gmt":"2023-01-15T09:19:00","guid":{"rendered":"https:\/\/marekkuchcinski.pl\/?p=27315"},"modified":"2023-01-16T15:19:51","modified_gmt":"2023-01-16T14:19:51","slug":"spotkanie-noworoczne-w-bieszczadach","status":"publish","type":"post","link":"https:\/\/marekkuchcinski.pl\/en\/wydarzenia\/spotkanie-noworoczne-w-bieszczadach\/","title":{"rendered":"New Year's meeting in the Bieszczady Mountains"},"content":{"rendered":"<p><strong>In Myczkowce and Ustrzyki Dolne, Marek Kuchci\u0144ski talked about the future of the Bieszczady Mountains. During the meeting with local government officials and residents, the head of the Prime Minister&#039;s Office emphasized that very good support from the government can be seen here. \u201cThe most important thing is still accessibility, i.e. communication. The development of tourism, agritourism, agriculture, sports centers, good roads, car parks, railways, hotels, new border crossings, as in Wo\u0142osate, deserve the Bieszczady - said Marek Kuchci\u0144ski. All this, however, while preserving wild areas, caring for the natural environment and water purity.<\/strong><\/p>\n\n\n\n<p>The Marshal also drew attention to the very good cooperation and mutual support of local authorities, communes, poviats with voivodship authorities and the government.<\/p>\n\n\n\n<p>The most important government programs implemented in the Solina commune include:<\/p>\n\n\n\n<p><strong>Strategic Investments Program (PLN 24,895,897),<\/strong><\/p>\n\n\n\n<p><strong>Government Local Investment Fund (PLN 10,365,000),<\/strong><\/p>\n\n\n\n<p><strong>Government Road Development Fund (PLN 2,068,361)<\/strong><\/p>\n\n\n\n<p><strong>Government Program &quot;Family 500+&quot; (PLN 24,105,971).<\/strong><\/p>\n\n\n\n<p>Other programs implemented in the commune are: Modernization of the Police, Border Guard, PSP, SOP; Open Activity Zones; Explore Poland; &quot;Good start&quot;; Supplementing the general subsidy for local government units. However, their implementation is much smaller amounts.<\/p>\n\n\n\n<p>The total value of co-financing of government programs in the Solina commune is <strong><u>63 874 223<\/u><\/strong> PLN.<\/p>\n\n\n\n<p>The largest investments are related to the protection of the waters of Lake Solina\/Myczkowce and the improvement of water quality and purity. For this purpose, projects such as: construction of a sewage system in Matiaszowa Wola, construction of water and sewage infrastructure in the municipality of Solina, reconstruction and expansion of the sewage treatment plant in Wo\u0142kowyja are being implemented.<\/p>\n\n\n\n<p>Other large investments are related to road infrastructure. A program to improve the condition of the road infrastructure in the health resort of Pola\u0144czyk is being implemented in the commune. Projects concerning the reconstruction or expansion of public commune roads concern the following towns: Solina, Terka, Berezka, Myczkowce, Pola\u0144czyk.<\/p>\n\n\n\n<p>Other larger projects include the reconstruction of the stadium in Pola\u0144czyk and the modernization of the police facility in Pola\u0144czyk.<\/p>\n\n\n\n<p>In addition, a huge investment was carried out in the commune - the construction of a gondola lift over the dam in Solina. The investment worth PLN 110 million was carried out by Polskie Koleje Linowe - a company controlled by a fund owned by the state treasury, which was re-Polonized by our government. This is a significant impulse for even more intensive development of tourism in the commune, the attraction is very popular.<\/p>\n\n\n\n<p>The Solina commune is part of the Lesko poviat. The total value of co-financing of government programs in the poviat is: <strong><u>296 363 512<\/u><\/strong> PLN.<\/p>\n\n\n\n<p>The most important investments implemented in the Lesko poviat include: construction of a new seat of the Poviat Police Headquarters in Lesko, reconstruction of the Poviat Hospital in Lesko, construction of the &quot;Bieszczad-ski&quot; Center for Active Tourism and Sport, construction of a bridge over the river in Wetlina.<\/p>\n\n\n\n<p>The remaining numerous projects mainly concern the construction\/expansion\/improvement of road, sanitary and sewage, tourist, sports, recreational and cultural infrastructure.<\/p>\n\n\n\n<p>Completed programs on the example of the Bieszczady District and selected initiatives<br>in the Bieszczady communes:<\/p>\n\n\n\n<ol class=\"wp-block-list\" type=\"1\"><li><strong><u>Strategic Investment Program - Polish Deal<\/u><\/strong><strong><u> <\/u><\/strong>\u2013 the government, with the help of Bank Gospodarstwa Krajowego, is helping to rebuild the economy after the pandemic. The Polish Order has a long-term perspective<br>and long term. The implementation of planned strategic investments raises the level of productivity of the entire Polish economy. The objectives of the Strategic Investments Program are: to stimulate the investment activity of local government units, to develop local entrepreneurship, to improve the living conditions of citizens, to create new jobs,<br>support for sustainable development and effective involvement of the financial sector.<\/li><\/ol>\n\n\n\n<p><strong><u>Bieszczady District - PLN 17,922,000,<\/u><\/strong><strong> including:<\/strong><\/p>\n\n\n\n<ul class=\"wp-block-list\"><li>construction of tourist and cultural infrastructure in the revitalized urban area<br>in Ustrzyki Dolne as support for the economic development of the Bieszczady Mountains (co-financing value \u2013 <strong>PLN 4,950,000.00<\/strong>);<\/li><li><a href=\"https:\/\/mapainwestycji.gov.pl\/inwestycja\/23226c61-99b4-47fd-b03a-e3dfaf0e5ce8?tercCode=1801&amp;investmentRangeTypes=DISTRICT&amp;pageIndex=0&amp;pageSize=10\">reconstruction of the road infrastructure in the Bieszczady poviat<\/a> (value of co-financing -<br><strong>PLN 9,975,000.00<\/strong>);<\/li><li><a href=\"https:\/\/mapainwestycji.gov.pl\/inwestycja\/7adb67cb-be7f-4d3f-ae45-f420b6d88f2c?tercCode=1801&amp;investmentRangeTypes=DISTRICT&amp;pageIndex=0&amp;pageSize=10\">reconstruction and modernization of the road infrastructure of the Bieszczady District on the site of the former Smolnik state farm<\/a> \u2013 (value of co-financing \u2013 <strong>PLN 2,997,000.00);<\/strong><\/li><\/ul>\n\n\n\n<p><strong><u>Czarna Commune \u2013 PLN 41,343,680<\/u><\/strong><strong>including, among others:<\/strong><\/p>\n\n\n\n<ul class=\"wp-block-list\"><li>comprehensive construction of a municipal nursery in Czarna <strong>\u2013 (<\/strong>co-financing value - <strong>6 982 500,00<\/strong> <strong>zloty<\/strong>)<\/li><li>thermal modernization and reconstruction of the building of the Primary School in Czarna G\u00f3rna<br>intended for a School Youth Hostel - (co-financing value - <strong>PLN 4,930,000.00<\/strong>);<\/li><\/ul>\n\n\n\n<p><strong><u>Lutowiska Commune \u2013 PLN 6,589,500,<\/u><\/strong><strong> including, among others:<\/strong><\/p>\n\n\n\n<ul class=\"wp-block-list\"><li>construction of an alternative source of zero-emission heat for the administrative building of the Commune Office in Lutowiska - (co-financing value -&nbsp; <strong>PLN 2,929,500.00<\/strong>)<\/li><li>construction of a public car park with the infrastructure necessary to serve tourists<br>\u2013 (value of co-financing \u2013 <strong>PLN 2,475,000.00<\/strong>);<\/li><\/ul>\n\n\n\n<p><strong><u>Ustrzyki Dolne Commune \u2013 <\/u><\/strong><strong><u>PLN 5,150,000<\/u><\/strong><strong>including, among others:<\/strong><\/p>\n\n\n\n<ul class=\"wp-block-list\"><li>construction and modernization of road infrastructure in the Commune of Ustrzyki Dolne - (co-financing value - <strong>PLN 4,750,000.00<\/strong>);<\/li><\/ul>\n\n\n\n<ul class=\"wp-block-list\"><li><strong><u>Government Local Investment Fund<\/u><\/strong> \u2013 Government Local Investment Fund (RFIL)<br>is a program under which government funds went to communes, poviats and cities throughout Poland<br>for investments close to people. The support is non-returnable and comes from the COVID-19 Prevention Fund. The funds provided by the government were used by local governments for investments close to people, e.g. construction of nurseries, kindergartens or roads - as well as other locally necessary activities.<\/li><\/ul>\n\n\n\n<p><strong><u>Bieszczady District - PLN 990,000,<\/u><\/strong><strong> including:<\/strong><\/p>\n\n\n\n<ul class=\"wp-block-list\"><li>Bieszczady Heritage Center - (funding value - <strong>PLN 990,000<\/strong>);<\/li><\/ul>\n\n\n\n<p><strong><u>Lutowiska Commune \u2013 PLN 1,089,203<\/u><\/strong><strong>, including:<\/strong><\/p>\n\n\n\n<ul class=\"wp-block-list\"><li>modernization of the existing public parking and road infrastructure in the commune of Lutowiska - (co-financing value - <strong>PLN 589,203.00<\/strong>)<\/li><li>thermal modernization and expansion of the administrative building of the Commune Office along with the removal of architectural barriers and the implementation of RES installations in Lutowiska - (co-financing value - <strong>PLN 500,000.00<\/strong>)<\/li><\/ul>\n\n\n\n<p><strong><u>Ustrzyki Dolne commune \u2013 PLN 11,110,929,<\/u><\/strong><strong> including:<\/strong><\/p>\n\n\n\n<ul class=\"wp-block-list\"><li>Bieszczady Health Center and restructuring and modernization of SP ZOZ in Ustrzyki Dolne - (co-financing value -<strong> PLN 6,110,929.00)<\/strong><\/li><li>creation of a tourist base supporting the development of tourist services in the Commune of Ustrzyki Dolne - (co-financing value - <strong>PLN 5,000,000.00<\/strong>)<\/li><\/ul>\n\n\n\n<ul class=\"wp-block-list\"><li><strong><u>Road Development Fund (formerly Local Government Roads Fund)<\/u><\/strong><strong> &#8211; <\/strong>The Government Road Development Fund (RFRD) is a comprehensive instrument to support the implementation of tasks on roads managed by local government units. Its purpose is to accelerate the creation of modern and safe road infrastructure at the local level, which is an important element of the proper functioning and development of the economy<br>and contributing to improving the standard of living of citizens.<\/li><\/ul>\n\n\n\n<p><strong><u>Czarna Commune \u2013 PLN 4,964,140.00, <\/u><\/strong><strong>including, among others:<\/strong><\/p>\n\n\n\n<ul class=\"wp-block-list\"><li>construction of a municipal road in msc. Medynia G\u0142ogowska and Pogwizd\u00f3w - (value of co-financing<br>&#8211; <strong>PLN 268,076.00<\/strong>)<\/li><\/ul>\n\n\n\n<p><strong><u>Ustrzyki Dolne Commune<\/u><\/strong> <strong>\u2013 PLN 11,068,768.00,<\/strong><strong> including, among others<\/strong>:<\/p>\n\n\n\n<ul class=\"wp-block-list\"><li>increasing the economic and investment attractiveness of the Ustrzyki Dolne commune through the reconstruction and construction of roads in the town of Ustjanowa G\u00f3rna - (value of the co-financing<br>&#8211; <strong>PLN 1,464,968.00)<\/strong><strong><\/strong><\/li><li>reconstruction of the poviat road in R\u00f3wnia - (co-financing value - <strong>PLN 1,466,529.00)<\/strong><\/li><\/ul>\n\n\n\n<ul class=\"wp-block-list\"><li><strong><u>Family <em>500 +<\/em> in 2021<\/u><\/strong>:<\/li><\/ul>\n\n\n\n<p><strong><u>Czarna Commune<\/u><\/strong><strong> \u2013 PLN 2,200,186.00<\/strong><\/p>\n\n\n\n<p><strong><u>Lutowiska Commune<\/u><\/strong> <strong>&#8211;<\/strong> <strong>PLN 1,668,741.00<\/strong><\/p>\n\n\n\n<p><strong><u>Ustrzyki Dolne Commune<\/u><\/strong> <strong>\u2013 PLN 15,371,973.00<\/strong><\/p>\n\n\n\n<ul class=\"wp-block-list\"><li><strong><u>benefit <em>Good start<\/em> in 2021<\/u><\/strong> \u2013 PLN 300 of one-time support for all students starting the school year. Families will receive the benefit regardless of income. This is support for 4.4 million students.<\/li><\/ul>\n\n\n\n<p><strong><u>Czarna Commune<\/u><\/strong><strong> \u2013 PLN 87,000.00<\/strong><\/p>\n\n\n\n<p><strong><u>Lutowiska Commune<\/u><\/strong><strong> \u2013 PLN 54,600.00<\/strong><\/p>\n\n\n\n<p><strong><u>Ustrzyki Dolne Commune<\/u><\/strong> &#8211; <strong>PLN 537,000.00<\/strong><\/p>\n\n\n\n<ul class=\"wp-block-list\"><li><strong><u>Program for the development of childcare institutions for children up to 3 years old &quot;Toddler+&quot;<\/u><\/strong> &#8211; celem programu &#8222;Maluch+&#8221; jest zwi\u0119kszenie dost\u0119pno\u015bci terytorialnej i finansowej miejsc opieki w \u017c\u0142obkach, klubach dzieci\u0119cych i u dziennych opiekun\u00f3w dla wszystkich dzieci, w tym dzieci<br>&nbsp;with disabilities and those requiring special care.<\/li><\/ul>\n\n\n\n<p><strong><u>Ustrzyki Dolne Commune<\/u><\/strong><strong> \u2013 co-financing the functioning of care places in the amount of<br>PLN 124,200;<\/strong><\/p>\n\n\n\n<ul class=\"wp-block-list\"><li><strong><u>Payment of the 13th and 14th pension<\/u><\/strong> \u2013 is another example of the United Right&#039;s government&#039;s comprehensive policy of supporting seniors. In the current difficult geopolitical situation,<br>we have strengthened government support for pensioners. The benefit is dedicated to both<br>for persons receiving an old-age pension from ZUS, as well as a retirement benefit from KRUS.<\/li><\/ul>\n\n\n\n<p><strong><u>In the Bieszczady poviat in 2022, the 13th pension was awarded to 5,005 people for the total amount of PLN 6,863,000. The 14th pension went to 4,792 people with a total value of PLN 6,044,000.<\/u><\/strong><\/p>\n\n\n\n<p><strong><u>In total, under the thirteen and fourteen pensioners in 2022, they received a total of PLN 2,676.88 gross. <\/u><\/strong>This is a very important support that boosted the finances of seniors.<\/p>\n\n\n\n<ul class=\"wp-block-list\"><li><strong><u>Carbon allowance payment<\/u><\/strong> \u2013 the coal allowance in the amount of PLN 3,000 supplies the household budgets of households whose heating source is coal or carbon-derived fuels.<br>The allowance is granted to households for which the main source of heating is a solid fuel boiler, a fireplace, a stove, an air heater, a kitchen core, a kitchen stove,<br>a coal-fired kitchen or a tiled stove for solid fuel - powered by hard coal, briquettes<br>or pellets containing at least 85% of hard coal. In the proposed solution<br>there are no income criteria, and the allowance is also available to farms that have already purchased coal. The condition for receiving the supplement is the entry or notification of the heating source to the Central Register of Emissions of Buildings.<\/li><\/ul>\n\n\n\n<p>As of December 31, 2022, the following funds were paid to households from the Bieszczady poviat:<\/p>\n\n\n\n<p><strong><u>Czarna Commune<\/u><\/strong>&nbsp; &#8211;&nbsp; <strong>PLN 792,540.00<\/strong><\/p>\n\n\n\n<p><strong><u>Lutowiska Commune<\/u><\/strong> &#8211;&nbsp; <strong>569 160,00<\/strong> <strong>zloty<\/strong><\/p>\n\n\n\n<p><strong><u>Ustrzyki Dolne Commune<\/u><\/strong> &#8211;&nbsp; <strong>PLN 4,296,240.00<\/strong><\/p>\n\n\n\n<p>This means that in the Bieszczady poviat the coal allowance has been added to the budgets<br><strong><u>1886<\/u><\/strong> households.<\/p>\n\n\n\n<ul class=\"wp-block-list\"><li><strong><u>Bus service development fund <\/u><\/strong>\u2013 thanks to co-financing from the FRPA, we support local governments in the implementation of their own tasks related to ensuring the functioning of public collective transport in the field of public utility bus transport. Thanks to the fund, new communication lines are created, and residents, primarily from smaller towns, have the opportunity to reach work, schools, health facilities and cultural institutions by public transport. Increasing the network of bus connections also creates the opportunity to find work in towns where access was previously difficult or impossible.<\/li><\/ul>\n\n\n\n<p><strong><u>Bieszczady Transport Union<\/u><\/strong> \u2013 co-financing value \u2013 <strong>PLN 4,020,801.74<\/strong><\/p>\n\n\n\n<p>The Bieszczady Transport Association brings together in its structures the following communes: Czarna, Lutowiska, Ustrzyki Dolne, Olszanica, Solina, Lesko, Baligr\u00f3d, Cisna, Koma\u0144cza, Zag\u00f3rz and the districts of Lesko<br>and Bieszczady.<\/p>\n\n\n\n<p><strong><u>Bieszczady District<\/u><\/strong> \u2013 co-financing value \u2013 &nbsp;<strong>PLN 595,235.00<\/strong><\/p>\n\n\n\n<p><strong><u>Ustrzyki Dolne<\/u><\/strong> \u2013 co-financing value \u2013 <strong>PLN 679,665.99<\/strong><\/p>\n\n\n\n<ol class=\"wp-block-list\" type=\"1\"><li><strong><u>Care 75+ program<\/u><\/strong> \u2013 a program addressed to communes: urban and rural,<br>urban-rural up to 60,000 residents who provide care services on their own<br>or through social cooperatives of legal persons founded by local government units. The main purpose of care services is to help meet everyday life needs, provide hygienic care or care recommended by a doctor<br>and ensuring - as far as possible the social welfare center - contacts with the environment.<\/li><\/ol>\n\n\n\n<p><strong><u>Ustrzyki Dolne Commune<\/u><\/strong> \u2013 for 2022, the value of co-financing from the program amounted to <strong>PLN 14,389.03.<\/strong><\/p>\n\n\n\n<ol class=\"wp-block-list\" type=\"1\"><li><strong><u>Support for the statutory activities of KGW<\/u><\/strong> \u2013 associated rural housewives can allocate the received funds for social and educational as well as educational and cultural activities<br>and activities for the comprehensive development of rural areas. Co-financing can also be spent on the development of women&#039;s entrepreneurship and initiatives to improve their living and working conditions in the countryside, and be used for undertakings aimed at developing folk culture or disseminating cooperation and rational farming methods.<\/li><\/ol>\n\n\n\n<p><strong>In the Bieszczady poviat, 22 KGW applied for help in 2022, which received support<br>through the Agency for Restructuring and Modernization of Agriculture in the amount of PLN 114,000.<\/strong><\/p>\n\n\n\n<ol class=\"wp-block-list\" type=\"1\"><li><strong><u>Fertilizer subsidies<\/u> - <\/strong>last year, the Polish government launched a program with value<br>PLN 3.9 billion to support farmers who felt the effects of the increase in production costs resulting from Russia&#039;s invasion of Ukraine and the related sanctions. The remedy was available<br>for farmers operating in Poland who have been affected by the increase in fertilizer costs caused by the current geopolitical crisis and related sanctions.<br>The program co-financed the purchase of mineral fertilizers other than fertilizer lime<br>and fertilizer lime containing magnesium, which agricultural producers purchased in the period from September 1, 2021 to May 15, 2022.<\/li><\/ol>\n\n\n\n<p><strong>In the Bieszczady poviat, 18 entities submitted an application for a fertilizer subsidy, which received aid from the state budget in the amount of PLN 46,563.26.<\/strong><\/p>\n\n\n\n<figure class=\"wp-block-image size-large\"><a href=\"https:\/\/marekkuchcinski.pl\/wp-content\/uploads\/2023\/01\/017c310d-023e-4894-89d7-be1e722a5433-1.jpg\"><img fetchpriority=\"high\" decoding=\"async\" width=\"1024\" height=\"605\" src=\"https:\/\/marekkuchcinski.pl\/wp-content\/uploads\/2023\/01\/017c310d-023e-4894-89d7-be1e722a5433-1-1024x605.jpg\" alt=\"\" class=\"wp-image-27322\" srcset=\"https:\/\/marekkuchcinski.pl\/wp-content\/uploads\/2023\/01\/017c310d-023e-4894-89d7-be1e722a5433-1-1024x605.jpg 1024w, https:\/\/marekkuchcinski.pl\/wp-content\/uploads\/2023\/01\/017c310d-023e-4894-89d7-be1e722a5433-1-300x177.jpg 300w, https:\/\/marekkuchcinski.pl\/wp-content\/uploads\/2023\/01\/017c310d-023e-4894-89d7-be1e722a5433-1-768x454.jpg 768w, https:\/\/marekkuchcinski.pl\/wp-content\/uploads\/2023\/01\/017c310d-023e-4894-89d7-be1e722a5433-1-18x12.jpg 18w, https:\/\/marekkuchcinski.pl\/wp-content\/uploads\/2023\/01\/017c310d-023e-4894-89d7-be1e722a5433-1.jpg 1524w\" sizes=\"(max-width: 1024px) 100vw, 1024px\" \/><\/a><\/figure>\n\n\n\n<figure class=\"wp-block-gallery has-nested-images columns-default is-cropped wp-block-gallery-1 is-layout-flex wp-block-gallery-is-layout-flex\">\n<figure class=\"wp-block-image size-large\"><a href=\"https:\/\/marekkuchcinski.pl\/wp-content\/uploads\/2023\/01\/2bb58ced-1c97-4285-b607-92c6578e8b68.jpg\"><img decoding=\"async\" width=\"1024\" height=\"576\" data-id=\"27323\" src=\"https:\/\/marekkuchcinski.pl\/wp-content\/uploads\/2023\/01\/2bb58ced-1c97-4285-b607-92c6578e8b68-1024x576.jpg\" alt=\"\" class=\"wp-image-27323\" srcset=\"https:\/\/marekkuchcinski.pl\/wp-content\/uploads\/2023\/01\/2bb58ced-1c97-4285-b607-92c6578e8b68-1024x576.jpg 1024w, https:\/\/marekkuchcinski.pl\/wp-content\/uploads\/2023\/01\/2bb58ced-1c97-4285-b607-92c6578e8b68-300x169.jpg 300w, https:\/\/marekkuchcinski.pl\/wp-content\/uploads\/2023\/01\/2bb58ced-1c97-4285-b607-92c6578e8b68-768x432.jpg 768w, https:\/\/marekkuchcinski.pl\/wp-content\/uploads\/2023\/01\/2bb58ced-1c97-4285-b607-92c6578e8b68-1536x864.jpg 1536w, https:\/\/marekkuchcinski.pl\/wp-content\/uploads\/2023\/01\/2bb58ced-1c97-4285-b607-92c6578e8b68-18x10.jpg 18w, https:\/\/marekkuchcinski.pl\/wp-content\/uploads\/2023\/01\/2bb58ced-1c97-4285-b607-92c6578e8b68.jpg 1600w\" sizes=\"(max-width: 1024px) 100vw, 1024px\" \/><\/a><\/figure>\n\n\n\n<figure class=\"wp-block-image size-large\"><a href=\"https:\/\/marekkuchcinski.pl\/wp-content\/uploads\/2023\/01\/8a452d9c-7e73-42a7-ab36-c648701b2c0e.jpg\"><img decoding=\"async\" width=\"1024\" height=\"607\" data-id=\"27324\" src=\"https:\/\/marekkuchcinski.pl\/wp-content\/uploads\/2023\/01\/8a452d9c-7e73-42a7-ab36-c648701b2c0e-1024x607.jpg\" alt=\"\" class=\"wp-image-27324\" srcset=\"https:\/\/marekkuchcinski.pl\/wp-content\/uploads\/2023\/01\/8a452d9c-7e73-42a7-ab36-c648701b2c0e-1024x607.jpg 1024w, https:\/\/marekkuchcinski.pl\/wp-content\/uploads\/2023\/01\/8a452d9c-7e73-42a7-ab36-c648701b2c0e-300x178.jpg 300w, https:\/\/marekkuchcinski.pl\/wp-content\/uploads\/2023\/01\/8a452d9c-7e73-42a7-ab36-c648701b2c0e-768x455.jpg 768w, https:\/\/marekkuchcinski.pl\/wp-content\/uploads\/2023\/01\/8a452d9c-7e73-42a7-ab36-c648701b2c0e-18x12.jpg 18w, https:\/\/marekkuchcinski.pl\/wp-content\/uploads\/2023\/01\/8a452d9c-7e73-42a7-ab36-c648701b2c0e.jpg 1435w\" sizes=\"(max-width: 1024px) 100vw, 1024px\" \/><\/a><\/figure>\n\n\n\n<figure class=\"wp-block-image size-large\"><a href=\"https:\/\/marekkuchcinski.pl\/wp-content\/uploads\/2023\/01\/28139ae6-4186-4dc6-b1b7-bf36abec027b.jpg\"><img loading=\"lazy\" decoding=\"async\" width=\"1024\" height=\"576\" data-id=\"27325\" src=\"https:\/\/marekkuchcinski.pl\/wp-content\/uploads\/2023\/01\/28139ae6-4186-4dc6-b1b7-bf36abec027b-1024x576.jpg\" alt=\"\" class=\"wp-image-27325\" srcset=\"https:\/\/marekkuchcinski.pl\/wp-content\/uploads\/2023\/01\/28139ae6-4186-4dc6-b1b7-bf36abec027b-1024x576.jpg 1024w, https:\/\/marekkuchcinski.pl\/wp-content\/uploads\/2023\/01\/28139ae6-4186-4dc6-b1b7-bf36abec027b-300x169.jpg 300w, https:\/\/marekkuchcinski.pl\/wp-content\/uploads\/2023\/01\/28139ae6-4186-4dc6-b1b7-bf36abec027b-768x432.jpg 768w, https:\/\/marekkuchcinski.pl\/wp-content\/uploads\/2023\/01\/28139ae6-4186-4dc6-b1b7-bf36abec027b-1536x864.jpg 1536w, https:\/\/marekkuchcinski.pl\/wp-content\/uploads\/2023\/01\/28139ae6-4186-4dc6-b1b7-bf36abec027b-18x10.jpg 18w, https:\/\/marekkuchcinski.pl\/wp-content\/uploads\/2023\/01\/28139ae6-4186-4dc6-b1b7-bf36abec027b.jpg 1600w\" sizes=\"(max-width: 1024px) 100vw, 1024px\" \/><\/a><\/figure>\n<\/figure>","protected":false},"excerpt":{"rendered":"<p>W Myczkowcach i Ustrzykach Dolnych Marek Kuchci\u0144ski rozmawia\u0142 o przysz\u0142o\u015bci Bieszczad. Podczas spotkania z\u00a0samorz\u0105dowcami i mieszka\u0144cami szef kancelarii premiera podkre\u015bla\u0142, \u017ce wida\u0107 tu bardzo dobre wsparcie ze strony rz\u0105du. \u2013 Wci\u0105\u017c najwa\u017cniejsz\u0105 spraw\u0105 jest dost\u0119pno\u015b\u0107, czyli komunikacja. Bieszczady zas\u0142uguj\u0105 rozw\u00f3j turystyki, agroturystyki, rolnictwa, o\u015brodki sportowe, dobre drogi, parkingi, koleje, hotele, nowe przej\u015bcia graniczne, jak w [&hellip;]<\/p>","protected":false},"author":21,"featured_media":27321,"comment_status":"open","ping_status":"open","sticky":false,"template":"","format":"standard","meta":{"ngg_post_thumbnail":0,"footnotes":""},"categories":[3],"tags":[],"class_list":["post-27315","post","type-post","status-publish","format-standard","has-post-thumbnail","hentry","category-wydarzenia"],"yoast_head":"<!-- This site is optimized with the Yoast SEO plugin v24.7 - https:\/\/yoast.com\/wordpress\/plugins\/seo\/ -->\n<title>Spotkanie noworoczne w Bieszczadach &#8211; Marek Kuchci\u0144ski<\/title>\n<meta name=\"robots\" content=\"index, follow, max-snippet:-1, max-image-preview:large, max-video-preview:-1\" \/>\n<link rel=\"canonical\" href=\"https:\/\/marekkuchcinski.pl\/en\/wydarzenia\/spotkanie-noworoczne-w-bieszczadach\/\" \/>\n<meta property=\"og:locale\" content=\"en_GB\" \/>\n<meta property=\"og:type\" content=\"article\" \/>\n<meta property=\"og:title\" content=\"Spotkanie noworoczne w Bieszczadach &#8211; Marek Kuchci\u0144ski\" \/>\n<meta property=\"og:description\" content=\"W Myczkowcach i Ustrzykach Dolnych Marek Kuchci\u0144ski rozmawia\u0142 o przysz\u0142o\u015bci Bieszczad. Podczas spotkania z\u00a0samorz\u0105dowcami i mieszka\u0144cami szef kancelarii premiera podkre\u015bla\u0142, \u017ce wida\u0107 tu bardzo dobre wsparcie ze strony rz\u0105du. \u2013 Wci\u0105\u017c najwa\u017cniejsz\u0105 spraw\u0105 jest dost\u0119pno\u015b\u0107, czyli komunikacja. Bieszczady zas\u0142uguj\u0105 rozw\u00f3j turystyki, agroturystyki, rolnictwa, o\u015brodki sportowe, dobre drogi, parkingi, koleje, hotele, nowe przej\u015bcia graniczne, jak w [&hellip;]\" \/>\n<meta property=\"og:url\" content=\"https:\/\/marekkuchcinski.pl\/en\/wydarzenia\/spotkanie-noworoczne-w-bieszczadach\/\" \/>\n<meta property=\"og:site_name\" content=\"Marek Kuchci\u0144ski\" \/>\n<meta property=\"article:published_time\" content=\"2023-01-15T09:19:00+00:00\" \/>\n<meta property=\"article:modified_time\" content=\"2023-01-16T14:19:51+00:00\" \/>\n<meta property=\"og:image\" content=\"https:\/\/marekkuchcinski.pl\/wp-content\/uploads\/2023\/01\/017c310d-023e-4894-89d7-be1e722a5433.jpg\" \/>\n\t<meta property=\"og:image:width\" content=\"1524\" \/>\n\t<meta property=\"og:image:height\" content=\"900\" \/>\n\t<meta property=\"og:image:type\" content=\"image\/jpeg\" \/>\n<meta name=\"author\" content=\"Marta Olejnik\" \/>\n<meta name=\"twitter:card\" content=\"summary_large_image\" \/>\n<meta name=\"twitter:label1\" content=\"Written by\" \/>\n\t<meta name=\"twitter:data1\" content=\"Marta Olejnik\" \/>\n\t<meta name=\"twitter:label2\" content=\"Estimated reading time\" \/>\n\t<meta name=\"twitter:data2\" content=\"10 minutes\" \/>\n<script type=\"application\/ld+json\" class=\"yoast-schema-graph\">{\"@context\":\"https:\/\/schema.org\",\"@graph\":[{\"@type\":\"Article\",\"@id\":\"https:\/\/marekkuchcinski.pl\/wydarzenia\/spotkanie-noworoczne-w-bieszczadach\/#article\",\"isPartOf\":{\"@id\":\"https:\/\/marekkuchcinski.pl\/wydarzenia\/spotkanie-noworoczne-w-bieszczadach\/\"},\"author\":{\"name\":\"Marta Olejnik\",\"@id\":\"https:\/\/marekkuchcinski.pl\/#\/schema\/person\/51d5d4ee3b5317b8e4dd2b48af359229\"},\"headline\":\"Spotkanie noworoczne w Bieszczadach\",\"datePublished\":\"2023-01-15T09:19:00+00:00\",\"dateModified\":\"2023-01-16T14:19:51+00:00\",\"mainEntityOfPage\":{\"@id\":\"https:\/\/marekkuchcinski.pl\/wydarzenia\/spotkanie-noworoczne-w-bieszczadach\/\"},\"wordCount\":1937,\"commentCount\":0,\"publisher\":{\"@id\":\"https:\/\/marekkuchcinski.pl\/#organization\"},\"image\":{\"@id\":\"https:\/\/marekkuchcinski.pl\/wydarzenia\/spotkanie-noworoczne-w-bieszczadach\/#primaryimage\"},\"thumbnailUrl\":\"https:\/\/marekkuchcinski.pl\/wp-content\/uploads\/2023\/01\/017c310d-023e-4894-89d7-be1e722a5433.jpg\",\"articleSection\":[\"Wydarzenia\"],\"inLanguage\":\"en-GB\",\"potentialAction\":[{\"@type\":\"CommentAction\",\"name\":\"Comment\",\"target\":[\"https:\/\/marekkuchcinski.pl\/wydarzenia\/spotkanie-noworoczne-w-bieszczadach\/#respond\"]}]},{\"@type\":\"WebPage\",\"@id\":\"https:\/\/marekkuchcinski.pl\/wydarzenia\/spotkanie-noworoczne-w-bieszczadach\/\",\"url\":\"https:\/\/marekkuchcinski.pl\/wydarzenia\/spotkanie-noworoczne-w-bieszczadach\/\",\"name\":\"Spotkanie noworoczne w Bieszczadach &#8211; Marek Kuchci\u0144ski\",\"isPartOf\":{\"@id\":\"https:\/\/marekkuchcinski.pl\/#website\"},\"primaryImageOfPage\":{\"@id\":\"https:\/\/marekkuchcinski.pl\/wydarzenia\/spotkanie-noworoczne-w-bieszczadach\/#primaryimage\"},\"image\":{\"@id\":\"https:\/\/marekkuchcinski.pl\/wydarzenia\/spotkanie-noworoczne-w-bieszczadach\/#primaryimage\"},\"thumbnailUrl\":\"https:\/\/marekkuchcinski.pl\/wp-content\/uploads\/2023\/01\/017c310d-023e-4894-89d7-be1e722a5433.jpg\",\"datePublished\":\"2023-01-15T09:19:00+00:00\",\"dateModified\":\"2023-01-16T14:19:51+00:00\",\"breadcrumb\":{\"@id\":\"https:\/\/marekkuchcinski.pl\/wydarzenia\/spotkanie-noworoczne-w-bieszczadach\/#breadcrumb\"},\"inLanguage\":\"en-GB\",\"potentialAction\":[{\"@type\":\"ReadAction\",\"target\":[\"https:\/\/marekkuchcinski.pl\/wydarzenia\/spotkanie-noworoczne-w-bieszczadach\/\"]}]},{\"@type\":\"ImageObject\",\"inLanguage\":\"en-GB\",\"@id\":\"https:\/\/marekkuchcinski.pl\/wydarzenia\/spotkanie-noworoczne-w-bieszczadach\/#primaryimage\",\"url\":\"https:\/\/marekkuchcinski.pl\/wp-content\/uploads\/2023\/01\/017c310d-023e-4894-89d7-be1e722a5433.jpg\",\"contentUrl\":\"https:\/\/marekkuchcinski.pl\/wp-content\/uploads\/2023\/01\/017c310d-023e-4894-89d7-be1e722a5433.jpg\",\"width\":1524,\"height\":900},{\"@type\":\"BreadcrumbList\",\"@id\":\"https:\/\/marekkuchcinski.pl\/wydarzenia\/spotkanie-noworoczne-w-bieszczadach\/#breadcrumb\",\"itemListElement\":[{\"@type\":\"ListItem\",\"position\":1,\"name\":\"Strona g\u0142\u00f3wna\",\"item\":\"https:\/\/marekkuchcinski.pl\/\"},{\"@type\":\"ListItem\",\"position\":2,\"name\":\"Spotkanie noworoczne w Bieszczadach\"}]},{\"@type\":\"WebSite\",\"@id\":\"https:\/\/marekkuchcinski.pl\/#website\",\"url\":\"https:\/\/marekkuchcinski.pl\/\",\"name\":\"Marek Kuchci\u0144ski\",\"description\":\"Pose\u0142 na sejm RP &ndash; okr\u0119g nr 22\",\"publisher\":{\"@id\":\"https:\/\/marekkuchcinski.pl\/#organization\"},\"potentialAction\":[{\"@type\":\"SearchAction\",\"target\":{\"@type\":\"EntryPoint\",\"urlTemplate\":\"https:\/\/marekkuchcinski.pl\/?s={search_term_string}\"},\"query-input\":{\"@type\":\"PropertyValueSpecification\",\"valueRequired\":true,\"valueName\":\"search_term_string\"}}],\"inLanguage\":\"en-GB\"},{\"@type\":\"Organization\",\"@id\":\"https:\/\/marekkuchcinski.pl\/#organization\",\"name\":\"Marek Kuchci\u0144ski\",\"url\":\"https:\/\/marekkuchcinski.pl\/\",\"logo\":{\"@type\":\"ImageObject\",\"inLanguage\":\"en-GB\",\"@id\":\"https:\/\/marekkuchcinski.pl\/#\/schema\/logo\/image\/\",\"url\":\"https:\/\/marekkuchcinski.pl\/wp-content\/uploads\/2022\/09\/Marek.jpg\",\"contentUrl\":\"https:\/\/marekkuchcinski.pl\/wp-content\/uploads\/2022\/09\/Marek.jpg\",\"width\":1600,\"height\":971,\"caption\":\"Marek Kuchci\u0144ski\"},\"image\":{\"@id\":\"https:\/\/marekkuchcinski.pl\/#\/schema\/logo\/image\/\"}},{\"@type\":\"Person\",\"@id\":\"https:\/\/marekkuchcinski.pl\/#\/schema\/person\/51d5d4ee3b5317b8e4dd2b48af359229\",\"name\":\"Marta Olejnik\",\"image\":{\"@type\":\"ImageObject\",\"inLanguage\":\"en-GB\",\"@id\":\"https:\/\/marekkuchcinski.pl\/#\/schema\/person\/image\/\",\"url\":\"https:\/\/secure.gravatar.com\/avatar\/e39914b2aa6a48959e24d475b5dc9793?s=96&d=mm&r=g\",\"contentUrl\":\"https:\/\/secure.gravatar.com\/avatar\/e39914b2aa6a48959e24d475b5dc9793?s=96&d=mm&r=g\",\"caption\":\"Marta Olejnik\"},\"url\":\"https:\/\/marekkuchcinski.pl\/en\/author\/marta\/\"}]}<\/script>\n<!-- \/ Yoast SEO plugin. -->","yoast_head_json":{"title":"Spotkanie noworoczne w Bieszczadach &#8211; Marek Kuchci\u0144ski","robots":{"index":"index","follow":"follow","max-snippet":"max-snippet:-1","max-image-preview":"max-image-preview:large","max-video-preview":"max-video-preview:-1"},"canonical":"https:\/\/marekkuchcinski.pl\/en\/wydarzenia\/spotkanie-noworoczne-w-bieszczadach\/","og_locale":"en_GB","og_type":"article","og_title":"Spotkanie noworoczne w Bieszczadach &#8211; Marek Kuchci\u0144ski","og_description":"W Myczkowcach i Ustrzykach Dolnych Marek Kuchci\u0144ski rozmawia\u0142 o przysz\u0142o\u015bci Bieszczad. Podczas spotkania z\u00a0samorz\u0105dowcami i mieszka\u0144cami szef kancelarii premiera podkre\u015bla\u0142, \u017ce wida\u0107 tu bardzo dobre wsparcie ze strony rz\u0105du. \u2013 Wci\u0105\u017c najwa\u017cniejsz\u0105 spraw\u0105 jest dost\u0119pno\u015b\u0107, czyli komunikacja. Bieszczady zas\u0142uguj\u0105 rozw\u00f3j turystyki, agroturystyki, rolnictwa, o\u015brodki sportowe, dobre drogi, parkingi, koleje, hotele, nowe przej\u015bcia graniczne, jak w [&hellip;]","og_url":"https:\/\/marekkuchcinski.pl\/en\/wydarzenia\/spotkanie-noworoczne-w-bieszczadach\/","og_site_name":"Marek Kuchci\u0144ski","article_published_time":"2023-01-15T09:19:00+00:00","article_modified_time":"2023-01-16T14:19:51+00:00","og_image":[{"width":1524,"height":900,"url":"https:\/\/marekkuchcinski.pl\/wp-content\/uploads\/2023\/01\/017c310d-023e-4894-89d7-be1e722a5433.jpg","type":"image\/jpeg"}],"author":"Marta Olejnik","twitter_card":"summary_large_image","twitter_misc":{"Written by":"Marta Olejnik","Estimated reading time":"10 minutes"},"schema":{"@context":"https:\/\/schema.org","@graph":[{"@type":"Article","@id":"https:\/\/marekkuchcinski.pl\/wydarzenia\/spotkanie-noworoczne-w-bieszczadach\/#article","isPartOf":{"@id":"https:\/\/marekkuchcinski.pl\/wydarzenia\/spotkanie-noworoczne-w-bieszczadach\/"},"author":{"name":"Marta Olejnik","@id":"https:\/\/marekkuchcinski.pl\/#\/schema\/person\/51d5d4ee3b5317b8e4dd2b48af359229"},"headline":"Spotkanie noworoczne w Bieszczadach","datePublished":"2023-01-15T09:19:00+00:00","dateModified":"2023-01-16T14:19:51+00:00","mainEntityOfPage":{"@id":"https:\/\/marekkuchcinski.pl\/wydarzenia\/spotkanie-noworoczne-w-bieszczadach\/"},"wordCount":1937,"commentCount":0,"publisher":{"@id":"https:\/\/marekkuchcinski.pl\/#organization"},"image":{"@id":"https:\/\/marekkuchcinski.pl\/wydarzenia\/spotkanie-noworoczne-w-bieszczadach\/#primaryimage"},"thumbnailUrl":"https:\/\/marekkuchcinski.pl\/wp-content\/uploads\/2023\/01\/017c310d-023e-4894-89d7-be1e722a5433.jpg","articleSection":["Wydarzenia"],"inLanguage":"en-GB","potentialAction":[{"@type":"CommentAction","name":"Comment","target":["https:\/\/marekkuchcinski.pl\/wydarzenia\/spotkanie-noworoczne-w-bieszczadach\/#respond"]}]},{"@type":"WebPage","@id":"https:\/\/marekkuchcinski.pl\/wydarzenia\/spotkanie-noworoczne-w-bieszczadach\/","url":"https:\/\/marekkuchcinski.pl\/wydarzenia\/spotkanie-noworoczne-w-bieszczadach\/","name":"Spotkanie noworoczne w Bieszczadach &#8211; Marek Kuchci\u0144ski","isPartOf":{"@id":"https:\/\/marekkuchcinski.pl\/#website"},"primaryImageOfPage":{"@id":"https:\/\/marekkuchcinski.pl\/wydarzenia\/spotkanie-noworoczne-w-bieszczadach\/#primaryimage"},"image":{"@id":"https:\/\/marekkuchcinski.pl\/wydarzenia\/spotkanie-noworoczne-w-bieszczadach\/#primaryimage"},"thumbnailUrl":"https:\/\/marekkuchcinski.pl\/wp-content\/uploads\/2023\/01\/017c310d-023e-4894-89d7-be1e722a5433.jpg","datePublished":"2023-01-15T09:19:00+00:00","dateModified":"2023-01-16T14:19:51+00:00","breadcrumb":{"@id":"https:\/\/marekkuchcinski.pl\/wydarzenia\/spotkanie-noworoczne-w-bieszczadach\/#breadcrumb"},"inLanguage":"en-GB","potentialAction":[{"@type":"ReadAction","target":["https:\/\/marekkuchcinski.pl\/wydarzenia\/spotkanie-noworoczne-w-bieszczadach\/"]}]},{"@type":"ImageObject","inLanguage":"en-GB","@id":"https:\/\/marekkuchcinski.pl\/wydarzenia\/spotkanie-noworoczne-w-bieszczadach\/#primaryimage","url":"https:\/\/marekkuchcinski.pl\/wp-content\/uploads\/2023\/01\/017c310d-023e-4894-89d7-be1e722a5433.jpg","contentUrl":"https:\/\/marekkuchcinski.pl\/wp-content\/uploads\/2023\/01\/017c310d-023e-4894-89d7-be1e722a5433.jpg","width":1524,"height":900},{"@type":"BreadcrumbList","@id":"https:\/\/marekkuchcinski.pl\/wydarzenia\/spotkanie-noworoczne-w-bieszczadach\/#breadcrumb","itemListElement":[{"@type":"ListItem","position":1,"name":"Strona g\u0142\u00f3wna","item":"https:\/\/marekkuchcinski.pl\/"},{"@type":"ListItem","position":2,"name":"Spotkanie noworoczne w Bieszczadach"}]},{"@type":"WebSite","@id":"https:\/\/marekkuchcinski.pl\/#website","url":"https:\/\/marekkuchcinski.pl\/","name":"Marek Kuchci\u0144ski","description":"Pose\u0142 na sejm RP &ndash; okr\u0119g nr 22","publisher":{"@id":"https:\/\/marekkuchcinski.pl\/#organization"},"potentialAction":[{"@type":"SearchAction","target":{"@type":"EntryPoint","urlTemplate":"https:\/\/marekkuchcinski.pl\/?s={search_term_string}"},"query-input":{"@type":"PropertyValueSpecification","valueRequired":true,"valueName":"search_term_string"}}],"inLanguage":"en-GB"},{"@type":"Organization","@id":"https:\/\/marekkuchcinski.pl\/#organization","name":"Marek Kuchci\u0144ski","url":"https:\/\/marekkuchcinski.pl\/","logo":{"@type":"ImageObject","inLanguage":"en-GB","@id":"https:\/\/marekkuchcinski.pl\/#\/schema\/logo\/image\/","url":"https:\/\/marekkuchcinski.pl\/wp-content\/uploads\/2022\/09\/Marek.jpg","contentUrl":"https:\/\/marekkuchcinski.pl\/wp-content\/uploads\/2022\/09\/Marek.jpg","width":1600,"height":971,"caption":"Marek Kuchci\u0144ski"},"image":{"@id":"https:\/\/marekkuchcinski.pl\/#\/schema\/logo\/image\/"}},{"@type":"Person","@id":"https:\/\/marekkuchcinski.pl\/#\/schema\/person\/51d5d4ee3b5317b8e4dd2b48af359229","name":"Marta Olejnik","image":{"@type":"ImageObject","inLanguage":"en-GB","@id":"https:\/\/marekkuchcinski.pl\/#\/schema\/person\/image\/","url":"https:\/\/secure.gravatar.com\/avatar\/e39914b2aa6a48959e24d475b5dc9793?s=96&d=mm&r=g","contentUrl":"https:\/\/secure.gravatar.com\/avatar\/e39914b2aa6a48959e24d475b5dc9793?s=96&d=mm&r=g","caption":"Marta Olejnik"},"url":"https:\/\/marekkuchcinski.pl\/en\/author\/marta\/"}]}},"_links":{"self":[{"href":"https:\/\/marekkuchcinski.pl\/en\/wp-json\/wp\/v2\/posts\/27315","targetHints":{"allow":["GET"]}}],"collection":[{"href":"https:\/\/marekkuchcinski.pl\/en\/wp-json\/wp\/v2\/posts"}],"about":[{"href":"https:\/\/marekkuchcinski.pl\/en\/wp-json\/wp\/v2\/types\/post"}],"author":[{"embeddable":true,"href":"https:\/\/marekkuchcinski.pl\/en\/wp-json\/wp\/v2\/users\/21"}],"replies":[{"embeddable":true,"href":"https:\/\/marekkuchcinski.pl\/en\/wp-json\/wp\/v2\/comments?post=27315"}],"version-history":[{"count":5,"href":"https:\/\/marekkuchcinski.pl\/en\/wp-json\/wp\/v2\/posts\/27315\/revisions"}],"predecessor-version":[{"id":27326,"href":"https:\/\/marekkuchcinski.pl\/en\/wp-json\/wp\/v2\/posts\/27315\/revisions\/27326"}],"wp:featuredmedia":[{"embeddable":true,"href":"https:\/\/marekkuchcinski.pl\/en\/wp-json\/wp\/v2\/media\/27321"}],"wp:attachment":[{"href":"https:\/\/marekkuchcinski.pl\/en\/wp-json\/wp\/v2\/media?parent=27315"}],"wp:term":[{"taxonomy":"category","embeddable":true,"href":"https:\/\/marekkuchcinski.pl\/en\/wp-json\/wp\/v2\/categories?post=27315"},{"taxonomy":"post_tag","embeddable":true,"href":"https:\/\/marekkuchcinski.pl\/en\/wp-json\/wp\/v2\/tags?post=27315"}],"curies":[{"name":"wp","href":"https:\/\/api.w.org\/{rel}","templated":true}]}}