{"id":27263,"date":"2023-01-10T15:27:49","date_gmt":"2023-01-10T14:27:49","guid":{"rendered":"https:\/\/marekkuchcinski.pl\/?p=27263"},"modified":"2023-01-10T15:28:26","modified_gmt":"2023-01-10T14:28:26","slug":"sportowa-polska-na-podkarpaciu","status":"publish","type":"post","link":"https:\/\/marekkuchcinski.pl\/en\/wydarzenia\/sportowa-polska-na-podkarpaciu\/","title":{"rendered":"Sports Poland in the Subcarpathian region"},"content":{"rendered":"<p>The government allocated money for the Sportowa Polska na Podkarpacie programme <strong>162 873\u00a0659<\/strong>. As a result, facilities were renovated and built, i.e. gymnasiums, football pitches, multifunctional sports halls, gyms, swimming pools, tennis courts. All investment tasks (created sports facilities) must be publicly available. Additionally, in the case of outdoor facilities, applicants should make every effort to ensure that access to them, in particular for children and young people, is free of charge.<\/p>\n\n\n\n<p>The aim of the &quot;Sportowa Polska&quot; program is to develop and support the implementation of investment tasks related to sports facilities throughout the country. Co-financing may cover generally accessible facilities that enable mass practicing of sports. Types of investment tasks were divided into three groups.<\/p>\n\n\n\n<p><strong>the first group<\/strong>\u00a0are tasks aimed at improving the condition of school sports infrastructure, intended for the needs of physical education classes, at the same time serving local communities for active leisure time, as well as - as far as possible - enabling sports competition. In the light of the available data, a large part of the population of school children and youth still does not have access to a safe and functional school sports infrastructure. Bearing in mind the fact that school facilities perform functions not only related to improving the conditions for conducting physical education classes, but also should constitute a network of basic sports facilities, generally available to everyone, facilities of this type deserve special attention in this Programme.<\/p>\n\n\n\n<p><strong>Second group<\/strong>\u00a0Tasks are tasks aimed at improving training conditions for athletes, including counteracting the processes of loss of use value of sports facilities which are in an insufficient technical and functional condition, primarily used for practicing Olympic sports, as well as facilities enabling the wide dissemination of sport. In this group, financial support will be available for tasks related to the reconstruction or renovation of the already existing sports infrastructure. The facilities co-financed in this group of tasks are dedicated in particular to sports clubs that can boast measurable sports successes, as well as to those for whom the implementation of the investment task will be a strong stimulus for the development of current activity.<\/p>\n\n\n\n<p><strong>third group<\/strong>\u00a0tasks are those related to the construction of a new (non-school) sports infrastructure, giving the opportunity to spend leisure time actively, constituting an important element of preventive health care and enabling sports competition. The Ministry of Sport encourages the newly created infrastructural base to obtain social approval beforehand and to correlate with sports practiced in the investment&#039;s area of influence.<\/p>\n\n\n\n<p><\/p>","protected":false},"excerpt":{"rendered":"<p>Na program Sportowa Polska na Podkarpaciu rz\u0105d przeznaczy\u0142 162 873\u00a0659. Dzi\u0119ki temu wyremontowano i zbudowano obiekty, tj. sale gimnastyczne, boiska pi\u0142karskie, wielofunkcyjne, hale sportowe, si\u0142ownie, p\u0142ywalnie, korty tenisowych. Wszystkie zadania inwestycyjne (powsta\u0142e obiekty sportowe) musz\u0105 mie\u0107 charakter og\u00f3lnodost\u0119pny. Dodatkowo w przypadku obiekt\u00f3w zewn\u0119trznych, wnioskodawcy powinni do\u0142o\u017cy\u0107 wszelkich stara\u0144, aby dost\u0119p do nich, w szczeg\u00f3lno\u015bci dla [&hellip;]<\/p>","protected":false},"author":21,"featured_media":27264,"comment_status":"open","ping_status":"open","sticky":false,"template":"","format":"standard","meta":{"ngg_post_thumbnail":0,"footnotes":""},"categories":[3],"tags":[],"class_list":["post-27263","post","type-post","status-publish","format-standard","has-post-thumbnail","hentry","category-wydarzenia"],"yoast_head":"<!-- This site is optimized with the Yoast SEO plugin v24.7 - https:\/\/yoast.com\/wordpress\/plugins\/seo\/ -->\n<title>Sportowa Polska na Podkarpaciu &#8211; Marek Kuchci\u0144ski<\/title>\n<meta name=\"robots\" content=\"index, follow, max-snippet:-1, max-image-preview:large, max-video-preview:-1\" \/>\n<link rel=\"canonical\" href=\"https:\/\/marekkuchcinski.pl\/en\/wydarzenia\/sportowa-polska-na-podkarpaciu\/\" \/>\n<meta property=\"og:locale\" content=\"en_GB\" \/>\n<meta property=\"og:type\" content=\"article\" \/>\n<meta property=\"og:title\" content=\"Sportowa Polska na Podkarpaciu &#8211; Marek Kuchci\u0144ski\" \/>\n<meta property=\"og:description\" content=\"Na program Sportowa Polska na Podkarpaciu rz\u0105d przeznaczy\u0142 162 873\u00a0659. Dzi\u0119ki temu wyremontowano i zbudowano obiekty, tj. sale gimnastyczne, boiska pi\u0142karskie, wielofunkcyjne, hale sportowe, si\u0142ownie, p\u0142ywalnie, korty tenisowych. Wszystkie zadania inwestycyjne (powsta\u0142e obiekty sportowe) musz\u0105 mie\u0107 charakter og\u00f3lnodost\u0119pny. Dodatkowo w przypadku obiekt\u00f3w zewn\u0119trznych, wnioskodawcy powinni do\u0142o\u017cy\u0107 wszelkich stara\u0144, aby dost\u0119p do nich, w szczeg\u00f3lno\u015bci dla [&hellip;]\" \/>\n<meta property=\"og:url\" content=\"https:\/\/marekkuchcinski.pl\/en\/wydarzenia\/sportowa-polska-na-podkarpaciu\/\" \/>\n<meta property=\"og:site_name\" content=\"Marek Kuchci\u0144ski\" \/>\n<meta property=\"article:published_time\" content=\"2023-01-10T14:27:49+00:00\" \/>\n<meta property=\"article:modified_time\" content=\"2023-01-10T14:28:26+00:00\" \/>\n<meta property=\"og:image\" content=\"https:\/\/marekkuchcinski.pl\/wp-content\/uploads\/2023\/01\/Sportowy-Cheerleaderski-Plakat.jpg\" \/>\n\t<meta property=\"og:image:width\" content=\"1473\" \/>\n\t<meta property=\"og:image:height\" content=\"942\" \/>\n\t<meta property=\"og:image:type\" content=\"image\/jpeg\" \/>\n<meta name=\"author\" content=\"Marta Olejnik\" \/>\n<meta name=\"twitter:card\" content=\"summary_large_image\" \/>\n<meta name=\"twitter:label1\" content=\"Written by\" \/>\n\t<meta name=\"twitter:data1\" content=\"Marta Olejnik\" \/>\n\t<meta name=\"twitter:label2\" content=\"Estimated reading time\" \/>\n\t<meta name=\"twitter:data2\" content=\"2 minutes\" \/>\n<script type=\"application\/ld+json\" class=\"yoast-schema-graph\">{\"@context\":\"https:\/\/schema.org\",\"@graph\":[{\"@type\":\"Article\",\"@id\":\"https:\/\/marekkuchcinski.pl\/wydarzenia\/sportowa-polska-na-podkarpaciu\/#article\",\"isPartOf\":{\"@id\":\"https:\/\/marekkuchcinski.pl\/wydarzenia\/sportowa-polska-na-podkarpaciu\/\"},\"author\":{\"name\":\"Marta Olejnik\",\"@id\":\"https:\/\/marekkuchcinski.pl\/#\/schema\/person\/51d5d4ee3b5317b8e4dd2b48af359229\"},\"headline\":\"Sportowa Polska na Podkarpaciu\",\"datePublished\":\"2023-01-10T14:27:49+00:00\",\"dateModified\":\"2023-01-10T14:28:26+00:00\",\"mainEntityOfPage\":{\"@id\":\"https:\/\/marekkuchcinski.pl\/wydarzenia\/sportowa-polska-na-podkarpaciu\/\"},\"wordCount\":433,\"commentCount\":0,\"publisher\":{\"@id\":\"https:\/\/marekkuchcinski.pl\/#organization\"},\"image\":{\"@id\":\"https:\/\/marekkuchcinski.pl\/wydarzenia\/sportowa-polska-na-podkarpaciu\/#primaryimage\"},\"thumbnailUrl\":\"https:\/\/marekkuchcinski.pl\/wp-content\/uploads\/2023\/01\/Sportowy-Cheerleaderski-Plakat.jpg\",\"articleSection\":[\"Wydarzenia\"],\"inLanguage\":\"en-GB\",\"potentialAction\":[{\"@type\":\"CommentAction\",\"name\":\"Comment\",\"target\":[\"https:\/\/marekkuchcinski.pl\/wydarzenia\/sportowa-polska-na-podkarpaciu\/#respond\"]}]},{\"@type\":\"WebPage\",\"@id\":\"https:\/\/marekkuchcinski.pl\/wydarzenia\/sportowa-polska-na-podkarpaciu\/\",\"url\":\"https:\/\/marekkuchcinski.pl\/wydarzenia\/sportowa-polska-na-podkarpaciu\/\",\"name\":\"Sportowa Polska na Podkarpaciu &#8211; Marek Kuchci\u0144ski\",\"isPartOf\":{\"@id\":\"https:\/\/marekkuchcinski.pl\/#website\"},\"primaryImageOfPage\":{\"@id\":\"https:\/\/marekkuchcinski.pl\/wydarzenia\/sportowa-polska-na-podkarpaciu\/#primaryimage\"},\"image\":{\"@id\":\"https:\/\/marekkuchcinski.pl\/wydarzenia\/sportowa-polska-na-podkarpaciu\/#primaryimage\"},\"thumbnailUrl\":\"https:\/\/marekkuchcinski.pl\/wp-content\/uploads\/2023\/01\/Sportowy-Cheerleaderski-Plakat.jpg\",\"datePublished\":\"2023-01-10T14:27:49+00:00\",\"dateModified\":\"2023-01-10T14:28:26+00:00\",\"breadcrumb\":{\"@id\":\"https:\/\/marekkuchcinski.pl\/wydarzenia\/sportowa-polska-na-podkarpaciu\/#breadcrumb\"},\"inLanguage\":\"en-GB\",\"potentialAction\":[{\"@type\":\"ReadAction\",\"target\":[\"https:\/\/marekkuchcinski.pl\/wydarzenia\/sportowa-polska-na-podkarpaciu\/\"]}]},{\"@type\":\"ImageObject\",\"inLanguage\":\"en-GB\",\"@id\":\"https:\/\/marekkuchcinski.pl\/wydarzenia\/sportowa-polska-na-podkarpaciu\/#primaryimage\",\"url\":\"https:\/\/marekkuchcinski.pl\/wp-content\/uploads\/2023\/01\/Sportowy-Cheerleaderski-Plakat.jpg\",\"contentUrl\":\"https:\/\/marekkuchcinski.pl\/wp-content\/uploads\/2023\/01\/Sportowy-Cheerleaderski-Plakat.jpg\",\"width\":1473,\"height\":942},{\"@type\":\"BreadcrumbList\",\"@id\":\"https:\/\/marekkuchcinski.pl\/wydarzenia\/sportowa-polska-na-podkarpaciu\/#breadcrumb\",\"itemListElement\":[{\"@type\":\"ListItem\",\"position\":1,\"name\":\"Strona g\u0142\u00f3wna\",\"item\":\"https:\/\/marekkuchcinski.pl\/\"},{\"@type\":\"ListItem\",\"position\":2,\"name\":\"Sportowa Polska na Podkarpaciu\"}]},{\"@type\":\"WebSite\",\"@id\":\"https:\/\/marekkuchcinski.pl\/#website\",\"url\":\"https:\/\/marekkuchcinski.pl\/\",\"name\":\"Marek Kuchci\u0144ski\",\"description\":\"Pose\u0142 na sejm RP &ndash; okr\u0119g nr 22\",\"publisher\":{\"@id\":\"https:\/\/marekkuchcinski.pl\/#organization\"},\"potentialAction\":[{\"@type\":\"SearchAction\",\"target\":{\"@type\":\"EntryPoint\",\"urlTemplate\":\"https:\/\/marekkuchcinski.pl\/?s={search_term_string}\"},\"query-input\":{\"@type\":\"PropertyValueSpecification\",\"valueRequired\":true,\"valueName\":\"search_term_string\"}}],\"inLanguage\":\"en-GB\"},{\"@type\":\"Organization\",\"@id\":\"https:\/\/marekkuchcinski.pl\/#organization\",\"name\":\"Marek Kuchci\u0144ski\",\"url\":\"https:\/\/marekkuchcinski.pl\/\",\"logo\":{\"@type\":\"ImageObject\",\"inLanguage\":\"en-GB\",\"@id\":\"https:\/\/marekkuchcinski.pl\/#\/schema\/logo\/image\/\",\"url\":\"https:\/\/marekkuchcinski.pl\/wp-content\/uploads\/2022\/09\/Marek.jpg\",\"contentUrl\":\"https:\/\/marekkuchcinski.pl\/wp-content\/uploads\/2022\/09\/Marek.jpg\",\"width\":1600,\"height\":971,\"caption\":\"Marek Kuchci\u0144ski\"},\"image\":{\"@id\":\"https:\/\/marekkuchcinski.pl\/#\/schema\/logo\/image\/\"}},{\"@type\":\"Person\",\"@id\":\"https:\/\/marekkuchcinski.pl\/#\/schema\/person\/51d5d4ee3b5317b8e4dd2b48af359229\",\"name\":\"Marta Olejnik\",\"image\":{\"@type\":\"ImageObject\",\"inLanguage\":\"en-GB\",\"@id\":\"https:\/\/marekkuchcinski.pl\/#\/schema\/person\/image\/\",\"url\":\"https:\/\/secure.gravatar.com\/avatar\/e39914b2aa6a48959e24d475b5dc9793?s=96&d=mm&r=g\",\"contentUrl\":\"https:\/\/secure.gravatar.com\/avatar\/e39914b2aa6a48959e24d475b5dc9793?s=96&d=mm&r=g\",\"caption\":\"Marta Olejnik\"},\"url\":\"https:\/\/marekkuchcinski.pl\/en\/author\/marta\/\"}]}<\/script>\n<!-- \/ Yoast SEO plugin. -->","yoast_head_json":{"title":"Sportowa Polska na Podkarpaciu &#8211; Marek Kuchci\u0144ski","robots":{"index":"index","follow":"follow","max-snippet":"max-snippet:-1","max-image-preview":"max-image-preview:large","max-video-preview":"max-video-preview:-1"},"canonical":"https:\/\/marekkuchcinski.pl\/en\/wydarzenia\/sportowa-polska-na-podkarpaciu\/","og_locale":"en_GB","og_type":"article","og_title":"Sportowa Polska na Podkarpaciu &#8211; Marek Kuchci\u0144ski","og_description":"Na program Sportowa Polska na Podkarpaciu rz\u0105d przeznaczy\u0142 162 873\u00a0659. Dzi\u0119ki temu wyremontowano i zbudowano obiekty, tj. sale gimnastyczne, boiska pi\u0142karskie, wielofunkcyjne, hale sportowe, si\u0142ownie, p\u0142ywalnie, korty tenisowych. Wszystkie zadania inwestycyjne (powsta\u0142e obiekty sportowe) musz\u0105 mie\u0107 charakter og\u00f3lnodost\u0119pny. Dodatkowo w przypadku obiekt\u00f3w zewn\u0119trznych, wnioskodawcy powinni do\u0142o\u017cy\u0107 wszelkich stara\u0144, aby dost\u0119p do nich, w szczeg\u00f3lno\u015bci dla [&hellip;]","og_url":"https:\/\/marekkuchcinski.pl\/en\/wydarzenia\/sportowa-polska-na-podkarpaciu\/","og_site_name":"Marek Kuchci\u0144ski","article_published_time":"2023-01-10T14:27:49+00:00","article_modified_time":"2023-01-10T14:28:26+00:00","og_image":[{"width":1473,"height":942,"url":"https:\/\/marekkuchcinski.pl\/wp-content\/uploads\/2023\/01\/Sportowy-Cheerleaderski-Plakat.jpg","type":"image\/jpeg"}],"author":"Marta Olejnik","twitter_card":"summary_large_image","twitter_misc":{"Written by":"Marta Olejnik","Estimated reading time":"2 minutes"},"schema":{"@context":"https:\/\/schema.org","@graph":[{"@type":"Article","@id":"https:\/\/marekkuchcinski.pl\/wydarzenia\/sportowa-polska-na-podkarpaciu\/#article","isPartOf":{"@id":"https:\/\/marekkuchcinski.pl\/wydarzenia\/sportowa-polska-na-podkarpaciu\/"},"author":{"name":"Marta Olejnik","@id":"https:\/\/marekkuchcinski.pl\/#\/schema\/person\/51d5d4ee3b5317b8e4dd2b48af359229"},"headline":"Sportowa Polska na Podkarpaciu","datePublished":"2023-01-10T14:27:49+00:00","dateModified":"2023-01-10T14:28:26+00:00","mainEntityOfPage":{"@id":"https:\/\/marekkuchcinski.pl\/wydarzenia\/sportowa-polska-na-podkarpaciu\/"},"wordCount":433,"commentCount":0,"publisher":{"@id":"https:\/\/marekkuchcinski.pl\/#organization"},"image":{"@id":"https:\/\/marekkuchcinski.pl\/wydarzenia\/sportowa-polska-na-podkarpaciu\/#primaryimage"},"thumbnailUrl":"https:\/\/marekkuchcinski.pl\/wp-content\/uploads\/2023\/01\/Sportowy-Cheerleaderski-Plakat.jpg","articleSection":["Wydarzenia"],"inLanguage":"en-GB","potentialAction":[{"@type":"CommentAction","name":"Comment","target":["https:\/\/marekkuchcinski.pl\/wydarzenia\/sportowa-polska-na-podkarpaciu\/#respond"]}]},{"@type":"WebPage","@id":"https:\/\/marekkuchcinski.pl\/wydarzenia\/sportowa-polska-na-podkarpaciu\/","url":"https:\/\/marekkuchcinski.pl\/wydarzenia\/sportowa-polska-na-podkarpaciu\/","name":"Sportowa Polska na Podkarpaciu &#8211; Marek Kuchci\u0144ski","isPartOf":{"@id":"https:\/\/marekkuchcinski.pl\/#website"},"primaryImageOfPage":{"@id":"https:\/\/marekkuchcinski.pl\/wydarzenia\/sportowa-polska-na-podkarpaciu\/#primaryimage"},"image":{"@id":"https:\/\/marekkuchcinski.pl\/wydarzenia\/sportowa-polska-na-podkarpaciu\/#primaryimage"},"thumbnailUrl":"https:\/\/marekkuchcinski.pl\/wp-content\/uploads\/2023\/01\/Sportowy-Cheerleaderski-Plakat.jpg","datePublished":"2023-01-10T14:27:49+00:00","dateModified":"2023-01-10T14:28:26+00:00","breadcrumb":{"@id":"https:\/\/marekkuchcinski.pl\/wydarzenia\/sportowa-polska-na-podkarpaciu\/#breadcrumb"},"inLanguage":"en-GB","potentialAction":[{"@type":"ReadAction","target":["https:\/\/marekkuchcinski.pl\/wydarzenia\/sportowa-polska-na-podkarpaciu\/"]}]},{"@type":"ImageObject","inLanguage":"en-GB","@id":"https:\/\/marekkuchcinski.pl\/wydarzenia\/sportowa-polska-na-podkarpaciu\/#primaryimage","url":"https:\/\/marekkuchcinski.pl\/wp-content\/uploads\/2023\/01\/Sportowy-Cheerleaderski-Plakat.jpg","contentUrl":"https:\/\/marekkuchcinski.pl\/wp-content\/uploads\/2023\/01\/Sportowy-Cheerleaderski-Plakat.jpg","width":1473,"height":942},{"@type":"BreadcrumbList","@id":"https:\/\/marekkuchcinski.pl\/wydarzenia\/sportowa-polska-na-podkarpaciu\/#breadcrumb","itemListElement":[{"@type":"ListItem","position":1,"name":"Strona g\u0142\u00f3wna","item":"https:\/\/marekkuchcinski.pl\/"},{"@type":"ListItem","position":2,"name":"Sportowa Polska na Podkarpaciu"}]},{"@type":"WebSite","@id":"https:\/\/marekkuchcinski.pl\/#website","url":"https:\/\/marekkuchcinski.pl\/","name":"Marek Kuchci\u0144ski","description":"Pose\u0142 na sejm RP &ndash; okr\u0119g nr 22","publisher":{"@id":"https:\/\/marekkuchcinski.pl\/#organization"},"potentialAction":[{"@type":"SearchAction","target":{"@type":"EntryPoint","urlTemplate":"https:\/\/marekkuchcinski.pl\/?s={search_term_string}"},"query-input":{"@type":"PropertyValueSpecification","valueRequired":true,"valueName":"search_term_string"}}],"inLanguage":"en-GB"},{"@type":"Organization","@id":"https:\/\/marekkuchcinski.pl\/#organization","name":"Marek Kuchci\u0144ski","url":"https:\/\/marekkuchcinski.pl\/","logo":{"@type":"ImageObject","inLanguage":"en-GB","@id":"https:\/\/marekkuchcinski.pl\/#\/schema\/logo\/image\/","url":"https:\/\/marekkuchcinski.pl\/wp-content\/uploads\/2022\/09\/Marek.jpg","contentUrl":"https:\/\/marekkuchcinski.pl\/wp-content\/uploads\/2022\/09\/Marek.jpg","width":1600,"height":971,"caption":"Marek Kuchci\u0144ski"},"image":{"@id":"https:\/\/marekkuchcinski.pl\/#\/schema\/logo\/image\/"}},{"@type":"Person","@id":"https:\/\/marekkuchcinski.pl\/#\/schema\/person\/51d5d4ee3b5317b8e4dd2b48af359229","name":"Marta Olejnik","image":{"@type":"ImageObject","inLanguage":"en-GB","@id":"https:\/\/marekkuchcinski.pl\/#\/schema\/person\/image\/","url":"https:\/\/secure.gravatar.com\/avatar\/e39914b2aa6a48959e24d475b5dc9793?s=96&d=mm&r=g","contentUrl":"https:\/\/secure.gravatar.com\/avatar\/e39914b2aa6a48959e24d475b5dc9793?s=96&d=mm&r=g","caption":"Marta Olejnik"},"url":"https:\/\/marekkuchcinski.pl\/en\/author\/marta\/"}]}},"_links":{"self":[{"href":"https:\/\/marekkuchcinski.pl\/en\/wp-json\/wp\/v2\/posts\/27263","targetHints":{"allow":["GET"]}}],"collection":[{"href":"https:\/\/marekkuchcinski.pl\/en\/wp-json\/wp\/v2\/posts"}],"about":[{"href":"https:\/\/marekkuchcinski.pl\/en\/wp-json\/wp\/v2\/types\/post"}],"author":[{"embeddable":true,"href":"https:\/\/marekkuchcinski.pl\/en\/wp-json\/wp\/v2\/users\/21"}],"replies":[{"embeddable":true,"href":"https:\/\/marekkuchcinski.pl\/en\/wp-json\/wp\/v2\/comments?post=27263"}],"version-history":[{"count":2,"href":"https:\/\/marekkuchcinski.pl\/en\/wp-json\/wp\/v2\/posts\/27263\/revisions"}],"predecessor-version":[{"id":27266,"href":"https:\/\/marekkuchcinski.pl\/en\/wp-json\/wp\/v2\/posts\/27263\/revisions\/27266"}],"wp:featuredmedia":[{"embeddable":true,"href":"https:\/\/marekkuchcinski.pl\/en\/wp-json\/wp\/v2\/media\/27264"}],"wp:attachment":[{"href":"https:\/\/marekkuchcinski.pl\/en\/wp-json\/wp\/v2\/media?parent=27263"}],"wp:term":[{"taxonomy":"category","embeddable":true,"href":"https:\/\/marekkuchcinski.pl\/en\/wp-json\/wp\/v2\/categories?post=27263"},{"taxonomy":"post_tag","embeddable":true,"href":"https:\/\/marekkuchcinski.pl\/en\/wp-json\/wp\/v2\/tags?post=27263"}],"curies":[{"name":"wp","href":"https:\/\/api.w.org\/{rel}","templated":true}]}}