{"id":27133,"date":"2022-12-20T21:37:00","date_gmt":"2022-12-20T20:37:00","guid":{"rendered":"https:\/\/marekkuchcinski.pl\/?p=27133"},"modified":"2022-12-21T21:44:18","modified_gmt":"2022-12-21T20:44:18","slug":"rzad-dialogu-spotkanie-ministrow-z-przedstawicielami-solidarnosci","status":"publish","type":"post","link":"https:\/\/marekkuchcinski.pl\/en\/wydarzenia\/rzad-dialogu-spotkanie-ministrow-z-przedstawicielami-solidarnosci\/","title":{"rendered":"A government of dialogue - a meeting of ministers with representatives of Solidarity"},"content":{"rendered":"<p><strong>On December 19, a working meeting of the Team for working out an agreement between the Government of the Republic of Poland and the National Commission of NSZZ &quot;Solidarity&quot; was held under the chairmanship of the head of the Chancellery of the Prime Minister, Marek Kuchci\u0144ski.<\/strong><\/p>\n\n\n\n<p><strong>The main topics of the negotiations were:<\/strong><\/p>\n\n\n\n<p>(a) support for energy-intensive enterprises;<\/p>\n\n\n\n<p>b) changes in the country&#039;s energy policy;<\/p>\n\n\n\n<p>c) remuneration in the sphere of public finance, including changes concerning remuneration in<\/p>\n\n\n\n<p>the budgetary sphere, with particular emphasis on education;<\/p>\n\n\n\n<p>d) contribution to the Company Social Benefits Fund;<\/p>\n\n\n\n<p>e) exclusion from the minimum wage of the allowance for work in conditions harmful to health,<\/p>\n\n\n\n<p>particularly onerous or dangerous;<\/p>\n\n\n\n<p>f) changes in the functioning and financing of Nursing Homes;<\/p>\n\n\n\n<p>(g) special protection for certain categories of workers, including trade unionists;<\/p>\n\n\n\n<p>h) amendments to the Act on old-age and disability pensions from the Social Insurance Fund including<\/p>\n\n\n\n<p>apprenticeship pensions.<\/p>\n\n\n\n<p><strong>2. The Co-Presidents agreed to appoint:<\/strong><\/p>\n\n\n\n<p>I. Working Group on Energy Policy;<\/p>\n\n\n\n<p>II. Working Group for Remuneration in Public Finance, including changes<\/p>\n\n\n\n<p>concerning salaries in the budgetary sphere, with particular emphasis on education (reference<\/p>\n\n\n\n<p>educational subgroup). Also exclusion from the minimum wage of the allowance for work in<\/p>\n\n\n\n<p>conditions harmful to health, particularly onerous or dangerous;<\/p>\n\n\n\n<p>III. Working group for pensions and disability pensions, including traineeship pensions.<\/p>\n\n\n\n<p><strong>3. On the part of the government, the above-mentioned working groups will include:<\/strong><\/p>\n\n\n\n<p>I. Energy Policy Working Group: members of the Team appointed by:<\/p>\n\n\n\n<p>Minister of State Assets, Minister of Climate and Environment and Minister of Development i<\/p>\n\n\n\n<p>technology;<\/p>\n\n\n\n<p>II. Remuneration Working Group: members of the Team appointed by: the Minister<\/p>\n\n\n\n<p>Finance (leading role), Minister of Education and Science, Minister of Culture and Heritage<\/p>\n\n\n\n<p>of the National Institute, the Minister of Family and Social Policy and the Minister of Health;<\/p>\n\n\n\n<p>III. Working Group for pensions and disability pensions: a member of the Team appointed by the Minister<\/p>\n\n\n\n<p>Family and Social Policy.<\/p>\n\n\n\n<p>4. The co-chairs of the Team, in consultation, may invite people to participate in the work of the groups<\/p>\n\n\n\n<p>working representatives of government administration bodies other than those indicated in point 3,<\/p>\n\n\n\n<p>institutions or organizations, as well as specialists and experts whose knowledge and experience<\/p>\n\n\n\n<p>can be used in carrying out their tasks.<\/p>\n\n\n\n<p>5. It was also agreed to set up a working group or to convene a dedicated conference<\/p>\n\n\n\n<p>demographic challenges in the perspective of 20-30 years. Its concept will be proposed by a member<\/p>\n\n\n\n<p>Team appointed by the Minister of Family and Social Policy.<\/p>\n\n\n\n<p>6. A member of the Team appointed by the Minister of Finance will analyze the issue of the write-down for<\/p>\n\n\n\n<p>Social benefits fund.<\/p>\n\n\n\n<p>7. A member of the Team appointed by the Minister of Development and Technology will analyze the issue<\/p>\n\n\n\n<p>special protection for certain categories of workers, including trade union activists.<\/p>\n\n\n\n<p>8. The co-chairman of the Team on behalf of the National Commission of NSZZ &quot;Solidarity&quot; informed<\/p>\n\n\n\n<p>about the ongoing talks on changes in the functioning and financing of the Houses<\/p>\n\n\n\n<p>Social Assistance.<\/p>\n\n\n\n<p>9. By agreement, the Team determined January 15, 2023 as the date for verifying the findings from<\/p>\n\n\n\n<p>meeting held on 19 December 2022.<\/p>\n\n\n\n<figure class=\"wp-block-image size-large\"><a href=\"https:\/\/marekkuchcinski.pl\/wp-content\/uploads\/2022\/12\/es-1.jpg\"><img fetchpriority=\"high\" decoding=\"async\" width=\"1024\" height=\"683\" src=\"https:\/\/marekkuchcinski.pl\/wp-content\/uploads\/2022\/12\/es-1-1024x683.jpg\" alt=\"\" class=\"wp-image-27135\" srcset=\"https:\/\/marekkuchcinski.pl\/wp-content\/uploads\/2022\/12\/es-1-1024x683.jpg 1024w, https:\/\/marekkuchcinski.pl\/wp-content\/uploads\/2022\/12\/es-1-300x200.jpg 300w, https:\/\/marekkuchcinski.pl\/wp-content\/uploads\/2022\/12\/es-1-768x512.jpg 768w, https:\/\/marekkuchcinski.pl\/wp-content\/uploads\/2022\/12\/es-1-1536x1024.jpg 1536w, https:\/\/marekkuchcinski.pl\/wp-content\/uploads\/2022\/12\/es-1-18x12.jpg 18w, https:\/\/marekkuchcinski.pl\/wp-content\/uploads\/2022\/12\/es-1.jpg 1600w\" sizes=\"(max-width: 1024px) 100vw, 1024px\" \/><\/a><\/figure>\n\n\n\n<figure class=\"wp-block-image size-large\"><a href=\"https:\/\/marekkuchcinski.pl\/wp-content\/uploads\/2022\/12\/es2.jpg\"><img decoding=\"async\" width=\"1024\" height=\"683\" src=\"https:\/\/marekkuchcinski.pl\/wp-content\/uploads\/2022\/12\/es2-1024x683.jpg\" alt=\"\" class=\"wp-image-27136\" srcset=\"https:\/\/marekkuchcinski.pl\/wp-content\/uploads\/2022\/12\/es2-1024x683.jpg 1024w, https:\/\/marekkuchcinski.pl\/wp-content\/uploads\/2022\/12\/es2-300x200.jpg 300w, https:\/\/marekkuchcinski.pl\/wp-content\/uploads\/2022\/12\/es2-768x512.jpg 768w, https:\/\/marekkuchcinski.pl\/wp-content\/uploads\/2022\/12\/es2-1536x1024.jpg 1536w, https:\/\/marekkuchcinski.pl\/wp-content\/uploads\/2022\/12\/es2-18x12.jpg 18w, https:\/\/marekkuchcinski.pl\/wp-content\/uploads\/2022\/12\/es2.jpg 1600w\" sizes=\"(max-width: 1024px) 100vw, 1024px\" \/><\/a><\/figure>\n\n\n\n<figure class=\"wp-block-image size-large\"><a href=\"https:\/\/marekkuchcinski.pl\/wp-content\/uploads\/2022\/12\/es3.jpg\"><img decoding=\"async\" width=\"1024\" height=\"683\" src=\"https:\/\/marekkuchcinski.pl\/wp-content\/uploads\/2022\/12\/es3-1024x683.jpg\" alt=\"\" class=\"wp-image-27137\" srcset=\"https:\/\/marekkuchcinski.pl\/wp-content\/uploads\/2022\/12\/es3-1024x683.jpg 1024w, https:\/\/marekkuchcinski.pl\/wp-content\/uploads\/2022\/12\/es3-300x200.jpg 300w, https:\/\/marekkuchcinski.pl\/wp-content\/uploads\/2022\/12\/es3-768x512.jpg 768w, https:\/\/marekkuchcinski.pl\/wp-content\/uploads\/2022\/12\/es3-1536x1024.jpg 1536w, https:\/\/marekkuchcinski.pl\/wp-content\/uploads\/2022\/12\/es3-18x12.jpg 18w, https:\/\/marekkuchcinski.pl\/wp-content\/uploads\/2022\/12\/es3.jpg 1600w\" sizes=\"(max-width: 1024px) 100vw, 1024px\" \/><\/a><\/figure>\n\n\n\n<figure class=\"wp-block-image size-large\"><a href=\"https:\/\/marekkuchcinski.pl\/wp-content\/uploads\/2022\/12\/es4.jpg\"><img loading=\"lazy\" decoding=\"async\" width=\"1024\" height=\"683\" src=\"https:\/\/marekkuchcinski.pl\/wp-content\/uploads\/2022\/12\/es4-1024x683.jpg\" alt=\"\" class=\"wp-image-27138\" srcset=\"https:\/\/marekkuchcinski.pl\/wp-content\/uploads\/2022\/12\/es4-1024x683.jpg 1024w, https:\/\/marekkuchcinski.pl\/wp-content\/uploads\/2022\/12\/es4-300x200.jpg 300w, https:\/\/marekkuchcinski.pl\/wp-content\/uploads\/2022\/12\/es4-768x512.jpg 768w, https:\/\/marekkuchcinski.pl\/wp-content\/uploads\/2022\/12\/es4-1536x1024.jpg 1536w, https:\/\/marekkuchcinski.pl\/wp-content\/uploads\/2022\/12\/es4-18x12.jpg 18w, https:\/\/marekkuchcinski.pl\/wp-content\/uploads\/2022\/12\/es4.jpg 1600w\" sizes=\"(max-width: 1024px) 100vw, 1024px\" \/><\/a><\/figure>","protected":false},"excerpt":{"rendered":"<p>19 grudnia odby\u0142o si\u0119 posiedzenie roboczego Zespo\u0142u do spraw wypracowania porozumienia mi\u0119dzy Rz\u0105dem RP a Komisj\u0105 Krajow\u0105 NSZZ \u201eSolidarno\u015b\u0107\u201d pod przewodnictwem szefa KPRM Marka Kuchci\u0144skiego. G\u0142\u00f3wnymi tematami negocjacji by\u0142y: a) wsparcie przedsi\u0119biorstw energoch\u0142onnych; b) zmiany w polityce energetycznej kraju; c) wynagrodzenia w sferze finans\u00f3w publicznych, w tym zmiany dotycz\u0105ce wynagrodze\u0144 w sferze bud\u017cetowej z wyszczeg\u00f3lnieniem [&hellip;]<\/p>","protected":false},"author":21,"featured_media":27136,"comment_status":"open","ping_status":"open","sticky":false,"template":"","format":"standard","meta":{"ngg_post_thumbnail":0,"footnotes":""},"categories":[3],"tags":[],"class_list":["post-27133","post","type-post","status-publish","format-standard","has-post-thumbnail","hentry","category-wydarzenia"],"yoast_head":"<!-- This site is optimized with the Yoast SEO plugin v24.7 - https:\/\/yoast.com\/wordpress\/plugins\/seo\/ -->\n<title>Rz\u0105d dialogu \u2013 spotkanie ministr\u00f3w z przedstawicielami Solidarno\u015bci &#8211; Marek Kuchci\u0144ski<\/title>\n<meta name=\"robots\" content=\"index, follow, max-snippet:-1, max-image-preview:large, max-video-preview:-1\" \/>\n<link rel=\"canonical\" href=\"https:\/\/marekkuchcinski.pl\/en\/wydarzenia\/rzad-dialogu-spotkanie-ministrow-z-przedstawicielami-solidarnosci\/\" \/>\n<meta property=\"og:locale\" content=\"en_GB\" \/>\n<meta property=\"og:type\" content=\"article\" \/>\n<meta property=\"og:title\" content=\"Rz\u0105d dialogu \u2013 spotkanie ministr\u00f3w z przedstawicielami Solidarno\u015bci &#8211; Marek Kuchci\u0144ski\" \/>\n<meta property=\"og:description\" content=\"19 grudnia odby\u0142o si\u0119 posiedzenie roboczego Zespo\u0142u do spraw wypracowania porozumienia mi\u0119dzy Rz\u0105dem RP a Komisj\u0105 Krajow\u0105 NSZZ \u201eSolidarno\u015b\u0107\u201d pod przewodnictwem szefa KPRM Marka Kuchci\u0144skiego. G\u0142\u00f3wnymi tematami negocjacji by\u0142y: a) wsparcie przedsi\u0119biorstw energoch\u0142onnych; b) zmiany w polityce energetycznej kraju; c) wynagrodzenia w sferze finans\u00f3w publicznych, w tym zmiany dotycz\u0105ce wynagrodze\u0144 w sferze bud\u017cetowej z wyszczeg\u00f3lnieniem [&hellip;]\" \/>\n<meta property=\"og:url\" content=\"https:\/\/marekkuchcinski.pl\/en\/wydarzenia\/rzad-dialogu-spotkanie-ministrow-z-przedstawicielami-solidarnosci\/\" \/>\n<meta property=\"og:site_name\" content=\"Marek Kuchci\u0144ski\" \/>\n<meta property=\"article:published_time\" content=\"2022-12-20T20:37:00+00:00\" \/>\n<meta property=\"article:modified_time\" content=\"2022-12-21T20:44:18+00:00\" \/>\n<meta property=\"og:image\" content=\"https:\/\/marekkuchcinski.pl\/wp-content\/uploads\/2022\/12\/es2.jpg\" \/>\n\t<meta property=\"og:image:width\" content=\"1600\" \/>\n\t<meta property=\"og:image:height\" content=\"1067\" \/>\n\t<meta property=\"og:image:type\" content=\"image\/jpeg\" \/>\n<meta name=\"author\" content=\"Marta Olejnik\" \/>\n<meta name=\"twitter:card\" content=\"summary_large_image\" \/>\n<meta name=\"twitter:label1\" content=\"Written by\" \/>\n\t<meta name=\"twitter:data1\" content=\"Marta Olejnik\" \/>\n\t<meta name=\"twitter:label2\" content=\"Estimated reading time\" \/>\n\t<meta name=\"twitter:data2\" content=\"2 minutes\" \/>\n<script type=\"application\/ld+json\" class=\"yoast-schema-graph\">{\"@context\":\"https:\/\/schema.org\",\"@graph\":[{\"@type\":\"Article\",\"@id\":\"https:\/\/marekkuchcinski.pl\/hu\/wydarzenia\/rzad-dialogu-spotkanie-ministrow-z-przedstawicielami-solidarnosci\/#article\",\"isPartOf\":{\"@id\":\"https:\/\/marekkuchcinski.pl\/hu\/wydarzenia\/rzad-dialogu-spotkanie-ministrow-z-przedstawicielami-solidarnosci\/\"},\"author\":{\"name\":\"Marta Olejnik\",\"@id\":\"https:\/\/marekkuchcinski.pl\/#\/schema\/person\/51d5d4ee3b5317b8e4dd2b48af359229\"},\"headline\":\"Rz\u0105d dialogu \u2013 spotkanie ministr\u00f3w z przedstawicielami Solidarno\u015bci\",\"datePublished\":\"2022-12-20T20:37:00+00:00\",\"dateModified\":\"2022-12-21T20:44:18+00:00\",\"mainEntityOfPage\":{\"@id\":\"https:\/\/marekkuchcinski.pl\/hu\/wydarzenia\/rzad-dialogu-spotkanie-ministrow-z-przedstawicielami-solidarnosci\/\"},\"wordCount\":505,\"commentCount\":0,\"publisher\":{\"@id\":\"https:\/\/marekkuchcinski.pl\/#organization\"},\"image\":{\"@id\":\"https:\/\/marekkuchcinski.pl\/hu\/wydarzenia\/rzad-dialogu-spotkanie-ministrow-z-przedstawicielami-solidarnosci\/#primaryimage\"},\"thumbnailUrl\":\"https:\/\/marekkuchcinski.pl\/wp-content\/uploads\/2022\/12\/es2.jpg\",\"articleSection\":[\"Wydarzenia\"],\"inLanguage\":\"en-GB\",\"potentialAction\":[{\"@type\":\"CommentAction\",\"name\":\"Comment\",\"target\":[\"https:\/\/marekkuchcinski.pl\/hu\/wydarzenia\/rzad-dialogu-spotkanie-ministrow-z-przedstawicielami-solidarnosci\/#respond\"]}]},{\"@type\":\"WebPage\",\"@id\":\"https:\/\/marekkuchcinski.pl\/hu\/wydarzenia\/rzad-dialogu-spotkanie-ministrow-z-przedstawicielami-solidarnosci\/\",\"url\":\"https:\/\/marekkuchcinski.pl\/hu\/wydarzenia\/rzad-dialogu-spotkanie-ministrow-z-przedstawicielami-solidarnosci\/\",\"name\":\"Rz\u0105d dialogu \u2013 spotkanie ministr\u00f3w z przedstawicielami Solidarno\u015bci &#8211; Marek Kuchci\u0144ski\",\"isPartOf\":{\"@id\":\"https:\/\/marekkuchcinski.pl\/#website\"},\"primaryImageOfPage\":{\"@id\":\"https:\/\/marekkuchcinski.pl\/hu\/wydarzenia\/rzad-dialogu-spotkanie-ministrow-z-przedstawicielami-solidarnosci\/#primaryimage\"},\"image\":{\"@id\":\"https:\/\/marekkuchcinski.pl\/hu\/wydarzenia\/rzad-dialogu-spotkanie-ministrow-z-przedstawicielami-solidarnosci\/#primaryimage\"},\"thumbnailUrl\":\"https:\/\/marekkuchcinski.pl\/wp-content\/uploads\/2022\/12\/es2.jpg\",\"datePublished\":\"2022-12-20T20:37:00+00:00\",\"dateModified\":\"2022-12-21T20:44:18+00:00\",\"breadcrumb\":{\"@id\":\"https:\/\/marekkuchcinski.pl\/hu\/wydarzenia\/rzad-dialogu-spotkanie-ministrow-z-przedstawicielami-solidarnosci\/#breadcrumb\"},\"inLanguage\":\"en-GB\",\"potentialAction\":[{\"@type\":\"ReadAction\",\"target\":[\"https:\/\/marekkuchcinski.pl\/hu\/wydarzenia\/rzad-dialogu-spotkanie-ministrow-z-przedstawicielami-solidarnosci\/\"]}]},{\"@type\":\"ImageObject\",\"inLanguage\":\"en-GB\",\"@id\":\"https:\/\/marekkuchcinski.pl\/hu\/wydarzenia\/rzad-dialogu-spotkanie-ministrow-z-przedstawicielami-solidarnosci\/#primaryimage\",\"url\":\"https:\/\/marekkuchcinski.pl\/wp-content\/uploads\/2022\/12\/es2.jpg\",\"contentUrl\":\"https:\/\/marekkuchcinski.pl\/wp-content\/uploads\/2022\/12\/es2.jpg\",\"width\":1600,\"height\":1067},{\"@type\":\"BreadcrumbList\",\"@id\":\"https:\/\/marekkuchcinski.pl\/hu\/wydarzenia\/rzad-dialogu-spotkanie-ministrow-z-przedstawicielami-solidarnosci\/#breadcrumb\",\"itemListElement\":[{\"@type\":\"ListItem\",\"position\":1,\"name\":\"Strona g\u0142\u00f3wna\",\"item\":\"https:\/\/marekkuchcinski.pl\/\"},{\"@type\":\"ListItem\",\"position\":2,\"name\":\"Rz\u0105d dialogu \u2013 spotkanie ministr\u00f3w z przedstawicielami Solidarno\u015bci\"}]},{\"@type\":\"WebSite\",\"@id\":\"https:\/\/marekkuchcinski.pl\/#website\",\"url\":\"https:\/\/marekkuchcinski.pl\/\",\"name\":\"Marek Kuchci\u0144ski\",\"description\":\"Pose\u0142 na sejm RP &ndash; okr\u0119g nr 22\",\"publisher\":{\"@id\":\"https:\/\/marekkuchcinski.pl\/#organization\"},\"potentialAction\":[{\"@type\":\"SearchAction\",\"target\":{\"@type\":\"EntryPoint\",\"urlTemplate\":\"https:\/\/marekkuchcinski.pl\/?s={search_term_string}\"},\"query-input\":{\"@type\":\"PropertyValueSpecification\",\"valueRequired\":true,\"valueName\":\"search_term_string\"}}],\"inLanguage\":\"en-GB\"},{\"@type\":\"Organization\",\"@id\":\"https:\/\/marekkuchcinski.pl\/#organization\",\"name\":\"Marek Kuchci\u0144ski\",\"url\":\"https:\/\/marekkuchcinski.pl\/\",\"logo\":{\"@type\":\"ImageObject\",\"inLanguage\":\"en-GB\",\"@id\":\"https:\/\/marekkuchcinski.pl\/#\/schema\/logo\/image\/\",\"url\":\"https:\/\/marekkuchcinski.pl\/wp-content\/uploads\/2022\/09\/Marek.jpg\",\"contentUrl\":\"https:\/\/marekkuchcinski.pl\/wp-content\/uploads\/2022\/09\/Marek.jpg\",\"width\":1600,\"height\":971,\"caption\":\"Marek Kuchci\u0144ski\"},\"image\":{\"@id\":\"https:\/\/marekkuchcinski.pl\/#\/schema\/logo\/image\/\"}},{\"@type\":\"Person\",\"@id\":\"https:\/\/marekkuchcinski.pl\/#\/schema\/person\/51d5d4ee3b5317b8e4dd2b48af359229\",\"name\":\"Marta Olejnik\",\"image\":{\"@type\":\"ImageObject\",\"inLanguage\":\"en-GB\",\"@id\":\"https:\/\/marekkuchcinski.pl\/#\/schema\/person\/image\/\",\"url\":\"https:\/\/secure.gravatar.com\/avatar\/e39914b2aa6a48959e24d475b5dc9793?s=96&d=mm&r=g\",\"contentUrl\":\"https:\/\/secure.gravatar.com\/avatar\/e39914b2aa6a48959e24d475b5dc9793?s=96&d=mm&r=g\",\"caption\":\"Marta Olejnik\"},\"url\":\"https:\/\/marekkuchcinski.pl\/en\/author\/marta\/\"}]}<\/script>\n<!-- \/ Yoast SEO plugin. -->","yoast_head_json":{"title":"Rz\u0105d dialogu \u2013 spotkanie ministr\u00f3w z przedstawicielami Solidarno\u015bci &#8211; Marek Kuchci\u0144ski","robots":{"index":"index","follow":"follow","max-snippet":"max-snippet:-1","max-image-preview":"max-image-preview:large","max-video-preview":"max-video-preview:-1"},"canonical":"https:\/\/marekkuchcinski.pl\/en\/wydarzenia\/rzad-dialogu-spotkanie-ministrow-z-przedstawicielami-solidarnosci\/","og_locale":"en_GB","og_type":"article","og_title":"Rz\u0105d dialogu \u2013 spotkanie ministr\u00f3w z przedstawicielami Solidarno\u015bci &#8211; Marek Kuchci\u0144ski","og_description":"19 grudnia odby\u0142o si\u0119 posiedzenie roboczego Zespo\u0142u do spraw wypracowania porozumienia mi\u0119dzy Rz\u0105dem RP a Komisj\u0105 Krajow\u0105 NSZZ \u201eSolidarno\u015b\u0107\u201d pod przewodnictwem szefa KPRM Marka Kuchci\u0144skiego. G\u0142\u00f3wnymi tematami negocjacji by\u0142y: a) wsparcie przedsi\u0119biorstw energoch\u0142onnych; b) zmiany w polityce energetycznej kraju; c) wynagrodzenia w sferze finans\u00f3w publicznych, w tym zmiany dotycz\u0105ce wynagrodze\u0144 w sferze bud\u017cetowej z wyszczeg\u00f3lnieniem [&hellip;]","og_url":"https:\/\/marekkuchcinski.pl\/en\/wydarzenia\/rzad-dialogu-spotkanie-ministrow-z-przedstawicielami-solidarnosci\/","og_site_name":"Marek Kuchci\u0144ski","article_published_time":"2022-12-20T20:37:00+00:00","article_modified_time":"2022-12-21T20:44:18+00:00","og_image":[{"width":1600,"height":1067,"url":"https:\/\/marekkuchcinski.pl\/wp-content\/uploads\/2022\/12\/es2.jpg","type":"image\/jpeg"}],"author":"Marta Olejnik","twitter_card":"summary_large_image","twitter_misc":{"Written by":"Marta Olejnik","Estimated reading time":"2 minutes"},"schema":{"@context":"https:\/\/schema.org","@graph":[{"@type":"Article","@id":"https:\/\/marekkuchcinski.pl\/hu\/wydarzenia\/rzad-dialogu-spotkanie-ministrow-z-przedstawicielami-solidarnosci\/#article","isPartOf":{"@id":"https:\/\/marekkuchcinski.pl\/hu\/wydarzenia\/rzad-dialogu-spotkanie-ministrow-z-przedstawicielami-solidarnosci\/"},"author":{"name":"Marta Olejnik","@id":"https:\/\/marekkuchcinski.pl\/#\/schema\/person\/51d5d4ee3b5317b8e4dd2b48af359229"},"headline":"Rz\u0105d dialogu \u2013 spotkanie ministr\u00f3w z przedstawicielami Solidarno\u015bci","datePublished":"2022-12-20T20:37:00+00:00","dateModified":"2022-12-21T20:44:18+00:00","mainEntityOfPage":{"@id":"https:\/\/marekkuchcinski.pl\/hu\/wydarzenia\/rzad-dialogu-spotkanie-ministrow-z-przedstawicielami-solidarnosci\/"},"wordCount":505,"commentCount":0,"publisher":{"@id":"https:\/\/marekkuchcinski.pl\/#organization"},"image":{"@id":"https:\/\/marekkuchcinski.pl\/hu\/wydarzenia\/rzad-dialogu-spotkanie-ministrow-z-przedstawicielami-solidarnosci\/#primaryimage"},"thumbnailUrl":"https:\/\/marekkuchcinski.pl\/wp-content\/uploads\/2022\/12\/es2.jpg","articleSection":["Wydarzenia"],"inLanguage":"en-GB","potentialAction":[{"@type":"CommentAction","name":"Comment","target":["https:\/\/marekkuchcinski.pl\/hu\/wydarzenia\/rzad-dialogu-spotkanie-ministrow-z-przedstawicielami-solidarnosci\/#respond"]}]},{"@type":"WebPage","@id":"https:\/\/marekkuchcinski.pl\/hu\/wydarzenia\/rzad-dialogu-spotkanie-ministrow-z-przedstawicielami-solidarnosci\/","url":"https:\/\/marekkuchcinski.pl\/hu\/wydarzenia\/rzad-dialogu-spotkanie-ministrow-z-przedstawicielami-solidarnosci\/","name":"Rz\u0105d dialogu \u2013 spotkanie ministr\u00f3w z przedstawicielami Solidarno\u015bci &#8211; Marek Kuchci\u0144ski","isPartOf":{"@id":"https:\/\/marekkuchcinski.pl\/#website"},"primaryImageOfPage":{"@id":"https:\/\/marekkuchcinski.pl\/hu\/wydarzenia\/rzad-dialogu-spotkanie-ministrow-z-przedstawicielami-solidarnosci\/#primaryimage"},"image":{"@id":"https:\/\/marekkuchcinski.pl\/hu\/wydarzenia\/rzad-dialogu-spotkanie-ministrow-z-przedstawicielami-solidarnosci\/#primaryimage"},"thumbnailUrl":"https:\/\/marekkuchcinski.pl\/wp-content\/uploads\/2022\/12\/es2.jpg","datePublished":"2022-12-20T20:37:00+00:00","dateModified":"2022-12-21T20:44:18+00:00","breadcrumb":{"@id":"https:\/\/marekkuchcinski.pl\/hu\/wydarzenia\/rzad-dialogu-spotkanie-ministrow-z-przedstawicielami-solidarnosci\/#breadcrumb"},"inLanguage":"en-GB","potentialAction":[{"@type":"ReadAction","target":["https:\/\/marekkuchcinski.pl\/hu\/wydarzenia\/rzad-dialogu-spotkanie-ministrow-z-przedstawicielami-solidarnosci\/"]}]},{"@type":"ImageObject","inLanguage":"en-GB","@id":"https:\/\/marekkuchcinski.pl\/hu\/wydarzenia\/rzad-dialogu-spotkanie-ministrow-z-przedstawicielami-solidarnosci\/#primaryimage","url":"https:\/\/marekkuchcinski.pl\/wp-content\/uploads\/2022\/12\/es2.jpg","contentUrl":"https:\/\/marekkuchcinski.pl\/wp-content\/uploads\/2022\/12\/es2.jpg","width":1600,"height":1067},{"@type":"BreadcrumbList","@id":"https:\/\/marekkuchcinski.pl\/hu\/wydarzenia\/rzad-dialogu-spotkanie-ministrow-z-przedstawicielami-solidarnosci\/#breadcrumb","itemListElement":[{"@type":"ListItem","position":1,"name":"Strona g\u0142\u00f3wna","item":"https:\/\/marekkuchcinski.pl\/"},{"@type":"ListItem","position":2,"name":"Rz\u0105d dialogu \u2013 spotkanie ministr\u00f3w z przedstawicielami Solidarno\u015bci"}]},{"@type":"WebSite","@id":"https:\/\/marekkuchcinski.pl\/#website","url":"https:\/\/marekkuchcinski.pl\/","name":"Marek Kuchci\u0144ski","description":"Pose\u0142 na sejm RP &ndash; okr\u0119g nr 22","publisher":{"@id":"https:\/\/marekkuchcinski.pl\/#organization"},"potentialAction":[{"@type":"SearchAction","target":{"@type":"EntryPoint","urlTemplate":"https:\/\/marekkuchcinski.pl\/?s={search_term_string}"},"query-input":{"@type":"PropertyValueSpecification","valueRequired":true,"valueName":"search_term_string"}}],"inLanguage":"en-GB"},{"@type":"Organization","@id":"https:\/\/marekkuchcinski.pl\/#organization","name":"Marek Kuchci\u0144ski","url":"https:\/\/marekkuchcinski.pl\/","logo":{"@type":"ImageObject","inLanguage":"en-GB","@id":"https:\/\/marekkuchcinski.pl\/#\/schema\/logo\/image\/","url":"https:\/\/marekkuchcinski.pl\/wp-content\/uploads\/2022\/09\/Marek.jpg","contentUrl":"https:\/\/marekkuchcinski.pl\/wp-content\/uploads\/2022\/09\/Marek.jpg","width":1600,"height":971,"caption":"Marek Kuchci\u0144ski"},"image":{"@id":"https:\/\/marekkuchcinski.pl\/#\/schema\/logo\/image\/"}},{"@type":"Person","@id":"https:\/\/marekkuchcinski.pl\/#\/schema\/person\/51d5d4ee3b5317b8e4dd2b48af359229","name":"Marta Olejnik","image":{"@type":"ImageObject","inLanguage":"en-GB","@id":"https:\/\/marekkuchcinski.pl\/#\/schema\/person\/image\/","url":"https:\/\/secure.gravatar.com\/avatar\/e39914b2aa6a48959e24d475b5dc9793?s=96&d=mm&r=g","contentUrl":"https:\/\/secure.gravatar.com\/avatar\/e39914b2aa6a48959e24d475b5dc9793?s=96&d=mm&r=g","caption":"Marta Olejnik"},"url":"https:\/\/marekkuchcinski.pl\/en\/author\/marta\/"}]}},"_links":{"self":[{"href":"https:\/\/marekkuchcinski.pl\/en\/wp-json\/wp\/v2\/posts\/27133","targetHints":{"allow":["GET"]}}],"collection":[{"href":"https:\/\/marekkuchcinski.pl\/en\/wp-json\/wp\/v2\/posts"}],"about":[{"href":"https:\/\/marekkuchcinski.pl\/en\/wp-json\/wp\/v2\/types\/post"}],"author":[{"embeddable":true,"href":"https:\/\/marekkuchcinski.pl\/en\/wp-json\/wp\/v2\/users\/21"}],"replies":[{"embeddable":true,"href":"https:\/\/marekkuchcinski.pl\/en\/wp-json\/wp\/v2\/comments?post=27133"}],"version-history":[{"count":1,"href":"https:\/\/marekkuchcinski.pl\/en\/wp-json\/wp\/v2\/posts\/27133\/revisions"}],"predecessor-version":[{"id":27139,"href":"https:\/\/marekkuchcinski.pl\/en\/wp-json\/wp\/v2\/posts\/27133\/revisions\/27139"}],"wp:featuredmedia":[{"embeddable":true,"href":"https:\/\/marekkuchcinski.pl\/en\/wp-json\/wp\/v2\/media\/27136"}],"wp:attachment":[{"href":"https:\/\/marekkuchcinski.pl\/en\/wp-json\/wp\/v2\/media?parent=27133"}],"wp:term":[{"taxonomy":"category","embeddable":true,"href":"https:\/\/marekkuchcinski.pl\/en\/wp-json\/wp\/v2\/categories?post=27133"},{"taxonomy":"post_tag","embeddable":true,"href":"https:\/\/marekkuchcinski.pl\/en\/wp-json\/wp\/v2\/tags?post=27133"}],"curies":[{"name":"wp","href":"https:\/\/api.w.org\/{rel}","templated":true}]}}