{"id":270,"date":"2012-11-12T13:42:23","date_gmt":"2012-11-12T12:42:23","guid":{"rendered":"https:\/\/marekkuchcinski.pl\/?p=270"},"modified":"2016-08-25T16:59:52","modified_gmt":"2016-08-25T14:59:52","slug":"uroczysta-msza-sw-pogrzebowa-oraz-zlozenie-w-panteonie-wielkich-polakow-prochow-sp-pplk-hm-zygmunta-lechoslawa-szadkowskiego-oraz-sp-wandy-szadkowskiej-warszawa-10-listopada-2012","status":"publish","type":"post","link":"https:\/\/marekkuchcinski.pl\/en\/wydarzenia\/uroczysta-msza-sw-pogrzebowa-oraz-zlozenie-w-panteonie-wielkich-polakow-prochow-sp-pplk-hm-zygmunta-lechoslawa-szadkowskiego-oraz-sp-wandy-szadkowskiej-warszawa-10-listopada-2012\/","title":{"rendered":"The solemn funeral Mass and the laying to rest in the Pantheon of Great Poles the ashes of the late Lt. Col. Zygmunt Lechoslaw Szadkowski and the late Wanda Szadkowska - Warsaw, November 10th, 2012"},"content":{"rendered":"<h4 style=\"text-align: justify;\"><img fetchpriority=\"high\" decoding=\"async\" class=\"alignleft size-full wp-image-269\" alt=\"\" src=\"https:\/\/marekkuchcinski.pl\/wp-content\/uploads\/2012\/11\/7.jpg\" style=\"height: 100px; width: 150px; margin: 6px; float: left;\" width=\"1151\" height=\"768\" srcset=\"https:\/\/marekkuchcinski.pl\/wp-content\/uploads\/2012\/11\/7.jpg 1151w, https:\/\/marekkuchcinski.pl\/wp-content\/uploads\/2012\/11\/7-300x200.jpg 300w, https:\/\/marekkuchcinski.pl\/wp-content\/uploads\/2012\/11\/7-768x512.jpg 768w, https:\/\/marekkuchcinski.pl\/wp-content\/uploads\/2012\/11\/7-1024x683.jpg 1024w\" sizes=\"(max-width: 1151px) 100vw, 1151px\" \/>From ipn.gov.pl: On November 10, 2012, at 12 o'clock, in the Temple of Divine Providence in Wilanow a solemn funeral Mass was held and the ashes of the late Lt. Col. Zygmunt Lechoslaw Szadkowski and Wanda Szadkowska were placed in the Pantheon of Great Poles. The ceremony was presided over by His Excellency Cardinal Kazimierz Nycz, Metropolitan of Warsaw. The Sejm of the Republic of Poland was represented by the Vice-Marshal Marek Kuchcinski. The funeral ceremony was followed by the opening of the exhibition and a meeting at the Divine Providence Center.<\/h4>\n<p><span style=\"font-size: 12px\"><strong>Sigmund Lechos\u0142aw Szadkowski <\/strong><\/span><\/p>\n<p style=\"text-align: justify;\">Born January 5, 1912 in Warsaw. The son of a prisoner of the Warsaw Citadel. He graduated from Stefan Batory University in Vilnius. In 1938, he started working in diplomatic service in Latvia. In November 1939, he was sworn in to the Union for Armed Struggle. He was delegated by General W. Sikorski, Commander-in-Chief, as an emissary of the government to create transport routes from Romania to Poland and to the Middle East, for which he was awarded the Cross of Home Army. Since June 4, 1940 he was a soldier of the Independent Carpathian Rifle Brigade. He took part in the defense of Tobruk and in the battles for Gazala. For the Libya campaign he was awarded the Cross of Valour.<\/p>\n<p style=\"text-align: justify;\"><span style=\"font-size:10px;\">Photo: Martyna J\u00f3zefiak.<\/span><\/p>\n<p> <!--more--> <\/p>\n<p style=\"text-align: justify;\"><strong>He was associated with the Boy Scouts, which he joined in 1919, until the end of his life.<\/strong> During World War II, he was the Commander of the Polish Scouting Association in the East, by order of Commander-in-Chief, General K. Sosnkowski, he created courses for scouting instructors in Isfahan, the Chairman of the Polish Scouting Association based in London until 1967. Awarded the Officer's Cross of the Order of Polonia Restituta for scouting activities.<\/p>\n<p style=\"text-align: justify;\"><strong>In exile in London since 1947.<\/strong> The only issue in which he never accepted compromise was the freedom and independence of Poland. From the very beginning he worked in the Association of Polish Veterans, serving for many years as president of the World Federation and its branch in Great Britain, for which he was awarded the Commander of the Order of Polonia Restituta. He was a three-time minister in the governments in exile.<\/p>\n<p style=\"text-align: justify;\"><strong>He was a member of the Committee for the Defense of the Polish Name,<\/strong> A member of the Council of the Polish Institute of Catholic Action, he was active in the Committee for the Care of War Cemeteries of the Polish Armed Forces in the West. He chaired the Committee for the Construction of the John Paul II Home in Great Britain. Member of the Committee for the Construction of the Katyn Monument, unveiled in London in 1976. Chairman of the National Council of the Republic of Poland, or the Speaker of the Polish Parliament for 3 terms, until its dissolution in December 1991. <strong>Decorated with the Grand Ribbon of the Order of Polonia Restituta.<\/strong> \"With the dissolution of the Polish National Council the emigration episode of our history, now called the Second Great Emigration, came to an end.<\/p>\n<p style=\"text-align: justify;\">He died on September 5, 1995, in London.<\/p>\n<p style=\"text-align: justify;\"><span style=\"font-size: 12px\"><strong>Wanda Szadkowska n\u00e9e Malinowska<\/strong><\/span><\/p>\n<p style=\"text-align: justify;\">Born August 23, 1912 in \u0141apy. A faithful life companion of Zygmunt Szadkowski for 60 years. She spent her childhood in Petersburg, where at the age of 5 she lost her mother during a cholera epidemic.<strong> She was active in the Polish Women's Union in Exile<\/strong>She was a member of the \"National Treasury\" and a member of the Polish Veterans Association \"Scout\" circle. <strong>She belonged to the Society of Friends of the John Paul II Foundation<\/strong> in Great Britain. From a letter written by Zygmunt Szadkowski to his wife during the war: \"I know that you are a brave Pole. I remember how you told me back in Paris: if it is necessary, I will bear everything valiantly, I know that it cannot be otherwise. Every Pole must fulfill his duty. Recollections of Henryk Sielecka, wife of Colonel Stanis\u0142aw Sielecki: \"We shared a kitchen with Wanda, and that is the best test of conflict-free friendship. <strong>Sigismund had a truly wonderful wife! He would never have accomplished so much in his life had it not been for her concern for his \"daily bread\", the upbringing and education of his children.<\/strong> She was the \"head and neck\" of the family. She consented to his community service, for which no one was paid. <strong>Such wives should go down in history. They deserve the highest honor.\"<\/strong>.<\/p>\n<p style=\"text-align: justify;\">She died on November 5, 1999, in London.<br \/> <a href=\"http:\/\/www.zygmuntszadkowski.pl\">www.zygmuntszadkowski.pl<\/a><\/p>\n<p style=\"text-align: justify;\">Relation:<a href=\"http:\/\/www.tvn24.pl\/wiadomosci-z-kraju,3\/ostatni-przewodniczacy-rady-narodowej-rp-spoczal-w-panteonie-wielkich-polakow,287938.html\"> tvn24.pl<\/a><\/p>","protected":false},"excerpt":{"rendered":"<p>Za ipn.gov.pl: 10 listopada 2012 r. o godzinie 12.00 w \u015awi\u0105tyni Opatrzno\u015bci Bo\u017cej w Wilanowie odby\u0142a si\u0119 uroczysta Msza \u015bw. pogrzebowa oraz z\u0142o\u017cenie proch\u00f3w \u015bp. pp\u0142k. hm. Zygmunta Lechos\u0142awa Szadkowskiego oraz \u015bp. Wandy Szadkowskiej w Panteonie Wielkich Polak\u00f3w. Uroczysto\u015bci przewodniczy\u0142 JE ks. Kazimierz Kardyna\u0142 Nycz Metropolita Warszawski. Sejm RP reprezentowa\u0142 wicemarsza\u0142ek Marek Kuchci\u0144ski (wpis w\u0142.). [&hellip;]<\/p>","protected":false},"author":6,"featured_media":269,"comment_status":"open","ping_status":"open","sticky":false,"template":"","format":"standard","meta":{"ngg_post_thumbnail":0,"footnotes":""},"categories":[3],"tags":[],"class_list":["post-270","post","type-post","status-publish","format-standard","has-post-thumbnail","hentry","category-wydarzenia"],"yoast_head":"<!-- This site is optimized with the Yoast SEO plugin v24.7 - https:\/\/yoast.com\/wordpress\/plugins\/seo\/ -->\n<title>Uroczysta Msza \u015bw. pogrzebowa oraz z\u0142o\u017cenie w Panteonie Wielkich Polak\u00f3w proch\u00f3w \u015bp. pp\u0142k. hm. Zygmunta Lechos\u0142awa Szadkowskiego oraz \u015bp. Wandy Szadkowskiej \u2013 Warszawa, 10 listopada 2012 &#8211; Marek Kuchci\u0144ski<\/title>\n<meta name=\"robots\" content=\"index, follow, max-snippet:-1, max-image-preview:large, max-video-preview:-1\" \/>\n<link rel=\"canonical\" href=\"https:\/\/marekkuchcinski.pl\/en\/wydarzenia\/uroczysta-msza-sw-pogrzebowa-oraz-zlozenie-w-panteonie-wielkich-polakow-prochow-sp-pplk-hm-zygmunta-lechoslawa-szadkowskiego-oraz-sp-wandy-szadkowskiej-warszawa-10-listopada-2012\/\" \/>\n<meta property=\"og:locale\" content=\"en_GB\" \/>\n<meta property=\"og:type\" content=\"article\" \/>\n<meta property=\"og:title\" content=\"Uroczysta Msza \u015bw. pogrzebowa oraz z\u0142o\u017cenie w Panteonie Wielkich Polak\u00f3w proch\u00f3w \u015bp. pp\u0142k. hm. Zygmunta Lechos\u0142awa Szadkowskiego oraz \u015bp. Wandy Szadkowskiej \u2013 Warszawa, 10 listopada 2012 &#8211; Marek Kuchci\u0144ski\" \/>\n<meta property=\"og:description\" content=\"Za ipn.gov.pl: 10 listopada 2012 r. o godzinie 12.00 w \u015awi\u0105tyni Opatrzno\u015bci Bo\u017cej w Wilanowie odby\u0142a si\u0119 uroczysta Msza \u015bw. pogrzebowa oraz z\u0142o\u017cenie proch\u00f3w \u015bp. pp\u0142k. hm. Zygmunta Lechos\u0142awa Szadkowskiego oraz \u015bp. Wandy Szadkowskiej w Panteonie Wielkich Polak\u00f3w. Uroczysto\u015bci przewodniczy\u0142 JE ks. Kazimierz Kardyna\u0142 Nycz Metropolita Warszawski. Sejm RP reprezentowa\u0142 wicemarsza\u0142ek Marek Kuchci\u0144ski (wpis w\u0142.). [&hellip;]\" \/>\n<meta property=\"og:url\" content=\"https:\/\/marekkuchcinski.pl\/en\/wydarzenia\/uroczysta-msza-sw-pogrzebowa-oraz-zlozenie-w-panteonie-wielkich-polakow-prochow-sp-pplk-hm-zygmunta-lechoslawa-szadkowskiego-oraz-sp-wandy-szadkowskiej-warszawa-10-listopada-2012\/\" \/>\n<meta property=\"og:site_name\" content=\"Marek Kuchci\u0144ski\" \/>\n<meta property=\"article:published_time\" content=\"2012-11-12T12:42:23+00:00\" \/>\n<meta property=\"article:modified_time\" content=\"2016-08-25T14:59:52+00:00\" \/>\n<meta property=\"og:image\" content=\"https:\/\/marekkuchcinski.pl\/wp-content\/uploads\/2012\/11\/7.jpg\" \/>\n\t<meta property=\"og:image:width\" content=\"1151\" \/>\n\t<meta property=\"og:image:height\" content=\"768\" \/>\n\t<meta property=\"og:image:type\" content=\"image\/jpeg\" \/>\n<meta name=\"author\" content=\"admin\" \/>\n<meta name=\"twitter:card\" content=\"summary_large_image\" \/>\n<meta name=\"twitter:label1\" content=\"Written by\" \/>\n\t<meta name=\"twitter:data1\" content=\"admin\" \/>\n\t<meta name=\"twitter:label2\" content=\"Estimated reading time\" \/>\n\t<meta name=\"twitter:data2\" content=\"3 minutes\" \/>\n<script type=\"application\/ld+json\" class=\"yoast-schema-graph\">{\"@context\":\"https:\/\/schema.org\",\"@graph\":[{\"@type\":\"Article\",\"@id\":\"https:\/\/marekkuchcinski.pl\/sk\/wydarzenia\/uroczysta-msza-sw-pogrzebowa-oraz-zlozenie-w-panteonie-wielkich-polakow-prochow-sp-pplk-hm-zygmunta-lechoslawa-szadkowskiego-oraz-sp-wandy-szadkowskiej-warszawa-10-listopada-2012\/#article\",\"isPartOf\":{\"@id\":\"https:\/\/marekkuchcinski.pl\/sk\/wydarzenia\/uroczysta-msza-sw-pogrzebowa-oraz-zlozenie-w-panteonie-wielkich-polakow-prochow-sp-pplk-hm-zygmunta-lechoslawa-szadkowskiego-oraz-sp-wandy-szadkowskiej-warszawa-10-listopada-2012\/\"},\"author\":{\"name\":\"admin\",\"@id\":\"https:\/\/marekkuchcinski.pl\/#\/schema\/person\/6f62700996b4d950b6ea2d1183b6c6be\"},\"headline\":\"Uroczysta Msza \u015bw. pogrzebowa oraz z\u0142o\u017cenie w Panteonie Wielkich Polak\u00f3w proch\u00f3w \u015bp. pp\u0142k. hm. Zygmunta Lechos\u0142awa Szadkowskiego oraz \u015bp. Wandy Szadkowskiej \u2013 Warszawa, 10 listopada 2012\",\"datePublished\":\"2012-11-12T12:42:23+00:00\",\"dateModified\":\"2016-08-25T14:59:52+00:00\",\"mainEntityOfPage\":{\"@id\":\"https:\/\/marekkuchcinski.pl\/sk\/wydarzenia\/uroczysta-msza-sw-pogrzebowa-oraz-zlozenie-w-panteonie-wielkich-polakow-prochow-sp-pplk-hm-zygmunta-lechoslawa-szadkowskiego-oraz-sp-wandy-szadkowskiej-warszawa-10-listopada-2012\/\"},\"wordCount\":701,\"commentCount\":0,\"publisher\":{\"@id\":\"https:\/\/marekkuchcinski.pl\/#organization\"},\"image\":{\"@id\":\"https:\/\/marekkuchcinski.pl\/sk\/wydarzenia\/uroczysta-msza-sw-pogrzebowa-oraz-zlozenie-w-panteonie-wielkich-polakow-prochow-sp-pplk-hm-zygmunta-lechoslawa-szadkowskiego-oraz-sp-wandy-szadkowskiej-warszawa-10-listopada-2012\/#primaryimage\"},\"thumbnailUrl\":\"https:\/\/marekkuchcinski.pl\/wp-content\/uploads\/2012\/11\/7.jpg\",\"articleSection\":[\"Wydarzenia\"],\"inLanguage\":\"en-GB\",\"potentialAction\":[{\"@type\":\"CommentAction\",\"name\":\"Comment\",\"target\":[\"https:\/\/marekkuchcinski.pl\/sk\/wydarzenia\/uroczysta-msza-sw-pogrzebowa-oraz-zlozenie-w-panteonie-wielkich-polakow-prochow-sp-pplk-hm-zygmunta-lechoslawa-szadkowskiego-oraz-sp-wandy-szadkowskiej-warszawa-10-listopada-2012\/#respond\"]}]},{\"@type\":\"WebPage\",\"@id\":\"https:\/\/marekkuchcinski.pl\/sk\/wydarzenia\/uroczysta-msza-sw-pogrzebowa-oraz-zlozenie-w-panteonie-wielkich-polakow-prochow-sp-pplk-hm-zygmunta-lechoslawa-szadkowskiego-oraz-sp-wandy-szadkowskiej-warszawa-10-listopada-2012\/\",\"url\":\"https:\/\/marekkuchcinski.pl\/sk\/wydarzenia\/uroczysta-msza-sw-pogrzebowa-oraz-zlozenie-w-panteonie-wielkich-polakow-prochow-sp-pplk-hm-zygmunta-lechoslawa-szadkowskiego-oraz-sp-wandy-szadkowskiej-warszawa-10-listopada-2012\/\",\"name\":\"Uroczysta Msza \u015bw. pogrzebowa oraz z\u0142o\u017cenie w Panteonie Wielkich Polak\u00f3w proch\u00f3w \u015bp. pp\u0142k. hm. Zygmunta Lechos\u0142awa Szadkowskiego oraz \u015bp. Wandy Szadkowskiej \u2013 Warszawa, 10 listopada 2012 &#8211; Marek Kuchci\u0144ski\",\"isPartOf\":{\"@id\":\"https:\/\/marekkuchcinski.pl\/#website\"},\"primaryImageOfPage\":{\"@id\":\"https:\/\/marekkuchcinski.pl\/sk\/wydarzenia\/uroczysta-msza-sw-pogrzebowa-oraz-zlozenie-w-panteonie-wielkich-polakow-prochow-sp-pplk-hm-zygmunta-lechoslawa-szadkowskiego-oraz-sp-wandy-szadkowskiej-warszawa-10-listopada-2012\/#primaryimage\"},\"image\":{\"@id\":\"https:\/\/marekkuchcinski.pl\/sk\/wydarzenia\/uroczysta-msza-sw-pogrzebowa-oraz-zlozenie-w-panteonie-wielkich-polakow-prochow-sp-pplk-hm-zygmunta-lechoslawa-szadkowskiego-oraz-sp-wandy-szadkowskiej-warszawa-10-listopada-2012\/#primaryimage\"},\"thumbnailUrl\":\"https:\/\/marekkuchcinski.pl\/wp-content\/uploads\/2012\/11\/7.jpg\",\"datePublished\":\"2012-11-12T12:42:23+00:00\",\"dateModified\":\"2016-08-25T14:59:52+00:00\",\"breadcrumb\":{\"@id\":\"https:\/\/marekkuchcinski.pl\/sk\/wydarzenia\/uroczysta-msza-sw-pogrzebowa-oraz-zlozenie-w-panteonie-wielkich-polakow-prochow-sp-pplk-hm-zygmunta-lechoslawa-szadkowskiego-oraz-sp-wandy-szadkowskiej-warszawa-10-listopada-2012\/#breadcrumb\"},\"inLanguage\":\"en-GB\",\"potentialAction\":[{\"@type\":\"ReadAction\",\"target\":[\"https:\/\/marekkuchcinski.pl\/sk\/wydarzenia\/uroczysta-msza-sw-pogrzebowa-oraz-zlozenie-w-panteonie-wielkich-polakow-prochow-sp-pplk-hm-zygmunta-lechoslawa-szadkowskiego-oraz-sp-wandy-szadkowskiej-warszawa-10-listopada-2012\/\"]}]},{\"@type\":\"ImageObject\",\"inLanguage\":\"en-GB\",\"@id\":\"https:\/\/marekkuchcinski.pl\/sk\/wydarzenia\/uroczysta-msza-sw-pogrzebowa-oraz-zlozenie-w-panteonie-wielkich-polakow-prochow-sp-pplk-hm-zygmunta-lechoslawa-szadkowskiego-oraz-sp-wandy-szadkowskiej-warszawa-10-listopada-2012\/#primaryimage\",\"url\":\"https:\/\/marekkuchcinski.pl\/wp-content\/uploads\/2012\/11\/7.jpg\",\"contentUrl\":\"https:\/\/marekkuchcinski.pl\/wp-content\/uploads\/2012\/11\/7.jpg\",\"width\":1151,\"height\":768},{\"@type\":\"BreadcrumbList\",\"@id\":\"https:\/\/marekkuchcinski.pl\/sk\/wydarzenia\/uroczysta-msza-sw-pogrzebowa-oraz-zlozenie-w-panteonie-wielkich-polakow-prochow-sp-pplk-hm-zygmunta-lechoslawa-szadkowskiego-oraz-sp-wandy-szadkowskiej-warszawa-10-listopada-2012\/#breadcrumb\",\"itemListElement\":[{\"@type\":\"ListItem\",\"position\":1,\"name\":\"Strona g\u0142\u00f3wna\",\"item\":\"https:\/\/marekkuchcinski.pl\/\"},{\"@type\":\"ListItem\",\"position\":2,\"name\":\"Uroczysta Msza \u015bw. pogrzebowa oraz z\u0142o\u017cenie w Panteonie Wielkich Polak\u00f3w proch\u00f3w \u015bp. pp\u0142k. hm. Zygmunta Lechos\u0142awa Szadkowskiego oraz \u015bp. Wandy Szadkowskiej \u2013 Warszawa, 10 listopada 2012\"}]},{\"@type\":\"WebSite\",\"@id\":\"https:\/\/marekkuchcinski.pl\/#website\",\"url\":\"https:\/\/marekkuchcinski.pl\/\",\"name\":\"Marek Kuchci\u0144ski\",\"description\":\"Pose\u0142 na sejm RP &ndash; okr\u0119g nr 22\",\"publisher\":{\"@id\":\"https:\/\/marekkuchcinski.pl\/#organization\"},\"potentialAction\":[{\"@type\":\"SearchAction\",\"target\":{\"@type\":\"EntryPoint\",\"urlTemplate\":\"https:\/\/marekkuchcinski.pl\/?s={search_term_string}\"},\"query-input\":{\"@type\":\"PropertyValueSpecification\",\"valueRequired\":true,\"valueName\":\"search_term_string\"}}],\"inLanguage\":\"en-GB\"},{\"@type\":\"Organization\",\"@id\":\"https:\/\/marekkuchcinski.pl\/#organization\",\"name\":\"Marek Kuchci\u0144ski\",\"url\":\"https:\/\/marekkuchcinski.pl\/\",\"logo\":{\"@type\":\"ImageObject\",\"inLanguage\":\"en-GB\",\"@id\":\"https:\/\/marekkuchcinski.pl\/#\/schema\/logo\/image\/\",\"url\":\"https:\/\/marekkuchcinski.pl\/wp-content\/uploads\/2022\/09\/Marek.jpg\",\"contentUrl\":\"https:\/\/marekkuchcinski.pl\/wp-content\/uploads\/2022\/09\/Marek.jpg\",\"width\":1600,\"height\":971,\"caption\":\"Marek Kuchci\u0144ski\"},\"image\":{\"@id\":\"https:\/\/marekkuchcinski.pl\/#\/schema\/logo\/image\/\"}},{\"@type\":\"Person\",\"@id\":\"https:\/\/marekkuchcinski.pl\/#\/schema\/person\/6f62700996b4d950b6ea2d1183b6c6be\",\"name\":\"admin\",\"image\":{\"@type\":\"ImageObject\",\"inLanguage\":\"en-GB\",\"@id\":\"https:\/\/marekkuchcinski.pl\/#\/schema\/person\/image\/\",\"url\":\"https:\/\/secure.gravatar.com\/avatar\/4bab693b9d55c3d6b52c0296a8765085?s=96&d=mm&r=g\",\"contentUrl\":\"https:\/\/secure.gravatar.com\/avatar\/4bab693b9d55c3d6b52c0296a8765085?s=96&d=mm&r=g\",\"caption\":\"admin\"},\"url\":\"https:\/\/marekkuchcinski.pl\/en\/author\/marta-olejnik\/\"}]}<\/script>\n<!-- \/ Yoast SEO plugin. -->","yoast_head_json":{"title":"Uroczysta Msza \u015bw. pogrzebowa oraz z\u0142o\u017cenie w Panteonie Wielkich Polak\u00f3w proch\u00f3w \u015bp. pp\u0142k. hm. Zygmunta Lechos\u0142awa Szadkowskiego oraz \u015bp. Wandy Szadkowskiej \u2013 Warszawa, 10 listopada 2012 &#8211; Marek Kuchci\u0144ski","robots":{"index":"index","follow":"follow","max-snippet":"max-snippet:-1","max-image-preview":"max-image-preview:large","max-video-preview":"max-video-preview:-1"},"canonical":"https:\/\/marekkuchcinski.pl\/en\/wydarzenia\/uroczysta-msza-sw-pogrzebowa-oraz-zlozenie-w-panteonie-wielkich-polakow-prochow-sp-pplk-hm-zygmunta-lechoslawa-szadkowskiego-oraz-sp-wandy-szadkowskiej-warszawa-10-listopada-2012\/","og_locale":"en_GB","og_type":"article","og_title":"Uroczysta Msza \u015bw. pogrzebowa oraz z\u0142o\u017cenie w Panteonie Wielkich Polak\u00f3w proch\u00f3w \u015bp. pp\u0142k. hm. Zygmunta Lechos\u0142awa Szadkowskiego oraz \u015bp. Wandy Szadkowskiej \u2013 Warszawa, 10 listopada 2012 &#8211; Marek Kuchci\u0144ski","og_description":"Za ipn.gov.pl: 10 listopada 2012 r. o godzinie 12.00 w \u015awi\u0105tyni Opatrzno\u015bci Bo\u017cej w Wilanowie odby\u0142a si\u0119 uroczysta Msza \u015bw. pogrzebowa oraz z\u0142o\u017cenie proch\u00f3w \u015bp. pp\u0142k. hm. Zygmunta Lechos\u0142awa Szadkowskiego oraz \u015bp. Wandy Szadkowskiej w Panteonie Wielkich Polak\u00f3w. Uroczysto\u015bci przewodniczy\u0142 JE ks. Kazimierz Kardyna\u0142 Nycz Metropolita Warszawski. Sejm RP reprezentowa\u0142 wicemarsza\u0142ek Marek Kuchci\u0144ski (wpis w\u0142.). [&hellip;]","og_url":"https:\/\/marekkuchcinski.pl\/en\/wydarzenia\/uroczysta-msza-sw-pogrzebowa-oraz-zlozenie-w-panteonie-wielkich-polakow-prochow-sp-pplk-hm-zygmunta-lechoslawa-szadkowskiego-oraz-sp-wandy-szadkowskiej-warszawa-10-listopada-2012\/","og_site_name":"Marek Kuchci\u0144ski","article_published_time":"2012-11-12T12:42:23+00:00","article_modified_time":"2016-08-25T14:59:52+00:00","og_image":[{"width":1151,"height":768,"url":"https:\/\/marekkuchcinski.pl\/wp-content\/uploads\/2012\/11\/7.jpg","type":"image\/jpeg"}],"author":"admin","twitter_card":"summary_large_image","twitter_misc":{"Written by":"admin","Estimated reading time":"3 minutes"},"schema":{"@context":"https:\/\/schema.org","@graph":[{"@type":"Article","@id":"https:\/\/marekkuchcinski.pl\/sk\/wydarzenia\/uroczysta-msza-sw-pogrzebowa-oraz-zlozenie-w-panteonie-wielkich-polakow-prochow-sp-pplk-hm-zygmunta-lechoslawa-szadkowskiego-oraz-sp-wandy-szadkowskiej-warszawa-10-listopada-2012\/#article","isPartOf":{"@id":"https:\/\/marekkuchcinski.pl\/sk\/wydarzenia\/uroczysta-msza-sw-pogrzebowa-oraz-zlozenie-w-panteonie-wielkich-polakow-prochow-sp-pplk-hm-zygmunta-lechoslawa-szadkowskiego-oraz-sp-wandy-szadkowskiej-warszawa-10-listopada-2012\/"},"author":{"name":"admin","@id":"https:\/\/marekkuchcinski.pl\/#\/schema\/person\/6f62700996b4d950b6ea2d1183b6c6be"},"headline":"Uroczysta Msza \u015bw. pogrzebowa oraz z\u0142o\u017cenie w Panteonie Wielkich Polak\u00f3w proch\u00f3w \u015bp. pp\u0142k. hm. Zygmunta Lechos\u0142awa Szadkowskiego oraz \u015bp. Wandy Szadkowskiej \u2013 Warszawa, 10 listopada 2012","datePublished":"2012-11-12T12:42:23+00:00","dateModified":"2016-08-25T14:59:52+00:00","mainEntityOfPage":{"@id":"https:\/\/marekkuchcinski.pl\/sk\/wydarzenia\/uroczysta-msza-sw-pogrzebowa-oraz-zlozenie-w-panteonie-wielkich-polakow-prochow-sp-pplk-hm-zygmunta-lechoslawa-szadkowskiego-oraz-sp-wandy-szadkowskiej-warszawa-10-listopada-2012\/"},"wordCount":701,"commentCount":0,"publisher":{"@id":"https:\/\/marekkuchcinski.pl\/#organization"},"image":{"@id":"https:\/\/marekkuchcinski.pl\/sk\/wydarzenia\/uroczysta-msza-sw-pogrzebowa-oraz-zlozenie-w-panteonie-wielkich-polakow-prochow-sp-pplk-hm-zygmunta-lechoslawa-szadkowskiego-oraz-sp-wandy-szadkowskiej-warszawa-10-listopada-2012\/#primaryimage"},"thumbnailUrl":"https:\/\/marekkuchcinski.pl\/wp-content\/uploads\/2012\/11\/7.jpg","articleSection":["Wydarzenia"],"inLanguage":"en-GB","potentialAction":[{"@type":"CommentAction","name":"Comment","target":["https:\/\/marekkuchcinski.pl\/sk\/wydarzenia\/uroczysta-msza-sw-pogrzebowa-oraz-zlozenie-w-panteonie-wielkich-polakow-prochow-sp-pplk-hm-zygmunta-lechoslawa-szadkowskiego-oraz-sp-wandy-szadkowskiej-warszawa-10-listopada-2012\/#respond"]}]},{"@type":"WebPage","@id":"https:\/\/marekkuchcinski.pl\/sk\/wydarzenia\/uroczysta-msza-sw-pogrzebowa-oraz-zlozenie-w-panteonie-wielkich-polakow-prochow-sp-pplk-hm-zygmunta-lechoslawa-szadkowskiego-oraz-sp-wandy-szadkowskiej-warszawa-10-listopada-2012\/","url":"https:\/\/marekkuchcinski.pl\/sk\/wydarzenia\/uroczysta-msza-sw-pogrzebowa-oraz-zlozenie-w-panteonie-wielkich-polakow-prochow-sp-pplk-hm-zygmunta-lechoslawa-szadkowskiego-oraz-sp-wandy-szadkowskiej-warszawa-10-listopada-2012\/","name":"Uroczysta Msza \u015bw. pogrzebowa oraz z\u0142o\u017cenie w Panteonie Wielkich Polak\u00f3w proch\u00f3w \u015bp. pp\u0142k. hm. Zygmunta Lechos\u0142awa Szadkowskiego oraz \u015bp. Wandy Szadkowskiej \u2013 Warszawa, 10 listopada 2012 &#8211; Marek Kuchci\u0144ski","isPartOf":{"@id":"https:\/\/marekkuchcinski.pl\/#website"},"primaryImageOfPage":{"@id":"https:\/\/marekkuchcinski.pl\/sk\/wydarzenia\/uroczysta-msza-sw-pogrzebowa-oraz-zlozenie-w-panteonie-wielkich-polakow-prochow-sp-pplk-hm-zygmunta-lechoslawa-szadkowskiego-oraz-sp-wandy-szadkowskiej-warszawa-10-listopada-2012\/#primaryimage"},"image":{"@id":"https:\/\/marekkuchcinski.pl\/sk\/wydarzenia\/uroczysta-msza-sw-pogrzebowa-oraz-zlozenie-w-panteonie-wielkich-polakow-prochow-sp-pplk-hm-zygmunta-lechoslawa-szadkowskiego-oraz-sp-wandy-szadkowskiej-warszawa-10-listopada-2012\/#primaryimage"},"thumbnailUrl":"https:\/\/marekkuchcinski.pl\/wp-content\/uploads\/2012\/11\/7.jpg","datePublished":"2012-11-12T12:42:23+00:00","dateModified":"2016-08-25T14:59:52+00:00","breadcrumb":{"@id":"https:\/\/marekkuchcinski.pl\/sk\/wydarzenia\/uroczysta-msza-sw-pogrzebowa-oraz-zlozenie-w-panteonie-wielkich-polakow-prochow-sp-pplk-hm-zygmunta-lechoslawa-szadkowskiego-oraz-sp-wandy-szadkowskiej-warszawa-10-listopada-2012\/#breadcrumb"},"inLanguage":"en-GB","potentialAction":[{"@type":"ReadAction","target":["https:\/\/marekkuchcinski.pl\/sk\/wydarzenia\/uroczysta-msza-sw-pogrzebowa-oraz-zlozenie-w-panteonie-wielkich-polakow-prochow-sp-pplk-hm-zygmunta-lechoslawa-szadkowskiego-oraz-sp-wandy-szadkowskiej-warszawa-10-listopada-2012\/"]}]},{"@type":"ImageObject","inLanguage":"en-GB","@id":"https:\/\/marekkuchcinski.pl\/sk\/wydarzenia\/uroczysta-msza-sw-pogrzebowa-oraz-zlozenie-w-panteonie-wielkich-polakow-prochow-sp-pplk-hm-zygmunta-lechoslawa-szadkowskiego-oraz-sp-wandy-szadkowskiej-warszawa-10-listopada-2012\/#primaryimage","url":"https:\/\/marekkuchcinski.pl\/wp-content\/uploads\/2012\/11\/7.jpg","contentUrl":"https:\/\/marekkuchcinski.pl\/wp-content\/uploads\/2012\/11\/7.jpg","width":1151,"height":768},{"@type":"BreadcrumbList","@id":"https:\/\/marekkuchcinski.pl\/sk\/wydarzenia\/uroczysta-msza-sw-pogrzebowa-oraz-zlozenie-w-panteonie-wielkich-polakow-prochow-sp-pplk-hm-zygmunta-lechoslawa-szadkowskiego-oraz-sp-wandy-szadkowskiej-warszawa-10-listopada-2012\/#breadcrumb","itemListElement":[{"@type":"ListItem","position":1,"name":"Strona g\u0142\u00f3wna","item":"https:\/\/marekkuchcinski.pl\/"},{"@type":"ListItem","position":2,"name":"Uroczysta Msza \u015bw. pogrzebowa oraz z\u0142o\u017cenie w Panteonie Wielkich Polak\u00f3w proch\u00f3w \u015bp. pp\u0142k. hm. Zygmunta Lechos\u0142awa Szadkowskiego oraz \u015bp. Wandy Szadkowskiej \u2013 Warszawa, 10 listopada 2012"}]},{"@type":"WebSite","@id":"https:\/\/marekkuchcinski.pl\/#website","url":"https:\/\/marekkuchcinski.pl\/","name":"Marek Kuchci\u0144ski","description":"Pose\u0142 na sejm RP &ndash; okr\u0119g nr 22","publisher":{"@id":"https:\/\/marekkuchcinski.pl\/#organization"},"potentialAction":[{"@type":"SearchAction","target":{"@type":"EntryPoint","urlTemplate":"https:\/\/marekkuchcinski.pl\/?s={search_term_string}"},"query-input":{"@type":"PropertyValueSpecification","valueRequired":true,"valueName":"search_term_string"}}],"inLanguage":"en-GB"},{"@type":"Organization","@id":"https:\/\/marekkuchcinski.pl\/#organization","name":"Marek Kuchci\u0144ski","url":"https:\/\/marekkuchcinski.pl\/","logo":{"@type":"ImageObject","inLanguage":"en-GB","@id":"https:\/\/marekkuchcinski.pl\/#\/schema\/logo\/image\/","url":"https:\/\/marekkuchcinski.pl\/wp-content\/uploads\/2022\/09\/Marek.jpg","contentUrl":"https:\/\/marekkuchcinski.pl\/wp-content\/uploads\/2022\/09\/Marek.jpg","width":1600,"height":971,"caption":"Marek Kuchci\u0144ski"},"image":{"@id":"https:\/\/marekkuchcinski.pl\/#\/schema\/logo\/image\/"}},{"@type":"Person","@id":"https:\/\/marekkuchcinski.pl\/#\/schema\/person\/6f62700996b4d950b6ea2d1183b6c6be","name":"admin","image":{"@type":"ImageObject","inLanguage":"en-GB","@id":"https:\/\/marekkuchcinski.pl\/#\/schema\/person\/image\/","url":"https:\/\/secure.gravatar.com\/avatar\/4bab693b9d55c3d6b52c0296a8765085?s=96&d=mm&r=g","contentUrl":"https:\/\/secure.gravatar.com\/avatar\/4bab693b9d55c3d6b52c0296a8765085?s=96&d=mm&r=g","caption":"admin"},"url":"https:\/\/marekkuchcinski.pl\/en\/author\/marta-olejnik\/"}]}},"_links":{"self":[{"href":"https:\/\/marekkuchcinski.pl\/en\/wp-json\/wp\/v2\/posts\/270","targetHints":{"allow":["GET"]}}],"collection":[{"href":"https:\/\/marekkuchcinski.pl\/en\/wp-json\/wp\/v2\/posts"}],"about":[{"href":"https:\/\/marekkuchcinski.pl\/en\/wp-json\/wp\/v2\/types\/post"}],"author":[{"embeddable":true,"href":"https:\/\/marekkuchcinski.pl\/en\/wp-json\/wp\/v2\/users\/6"}],"replies":[{"embeddable":true,"href":"https:\/\/marekkuchcinski.pl\/en\/wp-json\/wp\/v2\/comments?post=270"}],"version-history":[{"count":1,"href":"https:\/\/marekkuchcinski.pl\/en\/wp-json\/wp\/v2\/posts\/270\/revisions"}],"predecessor-version":[{"id":1264,"href":"https:\/\/marekkuchcinski.pl\/en\/wp-json\/wp\/v2\/posts\/270\/revisions\/1264"}],"wp:featuredmedia":[{"embeddable":true,"href":"https:\/\/marekkuchcinski.pl\/en\/wp-json\/wp\/v2\/media\/269"}],"wp:attachment":[{"href":"https:\/\/marekkuchcinski.pl\/en\/wp-json\/wp\/v2\/media?parent=270"}],"wp:term":[{"taxonomy":"category","embeddable":true,"href":"https:\/\/marekkuchcinski.pl\/en\/wp-json\/wp\/v2\/categories?post=270"},{"taxonomy":"post_tag","embeddable":true,"href":"https:\/\/marekkuchcinski.pl\/en\/wp-json\/wp\/v2\/tags?post=270"}],"curies":[{"name":"wp","href":"https:\/\/api.w.org\/{rel}","templated":true}]}}