{"id":26939,"date":"2022-11-18T12:07:01","date_gmt":"2022-11-18T11:07:01","guid":{"rendered":"https:\/\/marekkuchcinski.pl\/?p=26939"},"modified":"2022-11-18T12:07:03","modified_gmt":"2022-11-18T11:07:03","slug":"marek-kuchcinski-szefem-zespolu-ds-dialogu-miedzy-rzadem-a-solidarnoscia","status":"publish","type":"post","link":"https:\/\/marekkuchcinski.pl\/en\/wydarzenia\/marek-kuchcinski-szefem-zespolu-ds-dialogu-miedzy-rzadem-a-solidarnoscia\/","title":{"rendered":"Marek Kuchcinski head of team for dialogue between the government and Solidarity"},"content":{"rendered":"<p>Head of the Prime Minister's Office Marek Kuchcinski attended a meeting between the Prime Minister and Solidarity representatives. In order to better communicate problems and dialogue between the government and the union, a team will be established, headed by the head of the Chancellery and, on the union's side, by Chairman Henryk Nakonieczny.<\/p>\n\n\n\n<p>Marek Kuchcinski noted that concern for humanity and responsibility for the homeland resounded from the meeting, especially in a situation where significant funds from the state budget are allocated to the security of our country.<\/p>\n\n\n\n<p>The prime minister conveyed that a dialogue is being held with unions, businesses and the social side to reconcile everyone's interests. Government spokesman Piotr Muller stressed that the higher minimum wage of 3,600 gross from July 2023 is also the result of earlier dialogue.<\/p>\n\n\n\n<p>The team should be constituted by the end of November.<\/p>\n\n\n\n<figure class=\"wp-block-image size-large\"><a href=\"https:\/\/marekkuchcinski.pl\/wp-content\/uploads\/2022\/11\/IMG_7686.jpg\"><img fetchpriority=\"high\" decoding=\"async\" width=\"1024\" height=\"692\" src=\"https:\/\/marekkuchcinski.pl\/wp-content\/uploads\/2022\/11\/IMG_7686-1024x692.jpg\" alt=\"\" class=\"wp-image-26942\" srcset=\"https:\/\/marekkuchcinski.pl\/wp-content\/uploads\/2022\/11\/IMG_7686-1024x692.jpg 1024w, https:\/\/marekkuchcinski.pl\/wp-content\/uploads\/2022\/11\/IMG_7686-300x203.jpg 300w, https:\/\/marekkuchcinski.pl\/wp-content\/uploads\/2022\/11\/IMG_7686-768x519.jpg 768w, https:\/\/marekkuchcinski.pl\/wp-content\/uploads\/2022\/11\/IMG_7686-1536x1039.jpg 1536w, https:\/\/marekkuchcinski.pl\/wp-content\/uploads\/2022\/11\/IMG_7686-18x12.jpg 18w, https:\/\/marekkuchcinski.pl\/wp-content\/uploads\/2022\/11\/IMG_7686.jpg 1600w\" sizes=\"(max-width: 1024px) 100vw, 1024px\" \/><\/a><\/figure>\n\n\n\n<figure class=\"wp-block-image size-large\"><a href=\"https:\/\/marekkuchcinski.pl\/wp-content\/uploads\/2022\/11\/IMG_7714.jpg\"><img decoding=\"async\" width=\"1024\" height=\"632\" src=\"https:\/\/marekkuchcinski.pl\/wp-content\/uploads\/2022\/11\/IMG_7714-1024x632.jpg\" alt=\"\" class=\"wp-image-26943\" srcset=\"https:\/\/marekkuchcinski.pl\/wp-content\/uploads\/2022\/11\/IMG_7714-1024x632.jpg 1024w, https:\/\/marekkuchcinski.pl\/wp-content\/uploads\/2022\/11\/IMG_7714-300x185.jpg 300w, https:\/\/marekkuchcinski.pl\/wp-content\/uploads\/2022\/11\/IMG_7714-768x474.jpg 768w, https:\/\/marekkuchcinski.pl\/wp-content\/uploads\/2022\/11\/IMG_7714-1536x948.jpg 1536w, https:\/\/marekkuchcinski.pl\/wp-content\/uploads\/2022\/11\/IMG_7714-18x12.jpg 18w, https:\/\/marekkuchcinski.pl\/wp-content\/uploads\/2022\/11\/IMG_7714.jpg 1600w\" sizes=\"(max-width: 1024px) 100vw, 1024px\" \/><\/a><\/figure>\n\n\n\n<figure class=\"wp-block-image size-large\"><a href=\"https:\/\/marekkuchcinski.pl\/wp-content\/uploads\/2022\/11\/IMG_7699-1.jpg\"><img decoding=\"async\" width=\"1024\" height=\"680\" src=\"https:\/\/marekkuchcinski.pl\/wp-content\/uploads\/2022\/11\/IMG_7699-1-1024x680.jpg\" alt=\"\" class=\"wp-image-26944\" srcset=\"https:\/\/marekkuchcinski.pl\/wp-content\/uploads\/2022\/11\/IMG_7699-1-1024x680.jpg 1024w, https:\/\/marekkuchcinski.pl\/wp-content\/uploads\/2022\/11\/IMG_7699-1-300x199.jpg 300w, https:\/\/marekkuchcinski.pl\/wp-content\/uploads\/2022\/11\/IMG_7699-1-768x510.jpg 768w, https:\/\/marekkuchcinski.pl\/wp-content\/uploads\/2022\/11\/IMG_7699-1-1536x1020.jpg 1536w, https:\/\/marekkuchcinski.pl\/wp-content\/uploads\/2022\/11\/IMG_7699-1-18x12.jpg 18w, https:\/\/marekkuchcinski.pl\/wp-content\/uploads\/2022\/11\/IMG_7699-1.jpg 1600w\" sizes=\"(max-width: 1024px) 100vw, 1024px\" \/><\/a><\/figure>\n\n\n\n<figure class=\"wp-block-image size-large\"><a href=\"https:\/\/marekkuchcinski.pl\/wp-content\/uploads\/2022\/11\/IMG_7730.jpg\"><img loading=\"lazy\" decoding=\"async\" width=\"1024\" height=\"675\" src=\"https:\/\/marekkuchcinski.pl\/wp-content\/uploads\/2022\/11\/IMG_7730-1024x675.jpg\" alt=\"\" class=\"wp-image-26945\" srcset=\"https:\/\/marekkuchcinski.pl\/wp-content\/uploads\/2022\/11\/IMG_7730-1024x675.jpg 1024w, https:\/\/marekkuchcinski.pl\/wp-content\/uploads\/2022\/11\/IMG_7730-300x198.jpg 300w, https:\/\/marekkuchcinski.pl\/wp-content\/uploads\/2022\/11\/IMG_7730-768x506.jpg 768w, https:\/\/marekkuchcinski.pl\/wp-content\/uploads\/2022\/11\/IMG_7730-1536x1013.jpg 1536w, https:\/\/marekkuchcinski.pl\/wp-content\/uploads\/2022\/11\/IMG_7730-18x12.jpg 18w, https:\/\/marekkuchcinski.pl\/wp-content\/uploads\/2022\/11\/IMG_7730.jpg 1600w\" sizes=\"(max-width: 1024px) 100vw, 1024px\" \/><\/a><\/figure>\n\n\n\n<figure class=\"wp-block-image size-large\"><a href=\"https:\/\/marekkuchcinski.pl\/wp-content\/uploads\/2022\/11\/IMG_7739.jpg\"><img loading=\"lazy\" decoding=\"async\" width=\"1024\" height=\"683\" src=\"https:\/\/marekkuchcinski.pl\/wp-content\/uploads\/2022\/11\/IMG_7739-1024x683.jpg\" alt=\"\" class=\"wp-image-26946\" srcset=\"https:\/\/marekkuchcinski.pl\/wp-content\/uploads\/2022\/11\/IMG_7739-1024x683.jpg 1024w, https:\/\/marekkuchcinski.pl\/wp-content\/uploads\/2022\/11\/IMG_7739-300x200.jpg 300w, https:\/\/marekkuchcinski.pl\/wp-content\/uploads\/2022\/11\/IMG_7739-768x512.jpg 768w, https:\/\/marekkuchcinski.pl\/wp-content\/uploads\/2022\/11\/IMG_7739-1536x1024.jpg 1536w, https:\/\/marekkuchcinski.pl\/wp-content\/uploads\/2022\/11\/IMG_7739-18x12.jpg 18w, https:\/\/marekkuchcinski.pl\/wp-content\/uploads\/2022\/11\/IMG_7739.jpg 1600w\" sizes=\"(max-width: 1024px) 100vw, 1024px\" \/><\/a><\/figure>\n\n\n\n<figure class=\"wp-block-image size-large\"><a href=\"https:\/\/marekkuchcinski.pl\/wp-content\/uploads\/2022\/11\/IMG_7747-2.jpg\"><img loading=\"lazy\" decoding=\"async\" width=\"1024\" height=\"687\" src=\"https:\/\/marekkuchcinski.pl\/wp-content\/uploads\/2022\/11\/IMG_7747-2-1024x687.jpg\" alt=\"\" class=\"wp-image-26948\" srcset=\"https:\/\/marekkuchcinski.pl\/wp-content\/uploads\/2022\/11\/IMG_7747-2-1024x687.jpg 1024w, https:\/\/marekkuchcinski.pl\/wp-content\/uploads\/2022\/11\/IMG_7747-2-300x201.jpg 300w, https:\/\/marekkuchcinski.pl\/wp-content\/uploads\/2022\/11\/IMG_7747-2-768x515.jpg 768w, https:\/\/marekkuchcinski.pl\/wp-content\/uploads\/2022\/11\/IMG_7747-2-1536x1030.jpg 1536w, https:\/\/marekkuchcinski.pl\/wp-content\/uploads\/2022\/11\/IMG_7747-2-18x12.jpg 18w, https:\/\/marekkuchcinski.pl\/wp-content\/uploads\/2022\/11\/IMG_7747-2.jpg 1600w\" sizes=\"(max-width: 1024px) 100vw, 1024px\" \/><\/a><\/figure>","protected":false},"excerpt":{"rendered":"<p>Szef Kancelarii Prezesa Rady Ministr\u00f3w Marek Kuchci\u0144ski wzi\u0105\u0142 udzia\u0142 w spotkaniu premiera z przedstawicielami Solidarno\u015bci. W celu lepszego komunikowania problem\u00f3w i dialogu pomi\u0119dzy rz\u0105dem a Zwi\u0105zkiem powo\u0142any zostanie zesp\u00f3\u0142, na czele kt\u00f3rego stanie szef KPRM, a ze strony Zwi\u0105zku przewodnicz\u0105cy Henryk Nakonieczny. Marek Kuchci\u0144ski zaznaczy\u0142, \u017ce ze spotkania wybrzmiewa troska o cz\u0142owieka i odpowiedzialno\u015b\u0107 za [&hellip;]<\/p>","protected":false},"author":21,"featured_media":26941,"comment_status":"open","ping_status":"open","sticky":false,"template":"","format":"standard","meta":{"ngg_post_thumbnail":0,"footnotes":""},"categories":[3],"tags":[],"class_list":["post-26939","post","type-post","status-publish","format-standard","has-post-thumbnail","hentry","category-wydarzenia"],"yoast_head":"<!-- This site is optimized with the Yoast SEO plugin v24.7 - https:\/\/yoast.com\/wordpress\/plugins\/seo\/ -->\n<title>Marek Kuchci\u0144ski szefem zespo\u0142u ds. dialogu mi\u0119dzy rz\u0105dem a Solidarno\u015bci\u0105 &#8211; Marek Kuchci\u0144ski<\/title>\n<meta name=\"robots\" content=\"index, follow, max-snippet:-1, max-image-preview:large, max-video-preview:-1\" \/>\n<link rel=\"canonical\" href=\"https:\/\/marekkuchcinski.pl\/en\/wydarzenia\/marek-kuchcinski-szefem-zespolu-ds-dialogu-miedzy-rzadem-a-solidarnoscia\/\" \/>\n<meta property=\"og:locale\" content=\"en_GB\" \/>\n<meta property=\"og:type\" content=\"article\" \/>\n<meta property=\"og:title\" content=\"Marek Kuchci\u0144ski szefem zespo\u0142u ds. dialogu mi\u0119dzy rz\u0105dem a Solidarno\u015bci\u0105 &#8211; Marek Kuchci\u0144ski\" \/>\n<meta property=\"og:description\" content=\"Szef Kancelarii Prezesa Rady Ministr\u00f3w Marek Kuchci\u0144ski wzi\u0105\u0142 udzia\u0142 w spotkaniu premiera z przedstawicielami Solidarno\u015bci. W celu lepszego komunikowania problem\u00f3w i dialogu pomi\u0119dzy rz\u0105dem a Zwi\u0105zkiem powo\u0142any zostanie zesp\u00f3\u0142, na czele kt\u00f3rego stanie szef KPRM, a ze strony Zwi\u0105zku przewodnicz\u0105cy Henryk Nakonieczny. Marek Kuchci\u0144ski zaznaczy\u0142, \u017ce ze spotkania wybrzmiewa troska o cz\u0142owieka i odpowiedzialno\u015b\u0107 za [&hellip;]\" \/>\n<meta property=\"og:url\" content=\"https:\/\/marekkuchcinski.pl\/en\/wydarzenia\/marek-kuchcinski-szefem-zespolu-ds-dialogu-miedzy-rzadem-a-solidarnoscia\/\" \/>\n<meta property=\"og:site_name\" content=\"Marek Kuchci\u0144ski\" \/>\n<meta property=\"article:published_time\" content=\"2022-11-18T11:07:01+00:00\" \/>\n<meta property=\"article:modified_time\" content=\"2022-11-18T11:07:03+00:00\" \/>\n<meta property=\"og:image\" content=\"https:\/\/marekkuchcinski.pl\/wp-content\/uploads\/2022\/11\/IMG_7699.jpg\" \/>\n\t<meta property=\"og:image:width\" content=\"1600\" \/>\n\t<meta property=\"og:image:height\" content=\"1062\" \/>\n\t<meta property=\"og:image:type\" content=\"image\/jpeg\" \/>\n<meta name=\"author\" content=\"Marta Olejnik\" \/>\n<meta name=\"twitter:card\" content=\"summary_large_image\" \/>\n<meta name=\"twitter:label1\" content=\"Written by\" \/>\n\t<meta name=\"twitter:data1\" content=\"Marta Olejnik\" \/>\n\t<meta name=\"twitter:label2\" content=\"Estimated reading time\" \/>\n\t<meta name=\"twitter:data2\" content=\"1 minute\" \/>\n<script type=\"application\/ld+json\" class=\"yoast-schema-graph\">{\"@context\":\"https:\/\/schema.org\",\"@graph\":[{\"@type\":\"Article\",\"@id\":\"https:\/\/marekkuchcinski.pl\/ro\/wydarzenia\/marek-kuchcinski-szefem-zespolu-ds-dialogu-miedzy-rzadem-a-solidarnoscia\/#article\",\"isPartOf\":{\"@id\":\"https:\/\/marekkuchcinski.pl\/ro\/wydarzenia\/marek-kuchcinski-szefem-zespolu-ds-dialogu-miedzy-rzadem-a-solidarnoscia\/\"},\"author\":{\"name\":\"Marta Olejnik\",\"@id\":\"https:\/\/marekkuchcinski.pl\/#\/schema\/person\/51d5d4ee3b5317b8e4dd2b48af359229\"},\"headline\":\"Marek Kuchci\u0144ski szefem zespo\u0142u ds. dialogu mi\u0119dzy rz\u0105dem a Solidarno\u015bci\u0105\",\"datePublished\":\"2022-11-18T11:07:01+00:00\",\"dateModified\":\"2022-11-18T11:07:03+00:00\",\"mainEntityOfPage\":{\"@id\":\"https:\/\/marekkuchcinski.pl\/ro\/wydarzenia\/marek-kuchcinski-szefem-zespolu-ds-dialogu-miedzy-rzadem-a-solidarnoscia\/\"},\"wordCount\":153,\"commentCount\":0,\"publisher\":{\"@id\":\"https:\/\/marekkuchcinski.pl\/#organization\"},\"image\":{\"@id\":\"https:\/\/marekkuchcinski.pl\/ro\/wydarzenia\/marek-kuchcinski-szefem-zespolu-ds-dialogu-miedzy-rzadem-a-solidarnoscia\/#primaryimage\"},\"thumbnailUrl\":\"https:\/\/marekkuchcinski.pl\/wp-content\/uploads\/2022\/11\/IMG_7699.jpg\",\"articleSection\":[\"Wydarzenia\"],\"inLanguage\":\"en-GB\",\"potentialAction\":[{\"@type\":\"CommentAction\",\"name\":\"Comment\",\"target\":[\"https:\/\/marekkuchcinski.pl\/ro\/wydarzenia\/marek-kuchcinski-szefem-zespolu-ds-dialogu-miedzy-rzadem-a-solidarnoscia\/#respond\"]}]},{\"@type\":\"WebPage\",\"@id\":\"https:\/\/marekkuchcinski.pl\/ro\/wydarzenia\/marek-kuchcinski-szefem-zespolu-ds-dialogu-miedzy-rzadem-a-solidarnoscia\/\",\"url\":\"https:\/\/marekkuchcinski.pl\/ro\/wydarzenia\/marek-kuchcinski-szefem-zespolu-ds-dialogu-miedzy-rzadem-a-solidarnoscia\/\",\"name\":\"Marek Kuchci\u0144ski szefem zespo\u0142u ds. dialogu mi\u0119dzy rz\u0105dem a Solidarno\u015bci\u0105 &#8211; Marek Kuchci\u0144ski\",\"isPartOf\":{\"@id\":\"https:\/\/marekkuchcinski.pl\/#website\"},\"primaryImageOfPage\":{\"@id\":\"https:\/\/marekkuchcinski.pl\/ro\/wydarzenia\/marek-kuchcinski-szefem-zespolu-ds-dialogu-miedzy-rzadem-a-solidarnoscia\/#primaryimage\"},\"image\":{\"@id\":\"https:\/\/marekkuchcinski.pl\/ro\/wydarzenia\/marek-kuchcinski-szefem-zespolu-ds-dialogu-miedzy-rzadem-a-solidarnoscia\/#primaryimage\"},\"thumbnailUrl\":\"https:\/\/marekkuchcinski.pl\/wp-content\/uploads\/2022\/11\/IMG_7699.jpg\",\"datePublished\":\"2022-11-18T11:07:01+00:00\",\"dateModified\":\"2022-11-18T11:07:03+00:00\",\"breadcrumb\":{\"@id\":\"https:\/\/marekkuchcinski.pl\/ro\/wydarzenia\/marek-kuchcinski-szefem-zespolu-ds-dialogu-miedzy-rzadem-a-solidarnoscia\/#breadcrumb\"},\"inLanguage\":\"en-GB\",\"potentialAction\":[{\"@type\":\"ReadAction\",\"target\":[\"https:\/\/marekkuchcinski.pl\/ro\/wydarzenia\/marek-kuchcinski-szefem-zespolu-ds-dialogu-miedzy-rzadem-a-solidarnoscia\/\"]}]},{\"@type\":\"ImageObject\",\"inLanguage\":\"en-GB\",\"@id\":\"https:\/\/marekkuchcinski.pl\/ro\/wydarzenia\/marek-kuchcinski-szefem-zespolu-ds-dialogu-miedzy-rzadem-a-solidarnoscia\/#primaryimage\",\"url\":\"https:\/\/marekkuchcinski.pl\/wp-content\/uploads\/2022\/11\/IMG_7699.jpg\",\"contentUrl\":\"https:\/\/marekkuchcinski.pl\/wp-content\/uploads\/2022\/11\/IMG_7699.jpg\",\"width\":1600,\"height\":1062},{\"@type\":\"BreadcrumbList\",\"@id\":\"https:\/\/marekkuchcinski.pl\/ro\/wydarzenia\/marek-kuchcinski-szefem-zespolu-ds-dialogu-miedzy-rzadem-a-solidarnoscia\/#breadcrumb\",\"itemListElement\":[{\"@type\":\"ListItem\",\"position\":1,\"name\":\"Strona g\u0142\u00f3wna\",\"item\":\"https:\/\/marekkuchcinski.pl\/\"},{\"@type\":\"ListItem\",\"position\":2,\"name\":\"Marek Kuchci\u0144ski szefem zespo\u0142u ds. dialogu mi\u0119dzy rz\u0105dem a Solidarno\u015bci\u0105\"}]},{\"@type\":\"WebSite\",\"@id\":\"https:\/\/marekkuchcinski.pl\/#website\",\"url\":\"https:\/\/marekkuchcinski.pl\/\",\"name\":\"Marek Kuchci\u0144ski\",\"description\":\"Pose\u0142 na sejm RP &ndash; okr\u0119g nr 22\",\"publisher\":{\"@id\":\"https:\/\/marekkuchcinski.pl\/#organization\"},\"potentialAction\":[{\"@type\":\"SearchAction\",\"target\":{\"@type\":\"EntryPoint\",\"urlTemplate\":\"https:\/\/marekkuchcinski.pl\/?s={search_term_string}\"},\"query-input\":{\"@type\":\"PropertyValueSpecification\",\"valueRequired\":true,\"valueName\":\"search_term_string\"}}],\"inLanguage\":\"en-GB\"},{\"@type\":\"Organization\",\"@id\":\"https:\/\/marekkuchcinski.pl\/#organization\",\"name\":\"Marek Kuchci\u0144ski\",\"url\":\"https:\/\/marekkuchcinski.pl\/\",\"logo\":{\"@type\":\"ImageObject\",\"inLanguage\":\"en-GB\",\"@id\":\"https:\/\/marekkuchcinski.pl\/#\/schema\/logo\/image\/\",\"url\":\"https:\/\/marekkuchcinski.pl\/wp-content\/uploads\/2022\/09\/Marek.jpg\",\"contentUrl\":\"https:\/\/marekkuchcinski.pl\/wp-content\/uploads\/2022\/09\/Marek.jpg\",\"width\":1600,\"height\":971,\"caption\":\"Marek Kuchci\u0144ski\"},\"image\":{\"@id\":\"https:\/\/marekkuchcinski.pl\/#\/schema\/logo\/image\/\"}},{\"@type\":\"Person\",\"@id\":\"https:\/\/marekkuchcinski.pl\/#\/schema\/person\/51d5d4ee3b5317b8e4dd2b48af359229\",\"name\":\"Marta Olejnik\",\"image\":{\"@type\":\"ImageObject\",\"inLanguage\":\"en-GB\",\"@id\":\"https:\/\/marekkuchcinski.pl\/#\/schema\/person\/image\/\",\"url\":\"https:\/\/secure.gravatar.com\/avatar\/e39914b2aa6a48959e24d475b5dc9793?s=96&d=mm&r=g\",\"contentUrl\":\"https:\/\/secure.gravatar.com\/avatar\/e39914b2aa6a48959e24d475b5dc9793?s=96&d=mm&r=g\",\"caption\":\"Marta Olejnik\"},\"url\":\"https:\/\/marekkuchcinski.pl\/en\/author\/marta\/\"}]}<\/script>\n<!-- \/ Yoast SEO plugin. -->","yoast_head_json":{"title":"Marek Kuchci\u0144ski szefem zespo\u0142u ds. dialogu mi\u0119dzy rz\u0105dem a Solidarno\u015bci\u0105 &#8211; Marek Kuchci\u0144ski","robots":{"index":"index","follow":"follow","max-snippet":"max-snippet:-1","max-image-preview":"max-image-preview:large","max-video-preview":"max-video-preview:-1"},"canonical":"https:\/\/marekkuchcinski.pl\/en\/wydarzenia\/marek-kuchcinski-szefem-zespolu-ds-dialogu-miedzy-rzadem-a-solidarnoscia\/","og_locale":"en_GB","og_type":"article","og_title":"Marek Kuchci\u0144ski szefem zespo\u0142u ds. dialogu mi\u0119dzy rz\u0105dem a Solidarno\u015bci\u0105 &#8211; Marek Kuchci\u0144ski","og_description":"Szef Kancelarii Prezesa Rady Ministr\u00f3w Marek Kuchci\u0144ski wzi\u0105\u0142 udzia\u0142 w spotkaniu premiera z przedstawicielami Solidarno\u015bci. W celu lepszego komunikowania problem\u00f3w i dialogu pomi\u0119dzy rz\u0105dem a Zwi\u0105zkiem powo\u0142any zostanie zesp\u00f3\u0142, na czele kt\u00f3rego stanie szef KPRM, a ze strony Zwi\u0105zku przewodnicz\u0105cy Henryk Nakonieczny. Marek Kuchci\u0144ski zaznaczy\u0142, \u017ce ze spotkania wybrzmiewa troska o cz\u0142owieka i odpowiedzialno\u015b\u0107 za [&hellip;]","og_url":"https:\/\/marekkuchcinski.pl\/en\/wydarzenia\/marek-kuchcinski-szefem-zespolu-ds-dialogu-miedzy-rzadem-a-solidarnoscia\/","og_site_name":"Marek Kuchci\u0144ski","article_published_time":"2022-11-18T11:07:01+00:00","article_modified_time":"2022-11-18T11:07:03+00:00","og_image":[{"width":1600,"height":1062,"url":"https:\/\/marekkuchcinski.pl\/wp-content\/uploads\/2022\/11\/IMG_7699.jpg","type":"image\/jpeg"}],"author":"Marta Olejnik","twitter_card":"summary_large_image","twitter_misc":{"Written by":"Marta Olejnik","Estimated reading time":"1 minute"},"schema":{"@context":"https:\/\/schema.org","@graph":[{"@type":"Article","@id":"https:\/\/marekkuchcinski.pl\/ro\/wydarzenia\/marek-kuchcinski-szefem-zespolu-ds-dialogu-miedzy-rzadem-a-solidarnoscia\/#article","isPartOf":{"@id":"https:\/\/marekkuchcinski.pl\/ro\/wydarzenia\/marek-kuchcinski-szefem-zespolu-ds-dialogu-miedzy-rzadem-a-solidarnoscia\/"},"author":{"name":"Marta Olejnik","@id":"https:\/\/marekkuchcinski.pl\/#\/schema\/person\/51d5d4ee3b5317b8e4dd2b48af359229"},"headline":"Marek Kuchci\u0144ski szefem zespo\u0142u ds. dialogu mi\u0119dzy rz\u0105dem a Solidarno\u015bci\u0105","datePublished":"2022-11-18T11:07:01+00:00","dateModified":"2022-11-18T11:07:03+00:00","mainEntityOfPage":{"@id":"https:\/\/marekkuchcinski.pl\/ro\/wydarzenia\/marek-kuchcinski-szefem-zespolu-ds-dialogu-miedzy-rzadem-a-solidarnoscia\/"},"wordCount":153,"commentCount":0,"publisher":{"@id":"https:\/\/marekkuchcinski.pl\/#organization"},"image":{"@id":"https:\/\/marekkuchcinski.pl\/ro\/wydarzenia\/marek-kuchcinski-szefem-zespolu-ds-dialogu-miedzy-rzadem-a-solidarnoscia\/#primaryimage"},"thumbnailUrl":"https:\/\/marekkuchcinski.pl\/wp-content\/uploads\/2022\/11\/IMG_7699.jpg","articleSection":["Wydarzenia"],"inLanguage":"en-GB","potentialAction":[{"@type":"CommentAction","name":"Comment","target":["https:\/\/marekkuchcinski.pl\/ro\/wydarzenia\/marek-kuchcinski-szefem-zespolu-ds-dialogu-miedzy-rzadem-a-solidarnoscia\/#respond"]}]},{"@type":"WebPage","@id":"https:\/\/marekkuchcinski.pl\/ro\/wydarzenia\/marek-kuchcinski-szefem-zespolu-ds-dialogu-miedzy-rzadem-a-solidarnoscia\/","url":"https:\/\/marekkuchcinski.pl\/ro\/wydarzenia\/marek-kuchcinski-szefem-zespolu-ds-dialogu-miedzy-rzadem-a-solidarnoscia\/","name":"Marek Kuchci\u0144ski szefem zespo\u0142u ds. dialogu mi\u0119dzy rz\u0105dem a Solidarno\u015bci\u0105 &#8211; Marek Kuchci\u0144ski","isPartOf":{"@id":"https:\/\/marekkuchcinski.pl\/#website"},"primaryImageOfPage":{"@id":"https:\/\/marekkuchcinski.pl\/ro\/wydarzenia\/marek-kuchcinski-szefem-zespolu-ds-dialogu-miedzy-rzadem-a-solidarnoscia\/#primaryimage"},"image":{"@id":"https:\/\/marekkuchcinski.pl\/ro\/wydarzenia\/marek-kuchcinski-szefem-zespolu-ds-dialogu-miedzy-rzadem-a-solidarnoscia\/#primaryimage"},"thumbnailUrl":"https:\/\/marekkuchcinski.pl\/wp-content\/uploads\/2022\/11\/IMG_7699.jpg","datePublished":"2022-11-18T11:07:01+00:00","dateModified":"2022-11-18T11:07:03+00:00","breadcrumb":{"@id":"https:\/\/marekkuchcinski.pl\/ro\/wydarzenia\/marek-kuchcinski-szefem-zespolu-ds-dialogu-miedzy-rzadem-a-solidarnoscia\/#breadcrumb"},"inLanguage":"en-GB","potentialAction":[{"@type":"ReadAction","target":["https:\/\/marekkuchcinski.pl\/ro\/wydarzenia\/marek-kuchcinski-szefem-zespolu-ds-dialogu-miedzy-rzadem-a-solidarnoscia\/"]}]},{"@type":"ImageObject","inLanguage":"en-GB","@id":"https:\/\/marekkuchcinski.pl\/ro\/wydarzenia\/marek-kuchcinski-szefem-zespolu-ds-dialogu-miedzy-rzadem-a-solidarnoscia\/#primaryimage","url":"https:\/\/marekkuchcinski.pl\/wp-content\/uploads\/2022\/11\/IMG_7699.jpg","contentUrl":"https:\/\/marekkuchcinski.pl\/wp-content\/uploads\/2022\/11\/IMG_7699.jpg","width":1600,"height":1062},{"@type":"BreadcrumbList","@id":"https:\/\/marekkuchcinski.pl\/ro\/wydarzenia\/marek-kuchcinski-szefem-zespolu-ds-dialogu-miedzy-rzadem-a-solidarnoscia\/#breadcrumb","itemListElement":[{"@type":"ListItem","position":1,"name":"Strona g\u0142\u00f3wna","item":"https:\/\/marekkuchcinski.pl\/"},{"@type":"ListItem","position":2,"name":"Marek Kuchci\u0144ski szefem zespo\u0142u ds. dialogu mi\u0119dzy rz\u0105dem a Solidarno\u015bci\u0105"}]},{"@type":"WebSite","@id":"https:\/\/marekkuchcinski.pl\/#website","url":"https:\/\/marekkuchcinski.pl\/","name":"Marek Kuchci\u0144ski","description":"Pose\u0142 na sejm RP &ndash; okr\u0119g nr 22","publisher":{"@id":"https:\/\/marekkuchcinski.pl\/#organization"},"potentialAction":[{"@type":"SearchAction","target":{"@type":"EntryPoint","urlTemplate":"https:\/\/marekkuchcinski.pl\/?s={search_term_string}"},"query-input":{"@type":"PropertyValueSpecification","valueRequired":true,"valueName":"search_term_string"}}],"inLanguage":"en-GB"},{"@type":"Organization","@id":"https:\/\/marekkuchcinski.pl\/#organization","name":"Marek Kuchci\u0144ski","url":"https:\/\/marekkuchcinski.pl\/","logo":{"@type":"ImageObject","inLanguage":"en-GB","@id":"https:\/\/marekkuchcinski.pl\/#\/schema\/logo\/image\/","url":"https:\/\/marekkuchcinski.pl\/wp-content\/uploads\/2022\/09\/Marek.jpg","contentUrl":"https:\/\/marekkuchcinski.pl\/wp-content\/uploads\/2022\/09\/Marek.jpg","width":1600,"height":971,"caption":"Marek Kuchci\u0144ski"},"image":{"@id":"https:\/\/marekkuchcinski.pl\/#\/schema\/logo\/image\/"}},{"@type":"Person","@id":"https:\/\/marekkuchcinski.pl\/#\/schema\/person\/51d5d4ee3b5317b8e4dd2b48af359229","name":"Marta Olejnik","image":{"@type":"ImageObject","inLanguage":"en-GB","@id":"https:\/\/marekkuchcinski.pl\/#\/schema\/person\/image\/","url":"https:\/\/secure.gravatar.com\/avatar\/e39914b2aa6a48959e24d475b5dc9793?s=96&d=mm&r=g","contentUrl":"https:\/\/secure.gravatar.com\/avatar\/e39914b2aa6a48959e24d475b5dc9793?s=96&d=mm&r=g","caption":"Marta Olejnik"},"url":"https:\/\/marekkuchcinski.pl\/en\/author\/marta\/"}]}},"_links":{"self":[{"href":"https:\/\/marekkuchcinski.pl\/en\/wp-json\/wp\/v2\/posts\/26939","targetHints":{"allow":["GET"]}}],"collection":[{"href":"https:\/\/marekkuchcinski.pl\/en\/wp-json\/wp\/v2\/posts"}],"about":[{"href":"https:\/\/marekkuchcinski.pl\/en\/wp-json\/wp\/v2\/types\/post"}],"author":[{"embeddable":true,"href":"https:\/\/marekkuchcinski.pl\/en\/wp-json\/wp\/v2\/users\/21"}],"replies":[{"embeddable":true,"href":"https:\/\/marekkuchcinski.pl\/en\/wp-json\/wp\/v2\/comments?post=26939"}],"version-history":[{"count":3,"href":"https:\/\/marekkuchcinski.pl\/en\/wp-json\/wp\/v2\/posts\/26939\/revisions"}],"predecessor-version":[{"id":26949,"href":"https:\/\/marekkuchcinski.pl\/en\/wp-json\/wp\/v2\/posts\/26939\/revisions\/26949"}],"wp:featuredmedia":[{"embeddable":true,"href":"https:\/\/marekkuchcinski.pl\/en\/wp-json\/wp\/v2\/media\/26941"}],"wp:attachment":[{"href":"https:\/\/marekkuchcinski.pl\/en\/wp-json\/wp\/v2\/media?parent=26939"}],"wp:term":[{"taxonomy":"category","embeddable":true,"href":"https:\/\/marekkuchcinski.pl\/en\/wp-json\/wp\/v2\/categories?post=26939"},{"taxonomy":"post_tag","embeddable":true,"href":"https:\/\/marekkuchcinski.pl\/en\/wp-json\/wp\/v2\/tags?post=26939"}],"curies":[{"name":"wp","href":"https:\/\/api.w.org\/{rel}","templated":true}]}}