{"id":26746,"date":"2022-10-24T17:44:12","date_gmt":"2022-10-24T15:44:12","guid":{"rendered":"https:\/\/marekkuchcinski.pl\/?p=26746"},"modified":"2022-10-24T17:44:13","modified_gmt":"2022-10-24T15:44:13","slug":"prezes-pis-na-podkarpaciu-jestescie-odwazni-spisaliscie-sie-pieknie","status":"publish","type":"post","link":"https:\/\/marekkuchcinski.pl\/en\/wydarzenia\/prezes-pis-na-podkarpaciu-jestescie-odwazni-spisaliscie-sie-pieknie\/","title":{"rendered":"Prezes PiS na Podkarpaciu: Jeste\u015bcie odwa\u017cni, spisali\u015bcie si\u0119 pi\u0119knie"},"content":{"rendered":"<p class=\"wp-block-paragraph\">W sobot\u0119 22 pa\u017adziernika Jaros\u0142aw Kaczy\u0144ski odwiedzi\u0142 Podkarpacie: Jedlicze i Przemy\u015bl. Mieszka\u0144com dzi\u0119kowa\u0142 za pomoc dla Ukrainy. Przypomnia\u0142 r\u00f3wnie\u017c wk\u0142ad samego Przemy\u015bla, kt\u00f3remu prezydent Ze\u0142e\u0144ski nada\u0142 tytu\u0142 Miasta Ratownika. \u2013 Jeste\u015bcie odwa\u017cni, bo jeste\u015bcie tu\u017c-tu\u017c \u2013 podkre\u015bli\u0142.<\/p>\n\n\n\n<p class=\"wp-block-paragraph\">Podczas spotkania zaznaczy\u0142, \u017ce Prawo i Sprawiedliwo\u015b\u0107 robi wszystko i skutecznie, \u017ceby pieni\u0105dze, kt\u00f3re otrzymujemy z Unii Europejskiej, by\u0142y wydawane zgodnie z europejskim i polskim prawem, bez nadu\u017cy\u0107, za\u015b przeciwnicy polityczni nie maj\u0105 \u017cadnych opor\u00f3w, by przekonywa\u0107, \u017ce jest inaczej. Jaros\u0142aw Kaczy\u0144ski punktowa\u0142 nieprawdziwe tre\u015bci rozpowszechniane przez opozycj\u0119 oraz mobilizowa\u0142 do wsparcia Prawa i Sprawiedliwo\u015bci w drodze partii do zwyci\u0119stwa w kolejnych wyborach:<\/p>\n\n\n\n<p class=\"wp-block-paragraph\">&nbsp;\u2013 Jeszcze nie tak dawno m\u00f3wiono, \u017ce wszystko jest w porz\u0105dku. Najbardziej niech\u0119tni nam komisarze og\u0142aszali, \u017ce polskie \u015brodki nie s\u0105 zagro\u017cone, bo tu tylko i wy\u0142\u0105cznie wchodzi w gr\u0119 sprawa ewentualnej korupcji, po prostu kradzie\u017cy tych pieni\u0119dzy. W Polsce tego rodzaju zjawisko nie wyst\u0119puje, a w innych pa\u0144stwach sk\u0105din\u0105d wyst\u0119puje. No i te pa\u0144stwa nie maj\u0105 k\u0142opot\u00f3w, a my mamy, bo nagle powsta\u0142a nowa koncepcja jakiego\u015b horyzontalnego spojrzenia na sprawy przestrzegania i praworz\u0105dno\u015bci i tak dalej \u2013 wyja\u015bnia\u0142 prezes PiS.<\/p>\n\n\n\n<p class=\"wp-block-paragraph\">&nbsp;\u2013 To nie my\u015bmy og\u0142osili \u2013 jak tylko nasza formacja dosz\u0142a do w\u0142adzy \u2013 \u017ce jeste\u015bmy w gruncie rzeczy w\u0142adz\u0105 nielegaln\u0105, \u017ce wybrali nas ludzie w moherowych beretach, czyli ci, kt\u00f3rzy w istocie to mo\u017ce maj\u0105 prawo g\u0142osowa\u0107, ale wybra\u0107 w\u0142adzy to nie maj\u0105 prawa.<\/p>\n\n\n\n<p class=\"wp-block-paragraph\">\u2013 Wielkie podwy\u017cki p\u0142ac, w szczeg\u00f3lno\u015bci w s\u0142u\u017cbie zdrowia to te\u017c by\u0142a ta straszna zbrodnia, ale ludziom to wm\u00f3wiono i to jest sprawa \u015brodk\u00f3w masowego przekazu.<\/p>\n\n\n\n<p class=\"wp-block-paragraph\">\u2013 Wydawa\u0142oby si\u0119 to oczywiste, ale ju\u017c dzisiaj pojawiaj\u0105 si\u0119 w Polsce ludzie, kt\u00f3rzy m\u00f3wi\u0105 o sobie, \u017ce jest unijk\u0105 polskiego pochodzenia. Jest takie pytanie zasadnicze, czy ku temu powinna zmierza\u0107 Polska i Europa. Czy rzeczywi\u015bcie jest tak, \u017ce dobrze b\u0119dzie, je\u015bli ludzie w Unii stan\u0105 si\u0119 unitami czy unijkami pochodzenia tego czy innego narodu?<\/p>\n\n\n\n<p class=\"wp-block-paragraph\">\u2013 Czy tego rodzaju po\u0142\u0105czenie jest w og\u00f3le mo\u017cliwe, i czy nie oznacza\u0142oby ono niezwykle radykalnego zubo\u017cenia Europy, kt\u00f3ra sk\u0142ada si\u0119 z wielu narod\u00f3w i kultur. Te narody i te kultury \u0142\u0105cznie tworz\u0105 to ogromne, niezmierzone i chyba niepor\u00f3wnywalne z niczym na \u015bwiecie bogactwo.<\/p>\n\n\n\n<p class=\"wp-block-paragraph\">\u2013 To b\u0119dzie prowadzi\u0142o do zubo\u017cenia, ale w istocie tak\u017ce musi prowadzi\u0107 do dominacji jednego czy dw\u00f3ch narod\u00f3w. \u017be ci unici czy unijki pochodzenia np. niemieckiego b\u0119d\u0105 wa\u017cniejsi od tych innych.<\/p>\n\n\n\n<p class=\"wp-block-paragraph\">\u2013 Je\u015bli chcemy dba\u0107 o swoje interesy, o sw\u00f3j rozw\u00f3j narodowy, to oczywi\u015bcie chcemy by\u0107 w Unii, chcemy uczyni\u0107 wszystko, \u017ceby w tej Unii by\u0107, ale z drugiej strony musimy te\u017c pami\u0119ta\u0107, \u017ce Unia powinna dzia\u0142a\u0107 zgodnie ze swoimi traktatami, a my zgodnie z traktatem, kt\u00f3ry \u017ce\u015bmy przyj\u0119li w referendum i nast\u0119pnie ratyfikowali. Te traktaty takiego rozwi\u0105zania, o kt\u00f3rym m\u00f3wi\u0142em nie przewiduj\u0105.<\/p>\n\n\n\n<p class=\"wp-block-paragraph\">\u2013 Stoi przed nami zadanie nies\u0142ychanie trudne, gdy\u017c nasi przeciwnicy polityczni nie maj\u0105 \u017cadnych opor\u00f3w \u2013 m\u00f3wi\u0142. Zaznaczy\u0142, \u017ce nie jest to kwestia ich przekona\u0144, bo oni ich nie maj\u0105. Jak m\u00f3wi\u0142 szef PO Donald Tusk jednego dnia wygra\u017ca wi\u0119zieniem wszystkim, kt\u00f3rzy si\u0119 z nim nie zgadzaj\u0105, a innego dnia m\u00f3wi o mi\u0142o\u015bci. \u2013 Trudno tutaj m\u00f3wi\u0107 o pogl\u0105dach, tutaj chodzi o interes. I tu jest te\u017c pytanie, czy aby na pewno jest to interes Polski.<\/p>\n\n\n\n<p class=\"wp-block-paragraph\">\u2013 Ale ta druga partia jest gotowa chwyta\u0107 si\u0119 metod zupe\u0142nie niebywa\u0142ych. Nie ma w parlamencie europejskim drugiego przypadku, \u017ceby przedstawiciele jakiego\u015b pa\u0144stwa, niezale\u017cnie od tego, czy s\u0105 przy w\u0142adzy czy w opozycji, tak w\u015bciekle atakowali w\u0142adze tego pa\u0144stwa i tak d\u0105\u017cyli do tego, \u017ceby te w\u0142adze mia\u0142y najr\u00f3\u017cniejszego rodzaju trudno\u015bci.<\/p>\n\n\n\n<p class=\"wp-block-paragraph\">\u2013 Przy czym nie o w\u0142adz\u0119 tak w gruncie rzeczy tutaj chodzi, chodzi o spo\u0142ecze\u0144stwo. Chodzi o takie zm\u0119czenie spo\u0142ecze\u0144stwa, \u017ceby w ko\u0144cu powiedzia\u0142o: \u201eno to niech tamci rz\u0105dz\u0105. Wszystko jedno, b\u0119dzie nam lepiej\u201d. Ot\u00f3\u017c szanowni pa\u0144stwo, nie b\u0119dzie nam lepiej. Tak\u017ce w wymiarze \u017cycia zwyk\u0142ego cz\u0142owieka, zwyk\u0142ej rodziny, to nie b\u0119dzie lepiej. Bo nigdy nie jest lepiej, je\u017celi jakie\u015b pa\u0144stwo, jaki\u015b nar\u00f3d jest zdominowany przez inne pa\u0144stwo i inny nar\u00f3d.<\/p>\n\n\n\n<p class=\"wp-block-paragraph\">\u2013 W Polsce wyr\u00f3wnujemy szanse i bronimy si\u0119 przed tym, co godzi nie tylko w nasz\u0105 kultur\u0119, cywilizacj\u0119, ale tak\u017ce w zdrowy rozs\u0105dek, by to wysadzanie w powietrze naszej cywilizacji, kt\u00f3re trwa dzisiaj na Zachodzie i po cz\u0119\u015bci w Stanach Zjednoczonych, zosta\u0142o powstrzymane. Niszczenie podstawowych instytucji, przede wszystkim rodziny, ale niszczenie w\u0142a\u015bciwie wszystkiego, co dot\u0105d by\u0142o jakim\u015b elementem sta\u0142ym, co budowa\u0142o to\u017csamo\u015bci.<\/p>\n\n\n\n<p class=\"wp-block-paragraph\">\u2013 Na Ukrainie toczy si\u0119 wojna cywilizacyjna, ale na \u015bwiecie jest wiele cywilizacji, kt\u00f3re kwestionuj\u0105 to wszystko, co jest nasz\u0105 podstaw\u0105: wolno\u015b\u0107 i autonomi\u0119 jednostki, to wszystko, co tworzy fundament dla konstrukcji demokratycznej i wszystko co tak mocno jest osadzone w polskiej historii.<\/p>\n\n\n\n<p class=\"wp-block-paragraph\">\u2013 My tego bronimy. Nie pozor\u00f3w tego, ale bronimy tego naprawd\u0119. Bo je\u015bli spojrze\u0107 wstecz na rz\u0105dy naszych poprzednik\u00f3w, to z jednej strony m\u00f3wiono du\u017co o tym, \u017ce ta wolno\u015b\u0107 by\u0142a rzekomo przez nas jako\u015b naruszana, a z drugiej strony regularnie j\u0105 naruszano i to w r\u00f3\u017cnych dziedzinach.<\/p>\n\n\n\n<figure class=\"wp-block-image size-large\"><a href=\"https:\/\/marekkuchcinski.pl\/wp-content\/uploads\/2022\/10\/p_edited-1.jpg\"><img fetchpriority=\"high\" decoding=\"async\" width=\"1024\" height=\"682\" src=\"https:\/\/marekkuchcinski.pl\/wp-content\/uploads\/2022\/10\/p_edited-1-1024x682.jpg\" alt=\"\" class=\"wp-image-26749\" srcset=\"https:\/\/marekkuchcinski.pl\/wp-content\/uploads\/2022\/10\/p_edited-1-1024x682.jpg 1024w, https:\/\/marekkuchcinski.pl\/wp-content\/uploads\/2022\/10\/p_edited-1-300x200.jpg 300w, https:\/\/marekkuchcinski.pl\/wp-content\/uploads\/2022\/10\/p_edited-1-768x512.jpg 768w, https:\/\/marekkuchcinski.pl\/wp-content\/uploads\/2022\/10\/p_edited-1-1536x1023.jpg 1536w, https:\/\/marekkuchcinski.pl\/wp-content\/uploads\/2022\/10\/p_edited-1-18x12.jpg 18w, https:\/\/marekkuchcinski.pl\/wp-content\/uploads\/2022\/10\/p_edited-1.jpg 1600w\" sizes=\"(max-width: 1024px) 100vw, 1024px\" \/><\/a><\/figure>\n\n\n\n<figure class=\"wp-block-image size-large\"><a href=\"https:\/\/marekkuchcinski.pl\/wp-content\/uploads\/2022\/10\/unnamed-1_edited-1.jpg\"><img decoding=\"async\" width=\"1024\" height=\"768\" src=\"https:\/\/marekkuchcinski.pl\/wp-content\/uploads\/2022\/10\/unnamed-1_edited-1-1024x768.jpg\" alt=\"\" class=\"wp-image-26757\" srcset=\"https:\/\/marekkuchcinski.pl\/wp-content\/uploads\/2022\/10\/unnamed-1_edited-1-1024x768.jpg 1024w, https:\/\/marekkuchcinski.pl\/wp-content\/uploads\/2022\/10\/unnamed-1_edited-1-300x225.jpg 300w, https:\/\/marekkuchcinski.pl\/wp-content\/uploads\/2022\/10\/unnamed-1_edited-1-768x576.jpg 768w, https:\/\/marekkuchcinski.pl\/wp-content\/uploads\/2022\/10\/unnamed-1_edited-1-1536x1152.jpg 1536w, https:\/\/marekkuchcinski.pl\/wp-content\/uploads\/2022\/10\/unnamed-1_edited-1-16x12.jpg 16w, https:\/\/marekkuchcinski.pl\/wp-content\/uploads\/2022\/10\/unnamed-1_edited-1.jpg 1600w\" sizes=\"(max-width: 1024px) 100vw, 1024px\" \/><\/a><\/figure>\n\n\n\n<figure class=\"wp-block-image size-large\"><a href=\"https:\/\/marekkuchcinski.pl\/wp-content\/uploads\/2022\/10\/p2-2.jpg\"><img decoding=\"async\" width=\"1024\" height=\"575\" src=\"https:\/\/marekkuchcinski.pl\/wp-content\/uploads\/2022\/10\/p2-2-1024x575.jpg\" alt=\"\" class=\"wp-image-26750\" srcset=\"https:\/\/marekkuchcinski.pl\/wp-content\/uploads\/2022\/10\/p2-2-1024x575.jpg 1024w, https:\/\/marekkuchcinski.pl\/wp-content\/uploads\/2022\/10\/p2-2-300x168.jpg 300w, https:\/\/marekkuchcinski.pl\/wp-content\/uploads\/2022\/10\/p2-2-768x431.jpg 768w, https:\/\/marekkuchcinski.pl\/wp-content\/uploads\/2022\/10\/p2-2-1536x862.jpg 1536w, https:\/\/marekkuchcinski.pl\/wp-content\/uploads\/2022\/10\/p2-2-18x10.jpg 18w, https:\/\/marekkuchcinski.pl\/wp-content\/uploads\/2022\/10\/p2-2.jpg 1600w\" sizes=\"(max-width: 1024px) 100vw, 1024px\" \/><\/a><\/figure>\n\n\n\n<figure class=\"wp-block-image size-large\"><a href=\"https:\/\/marekkuchcinski.pl\/wp-content\/uploads\/2022\/10\/unnamed_edited-1.jpg\"><img loading=\"lazy\" decoding=\"async\" width=\"1024\" height=\"634\" src=\"https:\/\/marekkuchcinski.pl\/wp-content\/uploads\/2022\/10\/unnamed_edited-1-1024x634.jpg\" alt=\"\" class=\"wp-image-26759\" srcset=\"https:\/\/marekkuchcinski.pl\/wp-content\/uploads\/2022\/10\/unnamed_edited-1-1024x634.jpg 1024w, https:\/\/marekkuchcinski.pl\/wp-content\/uploads\/2022\/10\/unnamed_edited-1-300x186.jpg 300w, https:\/\/marekkuchcinski.pl\/wp-content\/uploads\/2022\/10\/unnamed_edited-1-768x476.jpg 768w, https:\/\/marekkuchcinski.pl\/wp-content\/uploads\/2022\/10\/unnamed_edited-1-1536x951.jpg 1536w, https:\/\/marekkuchcinski.pl\/wp-content\/uploads\/2022\/10\/unnamed_edited-1-18x12.jpg 18w, https:\/\/marekkuchcinski.pl\/wp-content\/uploads\/2022\/10\/unnamed_edited-1.jpg 1600w\" sizes=\"(max-width: 1024px) 100vw, 1024px\" \/><\/a><\/figure>\n\n\n\n<figure class=\"wp-block-image size-full\"><a href=\"https:\/\/marekkuchcinski.pl\/wp-content\/uploads\/2022\/10\/311712128_521536999792195_8254137856074331628_n-1.jpg\"><img loading=\"lazy\" decoding=\"async\" width=\"960\" height=\"588\" src=\"https:\/\/marekkuchcinski.pl\/wp-content\/uploads\/2022\/10\/311712128_521536999792195_8254137856074331628_n-1.jpg\" alt=\"\" class=\"wp-image-26761\" srcset=\"https:\/\/marekkuchcinski.pl\/wp-content\/uploads\/2022\/10\/311712128_521536999792195_8254137856074331628_n-1.jpg 960w, https:\/\/marekkuchcinski.pl\/wp-content\/uploads\/2022\/10\/311712128_521536999792195_8254137856074331628_n-1-300x184.jpg 300w, https:\/\/marekkuchcinski.pl\/wp-content\/uploads\/2022\/10\/311712128_521536999792195_8254137856074331628_n-1-768x470.jpg 768w, https:\/\/marekkuchcinski.pl\/wp-content\/uploads\/2022\/10\/311712128_521536999792195_8254137856074331628_n-1-18x12.jpg 18w\" sizes=\"(max-width: 960px) 100vw, 960px\" \/><\/a><\/figure>\n\n\n\n<figure class=\"wp-block-image size-full\"><a href=\"https:\/\/marekkuchcinski.pl\/wp-content\/uploads\/2022\/10\/312292689_521543149791580_3800404993333361678_n.jpg\"><img loading=\"lazy\" decoding=\"async\" width=\"1024\" height=\"682\" src=\"https:\/\/marekkuchcinski.pl\/wp-content\/uploads\/2022\/10\/312292689_521543149791580_3800404993333361678_n.jpg\" alt=\"\" class=\"wp-image-26762\" srcset=\"https:\/\/marekkuchcinski.pl\/wp-content\/uploads\/2022\/10\/312292689_521543149791580_3800404993333361678_n.jpg 1024w, https:\/\/marekkuchcinski.pl\/wp-content\/uploads\/2022\/10\/312292689_521543149791580_3800404993333361678_n-300x200.jpg 300w, https:\/\/marekkuchcinski.pl\/wp-content\/uploads\/2022\/10\/312292689_521543149791580_3800404993333361678_n-768x512.jpg 768w, https:\/\/marekkuchcinski.pl\/wp-content\/uploads\/2022\/10\/312292689_521543149791580_3800404993333361678_n-18x12.jpg 18w\" sizes=\"(max-width: 1024px) 100vw, 1024px\" \/><\/a><\/figure>\n\n\n\n<figure class=\"wp-block-image size-full\"><a href=\"https:\/\/marekkuchcinski.pl\/wp-content\/uploads\/2022\/10\/311796553_521543293124899_1714625526455479502_n.jpg\"><img loading=\"lazy\" decoding=\"async\" width=\"1024\" height=\"588\" src=\"https:\/\/marekkuchcinski.pl\/wp-content\/uploads\/2022\/10\/311796553_521543293124899_1714625526455479502_n.jpg\" alt=\"\" class=\"wp-image-26763\" srcset=\"https:\/\/marekkuchcinski.pl\/wp-content\/uploads\/2022\/10\/311796553_521543293124899_1714625526455479502_n.jpg 1024w, https:\/\/marekkuchcinski.pl\/wp-content\/uploads\/2022\/10\/311796553_521543293124899_1714625526455479502_n-300x172.jpg 300w, https:\/\/marekkuchcinski.pl\/wp-content\/uploads\/2022\/10\/311796553_521543293124899_1714625526455479502_n-768x441.jpg 768w, https:\/\/marekkuchcinski.pl\/wp-content\/uploads\/2022\/10\/311796553_521543293124899_1714625526455479502_n-18x10.jpg 18w\" sizes=\"(max-width: 1024px) 100vw, 1024px\" \/><\/a><\/figure>\n\n\n\n<figure class=\"wp-block-image size-full\"><a href=\"https:\/\/marekkuchcinski.pl\/wp-content\/uploads\/2022\/10\/312173162_521543346458227_1428991228901192545_n.jpg\"><img loading=\"lazy\" decoding=\"async\" width=\"1024\" height=\"676\" src=\"https:\/\/marekkuchcinski.pl\/wp-content\/uploads\/2022\/10\/312173162_521543346458227_1428991228901192545_n.jpg\" alt=\"\" class=\"wp-image-26764\" srcset=\"https:\/\/marekkuchcinski.pl\/wp-content\/uploads\/2022\/10\/312173162_521543346458227_1428991228901192545_n.jpg 1024w, https:\/\/marekkuchcinski.pl\/wp-content\/uploads\/2022\/10\/312173162_521543346458227_1428991228901192545_n-300x198.jpg 300w, https:\/\/marekkuchcinski.pl\/wp-content\/uploads\/2022\/10\/312173162_521543346458227_1428991228901192545_n-768x507.jpg 768w, https:\/\/marekkuchcinski.pl\/wp-content\/uploads\/2022\/10\/312173162_521543346458227_1428991228901192545_n-18x12.jpg 18w\" sizes=\"(max-width: 1024px) 100vw, 1024px\" \/><\/a><\/figure>","protected":false},"excerpt":{"rendered":"<p>W sobot\u0119 22 pa\u017adziernika Jaros\u0142aw Kaczy\u0144ski odwiedzi\u0142 Podkarpacie: Jedlicze i Przemy\u015bl. Mieszka\u0144com dzi\u0119kowa\u0142 za pomoc dla Ukrainy. Przypomnia\u0142 r\u00f3wnie\u017c wk\u0142ad samego Przemy\u015bla, kt\u00f3remu prezydent Ze\u0142e\u0144ski nada\u0142 tytu\u0142 Miasta Ratownika. \u2013 Jeste\u015bcie odwa\u017cni, bo jeste\u015bcie tu\u017c-tu\u017c \u2013 podkre\u015bli\u0142. Podczas spotkania zaznaczy\u0142, \u017ce Prawo i Sprawiedliwo\u015b\u0107 robi wszystko i skutecznie, \u017ceby pieni\u0105dze, kt\u00f3re otrzymujemy z Unii Europejskiej, [&hellip;]<\/p>\n","protected":false},"author":3,"featured_media":26749,"comment_status":"open","ping_status":"open","sticky":false,"template":"","format":"standard","meta":{"ngg_post_thumbnail":0,"footnotes":""},"categories":[49,3],"tags":[],"class_list":["post-26746","post","type-post","status-publish","format-standard","has-post-thumbnail","hentry","category-podkarpacie","category-wydarzenia"],"yoast_head":"<!-- This site is optimized with the Yoast SEO plugin v28.4 - https:\/\/yoast.com\/product\/yoast-seo-wordpress\/ -->\n<title>Prezes PiS na Podkarpaciu: Jeste\u015bcie odwa\u017cni, spisali\u015bcie si\u0119 pi\u0119knie &#8211; Marek Kuchci\u0144ski<\/title>\n<meta name=\"robots\" content=\"index, follow, max-snippet:-1, max-image-preview:large, max-video-preview:-1\" \/>\n<link rel=\"canonical\" href=\"https:\/\/marekkuchcinski.pl\/en\/wydarzenia\/prezes-pis-na-podkarpaciu-jestescie-odwazni-spisaliscie-sie-pieknie\/\" \/>\n<meta property=\"og:locale\" content=\"en_GB\" \/>\n<meta property=\"og:type\" content=\"article\" \/>\n<meta property=\"og:title\" content=\"Prezes PiS na Podkarpaciu: Jeste\u015bcie odwa\u017cni, spisali\u015bcie si\u0119 pi\u0119knie &#8211; Marek Kuchci\u0144ski\" \/>\n<meta property=\"og:description\" content=\"W sobot\u0119 22 pa\u017adziernika Jaros\u0142aw Kaczy\u0144ski odwiedzi\u0142 Podkarpacie: Jedlicze i Przemy\u015bl. Mieszka\u0144com dzi\u0119kowa\u0142 za pomoc dla Ukrainy. Przypomnia\u0142 r\u00f3wnie\u017c wk\u0142ad samego Przemy\u015bla, kt\u00f3remu prezydent Ze\u0142e\u0144ski nada\u0142 tytu\u0142 Miasta Ratownika. \u2013 Jeste\u015bcie odwa\u017cni, bo jeste\u015bcie tu\u017c-tu\u017c \u2013 podkre\u015bli\u0142. Podczas spotkania zaznaczy\u0142, \u017ce Prawo i Sprawiedliwo\u015b\u0107 robi wszystko i skutecznie, \u017ceby pieni\u0105dze, kt\u00f3re otrzymujemy z Unii Europejskiej, [&hellip;]\" \/>\n<meta property=\"og:url\" content=\"https:\/\/marekkuchcinski.pl\/en\/wydarzenia\/prezes-pis-na-podkarpaciu-jestescie-odwazni-spisaliscie-sie-pieknie\/\" \/>\n<meta property=\"og:site_name\" content=\"Marek Kuchci\u0144ski\" \/>\n<meta property=\"article:published_time\" content=\"2022-10-24T15:44:12+00:00\" \/>\n<meta property=\"article:modified_time\" content=\"2022-10-24T15:44:13+00:00\" \/>\n<meta property=\"og:image\" content=\"https:\/\/marekkuchcinski.pl\/wp-content\/uploads\/2022\/10\/p_edited-1.jpg\" \/>\n\t<meta property=\"og:image:width\" content=\"1600\" \/>\n\t<meta property=\"og:image:height\" content=\"1066\" \/>\n\t<meta property=\"og:image:type\" content=\"image\/jpeg\" \/>\n<meta name=\"author\" content=\"Marta Olejnik\" \/>\n<meta name=\"twitter:card\" content=\"summary_large_image\" \/>\n<meta name=\"twitter:label1\" content=\"Written by\" \/>\n\t<meta name=\"twitter:data1\" content=\"Marta Olejnik\" \/>\n\t<meta name=\"twitter:label2\" content=\"Est. reading time\" \/>\n\t<meta name=\"twitter:data2\" content=\"6 minutes\" \/>\n<script type=\"application\/ld+json\" class=\"yoast-schema-graph\">{\"@context\":\"https:\\\/\\\/schema.org\",\"@graph\":[{\"@type\":\"Article\",\"@id\":\"https:\\\/\\\/marekkuchcinski.pl\\\/wydarzenia\\\/prezes-pis-na-podkarpaciu-jestescie-odwazni-spisaliscie-sie-pieknie\\\/#article\",\"isPartOf\":{\"@id\":\"https:\\\/\\\/marekkuchcinski.pl\\\/wydarzenia\\\/prezes-pis-na-podkarpaciu-jestescie-odwazni-spisaliscie-sie-pieknie\\\/\"},\"author\":{\"name\":\"Marta Olejnik\",\"@id\":\"https:\\\/\\\/marekkuchcinski.pl\\\/#\\\/schema\\\/person\\\/bd3f15dee67fee76e83c8350d0154101\"},\"headline\":\"Prezes PiS na Podkarpaciu: Jeste\u015bcie odwa\u017cni, spisali\u015bcie si\u0119 pi\u0119knie\",\"datePublished\":\"2022-10-24T15:44:12+00:00\",\"dateModified\":\"2022-10-24T15:44:13+00:00\",\"mainEntityOfPage\":{\"@id\":\"https:\\\/\\\/marekkuchcinski.pl\\\/wydarzenia\\\/prezes-pis-na-podkarpaciu-jestescie-odwazni-spisaliscie-sie-pieknie\\\/\"},\"wordCount\":962,\"commentCount\":0,\"publisher\":{\"@id\":\"https:\\\/\\\/marekkuchcinski.pl\\\/#organization\"},\"image\":{\"@id\":\"https:\\\/\\\/marekkuchcinski.pl\\\/wydarzenia\\\/prezes-pis-na-podkarpaciu-jestescie-odwazni-spisaliscie-sie-pieknie\\\/#primaryimage\"},\"thumbnailUrl\":\"https:\\\/\\\/marekkuchcinski.pl\\\/wp-content\\\/uploads\\\/2022\\\/10\\\/p_edited-1.jpg\",\"articleSection\":[\"Podkarpacie\",\"Wydarzenia\"],\"inLanguage\":\"en-GB\",\"potentialAction\":[{\"@type\":\"CommentAction\",\"name\":\"Comment\",\"target\":[\"https:\\\/\\\/marekkuchcinski.pl\\\/wydarzenia\\\/prezes-pis-na-podkarpaciu-jestescie-odwazni-spisaliscie-sie-pieknie\\\/#respond\"]}]},{\"@type\":\"WebPage\",\"@id\":\"https:\\\/\\\/marekkuchcinski.pl\\\/wydarzenia\\\/prezes-pis-na-podkarpaciu-jestescie-odwazni-spisaliscie-sie-pieknie\\\/\",\"url\":\"https:\\\/\\\/marekkuchcinski.pl\\\/wydarzenia\\\/prezes-pis-na-podkarpaciu-jestescie-odwazni-spisaliscie-sie-pieknie\\\/\",\"name\":\"Prezes PiS na Podkarpaciu: Jeste\u015bcie odwa\u017cni, spisali\u015bcie si\u0119 pi\u0119knie &#8211; Marek Kuchci\u0144ski\",\"isPartOf\":{\"@id\":\"https:\\\/\\\/marekkuchcinski.pl\\\/#website\"},\"primaryImageOfPage\":{\"@id\":\"https:\\\/\\\/marekkuchcinski.pl\\\/wydarzenia\\\/prezes-pis-na-podkarpaciu-jestescie-odwazni-spisaliscie-sie-pieknie\\\/#primaryimage\"},\"image\":{\"@id\":\"https:\\\/\\\/marekkuchcinski.pl\\\/wydarzenia\\\/prezes-pis-na-podkarpaciu-jestescie-odwazni-spisaliscie-sie-pieknie\\\/#primaryimage\"},\"thumbnailUrl\":\"https:\\\/\\\/marekkuchcinski.pl\\\/wp-content\\\/uploads\\\/2022\\\/10\\\/p_edited-1.jpg\",\"datePublished\":\"2022-10-24T15:44:12+00:00\",\"dateModified\":\"2022-10-24T15:44:13+00:00\",\"breadcrumb\":{\"@id\":\"https:\\\/\\\/marekkuchcinski.pl\\\/wydarzenia\\\/prezes-pis-na-podkarpaciu-jestescie-odwazni-spisaliscie-sie-pieknie\\\/#breadcrumb\"},\"inLanguage\":\"en-GB\",\"potentialAction\":[{\"@type\":\"ReadAction\",\"target\":[\"https:\\\/\\\/marekkuchcinski.pl\\\/wydarzenia\\\/prezes-pis-na-podkarpaciu-jestescie-odwazni-spisaliscie-sie-pieknie\\\/\"]}]},{\"@type\":\"ImageObject\",\"inLanguage\":\"en-GB\",\"@id\":\"https:\\\/\\\/marekkuchcinski.pl\\\/wydarzenia\\\/prezes-pis-na-podkarpaciu-jestescie-odwazni-spisaliscie-sie-pieknie\\\/#primaryimage\",\"url\":\"https:\\\/\\\/marekkuchcinski.pl\\\/wp-content\\\/uploads\\\/2022\\\/10\\\/p_edited-1.jpg\",\"contentUrl\":\"https:\\\/\\\/marekkuchcinski.pl\\\/wp-content\\\/uploads\\\/2022\\\/10\\\/p_edited-1.jpg\",\"width\":1600,\"height\":1066},{\"@type\":\"BreadcrumbList\",\"@id\":\"https:\\\/\\\/marekkuchcinski.pl\\\/wydarzenia\\\/prezes-pis-na-podkarpaciu-jestescie-odwazni-spisaliscie-sie-pieknie\\\/#breadcrumb\",\"itemListElement\":[{\"@type\":\"ListItem\",\"position\":1,\"name\":\"Strona g\u0142\u00f3wna\",\"item\":\"https:\\\/\\\/marekkuchcinski.pl\\\/\"},{\"@type\":\"ListItem\",\"position\":2,\"name\":\"Prezes PiS na Podkarpaciu: Jeste\u015bcie odwa\u017cni, spisali\u015bcie si\u0119 pi\u0119knie\"}]},{\"@type\":\"WebSite\",\"@id\":\"https:\\\/\\\/marekkuchcinski.pl\\\/#website\",\"url\":\"https:\\\/\\\/marekkuchcinski.pl\\\/\",\"name\":\"Marek Kuchci\u0144ski\",\"description\":\"Marek Kuchci\u0144ski \",\"publisher\":{\"@id\":\"https:\\\/\\\/marekkuchcinski.pl\\\/#organization\"},\"potentialAction\":[{\"@type\":\"SearchAction\",\"target\":{\"@type\":\"EntryPoint\",\"urlTemplate\":\"https:\\\/\\\/marekkuchcinski.pl\\\/?s={search_term_string}\"},\"query-input\":{\"@type\":\"PropertyValueSpecification\",\"valueRequired\":true,\"valueName\":\"search_term_string\"}}],\"inLanguage\":\"en-GB\"},{\"@type\":\"Organization\",\"@id\":\"https:\\\/\\\/marekkuchcinski.pl\\\/#organization\",\"name\":\"Marek Kuchci\u0144ski\",\"url\":\"https:\\\/\\\/marekkuchcinski.pl\\\/\",\"logo\":{\"@type\":\"ImageObject\",\"inLanguage\":\"en-GB\",\"@id\":\"https:\\\/\\\/marekkuchcinski.pl\\\/#\\\/schema\\\/logo\\\/image\\\/\",\"url\":\"https:\\\/\\\/marekkuchcinski.pl\\\/wp-content\\\/uploads\\\/2022\\\/09\\\/Marek.jpg\",\"contentUrl\":\"https:\\\/\\\/marekkuchcinski.pl\\\/wp-content\\\/uploads\\\/2022\\\/09\\\/Marek.jpg\",\"width\":1600,\"height\":971,\"caption\":\"Marek Kuchci\u0144ski\"},\"image\":{\"@id\":\"https:\\\/\\\/marekkuchcinski.pl\\\/#\\\/schema\\\/logo\\\/image\\\/\"}},{\"@type\":\"Person\",\"@id\":\"https:\\\/\\\/marekkuchcinski.pl\\\/#\\\/schema\\\/person\\\/bd3f15dee67fee76e83c8350d0154101\",\"name\":\"Marta Olejnik\",\"image\":{\"@type\":\"ImageObject\",\"inLanguage\":\"en-GB\",\"@id\":\"https:\\\/\\\/secure.gravatar.com\\\/avatar\\\/24754edd6080383402e292374b406b553027d572e97d60e7aa89a6940e88659a?s=96&d=mm&r=g\",\"url\":\"https:\\\/\\\/secure.gravatar.com\\\/avatar\\\/24754edd6080383402e292374b406b553027d572e97d60e7aa89a6940e88659a?s=96&d=mm&r=g\",\"contentUrl\":\"https:\\\/\\\/secure.gravatar.com\\\/avatar\\\/24754edd6080383402e292374b406b553027d572e97d60e7aa89a6940e88659a?s=96&d=mm&r=g\",\"caption\":\"Marta Olejnik\"},\"url\":\"https:\\\/\\\/marekkuchcinski.pl\\\/en\\\/author\\\/marta\\\/\"}]}<\/script>\n<!-- \/ Yoast SEO plugin. -->","yoast_head_json":{"title":"Prezes PiS na Podkarpaciu: Jeste\u015bcie odwa\u017cni, spisali\u015bcie si\u0119 pi\u0119knie &#8211; Marek Kuchci\u0144ski","robots":{"index":"index","follow":"follow","max-snippet":"max-snippet:-1","max-image-preview":"max-image-preview:large","max-video-preview":"max-video-preview:-1"},"canonical":"https:\/\/marekkuchcinski.pl\/en\/wydarzenia\/prezes-pis-na-podkarpaciu-jestescie-odwazni-spisaliscie-sie-pieknie\/","og_locale":"en_GB","og_type":"article","og_title":"Prezes PiS na Podkarpaciu: Jeste\u015bcie odwa\u017cni, spisali\u015bcie si\u0119 pi\u0119knie &#8211; Marek Kuchci\u0144ski","og_description":"W sobot\u0119 22 pa\u017adziernika Jaros\u0142aw Kaczy\u0144ski odwiedzi\u0142 Podkarpacie: Jedlicze i Przemy\u015bl. Mieszka\u0144com dzi\u0119kowa\u0142 za pomoc dla Ukrainy. Przypomnia\u0142 r\u00f3wnie\u017c wk\u0142ad samego Przemy\u015bla, kt\u00f3remu prezydent Ze\u0142e\u0144ski nada\u0142 tytu\u0142 Miasta Ratownika. \u2013 Jeste\u015bcie odwa\u017cni, bo jeste\u015bcie tu\u017c-tu\u017c \u2013 podkre\u015bli\u0142. Podczas spotkania zaznaczy\u0142, \u017ce Prawo i Sprawiedliwo\u015b\u0107 robi wszystko i skutecznie, \u017ceby pieni\u0105dze, kt\u00f3re otrzymujemy z Unii Europejskiej, [&hellip;]","og_url":"https:\/\/marekkuchcinski.pl\/en\/wydarzenia\/prezes-pis-na-podkarpaciu-jestescie-odwazni-spisaliscie-sie-pieknie\/","og_site_name":"Marek Kuchci\u0144ski","article_published_time":"2022-10-24T15:44:12+00:00","article_modified_time":"2022-10-24T15:44:13+00:00","og_image":[{"width":1600,"height":1066,"url":"https:\/\/marekkuchcinski.pl\/wp-content\/uploads\/2022\/10\/p_edited-1.jpg","type":"image\/jpeg"}],"author":"Marta Olejnik","twitter_card":"summary_large_image","twitter_misc":{"Written by":"Marta Olejnik","Est. reading time":"6 minutes"},"schema":{"@context":"https:\/\/schema.org","@graph":[{"@type":"Article","@id":"https:\/\/marekkuchcinski.pl\/wydarzenia\/prezes-pis-na-podkarpaciu-jestescie-odwazni-spisaliscie-sie-pieknie\/#article","isPartOf":{"@id":"https:\/\/marekkuchcinski.pl\/wydarzenia\/prezes-pis-na-podkarpaciu-jestescie-odwazni-spisaliscie-sie-pieknie\/"},"author":{"name":"Marta Olejnik","@id":"https:\/\/marekkuchcinski.pl\/#\/schema\/person\/bd3f15dee67fee76e83c8350d0154101"},"headline":"Prezes PiS na Podkarpaciu: Jeste\u015bcie odwa\u017cni, spisali\u015bcie si\u0119 pi\u0119knie","datePublished":"2022-10-24T15:44:12+00:00","dateModified":"2022-10-24T15:44:13+00:00","mainEntityOfPage":{"@id":"https:\/\/marekkuchcinski.pl\/wydarzenia\/prezes-pis-na-podkarpaciu-jestescie-odwazni-spisaliscie-sie-pieknie\/"},"wordCount":962,"commentCount":0,"publisher":{"@id":"https:\/\/marekkuchcinski.pl\/#organization"},"image":{"@id":"https:\/\/marekkuchcinski.pl\/wydarzenia\/prezes-pis-na-podkarpaciu-jestescie-odwazni-spisaliscie-sie-pieknie\/#primaryimage"},"thumbnailUrl":"https:\/\/marekkuchcinski.pl\/wp-content\/uploads\/2022\/10\/p_edited-1.jpg","articleSection":["Podkarpacie","Wydarzenia"],"inLanguage":"en-GB","potentialAction":[{"@type":"CommentAction","name":"Comment","target":["https:\/\/marekkuchcinski.pl\/wydarzenia\/prezes-pis-na-podkarpaciu-jestescie-odwazni-spisaliscie-sie-pieknie\/#respond"]}]},{"@type":"WebPage","@id":"https:\/\/marekkuchcinski.pl\/wydarzenia\/prezes-pis-na-podkarpaciu-jestescie-odwazni-spisaliscie-sie-pieknie\/","url":"https:\/\/marekkuchcinski.pl\/wydarzenia\/prezes-pis-na-podkarpaciu-jestescie-odwazni-spisaliscie-sie-pieknie\/","name":"Prezes PiS na Podkarpaciu: Jeste\u015bcie odwa\u017cni, spisali\u015bcie si\u0119 pi\u0119knie &#8211; Marek Kuchci\u0144ski","isPartOf":{"@id":"https:\/\/marekkuchcinski.pl\/#website"},"primaryImageOfPage":{"@id":"https:\/\/marekkuchcinski.pl\/wydarzenia\/prezes-pis-na-podkarpaciu-jestescie-odwazni-spisaliscie-sie-pieknie\/#primaryimage"},"image":{"@id":"https:\/\/marekkuchcinski.pl\/wydarzenia\/prezes-pis-na-podkarpaciu-jestescie-odwazni-spisaliscie-sie-pieknie\/#primaryimage"},"thumbnailUrl":"https:\/\/marekkuchcinski.pl\/wp-content\/uploads\/2022\/10\/p_edited-1.jpg","datePublished":"2022-10-24T15:44:12+00:00","dateModified":"2022-10-24T15:44:13+00:00","breadcrumb":{"@id":"https:\/\/marekkuchcinski.pl\/wydarzenia\/prezes-pis-na-podkarpaciu-jestescie-odwazni-spisaliscie-sie-pieknie\/#breadcrumb"},"inLanguage":"en-GB","potentialAction":[{"@type":"ReadAction","target":["https:\/\/marekkuchcinski.pl\/wydarzenia\/prezes-pis-na-podkarpaciu-jestescie-odwazni-spisaliscie-sie-pieknie\/"]}]},{"@type":"ImageObject","inLanguage":"en-GB","@id":"https:\/\/marekkuchcinski.pl\/wydarzenia\/prezes-pis-na-podkarpaciu-jestescie-odwazni-spisaliscie-sie-pieknie\/#primaryimage","url":"https:\/\/marekkuchcinski.pl\/wp-content\/uploads\/2022\/10\/p_edited-1.jpg","contentUrl":"https:\/\/marekkuchcinski.pl\/wp-content\/uploads\/2022\/10\/p_edited-1.jpg","width":1600,"height":1066},{"@type":"BreadcrumbList","@id":"https:\/\/marekkuchcinski.pl\/wydarzenia\/prezes-pis-na-podkarpaciu-jestescie-odwazni-spisaliscie-sie-pieknie\/#breadcrumb","itemListElement":[{"@type":"ListItem","position":1,"name":"Strona g\u0142\u00f3wna","item":"https:\/\/marekkuchcinski.pl\/"},{"@type":"ListItem","position":2,"name":"Prezes PiS na Podkarpaciu: Jeste\u015bcie odwa\u017cni, spisali\u015bcie si\u0119 pi\u0119knie"}]},{"@type":"WebSite","@id":"https:\/\/marekkuchcinski.pl\/#website","url":"https:\/\/marekkuchcinski.pl\/","name":"Marek Kuchci\u0144ski","description":"Marek Kuchci\u0144ski","publisher":{"@id":"https:\/\/marekkuchcinski.pl\/#organization"},"potentialAction":[{"@type":"SearchAction","target":{"@type":"EntryPoint","urlTemplate":"https:\/\/marekkuchcinski.pl\/?s={search_term_string}"},"query-input":{"@type":"PropertyValueSpecification","valueRequired":true,"valueName":"search_term_string"}}],"inLanguage":"en-GB"},{"@type":"Organization","@id":"https:\/\/marekkuchcinski.pl\/#organization","name":"Marek Kuchci\u0144ski","url":"https:\/\/marekkuchcinski.pl\/","logo":{"@type":"ImageObject","inLanguage":"en-GB","@id":"https:\/\/marekkuchcinski.pl\/#\/schema\/logo\/image\/","url":"https:\/\/marekkuchcinski.pl\/wp-content\/uploads\/2022\/09\/Marek.jpg","contentUrl":"https:\/\/marekkuchcinski.pl\/wp-content\/uploads\/2022\/09\/Marek.jpg","width":1600,"height":971,"caption":"Marek Kuchci\u0144ski"},"image":{"@id":"https:\/\/marekkuchcinski.pl\/#\/schema\/logo\/image\/"}},{"@type":"Person","@id":"https:\/\/marekkuchcinski.pl\/#\/schema\/person\/bd3f15dee67fee76e83c8350d0154101","name":"Marta Olejnik","image":{"@type":"ImageObject","inLanguage":"en-GB","@id":"https:\/\/secure.gravatar.com\/avatar\/24754edd6080383402e292374b406b553027d572e97d60e7aa89a6940e88659a?s=96&d=mm&r=g","url":"https:\/\/secure.gravatar.com\/avatar\/24754edd6080383402e292374b406b553027d572e97d60e7aa89a6940e88659a?s=96&d=mm&r=g","contentUrl":"https:\/\/secure.gravatar.com\/avatar\/24754edd6080383402e292374b406b553027d572e97d60e7aa89a6940e88659a?s=96&d=mm&r=g","caption":"Marta Olejnik"},"url":"https:\/\/marekkuchcinski.pl\/en\/author\/marta\/"}]}},"_links":{"self":[{"href":"https:\/\/marekkuchcinski.pl\/en\/wp-json\/wp\/v2\/posts\/26746","targetHints":{"allow":["GET"]}}],"collection":[{"href":"https:\/\/marekkuchcinski.pl\/en\/wp-json\/wp\/v2\/posts"}],"about":[{"href":"https:\/\/marekkuchcinski.pl\/en\/wp-json\/wp\/v2\/types\/post"}],"author":[{"embeddable":true,"href":"https:\/\/marekkuchcinski.pl\/en\/wp-json\/wp\/v2\/users\/3"}],"replies":[{"embeddable":true,"href":"https:\/\/marekkuchcinski.pl\/en\/wp-json\/wp\/v2\/comments?post=26746"}],"version-history":[{"count":5,"href":"https:\/\/marekkuchcinski.pl\/en\/wp-json\/wp\/v2\/posts\/26746\/revisions"}],"predecessor-version":[{"id":26768,"href":"https:\/\/marekkuchcinski.pl\/en\/wp-json\/wp\/v2\/posts\/26746\/revisions\/26768"}],"wp:featuredmedia":[{"embeddable":true,"href":"https:\/\/marekkuchcinski.pl\/en\/wp-json\/wp\/v2\/media\/26749"}],"wp:attachment":[{"href":"https:\/\/marekkuchcinski.pl\/en\/wp-json\/wp\/v2\/media?parent=26746"}],"wp:term":[{"taxonomy":"category","embeddable":true,"href":"https:\/\/marekkuchcinski.pl\/en\/wp-json\/wp\/v2\/categories?post=26746"},{"taxonomy":"post_tag","embeddable":true,"href":"https:\/\/marekkuchcinski.pl\/en\/wp-json\/wp\/v2\/tags?post=26746"}],"curies":[{"name":"wp","href":"https:\/\/api.w.org\/{rel}","templated":true}]}}