{"id":26584,"date":"2022-09-29T20:34:03","date_gmt":"2022-09-29T18:34:03","guid":{"rendered":"https:\/\/marekkuchcinski.pl\/?p=26584"},"modified":"2022-09-29T22:42:15","modified_gmt":"2022-09-29T20:42:15","slug":"sejm-przeciwko-nielegalnym-referendom-na-ukrainie-oraz-wydawaniu-wiz-obywatelom-rosji","status":"publish","type":"post","link":"https:\/\/marekkuchcinski.pl\/en\/wydarzenia\/sejm-przeciwko-nielegalnym-referendom-na-ukrainie-oraz-wydawaniu-wiz-obywatelom-rosji\/","title":{"rendered":"Seym against illegal referendums in Ukraine and issuing visas to Russian citizens"},"content":{"rendered":"<p>The Joint Committees on Foreign Affairs and European Union Affairs have adopted a draft resolution \"on condemning illegal referendums held by the Russian authorities in the occupied territories of Ukraine and taking steps to stop issuing visas to citizens of the Russian Federation.\" The Seimas does not recognize the results of illegal referendums carried out by the Russian Federation-controlled collaborationist administrations of Ukraine's occupied regions.<\/p>\n\n\n\n<p>Carried out in an atmosphere of terror, they violate all standards of international law and deserve the unequivocal condemnation of the international community. The Sejm of the Republic of Poland supports Ukraine in its efforts to regain full control over all of its territory in accordance with the internationally recognized legal status. The Sejm of the Republic of Poland strongly condemns the forcing of residents of territories occupied by the Russian Federation to serve in the Russian armed, auxiliary and collaborationist forces.<\/p>\n\n\n\n<p><br>The Russian Federation has committed armed aggression against Ukraine. The Russian state and its subordinate structures are committing war crimes in Ukraine, including genocide, and the vast majority of Russian Federation citizens support the war. At the same time, as reported by the services of the European Union countries, among others, Russia is carrying out intensive intelligence and diversionary activities throughout the European Union.<\/p>\n\n\n\n<p><br>It is morally unacceptable to allow citizens of a state that wages a brutal aggression war and commits acts of state terrorism to move freely in Europe. The ability to enter the European Union is used by the Russians to \"demonstrate support for the war and the criminal actions of the Russian Federation, and facilitates Russian services to conduct intelligence and diversionary operations within the European Union.\"<\/p>\n\n\n\n<p><br>The Sejm of the Republic of Poland supports the steps taken by the Polish Government in the international arena to stop issuing visas to citizens of the Russian Federation. The countries of the European Union and the EU institutions should stand in solidarity on the side of the attacked and against the attackers. The Sejm of the Republic of Poland appeals to the Prime Minister for further action on this issue, and to all political forces in Poland to support the efforts of the Polish Government.<\/p>\n\n\n\n<p>Photo: Rafa\u0142 Zambrzycki\/Sejm<\/p>\n\n\n\n<figure class=\"wp-block-image size-large\"><a href=\"https:\/\/marekkuchcinski.pl\/wp-content\/uploads\/2022\/09\/kom-1.jpeg\"><img fetchpriority=\"high\" decoding=\"async\" width=\"1024\" height=\"683\" src=\"https:\/\/marekkuchcinski.pl\/wp-content\/uploads\/2022\/09\/kom-1-1024x683.jpeg\" alt=\"\" class=\"wp-image-26586\" srcset=\"https:\/\/marekkuchcinski.pl\/wp-content\/uploads\/2022\/09\/kom-1-1024x683.jpeg 1024w, https:\/\/marekkuchcinski.pl\/wp-content\/uploads\/2022\/09\/kom-1-300x200.jpeg 300w, https:\/\/marekkuchcinski.pl\/wp-content\/uploads\/2022\/09\/kom-1-768x512.jpeg 768w, https:\/\/marekkuchcinski.pl\/wp-content\/uploads\/2022\/09\/kom-1-1536x1024.jpeg 1536w, https:\/\/marekkuchcinski.pl\/wp-content\/uploads\/2022\/09\/kom-1-18x12.jpeg 18w, https:\/\/marekkuchcinski.pl\/wp-content\/uploads\/2022\/09\/kom-1.jpeg 1600w\" sizes=\"(max-width: 1024px) 100vw, 1024px\" \/><\/a><\/figure>","protected":false},"excerpt":{"rendered":"<p>The Joint Committees on Foreign Affairs and European Union Affairs have adopted a draft resolution \"on condemning illegal referendums conducted by the Russian authorities in the occupied territories of Ukraine and taking steps to stop issuing visas to citizens of the Russian Federation.\" The Seimas does not recognize the results of illegal referendums carried out by the Russian Federation-controlled collaborationist administrations of Ukraine's occupied regions. Conducted in an atmosphere of [...]<\/p>","protected":false},"author":21,"featured_media":26594,"comment_status":"open","ping_status":"open","sticky":false,"template":"","format":"standard","meta":{"ngg_post_thumbnail":0,"footnotes":""},"categories":[3],"tags":[],"class_list":["post-26584","post","type-post","status-publish","format-standard","has-post-thumbnail","hentry","category-wydarzenia"],"yoast_head":"<!-- This site is optimized with the Yoast SEO plugin v24.7 - https:\/\/yoast.com\/wordpress\/plugins\/seo\/ -->\n<title>Sejm przeciwko nielegalnym referendom na Ukrainie oraz wydawaniu wiz obywatelom Rosji &#8211; Marek Kuchci\u0144ski<\/title>\n<meta name=\"robots\" content=\"index, follow, max-snippet:-1, max-image-preview:large, max-video-preview:-1\" \/>\n<link rel=\"canonical\" href=\"https:\/\/marekkuchcinski.pl\/en\/wydarzenia\/sejm-przeciwko-nielegalnym-referendom-na-ukrainie-oraz-wydawaniu-wiz-obywatelom-rosji\/\" \/>\n<meta property=\"og:locale\" content=\"en_GB\" \/>\n<meta property=\"og:type\" content=\"article\" \/>\n<meta property=\"og:title\" content=\"Sejm przeciwko nielegalnym referendom na Ukrainie oraz wydawaniu wiz obywatelom Rosji &#8211; Marek Kuchci\u0144ski\" \/>\n<meta property=\"og:description\" content=\"Po\u0142\u0105czone Komisje: Spraw Zagranicznych i ds. Unii Europejskiej przyj\u0119\u0142y projekt uchwa\u0142\u0119 &#8222;w sprawie pot\u0119pienia nielegalnych referend\u00f3w przeprowadzonych przez w\u0142adze rosyjskie na okupowanych terenach Ukrainy oraz podj\u0119cia dzia\u0142a\u0144 zmierzaj\u0105cych do zaprzestania wydawania wiz obywatelom Federacji Rosyjskiej&#8221;. Sejm nie uznaje wynik\u00f3w nielegalnych referend\u00f3w dokonanych przez kontrolowane przez Federacj\u0119 Rosyjsk\u0105 kolaboracyjne administracje okupowanych obwod\u00f3w Ukrainy. Przeprowadzone w atmosferze [&hellip;]\" \/>\n<meta property=\"og:url\" content=\"https:\/\/marekkuchcinski.pl\/en\/wydarzenia\/sejm-przeciwko-nielegalnym-referendom-na-ukrainie-oraz-wydawaniu-wiz-obywatelom-rosji\/\" \/>\n<meta property=\"og:site_name\" content=\"Marek Kuchci\u0144ski\" \/>\n<meta property=\"article:published_time\" content=\"2022-09-29T18:34:03+00:00\" \/>\n<meta property=\"article:modified_time\" content=\"2022-09-29T20:42:15+00:00\" \/>\n<meta property=\"og:image\" content=\"https:\/\/marekkuchcinski.pl\/wp-content\/uploads\/2022\/09\/kom_edited.jpg\" \/>\n\t<meta property=\"og:image:width\" content=\"1600\" \/>\n\t<meta property=\"og:image:height\" content=\"1066\" \/>\n\t<meta property=\"og:image:type\" content=\"image\/jpeg\" \/>\n<meta name=\"author\" content=\"Marta Olejnik\" \/>\n<meta name=\"twitter:card\" content=\"summary_large_image\" \/>\n<meta name=\"twitter:label1\" content=\"Written by\" \/>\n\t<meta name=\"twitter:data1\" content=\"Marta Olejnik\" \/>\n\t<meta name=\"twitter:label2\" content=\"Estimated reading time\" \/>\n\t<meta name=\"twitter:data2\" content=\"2 minutes\" \/>\n<script type=\"application\/ld+json\" class=\"yoast-schema-graph\">{\"@context\":\"https:\/\/schema.org\",\"@graph\":[{\"@type\":\"Article\",\"@id\":\"https:\/\/marekkuchcinski.pl\/uk\/wydarzenia\/sejm-przeciwko-nielegalnym-referendom-na-ukrainie-oraz-wydawaniu-wiz-obywatelom-rosji\/#article\",\"isPartOf\":{\"@id\":\"https:\/\/marekkuchcinski.pl\/uk\/wydarzenia\/sejm-przeciwko-nielegalnym-referendom-na-ukrainie-oraz-wydawaniu-wiz-obywatelom-rosji\/\"},\"author\":{\"name\":\"Marta Olejnik\",\"@id\":\"https:\/\/marekkuchcinski.pl\/#\/schema\/person\/51d5d4ee3b5317b8e4dd2b48af359229\"},\"headline\":\"Sejm przeciwko nielegalnym referendom na Ukrainie oraz wydawaniu wiz obywatelom Rosji\",\"datePublished\":\"2022-09-29T18:34:03+00:00\",\"dateModified\":\"2022-09-29T20:42:15+00:00\",\"mainEntityOfPage\":{\"@id\":\"https:\/\/marekkuchcinski.pl\/uk\/wydarzenia\/sejm-przeciwko-nielegalnym-referendom-na-ukrainie-oraz-wydawaniu-wiz-obywatelom-rosji\/\"},\"wordCount\":355,\"commentCount\":0,\"publisher\":{\"@id\":\"https:\/\/marekkuchcinski.pl\/#organization\"},\"image\":{\"@id\":\"https:\/\/marekkuchcinski.pl\/uk\/wydarzenia\/sejm-przeciwko-nielegalnym-referendom-na-ukrainie-oraz-wydawaniu-wiz-obywatelom-rosji\/#primaryimage\"},\"thumbnailUrl\":\"https:\/\/marekkuchcinski.pl\/wp-content\/uploads\/2022\/09\/kom_edited.jpg\",\"articleSection\":[\"Wydarzenia\"],\"inLanguage\":\"en-GB\",\"potentialAction\":[{\"@type\":\"CommentAction\",\"name\":\"Comment\",\"target\":[\"https:\/\/marekkuchcinski.pl\/uk\/wydarzenia\/sejm-przeciwko-nielegalnym-referendom-na-ukrainie-oraz-wydawaniu-wiz-obywatelom-rosji\/#respond\"]}]},{\"@type\":\"WebPage\",\"@id\":\"https:\/\/marekkuchcinski.pl\/uk\/wydarzenia\/sejm-przeciwko-nielegalnym-referendom-na-ukrainie-oraz-wydawaniu-wiz-obywatelom-rosji\/\",\"url\":\"https:\/\/marekkuchcinski.pl\/uk\/wydarzenia\/sejm-przeciwko-nielegalnym-referendom-na-ukrainie-oraz-wydawaniu-wiz-obywatelom-rosji\/\",\"name\":\"Sejm przeciwko nielegalnym referendom na Ukrainie oraz wydawaniu wiz obywatelom Rosji &#8211; Marek Kuchci\u0144ski\",\"isPartOf\":{\"@id\":\"https:\/\/marekkuchcinski.pl\/#website\"},\"primaryImageOfPage\":{\"@id\":\"https:\/\/marekkuchcinski.pl\/uk\/wydarzenia\/sejm-przeciwko-nielegalnym-referendom-na-ukrainie-oraz-wydawaniu-wiz-obywatelom-rosji\/#primaryimage\"},\"image\":{\"@id\":\"https:\/\/marekkuchcinski.pl\/uk\/wydarzenia\/sejm-przeciwko-nielegalnym-referendom-na-ukrainie-oraz-wydawaniu-wiz-obywatelom-rosji\/#primaryimage\"},\"thumbnailUrl\":\"https:\/\/marekkuchcinski.pl\/wp-content\/uploads\/2022\/09\/kom_edited.jpg\",\"datePublished\":\"2022-09-29T18:34:03+00:00\",\"dateModified\":\"2022-09-29T20:42:15+00:00\",\"breadcrumb\":{\"@id\":\"https:\/\/marekkuchcinski.pl\/uk\/wydarzenia\/sejm-przeciwko-nielegalnym-referendom-na-ukrainie-oraz-wydawaniu-wiz-obywatelom-rosji\/#breadcrumb\"},\"inLanguage\":\"en-GB\",\"potentialAction\":[{\"@type\":\"ReadAction\",\"target\":[\"https:\/\/marekkuchcinski.pl\/uk\/wydarzenia\/sejm-przeciwko-nielegalnym-referendom-na-ukrainie-oraz-wydawaniu-wiz-obywatelom-rosji\/\"]}]},{\"@type\":\"ImageObject\",\"inLanguage\":\"en-GB\",\"@id\":\"https:\/\/marekkuchcinski.pl\/uk\/wydarzenia\/sejm-przeciwko-nielegalnym-referendom-na-ukrainie-oraz-wydawaniu-wiz-obywatelom-rosji\/#primaryimage\",\"url\":\"https:\/\/marekkuchcinski.pl\/wp-content\/uploads\/2022\/09\/kom_edited.jpg\",\"contentUrl\":\"https:\/\/marekkuchcinski.pl\/wp-content\/uploads\/2022\/09\/kom_edited.jpg\",\"width\":1600,\"height\":1066},{\"@type\":\"BreadcrumbList\",\"@id\":\"https:\/\/marekkuchcinski.pl\/uk\/wydarzenia\/sejm-przeciwko-nielegalnym-referendom-na-ukrainie-oraz-wydawaniu-wiz-obywatelom-rosji\/#breadcrumb\",\"itemListElement\":[{\"@type\":\"ListItem\",\"position\":1,\"name\":\"Strona g\u0142\u00f3wna\",\"item\":\"https:\/\/marekkuchcinski.pl\/\"},{\"@type\":\"ListItem\",\"position\":2,\"name\":\"Sejm przeciwko nielegalnym referendom na Ukrainie oraz wydawaniu wiz obywatelom Rosji\"}]},{\"@type\":\"WebSite\",\"@id\":\"https:\/\/marekkuchcinski.pl\/#website\",\"url\":\"https:\/\/marekkuchcinski.pl\/\",\"name\":\"Marek Kuchci\u0144ski\",\"description\":\"Pose\u0142 na sejm RP &ndash; okr\u0119g nr 22\",\"publisher\":{\"@id\":\"https:\/\/marekkuchcinski.pl\/#organization\"},\"potentialAction\":[{\"@type\":\"SearchAction\",\"target\":{\"@type\":\"EntryPoint\",\"urlTemplate\":\"https:\/\/marekkuchcinski.pl\/?s={search_term_string}\"},\"query-input\":{\"@type\":\"PropertyValueSpecification\",\"valueRequired\":true,\"valueName\":\"search_term_string\"}}],\"inLanguage\":\"en-GB\"},{\"@type\":\"Organization\",\"@id\":\"https:\/\/marekkuchcinski.pl\/#organization\",\"name\":\"Marek Kuchci\u0144ski\",\"url\":\"https:\/\/marekkuchcinski.pl\/\",\"logo\":{\"@type\":\"ImageObject\",\"inLanguage\":\"en-GB\",\"@id\":\"https:\/\/marekkuchcinski.pl\/#\/schema\/logo\/image\/\",\"url\":\"https:\/\/marekkuchcinski.pl\/wp-content\/uploads\/2022\/09\/Marek.jpg\",\"contentUrl\":\"https:\/\/marekkuchcinski.pl\/wp-content\/uploads\/2022\/09\/Marek.jpg\",\"width\":1600,\"height\":971,\"caption\":\"Marek Kuchci\u0144ski\"},\"image\":{\"@id\":\"https:\/\/marekkuchcinski.pl\/#\/schema\/logo\/image\/\"}},{\"@type\":\"Person\",\"@id\":\"https:\/\/marekkuchcinski.pl\/#\/schema\/person\/51d5d4ee3b5317b8e4dd2b48af359229\",\"name\":\"Marta Olejnik\",\"image\":{\"@type\":\"ImageObject\",\"inLanguage\":\"en-GB\",\"@id\":\"https:\/\/marekkuchcinski.pl\/#\/schema\/person\/image\/\",\"url\":\"https:\/\/secure.gravatar.com\/avatar\/e39914b2aa6a48959e24d475b5dc9793?s=96&d=mm&r=g\",\"contentUrl\":\"https:\/\/secure.gravatar.com\/avatar\/e39914b2aa6a48959e24d475b5dc9793?s=96&d=mm&r=g\",\"caption\":\"Marta Olejnik\"},\"url\":\"https:\/\/marekkuchcinski.pl\/en\/author\/marta\/\"}]}<\/script>\n<!-- \/ Yoast SEO plugin. -->","yoast_head_json":{"title":"Sejm przeciwko nielegalnym referendom na Ukrainie oraz wydawaniu wiz obywatelom Rosji &#8211; Marek Kuchci\u0144ski","robots":{"index":"index","follow":"follow","max-snippet":"max-snippet:-1","max-image-preview":"max-image-preview:large","max-video-preview":"max-video-preview:-1"},"canonical":"https:\/\/marekkuchcinski.pl\/en\/wydarzenia\/sejm-przeciwko-nielegalnym-referendom-na-ukrainie-oraz-wydawaniu-wiz-obywatelom-rosji\/","og_locale":"en_GB","og_type":"article","og_title":"Sejm przeciwko nielegalnym referendom na Ukrainie oraz wydawaniu wiz obywatelom Rosji &#8211; Marek Kuchci\u0144ski","og_description":"Po\u0142\u0105czone Komisje: Spraw Zagranicznych i ds. Unii Europejskiej przyj\u0119\u0142y projekt uchwa\u0142\u0119 &#8222;w sprawie pot\u0119pienia nielegalnych referend\u00f3w przeprowadzonych przez w\u0142adze rosyjskie na okupowanych terenach Ukrainy oraz podj\u0119cia dzia\u0142a\u0144 zmierzaj\u0105cych do zaprzestania wydawania wiz obywatelom Federacji Rosyjskiej&#8221;. Sejm nie uznaje wynik\u00f3w nielegalnych referend\u00f3w dokonanych przez kontrolowane przez Federacj\u0119 Rosyjsk\u0105 kolaboracyjne administracje okupowanych obwod\u00f3w Ukrainy. Przeprowadzone w atmosferze [&hellip;]","og_url":"https:\/\/marekkuchcinski.pl\/en\/wydarzenia\/sejm-przeciwko-nielegalnym-referendom-na-ukrainie-oraz-wydawaniu-wiz-obywatelom-rosji\/","og_site_name":"Marek Kuchci\u0144ski","article_published_time":"2022-09-29T18:34:03+00:00","article_modified_time":"2022-09-29T20:42:15+00:00","og_image":[{"width":1600,"height":1066,"url":"https:\/\/marekkuchcinski.pl\/wp-content\/uploads\/2022\/09\/kom_edited.jpg","type":"image\/jpeg"}],"author":"Marta Olejnik","twitter_card":"summary_large_image","twitter_misc":{"Written by":"Marta Olejnik","Estimated reading time":"2 minutes"},"schema":{"@context":"https:\/\/schema.org","@graph":[{"@type":"Article","@id":"https:\/\/marekkuchcinski.pl\/uk\/wydarzenia\/sejm-przeciwko-nielegalnym-referendom-na-ukrainie-oraz-wydawaniu-wiz-obywatelom-rosji\/#article","isPartOf":{"@id":"https:\/\/marekkuchcinski.pl\/uk\/wydarzenia\/sejm-przeciwko-nielegalnym-referendom-na-ukrainie-oraz-wydawaniu-wiz-obywatelom-rosji\/"},"author":{"name":"Marta Olejnik","@id":"https:\/\/marekkuchcinski.pl\/#\/schema\/person\/51d5d4ee3b5317b8e4dd2b48af359229"},"headline":"Sejm przeciwko nielegalnym referendom na Ukrainie oraz wydawaniu wiz obywatelom Rosji","datePublished":"2022-09-29T18:34:03+00:00","dateModified":"2022-09-29T20:42:15+00:00","mainEntityOfPage":{"@id":"https:\/\/marekkuchcinski.pl\/uk\/wydarzenia\/sejm-przeciwko-nielegalnym-referendom-na-ukrainie-oraz-wydawaniu-wiz-obywatelom-rosji\/"},"wordCount":355,"commentCount":0,"publisher":{"@id":"https:\/\/marekkuchcinski.pl\/#organization"},"image":{"@id":"https:\/\/marekkuchcinski.pl\/uk\/wydarzenia\/sejm-przeciwko-nielegalnym-referendom-na-ukrainie-oraz-wydawaniu-wiz-obywatelom-rosji\/#primaryimage"},"thumbnailUrl":"https:\/\/marekkuchcinski.pl\/wp-content\/uploads\/2022\/09\/kom_edited.jpg","articleSection":["Wydarzenia"],"inLanguage":"en-GB","potentialAction":[{"@type":"CommentAction","name":"Comment","target":["https:\/\/marekkuchcinski.pl\/uk\/wydarzenia\/sejm-przeciwko-nielegalnym-referendom-na-ukrainie-oraz-wydawaniu-wiz-obywatelom-rosji\/#respond"]}]},{"@type":"WebPage","@id":"https:\/\/marekkuchcinski.pl\/uk\/wydarzenia\/sejm-przeciwko-nielegalnym-referendom-na-ukrainie-oraz-wydawaniu-wiz-obywatelom-rosji\/","url":"https:\/\/marekkuchcinski.pl\/uk\/wydarzenia\/sejm-przeciwko-nielegalnym-referendom-na-ukrainie-oraz-wydawaniu-wiz-obywatelom-rosji\/","name":"Sejm przeciwko nielegalnym referendom na Ukrainie oraz wydawaniu wiz obywatelom Rosji &#8211; Marek Kuchci\u0144ski","isPartOf":{"@id":"https:\/\/marekkuchcinski.pl\/#website"},"primaryImageOfPage":{"@id":"https:\/\/marekkuchcinski.pl\/uk\/wydarzenia\/sejm-przeciwko-nielegalnym-referendom-na-ukrainie-oraz-wydawaniu-wiz-obywatelom-rosji\/#primaryimage"},"image":{"@id":"https:\/\/marekkuchcinski.pl\/uk\/wydarzenia\/sejm-przeciwko-nielegalnym-referendom-na-ukrainie-oraz-wydawaniu-wiz-obywatelom-rosji\/#primaryimage"},"thumbnailUrl":"https:\/\/marekkuchcinski.pl\/wp-content\/uploads\/2022\/09\/kom_edited.jpg","datePublished":"2022-09-29T18:34:03+00:00","dateModified":"2022-09-29T20:42:15+00:00","breadcrumb":{"@id":"https:\/\/marekkuchcinski.pl\/uk\/wydarzenia\/sejm-przeciwko-nielegalnym-referendom-na-ukrainie-oraz-wydawaniu-wiz-obywatelom-rosji\/#breadcrumb"},"inLanguage":"en-GB","potentialAction":[{"@type":"ReadAction","target":["https:\/\/marekkuchcinski.pl\/uk\/wydarzenia\/sejm-przeciwko-nielegalnym-referendom-na-ukrainie-oraz-wydawaniu-wiz-obywatelom-rosji\/"]}]},{"@type":"ImageObject","inLanguage":"en-GB","@id":"https:\/\/marekkuchcinski.pl\/uk\/wydarzenia\/sejm-przeciwko-nielegalnym-referendom-na-ukrainie-oraz-wydawaniu-wiz-obywatelom-rosji\/#primaryimage","url":"https:\/\/marekkuchcinski.pl\/wp-content\/uploads\/2022\/09\/kom_edited.jpg","contentUrl":"https:\/\/marekkuchcinski.pl\/wp-content\/uploads\/2022\/09\/kom_edited.jpg","width":1600,"height":1066},{"@type":"BreadcrumbList","@id":"https:\/\/marekkuchcinski.pl\/uk\/wydarzenia\/sejm-przeciwko-nielegalnym-referendom-na-ukrainie-oraz-wydawaniu-wiz-obywatelom-rosji\/#breadcrumb","itemListElement":[{"@type":"ListItem","position":1,"name":"Strona g\u0142\u00f3wna","item":"https:\/\/marekkuchcinski.pl\/"},{"@type":"ListItem","position":2,"name":"Sejm przeciwko nielegalnym referendom na Ukrainie oraz wydawaniu wiz obywatelom Rosji"}]},{"@type":"WebSite","@id":"https:\/\/marekkuchcinski.pl\/#website","url":"https:\/\/marekkuchcinski.pl\/","name":"Marek Kuchci\u0144ski","description":"Pose\u0142 na sejm RP &ndash; okr\u0119g nr 22","publisher":{"@id":"https:\/\/marekkuchcinski.pl\/#organization"},"potentialAction":[{"@type":"SearchAction","target":{"@type":"EntryPoint","urlTemplate":"https:\/\/marekkuchcinski.pl\/?s={search_term_string}"},"query-input":{"@type":"PropertyValueSpecification","valueRequired":true,"valueName":"search_term_string"}}],"inLanguage":"en-GB"},{"@type":"Organization","@id":"https:\/\/marekkuchcinski.pl\/#organization","name":"Marek Kuchci\u0144ski","url":"https:\/\/marekkuchcinski.pl\/","logo":{"@type":"ImageObject","inLanguage":"en-GB","@id":"https:\/\/marekkuchcinski.pl\/#\/schema\/logo\/image\/","url":"https:\/\/marekkuchcinski.pl\/wp-content\/uploads\/2022\/09\/Marek.jpg","contentUrl":"https:\/\/marekkuchcinski.pl\/wp-content\/uploads\/2022\/09\/Marek.jpg","width":1600,"height":971,"caption":"Marek Kuchci\u0144ski"},"image":{"@id":"https:\/\/marekkuchcinski.pl\/#\/schema\/logo\/image\/"}},{"@type":"Person","@id":"https:\/\/marekkuchcinski.pl\/#\/schema\/person\/51d5d4ee3b5317b8e4dd2b48af359229","name":"Marta Olejnik","image":{"@type":"ImageObject","inLanguage":"en-GB","@id":"https:\/\/marekkuchcinski.pl\/#\/schema\/person\/image\/","url":"https:\/\/secure.gravatar.com\/avatar\/e39914b2aa6a48959e24d475b5dc9793?s=96&d=mm&r=g","contentUrl":"https:\/\/secure.gravatar.com\/avatar\/e39914b2aa6a48959e24d475b5dc9793?s=96&d=mm&r=g","caption":"Marta Olejnik"},"url":"https:\/\/marekkuchcinski.pl\/en\/author\/marta\/"}]}},"_links":{"self":[{"href":"https:\/\/marekkuchcinski.pl\/en\/wp-json\/wp\/v2\/posts\/26584","targetHints":{"allow":["GET"]}}],"collection":[{"href":"https:\/\/marekkuchcinski.pl\/en\/wp-json\/wp\/v2\/posts"}],"about":[{"href":"https:\/\/marekkuchcinski.pl\/en\/wp-json\/wp\/v2\/types\/post"}],"author":[{"embeddable":true,"href":"https:\/\/marekkuchcinski.pl\/en\/wp-json\/wp\/v2\/users\/21"}],"replies":[{"embeddable":true,"href":"https:\/\/marekkuchcinski.pl\/en\/wp-json\/wp\/v2\/comments?post=26584"}],"version-history":[{"count":1,"href":"https:\/\/marekkuchcinski.pl\/en\/wp-json\/wp\/v2\/posts\/26584\/revisions"}],"predecessor-version":[{"id":26587,"href":"https:\/\/marekkuchcinski.pl\/en\/wp-json\/wp\/v2\/posts\/26584\/revisions\/26587"}],"wp:featuredmedia":[{"embeddable":true,"href":"https:\/\/marekkuchcinski.pl\/en\/wp-json\/wp\/v2\/media\/26594"}],"wp:attachment":[{"href":"https:\/\/marekkuchcinski.pl\/en\/wp-json\/wp\/v2\/media?parent=26584"}],"wp:term":[{"taxonomy":"category","embeddable":true,"href":"https:\/\/marekkuchcinski.pl\/en\/wp-json\/wp\/v2\/categories?post=26584"},{"taxonomy":"post_tag","embeddable":true,"href":"https:\/\/marekkuchcinski.pl\/en\/wp-json\/wp\/v2\/tags?post=26584"}],"curies":[{"name":"wp","href":"https:\/\/api.w.org\/{rel}","templated":true}]}}