{"id":25915,"date":"2022-09-05T05:30:00","date_gmt":"2022-09-05T03:30:00","guid":{"rendered":"https:\/\/marekkuchcinski.pl\/?p=25915"},"modified":"2022-09-05T09:53:19","modified_gmt":"2022-09-05T07:53:19","slug":"europa-karpat-w-strone-tozsamosci-europy-srodkowej-zapowiedz-konferencji-6-8-wrzesnia","status":"publish","type":"post","link":"https:\/\/marekkuchcinski.pl\/en\/wydarzenia\/europa-karpat-w-strone-tozsamosci-europy-srodkowej-zapowiedz-konferencji-6-8-wrzesnia\/","title":{"rendered":"Europa Karpat. W stron\u0119 to\u017csamo\u015bci Europy \u015arodkowej \u2013 zapowied\u017a konferencji"},"content":{"rendered":"\n<p class=\"wp-block-paragraph\"><strong>Karpacz, 6-8 wrze\u015bnia<\/strong><\/p>\n\n\n\n<p class=\"wp-block-paragraph\">Europa Karpat to miejsce wymiany idei i przekuwania ich w realne rozwi\u0105zania. W tym roku w Karpaczu politycy, ekonomi\u015bci, dyplomaci, filozofowie i liderzy opinii podejm\u0105 si\u0119 wyzwania opisania nowej rzeczywisto\u015bci i wsp\u00f3\u0142pracy pa\u0144stw, kt\u00f3rych losy na przestrzeni wiek\u00f3w by\u0142y silnie powi\u0105zane ze sob\u0105, a ca\u0142y region charakteryzuje nadal wieloraka rozmaito\u015b\u0107. &nbsp;o ona nadal wymusza na nas g\u0142\u0119bsze zastanowienie &nbsp;si\u0119 nad to\u017csamo\u015bci\u0105 Europy \u015arodkowej.<\/p>\n\n\n\n<ul class=\"wp-block-list\"><li><strong>Proponujemy pochyli\u0107 si\u0119 nad tym, jak mo\u017cna, w dzisiejszym skomplikowanym wojn\u0105 i interesami zewn\u0119trznymi \u015bwiecie \u015brodkowoeuropejskim, budowa\u0107 formy wsp\u00f3\u0142pracy we wszelkich mo\u017cliwych obszarach \u2013 t\u0142umaczy Marek Kuchci\u0144ski, pomys\u0142odawca i inicjator Europy Karpat, przewodnicz\u0105cy Komisji Spraw Zagranicznych Sejmu RP.<\/strong><\/li><\/ul>\n\n\n\n<p class=\"wp-block-paragraph\"><\/p>\n\n\n\n<p class=\"wp-block-paragraph\"><strong>Wzmocnienie bezpiecze\u0144stwa Europy \u015arodkowej<\/strong><\/p>\n\n\n\n<p class=\"wp-block-paragraph\">Wiceprzewodnicz\u0105cy klubu Prawa i Sprawiedliwo\u015bci uwa\u017ca, \u017ce niezb\u0119dne jest wzmacnianie bezpiecze\u0144stwa pa\u0144stw naszego regionu. \u2013 Chodzi o zach\u0119t\u0119 do wsp\u00f3\u0142pracy s\u0105siedzkiej, wbrew interesom zewn\u0119trznym. Podczas trzydniowej konferencji panele b\u0119d\u0105 po\u015bwi\u0119cone szczeg\u00f3\u0142owym tematom zwi\u0105zanym z szeroko poj\u0119tym bezpiecze\u0144stwem regionu \u2013 dodaje Marek Kuchci\u0144ski, zapraszaj\u0105c do Karpacza na Konferencj\u0119 Europa Karpat (6-8.09).<\/p>\n\n\n\n<p class=\"wp-block-paragraph\">Rozmawia\u0107 b\u0119d\u0105 mi\u0119dzy innymi: Jaros\u0142aw Kaczy\u0144ski, Antoni Macierewicz, Ryszard Legutko, Ryszard Terlecki, Zdzis\u0142aw Krasnod\u0119bski, Krzysztof Szczerski i Janusz Wojciechowski.<\/p>\n\n\n\n<ul class=\"wp-block-list\"><li><strong>Ponad 20 lat temu zacz\u0119li\u015bmy t\u0142umaczy\u0107 ludziom, \u017ce Karpaty spajaj\u0105 kraje nie tylko geograficznie. Ten g\u00f3rski \u0142a\u0144cuch to jednocze\u015bnie sie\u0107 mniejszych ogniw, kt\u00f3re \u0142\u0105cz\u0105 ze sob\u0105 ludzi, przemys\u0142, kultur\u0119, edukacj\u0119, podobne problemy obronne, demograficzne i wyzwania rolnicze. Dzi\u015b widzimy to szczeg\u00f3lnie wyra\u017ane, gdy wojna na Ukrainie staje si\u0119 realnym zagro\u017ceniem dla Polski, Bia\u0142orusi, S\u0142owacji, Rumunii, Czech, W\u0119gier, Austrii, Serbii, a wi\u0119c kraj\u00f3w karpackich. To oczywi\u015bcie tylko przyk\u0142ad, pocz\u0105tek reakcji \u0142a\u0144cuchowej, kt\u00f3ra wstrz\u0105sa Europ\u0105 \u2013 wyja\u015bnia Marek Kuchci\u0144ski, przewodnicz\u0105cy Komisji Spraw Zagranicznych.<\/strong><\/li><\/ul>\n\n\n\n<p class=\"wp-block-paragraph\"><\/p>\n\n\n\n<p class=\"wp-block-paragraph\"><strong>Korzystne pog\u0142\u0119bienie wsp\u00f3\u0142pracy<\/strong><\/p>\n\n\n\n<p class=\"wp-block-paragraph\">Punktem wyj\u015bcia b\u0119dzie panel prowadzony przez wicemarsza\u0142ka Senatu, Marka P\u0119ka \u2013 \u201eTo\u017csamo\u015b\u0107 Europy \u015arodkowej. Atrybuty i symbole\u201d (15:40-16:40 we wtorek 6 wrze\u015bnia). Ma to by\u0107 wymiana argument\u00f3w przemawiaj\u0105ca za pog\u0142\u0119bianiem wsp\u00f3\u0142pracy. \u0141\u0105cz\u0105 si\u0119 w niej racje geopolityczne, ekonomiczne i infrastrukturalne. Marek Kuchci\u0144ski, Krzysztof Szczerski (ambasador Rzeczypospolitej Polskiej przy Organizacji Narod\u00f3w Zjednoczonych), Pavol Ma\u010dala (s\u0142owackie Stowarzyszenie Naukowe Personalizm), Bal\u00e1zs Orb\u00e1n (wiceminister i sekretarz stanu ds. Parlamentarnych i strategicznych Kancelarii Premiera W\u0119gier Viktora Orban), Emanuelis Zingeris (pose\u0142 do Seimasu, cz\u0142onek Komisji Spraw Zagranicznych), Jan Draus (cz\u0142onek kolegium Instytutu Pami\u0119ci Narodowej), Markiyan Malsky (Uniwersytet Lwowski, b. ambasador Ukrainy w Polsce), ks prof. Franjo Topi\u0107 (Bo\u015bnia i Hercegowina) przybli\u017c\u0105 s\u0142uchaczom tak\u017ce inne cechy wyr\u00f3\u017cniaj\u0105ce region, wybitne osoby, symbole triumf\u00f3w i pora\u017cek.<\/p>\n\n\n\n<p class=\"wp-block-paragraph\"><\/p>\n\n\n\n<p class=\"wp-block-paragraph\"><strong>Ta wojna dosi\u0119ga nas wszystkich<\/strong><\/p>\n\n\n\n<p class=\"wp-block-paragraph\">Tegoroczna konferencja w naturalny spos\u00f3b odnosi si\u0119 do wojny za nasz\u0105 wschodni\u0105 granic\u0105. To w interesie naszego regionu le\u017cy, by g\u0142os dobiegaj\u0105cy z Kijowa czy Warszawy by\u0142 s\u0142yszany na ca\u0142ym \u015bwiecie. Kiedy\u015b taki dono\u015bny g\u0142os mia\u0142 papie\u017c Polak. \u201eTo pok\u00f3j musi kierowa\u0107 losami narod\u00f3w i ca\u0142ej ludzko\u015bci\u201d \u2013 pisa\u0142 Jan Pawe\u0142 II do polskiego episkopatu w 50. rocznic\u0119 wybuchu II wojny \u015bwiatowej. W obliczu obecnej sytuacji geopolitycznej wa\u017cna jest refleksja na temat charakteru wojny: lokalny oraz globalny. Jest to najd\u0142u\u017csza wsp\u00f3\u0142czesna wojna w Europie. Nale\u017cy podda\u0107 refleksji przysz\u0142o\u015b\u0107 Ukrainy oraz poszczeg\u00f3lne scenariusze \u2013 od zwyci\u0119stwa po masow\u0105 eksterminacj\u0119 i niewol\u0119. Ju\u017c nikt nie mo\u017ce powiedzie\u0107, \u017ce ta wojna dzieje si\u0119daleko, \u017ce jej skutki go nie dosi\u0119gn\u0105. W tej chwili odczuwa je ca\u0142y \u015bwiat. Widzimy tragedi\u0119 mordowanych przez Rosjan cywil\u00f3w, p\u0142on\u0105ce domy, cia\u0142a kobiet i dzieci winnych tylko tego, \u017ce akurat szli razem do przedszkola. Dla rosyjskich bomb nie ma r\u00f3\u017cnicy: niszcz\u0105 \u017c\u0142obki i rafinerie, obracaj\u0105 w popi\u00f3\u0142 szpitale i huty, rozdzieraj\u0105 dziedzictwo kulturalne Wschodu i miedze rolnik\u00f3w z dziada-pradziada.<\/p>\n\n\n\n<p class=\"wp-block-paragraph\"><\/p>\n\n\n\n<p class=\"wp-block-paragraph\"><strong>Zatrzyma\u0107 Rosj\u0119, zwi\u0119kszy\u0107 wsparcie dla regionu<\/strong><\/p>\n\n\n\n<p class=\"wp-block-paragraph\">W\u0142adze Ukrainy szacuj\u0105, \u017ce na odbudow\u0119 ich kraju po wojnie z Rosj\u0105 b\u0119dzie trzeba przeznacza\u0107 kilka mld USD miesi\u0119cznie. Eksperci obecnie oceniaj\u0105 tak\u017ce, \u017ce pe\u0142na odbudowa Ukrainy <strong>przekroczy<\/strong> 1000 mld dolar\u00f3w.<\/p>\n\n\n\n<ul class=\"wp-block-list\"><li><strong>Rosja nadal wi\u0119cej zarabia podczas tej wojny, ni\u017c inne kraje wydaj\u0105 na wsparcie Ukrainy, by zatrzyma\u0107 Putina. Tak d\u0142ugo, jak te proporcje b\u0119d\u0105 na korzy\u015b\u0107 imperialnej polityki Moskwy, nasz region b\u0119dzie zagro\u017cony \u2013 t\u0142umaczy Marek Kuchci\u0144ski.<\/strong><\/li><\/ul>\n\n\n\n<p class=\"wp-block-paragraph\"><\/p>\n\n\n\n<p class=\"wp-block-paragraph\">Tymczasem eksperci z kilo\u0144skiego Institute for the World Economy alarmuj\u0105, \u017ce w lipcu zmniejszy\u0142o si\u0119 mi\u0119dzynarodowe wsparcie dla Ukrainy [1]. \u017baden z du\u017cych kraj\u00f3w UE, takich jak Niemcy, Francja czy W\u0142ochy, nie z\u0142o\u017cy\u0142 nowych znacz\u0105cych zobowi\u0105za\u0144. W lipcu Ukraina otrzyma\u0142a jedynie oko\u0142o 1,5 mld euro w postaci nowych obietnic wsparcia. W sumie Ukraine Support Tracker odnotowuje zobowi\u0105zania na poziomie 84,2 mld euro.<\/p>\n\n\n\n<p class=\"wp-block-paragraph\">Najwi\u0119cej do tej pory na pomoc wojskow\u0105 dla Ukrainy przeznaczy\u0142y Stany Zjednoczone \u2013 25 mld euro, znacznie wi\u0119cej ni\u017c Wielka Brytania, kt\u00f3ra zajmuje drugie miejsce z 4 mld euro. Na trzecim miejscu jest instytucjonalne wsparcie ze strony instytucji unijnych \u2013 2,5 mld. Czwarta jest Polska \u2013 1,8 mld euro pomocy wojskowej. W tym czasie Niemcy i Francja zobowi\u0105za\u0142y si\u0119 do przekazania odpowiednio 1,2 i 0,2 mld euro. Kilo\u0144ski Instytut szacuje, \u017ce strona polska zadeklarowa\u0142a te\u017c 100 mln euro wsparcia humanitarnego i 0,99 mld euro pomocy finansowej.<\/p>\n\n\n\n<p class=\"wp-block-paragraph\">W rozmowie z Politico \u0142otewski minister obrony Artis Pabriks da\u0142 do zrozumienia, \u017ce Berlin i Pary\u017c powinny zwi\u0119kszy\u0107 swoje wsparcie [2]. Punktem odniesienia jest pomoc zapewniana przez takie kraje jak Estonia, \u0141otwa, Polska, Litwa, Norwegia, S\u0142owacja i Czechy, w przeliczeniu na PKB.<\/p>\n\n\n\n<p class=\"wp-block-paragraph\">Unia Europejska zapewnia zaskakuj\u0105co ma\u0142\u0105 pomoc w por\u00f3wnaniu z jej funduszem wsparcia dla zwalczania skutk\u00f3w epidemii koronawirusa o warto\u015bci 800 miliard\u00f3w euro.<\/p>\n\n\n\n<p class=\"wp-block-paragraph\"><\/p>\n\n\n\n<p class=\"wp-block-paragraph\"><strong>Krwawy gaz i ropa<\/strong><\/p>\n\n\n\n<p class=\"wp-block-paragraph\">Tymczasem Bloomberg, renomowana agencja informacyjna specjalizuj\u0105ca si\u0119 w gospodarce, informuje, \u017ce w tym roku Rosja zarabia \u015brednio 800 mln dolar\u00f3w dziennie, tylko na handlu rop\u0105 i gazem. W trakcie Europy Karpat paneli\u015bci podejm\u0105 pr\u00f3b\u0119 wyja\u015bnienia, jakie jest ukrai\u0144skie zapotrzebowanie na gaz i polskie zdolno\u015bci zaopatrywania Ukrainy. Temat jest z\u0142o\u017cony, bo obejmuje zapotrzebowanie Polski na gaz z importu, wydolno\u015b\u0107 infrastruktury wspieraj\u0105cej import gazu przez Polsk\u0119 (np. wydolno\u015b\u0107 gazoportu i Baltic Pipe) oraz wydolno\u015b\u0107 tranzytow\u0105 gazoci\u0105g\u00f3w i interkonektor\u00f3w polskich wiod\u0105cych na Ukrain\u0119. Aby mie\u0107 szerszy obraz sytuacji energetycznej w naszym regionie, warto tak\u017ce przeanalizowa\u0107 analogiczne zdolno\u015bci s\u0142owackie, w\u0119gierskie i rumu\u0144skie i oceni\u0107, jak na ich tle plasuje si\u0119 Polska. Warto by\u0142oby te\u017c policzy\u0107, jak\u0105 si\u0142\u0119 mia\u0142oby wsparcie wszystkich pa\u0144stw Europy \u015arodkowej, gdyby dzia\u0142a\u0142y razem.<\/p>\n\n\n\n<p class=\"wp-block-paragraph\"><\/p>\n\n\n\n<p class=\"wp-block-paragraph\"><strong>Jak zapobiec kryzysowi \u017cywno\u015bciowemu<\/strong><\/p>\n\n\n\n<p class=\"wp-block-paragraph\">W wyniku ataku Rosji na Ukrain\u0119 gwa\u0142townie wzros\u0142y ceny nawoz\u00f3w i energii oraz globalnie pogorszy\u0142y si\u0119 warunki makroekonomiczne na ca\u0142ym \u015bwiecie, co b\u0119dzie skutkowa\u0107 powa\u017cnym kryzysem \u017cywno\u015bciowym. Rosja zaatakowa\u0142a ukrai\u0144sk\u0105 infrastruktur\u0119 transportow\u0105 i de facto zablokowa\u0142a porty na Morzu Czarnym, z kt\u00f3rych zwyczajowo eksportuje si\u0119 90% ukrai\u0144skich produkt\u00f3w rolnych. Niszczenie ukrai\u0144skich upraw, magazyn\u00f3w z \u017cywno\u015bci\u0105 i maszyn rolniczych, kradzie\u017c zbior\u00f3w przez rosyjskie wojsko wp\u0142ynie w nadchodz\u0105cych miesi\u0105cach na zdolno\u015bci produkcyjne i eksportowe. Rosja niszcz\u0105c Ukrain\u0119, chce zniszczy\u0107 Europ\u0119, aby sobie j\u0105 podporz\u0105dkowa\u0107.<\/p>\n\n\n\n<p class=\"wp-block-paragraph\"><\/p>\n\n\n\n<p class=\"wp-block-paragraph\">Wed\u0142ug inicjatora konferencji, <strong>Marka Kuchci\u0144skiego<\/strong>, musimy zacz\u0105\u0107 my\u015ble\u0107 i rozmawia\u0107 o wsp\u00f3lnych dzia\u0142aniach tak\u017ce w obliczu mo\u017cliwego kryzysu \u017cywno\u015bciowego. Znaj\u0105c polskie zdolno\u015bci infrastrukturalne w zakresie eksportu tranzytem przez RP ukrai\u0144skiego zbo\u017ca oraz analogiczne zdolno\u015bci s\u0142owackie, w\u0119gierskie i rumu\u0144skie, a tak\u017ce wiedz\u0105c, jak na ich tle plasuje si\u0119 Polska, b\u0119dziemy mogli odpowiedzie\u0107 sobie na pytanie, czy istniej\u0105 i jakie s\u0105 mo\u017cliwo\u015bci wsp\u00f3\u0142pracy Polski z innymi pa\u0144stwami Europy Karpat w zakresie rozwi\u0105zania problem\u00f3w zaopatrywania Ukrainy. Musimy by\u0107 jednocze\u015bnie realistami i oceni\u0107, czy jest to istotne uderzenie w interesy RP, czy te\u017c zbo\u017ca jest tyle, \u017ce wszystkie kana\u0142y tranzytowe mog\u0105 by\u0107 bez problemu nasycone. Mi\u0119dzy innymi o tym rozmawia\u0107 b\u0119d\u0105 Janusz Wojciechowski (komisarz Unii Europejskiej ds. rolnictwa), Henryk Kowalczyk (wiceprezes Rady Ministr\u00f3w, minister Rolnictwa i Rozwoju Wsi), Mykola Solskyi (minister Polityki Agrarnej i \u017bywno\u015bci), Lajos Bogn\u00e1r (podsekretarz stanu w Ministerstwie Rolnictwa), Czes\u0142aw Siekierski (pose\u0142 na Sejm) RP i Zden\u011bk Nekula, (czeski minister Rolnictwa).<\/p>\n\n\n\n<ul class=\"wp-block-list\"><li><strong>W Karpaczu chcemy zderzy\u0107 r\u00f3\u017cne opinie na temat zasadno\u015bci ogromnego zaanga\u017cowania Polski w pomoc Ukrainie. Politycy, biznesmeni, obro\u0144cy praw cz\u0142owieka, dyplomaci i cz\u0142onkowie rz\u0105d\u00f3w potrafi\u0105 ods\u0142oni\u0107 punkty widzenia, kt\u00f3re nie zawsze s\u0105 tematem publicznej debaty \u2013 wyja\u015bnia Marek Kuchci\u0144ski, organizator Konferencji. \u2013 Chcemy, by ten g\u0142os dotar\u0142 do opinii publicznej, kt\u00f3ra ma wp\u0142yw na w\u0142adze pa\u0144stw, takich jak: Niemcy, Francja czy W\u0142ochy. To ona mo\u017ce naciska\u0107 na rz\u0105dy, by nie wspiera\u0142y Putina, kupuj\u0105c od niego surowce, za kt\u00f3re on finansuje armi\u0119 dokonuj\u0105c\u0105 zbrodni na Ukrainie \u2013 wyja\u015bnia b. marsza\u0142ek Sejmu.<\/strong><\/li><\/ul>\n\n\n\n<p class=\"wp-block-paragraph\"><\/p>\n\n\n\n<p class=\"wp-block-paragraph\"><strong>Jaros\u0142aw Kaczy\u0144ski o realizmie w polityce<\/strong><\/p>\n\n\n\n<p class=\"wp-block-paragraph\">Szczeg\u00f3lne miejsce zajmie te\u017c panel \u201eRealizm i warto\u015bci w polityce\u201d (17:15\u201318:15, 7 wrze\u015bnia, \u015broda). W spotkaniu we\u017amie udzia\u0142 Jaros\u0142aw Kaczy\u0144ski, prezes PiS, a tak\u017ce filozof i pose\u0142 do Parlamentu Europejskiego prof. Ryszard Legutko oraz pisarz Bronis\u0142aw Wildstein. Dyskusj\u0119 poprowadzi za\u015b Zdzis\u0142aw Krasnod\u0119bski, tak\u017ce filozof i pose\u0142 do Parlamentu Europejskiego, a &nbsp;toczy\u0107 si\u0119 ona b\u0119dzie na kanwie ksi\u0105\u017cki \u201eRealizm i warto\u015bci. Prawo i Sprawiedliwo\u015b\u0107 o polityce zagranicznej\u201d. To monografia nie\u017cyj\u0105cego ju\u017c politologa, nauczyciela akademickiego, profesora Waldemara Parucha. B\u0119dzie to wymiana pogl\u0105d\u00f3w na temat przed wszystkim strategii dla Polski, ale tak\u017ce paradygmatu my\u015bli politycznej PiS, polityki transatlantyckiej tego ugrupowania. Szeroko dyskutowana idealistyczna polityka \u201epodporz\u0105dkowana warto\u015bciom\u201d, przez jednych uznawana jest za naiwno\u015b\u0107, przez innych za konieczno\u015b\u0107. Jak ma si\u0119 polityka realna do \u201emachiawelizmu\u201d i czy mo\u017cna pogodzi\u0107 wierno\u015b\u0107 warto\u015bciom ze skuteczno\u015bci\u0105?<\/p>\n\n\n\n<p class=\"wp-block-paragraph\">Waldemar Paruch w swojej ksi\u0105\u017cce cytuje prezydenta Lecha Kaczy\u0144skiego: \u201eTyle b\u0119dzie znaczy\u0107 Polska na Zachodzie, ile potrafi wytworzy\u0107 wi\u0119z\u00f3w wsp\u00f3\u0142pracy na Wschodzie, i na tyle b\u0119dzie ceniona na Wschodzie, na ile oka\u017ce si\u0119 wiarygodnym partnerem i adwokatem w popieraniu na forum UE i NATO uzasadnionych interes\u00f3w naszego regionu\u201d.<\/p>\n\n\n\n<p class=\"wp-block-paragraph\">Ostatniego dnia (8 wrze\u015bnia, czwartek) zaplanowano panele, kt\u00f3re maj\u0105 przedstawi\u0107 problemy naszej cz\u0119\u015bci Europy z innej perspektywy. Poniewa\u017c 2022 to Europejski Rok M\u0142odzie\u017cy, g\u0142os zabior\u0105 m\u0142odzi europejscy liderzy z dziedziny polityki i medi\u00f3w. Jednym z w\u0105tk\u00f3w b\u0119dzie odpowied\u017a na pytanie, czy mo\u017cna m\u00f3wi\u0107 o tworz\u0105cej si\u0119 nowej to\u017csamo\u015bci \u015brodkowoeuropejskiej. Zupe\u0142nie inne spojrzenie na problemy naszego regionu mo\u017ce ukaza\u0107 panel prowadzony przez czesk\u0105 t\u0142umaczk\u0119 i dziennikark\u0119 Lucie Szymanowsk\u0105. Dotyczy\u0107 ma on przysz\u0142o\u015bci kobiet w obliczu tendencji ponowoczesnych. Jak radz\u0105 sobie panie z odpowiedzialno\u015bci\u0105 spoczywaj\u0105c\u0105 na nich w \u017cyciu publicznym, rodzinnym i zawodowym.<\/p>\n\n\n\n<p class=\"wp-block-paragraph\">Wa\u017cn\u0105 cz\u0119\u015bci\u0105 Europy Karpat jest tak\u017ce animowanie wsp\u00f3\u0142pracy mi\u0119dzy \u015brodowiskami uniwersyteckimi w ramach <strong>Collegium Carpathicum<\/strong>. To projekt wymiany wyk\u0142adowc\u00f3w mi\u0119dzy sieci\u0105 uniwersytet\u00f3w znajduj\u0105cych si\u0119 na terenie Karpat. W tym panelu b\u0119dzie przedstawiona koncepcja dzia\u0142ania <strong>Instytutu Europy Karpat<\/strong>, jako formy zinstytucjonalizowania dzia\u0142alno\u015bci Konferencji. Jego zadaniem b\u0119dzie szkolenie kadr dla pa\u0144stw Europy \u015arodkowo-Wschodniej, prace o\u015brodka analityczno-badawczego Europy Karpat, pomoc dla Ukrainy w procesie transformacji i organizacja zg\u0142aszanych przez \u015brodowisko inicjatyw. &nbsp;<\/p>\n\n\n\n<p class=\"wp-block-paragraph\">Tego dnia eksperci wr\u00f3c\u0105 tak\u017ce do spraw bezpo\u015brednio odnosz\u0105cych si\u0119 do wojny na Ukrainie. W spos\u00f3b istotny doprowadzi\u0142a ona do zmian w polityce mi\u0119dzynarodowej na arenie europejskiej. Polska sta\u0142a si\u0119 jednym z lider\u00f3w wskazuj\u0105cych na potrzeby zamian w pojmowaniu wsp\u00f3\u0142pracy militarnej i gospodarczej. Paneli\u015bci uczestnicz\u0105cy w dyskusji \u201eKoniec \u015bwiata, jaki znali\u015bmy. Przyw\u00f3dztwo ponad granicami. Polska, Tr\u00f3jmorze, Europa\u201d spr\u00f3buj\u0105 znale\u017a\u0107 odpowied\u017a na pytanie o to, w jakim stopniu jeste\u015bmy przygotowani na kolejne kryzysy. W najbli\u017cszej przysz\u0142o\u015bci na katastrofalne zjawiska pogodowe, kolejne fale epidemii COVID-19 oraz ludob\u00f3jcz\u0105 wojn\u0119 na Ukrainie na\u0142o\u017c\u0105 si\u0119 kolejne szoki, kt\u00f3re b\u0119d\u0105 mog\u0142y doprowadzi\u0107 nie tylko do dalszej polaryzacji, ale r\u00f3wnie\u017c do eksplozji spo\u0142ecznej. Jak przygotowa\u0107 si\u0119 na taki szok?<\/p>\n\n\n\n<p class=\"wp-block-paragraph\">Z kolei korespondenci wojenni z pa\u0144stw Europy Karpat postaraj\u0105 si\u0119 przybli\u017cy\u0107 s\u0142uchaczom prawd\u0119 o wojnie na Ukrainie. Wydarzenia za nasz\u0105 wschodni\u0105 granic\u0105 s\u0105 w r\u00f3\u017cny spos\u00f3b przedstawiane w r\u00f3\u017cnych krajach. Polscy korespondenci ostrzegaj\u0105, \u017ce pogo\u0144 za tani\u0105 sensacj\u0105, szybkim newsem mo\u017ce zako\u0144czy\u0107 si\u0119 tragicznie dla \u017co\u0142nierzy na froncie. Niekt\u00f3re media ujawniaj\u0105 pozycje ukrai\u0144skich si\u0142 zbrojnych, wystawiaj\u0105c ich na odwet ze strony Rosjan. Ludzie medi\u00f3w pr\u00f3buj\u0105 wyja\u015bni\u0107, czym r\u00f3\u017cni si\u0119 wojna na Ukrainie od innych wojen, tak\u017ce w obszarze jej spo\u0142ecznej percepcji w macierzystym kraju korespondenta.<\/p>\n\n\n\n<p class=\"wp-block-paragraph\">Na koniec eksperci zmierz\u0105 si\u0119 z odpowiedzi\u0105 na pytanie: Ukraina i co dalej?. Jak mo\u017ce przebiega\u0107 odbudowa, transformacja, sk\u0105d zniszczony kraj we\u017amie kadry zdolne do tak wielkiego wysi\u0142ku, jak podnoszenie z gruz\u00f3w ca\u0142ych ga\u0142\u0119zi gospodarki. Wsp\u00f3\u0142czesny \u015bwiat to system naczy\u0144 po\u0142\u0105czonych. Nie mo\u017cna udawa\u0107, \u017ce Ukraina wstanie po wojnie bez pomocy s\u0105siad\u00f3w i bogatych kraj\u00f3w z ca\u0142ego \u015bwiata. Trudno b\u0119dzie zabli\u017ani\u0107 tak wielkie rany gospodarcze i spo\u0142eczne. Do tego potrzebni s\u0105 wysokiej klasy eksperci i ogromne \u015brodki finansowe. Je\u015bli nie zamkniemy rany na Ukrainie, to infekcja wywo\u0142ana przez zbrodniarzy Putina, rozwinie si\u0119 do choroby ogarniaj\u0105cej inne kraje.<\/p>\n\n\n\n<p class=\"wp-block-paragraph\">Tegoroczna Konferencja Europa Karpat potrwa trzy dni i b\u0119dzie miejscem wymiany opinii i pomys\u0142\u00f3w na rozwi\u0105zania pilnych potrzeb regionu kilkudziesi\u0119ciu wybitnych polityk\u00f3w, ekonomist\u00f3w, my\u015blicieli.<\/p>\n\n\n\n<p class=\"wp-block-paragraph\"><strong><em>teks<\/em>t<em>, fot. Marta Olejnik<\/em><\/strong><\/p>\n\n\n\n<ol class=\"wp-block-list\" type=\"1\"><li>The Ukraine Support Tracker uwzgl\u0119dnia pomoc wojskow\u0105, finansow\u0105 i humanitarn\u0105 obiecan\u0105 przez rz\u0105dy od 24 stycznia 2022. Obejmuje 40 kraj\u00f3w, w szczeg\u00f3lno\u015bci pa\u0144stwa cz\u0142onkowskie UE, innych cz\u0142onk\u00f3w G7, a tak\u017ce Australi\u0119, Kore\u0119 Po\u0142udniow\u0105, Turcj\u0119, Norwegi\u0119, Now\u0105 Zelandi\u0119, Szwajcari\u0119, Chiny, Tajwan i Indie. W czo\u0142\u00f3wce tych raport\u00f3w niezmiennie wymieniana jest Polska. <a href=\"https:\/\/www.ifw-kiel.de\/topics\/war-against-ukraine\/ukraine-support-tracker\/?cookieLevel=not-set\">https:\/\/www.ifw-kiel.de\/topics\/war-against-ukraine\/ukraine-support-tracker\/?cookieLevel=not-set<\/a>)<\/li><li>Europe\u2019s powers gave Ukraine no new military pledges in July, data shows <a href=\"https:\/\/www.politico.eu\/article\/data-show-europe-waning-military-support-ukraine\/\">https:\/\/www.politico.eu\/article\/data-show-europe-waning-military-support-ukraine\/<\/a><\/li><\/ol>\n\n\n\n<p class=\"has-text-align-center wp-block-paragraph\"><strong><span class=\"has-inline-color has-vivid-cyan-blue-color\">PROGRAM<\/span><\/strong><\/p>\n\n\n\n<div data-wp-interactive=\"core\/file\" class=\"wp-block-file\"><object data-wp-bind--hidden=\"!state.hasPdfPreview\" hidden class=\"wp-block-file__embed\" data=\"https:\/\/marekkuchcinski.pl\/wp-content\/uploads\/2022\/09\/EUROPA-KARPAT.-PROGRAM.pdf\" type=\"application\/pdf\" style=\"width:100%;height:600px\" aria-label=\"Embed of Osadzone z EUROPA-KARPAT.-PROGRAM..\"><\/object><a href=\"https:\/\/marekkuchcinski.pl\/wp-content\/uploads\/2022\/09\/EUROPA-KARPAT.-PROGRAM.pdf\">EUROPA-KARPAT.-PROGRAM<\/a><a href=\"https:\/\/marekkuchcinski.pl\/wp-content\/uploads\/2022\/09\/EUROPA-KARPAT.-PROGRAM.pdf\" class=\"wp-block-file__button\" download>Pobierz<\/a><\/div>\n\n\n\n<figure class=\"wp-block-image size-large\"><a href=\"https:\/\/marekkuchcinski.pl\/wp-content\/uploads\/2022\/08\/z9_edited.jpg\"><img fetchpriority=\"high\" decoding=\"async\" width=\"1024\" height=\"664\" src=\"https:\/\/marekkuchcinski.pl\/wp-content\/uploads\/2022\/08\/z9_edited-1024x664.jpg\" alt=\"\" class=\"wp-image-25929\" srcset=\"https:\/\/marekkuchcinski.pl\/wp-content\/uploads\/2022\/08\/z9_edited-1024x664.jpg 1024w, https:\/\/marekkuchcinski.pl\/wp-content\/uploads\/2022\/08\/z9_edited-300x194.jpg 300w, https:\/\/marekkuchcinski.pl\/wp-content\/uploads\/2022\/08\/z9_edited-768x498.jpg 768w, https:\/\/marekkuchcinski.pl\/wp-content\/uploads\/2022\/08\/z9_edited-1536x996.jpg 1536w, https:\/\/marekkuchcinski.pl\/wp-content\/uploads\/2022\/08\/z9_edited-18x12.jpg 18w, https:\/\/marekkuchcinski.pl\/wp-content\/uploads\/2022\/08\/z9_edited.jpg 1600w\" sizes=\"(max-width: 1024px) 100vw, 1024px\" \/><\/a><figcaption>Europa Karpat, Karpacz, wrzesie\u0144 2021<\/figcaption><\/figure>\n","protected":false},"excerpt":{"rendered":"<p>Karpacz, 6-8 wrze\u015bnia Europa Karpat to miejsce wymiany idei i przekuwania ich w realne rozwi\u0105zania. W tym roku w Karpaczu politycy, ekonomi\u015bci, dyplomaci, filozofowie i liderzy opinii podejm\u0105 si\u0119 wyzwania opisania nowej rzeczywisto\u015bci i wsp\u00f3\u0142pracy pa\u0144stw, kt\u00f3rych losy na przestrzeni wiek\u00f3w by\u0142y silnie powi\u0105zane ze sob\u0105, a ca\u0142y region charakteryzuje nadal wieloraka rozmaito\u015b\u0107. &nbsp;o ona [&hellip;]<\/p>\n","protected":false},"author":3,"featured_media":25918,"comment_status":"open","ping_status":"open","sticky":false,"template":"","format":"standard","meta":{"ngg_post_thumbnail":0,"footnotes":""},"categories":[78,50,3],"tags":[],"class_list":["post-25915","post","type-post","status-publish","format-standard","has-post-thumbnail","hentry","category-europa-karpat","category-wspolpraca-miedzynarodowa","category-wydarzenia"],"yoast_head":"<!-- This site is optimized with the Yoast SEO plugin v28.4 - https:\/\/yoast.com\/product\/yoast-seo-wordpress\/ -->\n<title>Europa Karpat. W stron\u0119 to\u017csamo\u015bci Europy \u015arodkowej \u2013 zapowied\u017a konferencji &#8211; Marek Kuchci\u0144ski<\/title>\n<meta name=\"robots\" content=\"index, follow, max-snippet:-1, max-image-preview:large, max-video-preview:-1\" \/>\n<link rel=\"canonical\" href=\"https:\/\/marekkuchcinski.pl\/en\/wydarzenia\/europa-karpat-w-strone-tozsamosci-europy-srodkowej-zapowiedz-konferencji-6-8-wrzesnia\/\" \/>\n<meta property=\"og:locale\" content=\"en_GB\" \/>\n<meta property=\"og:type\" content=\"article\" \/>\n<meta property=\"og:title\" content=\"Europa Karpat. W stron\u0119 to\u017csamo\u015bci Europy \u015arodkowej \u2013 zapowied\u017a konferencji &#8211; Marek Kuchci\u0144ski\" \/>\n<meta property=\"og:description\" content=\"Karpacz, 6-8 wrze\u015bnia Europa Karpat to miejsce wymiany idei i przekuwania ich w realne rozwi\u0105zania. W tym roku w Karpaczu politycy, ekonomi\u015bci, dyplomaci, filozofowie i liderzy opinii podejm\u0105 si\u0119 wyzwania opisania nowej rzeczywisto\u015bci i wsp\u00f3\u0142pracy pa\u0144stw, kt\u00f3rych losy na przestrzeni wiek\u00f3w by\u0142y silnie powi\u0105zane ze sob\u0105, a ca\u0142y region charakteryzuje nadal wieloraka rozmaito\u015b\u0107. &nbsp;o ona [&hellip;]\" \/>\n<meta property=\"og:url\" content=\"https:\/\/marekkuchcinski.pl\/en\/wydarzenia\/europa-karpat-w-strone-tozsamosci-europy-srodkowej-zapowiedz-konferencji-6-8-wrzesnia\/\" \/>\n<meta property=\"og:site_name\" content=\"Marek Kuchci\u0144ski\" \/>\n<meta property=\"article:published_time\" content=\"2022-09-05T03:30:00+00:00\" \/>\n<meta property=\"article:modified_time\" content=\"2022-09-05T07:53:19+00:00\" \/>\n<meta property=\"og:image\" content=\"https:\/\/marekkuchcinski.pl\/wp-content\/uploads\/2022\/08\/ek-fo.jpg\" \/>\n\t<meta property=\"og:image:width\" content=\"940\" \/>\n\t<meta property=\"og:image:height\" content=\"668\" \/>\n\t<meta property=\"og:image:type\" content=\"image\/jpeg\" \/>\n<meta name=\"author\" content=\"Marta Olejnik\" \/>\n<meta name=\"twitter:card\" content=\"summary_large_image\" \/>\n<meta name=\"twitter:label1\" content=\"Written by\" \/>\n\t<meta name=\"twitter:data1\" content=\"Marta Olejnik\" \/>\n\t<meta name=\"twitter:label2\" content=\"Est. reading time\" \/>\n\t<meta name=\"twitter:data2\" content=\"10 minutes\" \/>\n<script type=\"application\/ld+json\" class=\"yoast-schema-graph\">{\"@context\":\"https:\\\/\\\/schema.org\",\"@graph\":[{\"@type\":\"Article\",\"@id\":\"https:\\\/\\\/marekkuchcinski.pl\\\/wydarzenia\\\/europa-karpat-w-strone-tozsamosci-europy-srodkowej-zapowiedz-konferencji-6-8-wrzesnia\\\/#article\",\"isPartOf\":{\"@id\":\"https:\\\/\\\/marekkuchcinski.pl\\\/wydarzenia\\\/europa-karpat-w-strone-tozsamosci-europy-srodkowej-zapowiedz-konferencji-6-8-wrzesnia\\\/\"},\"author\":{\"name\":\"Marta Olejnik\",\"@id\":\"https:\\\/\\\/marekkuchcinski.pl\\\/#\\\/schema\\\/person\\\/bd3f15dee67fee76e83c8350d0154101\"},\"headline\":\"Europa Karpat. W stron\u0119 to\u017csamo\u015bci Europy \u015arodkowej \u2013 zapowied\u017a konferencji\",\"datePublished\":\"2022-09-05T03:30:00+00:00\",\"dateModified\":\"2022-09-05T07:53:19+00:00\",\"mainEntityOfPage\":{\"@id\":\"https:\\\/\\\/marekkuchcinski.pl\\\/wydarzenia\\\/europa-karpat-w-strone-tozsamosci-europy-srodkowej-zapowiedz-konferencji-6-8-wrzesnia\\\/\"},\"wordCount\":2461,\"commentCount\":0,\"publisher\":{\"@id\":\"https:\\\/\\\/marekkuchcinski.pl\\\/#organization\"},\"image\":{\"@id\":\"https:\\\/\\\/marekkuchcinski.pl\\\/wydarzenia\\\/europa-karpat-w-strone-tozsamosci-europy-srodkowej-zapowiedz-konferencji-6-8-wrzesnia\\\/#primaryimage\"},\"thumbnailUrl\":\"https:\\\/\\\/marekkuchcinski.pl\\\/wp-content\\\/uploads\\\/2022\\\/08\\\/ek-fo.jpg\",\"articleSection\":[\"Europa Karpat\",\"Wsp\u00f3\u0142praca mi\u0119dzynarodowa\",\"Wydarzenia\"],\"inLanguage\":\"en-GB\",\"potentialAction\":[{\"@type\":\"CommentAction\",\"name\":\"Comment\",\"target\":[\"https:\\\/\\\/marekkuchcinski.pl\\\/wydarzenia\\\/europa-karpat-w-strone-tozsamosci-europy-srodkowej-zapowiedz-konferencji-6-8-wrzesnia\\\/#respond\"]}]},{\"@type\":\"WebPage\",\"@id\":\"https:\\\/\\\/marekkuchcinski.pl\\\/wydarzenia\\\/europa-karpat-w-strone-tozsamosci-europy-srodkowej-zapowiedz-konferencji-6-8-wrzesnia\\\/\",\"url\":\"https:\\\/\\\/marekkuchcinski.pl\\\/wydarzenia\\\/europa-karpat-w-strone-tozsamosci-europy-srodkowej-zapowiedz-konferencji-6-8-wrzesnia\\\/\",\"name\":\"Europa Karpat. W stron\u0119 to\u017csamo\u015bci Europy \u015arodkowej \u2013 zapowied\u017a konferencji &#8211; Marek Kuchci\u0144ski\",\"isPartOf\":{\"@id\":\"https:\\\/\\\/marekkuchcinski.pl\\\/#website\"},\"primaryImageOfPage\":{\"@id\":\"https:\\\/\\\/marekkuchcinski.pl\\\/wydarzenia\\\/europa-karpat-w-strone-tozsamosci-europy-srodkowej-zapowiedz-konferencji-6-8-wrzesnia\\\/#primaryimage\"},\"image\":{\"@id\":\"https:\\\/\\\/marekkuchcinski.pl\\\/wydarzenia\\\/europa-karpat-w-strone-tozsamosci-europy-srodkowej-zapowiedz-konferencji-6-8-wrzesnia\\\/#primaryimage\"},\"thumbnailUrl\":\"https:\\\/\\\/marekkuchcinski.pl\\\/wp-content\\\/uploads\\\/2022\\\/08\\\/ek-fo.jpg\",\"datePublished\":\"2022-09-05T03:30:00+00:00\",\"dateModified\":\"2022-09-05T07:53:19+00:00\",\"breadcrumb\":{\"@id\":\"https:\\\/\\\/marekkuchcinski.pl\\\/wydarzenia\\\/europa-karpat-w-strone-tozsamosci-europy-srodkowej-zapowiedz-konferencji-6-8-wrzesnia\\\/#breadcrumb\"},\"inLanguage\":\"en-GB\",\"potentialAction\":[{\"@type\":\"ReadAction\",\"target\":[\"https:\\\/\\\/marekkuchcinski.pl\\\/wydarzenia\\\/europa-karpat-w-strone-tozsamosci-europy-srodkowej-zapowiedz-konferencji-6-8-wrzesnia\\\/\"]}]},{\"@type\":\"ImageObject\",\"inLanguage\":\"en-GB\",\"@id\":\"https:\\\/\\\/marekkuchcinski.pl\\\/wydarzenia\\\/europa-karpat-w-strone-tozsamosci-europy-srodkowej-zapowiedz-konferencji-6-8-wrzesnia\\\/#primaryimage\",\"url\":\"https:\\\/\\\/marekkuchcinski.pl\\\/wp-content\\\/uploads\\\/2022\\\/08\\\/ek-fo.jpg\",\"contentUrl\":\"https:\\\/\\\/marekkuchcinski.pl\\\/wp-content\\\/uploads\\\/2022\\\/08\\\/ek-fo.jpg\",\"width\":940,\"height\":668,\"caption\":\"????????????????????????????????????????????\"},{\"@type\":\"BreadcrumbList\",\"@id\":\"https:\\\/\\\/marekkuchcinski.pl\\\/wydarzenia\\\/europa-karpat-w-strone-tozsamosci-europy-srodkowej-zapowiedz-konferencji-6-8-wrzesnia\\\/#breadcrumb\",\"itemListElement\":[{\"@type\":\"ListItem\",\"position\":1,\"name\":\"Strona g\u0142\u00f3wna\",\"item\":\"https:\\\/\\\/marekkuchcinski.pl\\\/\"},{\"@type\":\"ListItem\",\"position\":2,\"name\":\"Europa Karpat. W stron\u0119 to\u017csamo\u015bci Europy \u015arodkowej \u2013 zapowied\u017a konferencji\"}]},{\"@type\":\"WebSite\",\"@id\":\"https:\\\/\\\/marekkuchcinski.pl\\\/#website\",\"url\":\"https:\\\/\\\/marekkuchcinski.pl\\\/\",\"name\":\"Marek Kuchci\u0144ski\",\"description\":\"Marek Kuchci\u0144ski \",\"publisher\":{\"@id\":\"https:\\\/\\\/marekkuchcinski.pl\\\/#organization\"},\"potentialAction\":[{\"@type\":\"SearchAction\",\"target\":{\"@type\":\"EntryPoint\",\"urlTemplate\":\"https:\\\/\\\/marekkuchcinski.pl\\\/?s={search_term_string}\"},\"query-input\":{\"@type\":\"PropertyValueSpecification\",\"valueRequired\":true,\"valueName\":\"search_term_string\"}}],\"inLanguage\":\"en-GB\"},{\"@type\":\"Organization\",\"@id\":\"https:\\\/\\\/marekkuchcinski.pl\\\/#organization\",\"name\":\"Marek Kuchci\u0144ski\",\"url\":\"https:\\\/\\\/marekkuchcinski.pl\\\/\",\"logo\":{\"@type\":\"ImageObject\",\"inLanguage\":\"en-GB\",\"@id\":\"https:\\\/\\\/marekkuchcinski.pl\\\/#\\\/schema\\\/logo\\\/image\\\/\",\"url\":\"https:\\\/\\\/marekkuchcinski.pl\\\/wp-content\\\/uploads\\\/2022\\\/09\\\/Marek.jpg\",\"contentUrl\":\"https:\\\/\\\/marekkuchcinski.pl\\\/wp-content\\\/uploads\\\/2022\\\/09\\\/Marek.jpg\",\"width\":1600,\"height\":971,\"caption\":\"Marek Kuchci\u0144ski\"},\"image\":{\"@id\":\"https:\\\/\\\/marekkuchcinski.pl\\\/#\\\/schema\\\/logo\\\/image\\\/\"}},{\"@type\":\"Person\",\"@id\":\"https:\\\/\\\/marekkuchcinski.pl\\\/#\\\/schema\\\/person\\\/bd3f15dee67fee76e83c8350d0154101\",\"name\":\"Marta Olejnik\",\"image\":{\"@type\":\"ImageObject\",\"inLanguage\":\"en-GB\",\"@id\":\"https:\\\/\\\/secure.gravatar.com\\\/avatar\\\/24754edd6080383402e292374b406b553027d572e97d60e7aa89a6940e88659a?s=96&d=mm&r=g\",\"url\":\"https:\\\/\\\/secure.gravatar.com\\\/avatar\\\/24754edd6080383402e292374b406b553027d572e97d60e7aa89a6940e88659a?s=96&d=mm&r=g\",\"contentUrl\":\"https:\\\/\\\/secure.gravatar.com\\\/avatar\\\/24754edd6080383402e292374b406b553027d572e97d60e7aa89a6940e88659a?s=96&d=mm&r=g\",\"caption\":\"Marta Olejnik\"},\"url\":\"https:\\\/\\\/marekkuchcinski.pl\\\/en\\\/author\\\/marta\\\/\"}]}<\/script>\n<!-- \/ Yoast SEO plugin. -->","yoast_head_json":{"title":"Europa Karpat. W stron\u0119 to\u017csamo\u015bci Europy \u015arodkowej \u2013 zapowied\u017a konferencji &#8211; Marek Kuchci\u0144ski","robots":{"index":"index","follow":"follow","max-snippet":"max-snippet:-1","max-image-preview":"max-image-preview:large","max-video-preview":"max-video-preview:-1"},"canonical":"https:\/\/marekkuchcinski.pl\/en\/wydarzenia\/europa-karpat-w-strone-tozsamosci-europy-srodkowej-zapowiedz-konferencji-6-8-wrzesnia\/","og_locale":"en_GB","og_type":"article","og_title":"Europa Karpat. W stron\u0119 to\u017csamo\u015bci Europy \u015arodkowej \u2013 zapowied\u017a konferencji &#8211; Marek Kuchci\u0144ski","og_description":"Karpacz, 6-8 wrze\u015bnia Europa Karpat to miejsce wymiany idei i przekuwania ich w realne rozwi\u0105zania. W tym roku w Karpaczu politycy, ekonomi\u015bci, dyplomaci, filozofowie i liderzy opinii podejm\u0105 si\u0119 wyzwania opisania nowej rzeczywisto\u015bci i wsp\u00f3\u0142pracy pa\u0144stw, kt\u00f3rych losy na przestrzeni wiek\u00f3w by\u0142y silnie powi\u0105zane ze sob\u0105, a ca\u0142y region charakteryzuje nadal wieloraka rozmaito\u015b\u0107. &nbsp;o ona [&hellip;]","og_url":"https:\/\/marekkuchcinski.pl\/en\/wydarzenia\/europa-karpat-w-strone-tozsamosci-europy-srodkowej-zapowiedz-konferencji-6-8-wrzesnia\/","og_site_name":"Marek Kuchci\u0144ski","article_published_time":"2022-09-05T03:30:00+00:00","article_modified_time":"2022-09-05T07:53:19+00:00","og_image":[{"width":940,"height":668,"url":"https:\/\/marekkuchcinski.pl\/wp-content\/uploads\/2022\/08\/ek-fo.jpg","type":"image\/jpeg"}],"author":"Marta Olejnik","twitter_card":"summary_large_image","twitter_misc":{"Written by":"Marta Olejnik","Est. reading time":"10 minutes"},"schema":{"@context":"https:\/\/schema.org","@graph":[{"@type":"Article","@id":"https:\/\/marekkuchcinski.pl\/wydarzenia\/europa-karpat-w-strone-tozsamosci-europy-srodkowej-zapowiedz-konferencji-6-8-wrzesnia\/#article","isPartOf":{"@id":"https:\/\/marekkuchcinski.pl\/wydarzenia\/europa-karpat-w-strone-tozsamosci-europy-srodkowej-zapowiedz-konferencji-6-8-wrzesnia\/"},"author":{"name":"Marta Olejnik","@id":"https:\/\/marekkuchcinski.pl\/#\/schema\/person\/bd3f15dee67fee76e83c8350d0154101"},"headline":"Europa Karpat. W stron\u0119 to\u017csamo\u015bci Europy \u015arodkowej \u2013 zapowied\u017a konferencji","datePublished":"2022-09-05T03:30:00+00:00","dateModified":"2022-09-05T07:53:19+00:00","mainEntityOfPage":{"@id":"https:\/\/marekkuchcinski.pl\/wydarzenia\/europa-karpat-w-strone-tozsamosci-europy-srodkowej-zapowiedz-konferencji-6-8-wrzesnia\/"},"wordCount":2461,"commentCount":0,"publisher":{"@id":"https:\/\/marekkuchcinski.pl\/#organization"},"image":{"@id":"https:\/\/marekkuchcinski.pl\/wydarzenia\/europa-karpat-w-strone-tozsamosci-europy-srodkowej-zapowiedz-konferencji-6-8-wrzesnia\/#primaryimage"},"thumbnailUrl":"https:\/\/marekkuchcinski.pl\/wp-content\/uploads\/2022\/08\/ek-fo.jpg","articleSection":["Europa Karpat","Wsp\u00f3\u0142praca mi\u0119dzynarodowa","Wydarzenia"],"inLanguage":"en-GB","potentialAction":[{"@type":"CommentAction","name":"Comment","target":["https:\/\/marekkuchcinski.pl\/wydarzenia\/europa-karpat-w-strone-tozsamosci-europy-srodkowej-zapowiedz-konferencji-6-8-wrzesnia\/#respond"]}]},{"@type":"WebPage","@id":"https:\/\/marekkuchcinski.pl\/wydarzenia\/europa-karpat-w-strone-tozsamosci-europy-srodkowej-zapowiedz-konferencji-6-8-wrzesnia\/","url":"https:\/\/marekkuchcinski.pl\/wydarzenia\/europa-karpat-w-strone-tozsamosci-europy-srodkowej-zapowiedz-konferencji-6-8-wrzesnia\/","name":"Europa Karpat. W stron\u0119 to\u017csamo\u015bci Europy \u015arodkowej \u2013 zapowied\u017a konferencji &#8211; Marek Kuchci\u0144ski","isPartOf":{"@id":"https:\/\/marekkuchcinski.pl\/#website"},"primaryImageOfPage":{"@id":"https:\/\/marekkuchcinski.pl\/wydarzenia\/europa-karpat-w-strone-tozsamosci-europy-srodkowej-zapowiedz-konferencji-6-8-wrzesnia\/#primaryimage"},"image":{"@id":"https:\/\/marekkuchcinski.pl\/wydarzenia\/europa-karpat-w-strone-tozsamosci-europy-srodkowej-zapowiedz-konferencji-6-8-wrzesnia\/#primaryimage"},"thumbnailUrl":"https:\/\/marekkuchcinski.pl\/wp-content\/uploads\/2022\/08\/ek-fo.jpg","datePublished":"2022-09-05T03:30:00+00:00","dateModified":"2022-09-05T07:53:19+00:00","breadcrumb":{"@id":"https:\/\/marekkuchcinski.pl\/wydarzenia\/europa-karpat-w-strone-tozsamosci-europy-srodkowej-zapowiedz-konferencji-6-8-wrzesnia\/#breadcrumb"},"inLanguage":"en-GB","potentialAction":[{"@type":"ReadAction","target":["https:\/\/marekkuchcinski.pl\/wydarzenia\/europa-karpat-w-strone-tozsamosci-europy-srodkowej-zapowiedz-konferencji-6-8-wrzesnia\/"]}]},{"@type":"ImageObject","inLanguage":"en-GB","@id":"https:\/\/marekkuchcinski.pl\/wydarzenia\/europa-karpat-w-strone-tozsamosci-europy-srodkowej-zapowiedz-konferencji-6-8-wrzesnia\/#primaryimage","url":"https:\/\/marekkuchcinski.pl\/wp-content\/uploads\/2022\/08\/ek-fo.jpg","contentUrl":"https:\/\/marekkuchcinski.pl\/wp-content\/uploads\/2022\/08\/ek-fo.jpg","width":940,"height":668,"caption":"????????????????????????????????????????????"},{"@type":"BreadcrumbList","@id":"https:\/\/marekkuchcinski.pl\/wydarzenia\/europa-karpat-w-strone-tozsamosci-europy-srodkowej-zapowiedz-konferencji-6-8-wrzesnia\/#breadcrumb","itemListElement":[{"@type":"ListItem","position":1,"name":"Strona g\u0142\u00f3wna","item":"https:\/\/marekkuchcinski.pl\/"},{"@type":"ListItem","position":2,"name":"Europa Karpat. W stron\u0119 to\u017csamo\u015bci Europy \u015arodkowej \u2013 zapowied\u017a konferencji"}]},{"@type":"WebSite","@id":"https:\/\/marekkuchcinski.pl\/#website","url":"https:\/\/marekkuchcinski.pl\/","name":"Marek Kuchci\u0144ski","description":"Marek Kuchci\u0144ski","publisher":{"@id":"https:\/\/marekkuchcinski.pl\/#organization"},"potentialAction":[{"@type":"SearchAction","target":{"@type":"EntryPoint","urlTemplate":"https:\/\/marekkuchcinski.pl\/?s={search_term_string}"},"query-input":{"@type":"PropertyValueSpecification","valueRequired":true,"valueName":"search_term_string"}}],"inLanguage":"en-GB"},{"@type":"Organization","@id":"https:\/\/marekkuchcinski.pl\/#organization","name":"Marek Kuchci\u0144ski","url":"https:\/\/marekkuchcinski.pl\/","logo":{"@type":"ImageObject","inLanguage":"en-GB","@id":"https:\/\/marekkuchcinski.pl\/#\/schema\/logo\/image\/","url":"https:\/\/marekkuchcinski.pl\/wp-content\/uploads\/2022\/09\/Marek.jpg","contentUrl":"https:\/\/marekkuchcinski.pl\/wp-content\/uploads\/2022\/09\/Marek.jpg","width":1600,"height":971,"caption":"Marek Kuchci\u0144ski"},"image":{"@id":"https:\/\/marekkuchcinski.pl\/#\/schema\/logo\/image\/"}},{"@type":"Person","@id":"https:\/\/marekkuchcinski.pl\/#\/schema\/person\/bd3f15dee67fee76e83c8350d0154101","name":"Marta Olejnik","image":{"@type":"ImageObject","inLanguage":"en-GB","@id":"https:\/\/secure.gravatar.com\/avatar\/24754edd6080383402e292374b406b553027d572e97d60e7aa89a6940e88659a?s=96&d=mm&r=g","url":"https:\/\/secure.gravatar.com\/avatar\/24754edd6080383402e292374b406b553027d572e97d60e7aa89a6940e88659a?s=96&d=mm&r=g","contentUrl":"https:\/\/secure.gravatar.com\/avatar\/24754edd6080383402e292374b406b553027d572e97d60e7aa89a6940e88659a?s=96&d=mm&r=g","caption":"Marta Olejnik"},"url":"https:\/\/marekkuchcinski.pl\/en\/author\/marta\/"}]}},"_links":{"self":[{"href":"https:\/\/marekkuchcinski.pl\/en\/wp-json\/wp\/v2\/posts\/25915","targetHints":{"allow":["GET"]}}],"collection":[{"href":"https:\/\/marekkuchcinski.pl\/en\/wp-json\/wp\/v2\/posts"}],"about":[{"href":"https:\/\/marekkuchcinski.pl\/en\/wp-json\/wp\/v2\/types\/post"}],"author":[{"embeddable":true,"href":"https:\/\/marekkuchcinski.pl\/en\/wp-json\/wp\/v2\/users\/3"}],"replies":[{"embeddable":true,"href":"https:\/\/marekkuchcinski.pl\/en\/wp-json\/wp\/v2\/comments?post=25915"}],"version-history":[{"count":11,"href":"https:\/\/marekkuchcinski.pl\/en\/wp-json\/wp\/v2\/posts\/25915\/revisions"}],"predecessor-version":[{"id":26127,"href":"https:\/\/marekkuchcinski.pl\/en\/wp-json\/wp\/v2\/posts\/25915\/revisions\/26127"}],"wp:featuredmedia":[{"embeddable":true,"href":"https:\/\/marekkuchcinski.pl\/en\/wp-json\/wp\/v2\/media\/25918"}],"wp:attachment":[{"href":"https:\/\/marekkuchcinski.pl\/en\/wp-json\/wp\/v2\/media?parent=25915"}],"wp:term":[{"taxonomy":"category","embeddable":true,"href":"https:\/\/marekkuchcinski.pl\/en\/wp-json\/wp\/v2\/categories?post=25915"},{"taxonomy":"post_tag","embeddable":true,"href":"https:\/\/marekkuchcinski.pl\/en\/wp-json\/wp\/v2\/tags?post=25915"}],"curies":[{"name":"wp","href":"https:\/\/api.w.org\/{rel}","templated":true}]}}