{"id":25607,"date":"2022-07-01T01:07:46","date_gmt":"2022-06-30T23:07:46","guid":{"rendered":"https:\/\/marekkuchcinski.pl\/?p=25607"},"modified":"2022-07-01T01:20:11","modified_gmt":"2022-06-30T23:20:11","slug":"oswiadczenie-przewodniczacych-komisji-spraw-zagranicznych-na-temat-szczytu-nato-w-madrycie","status":"publish","type":"post","link":"https:\/\/marekkuchcinski.pl\/en\/wydarzenia\/oswiadczenie-przewodniczacych-komisji-spraw-zagranicznych-na-temat-szczytu-nato-w-madrycie\/","title":{"rendered":"O\u015bwiadczenie przewodnicz\u0105cych Komisji Spraw Zagranicznych na temat Szczytu NATO w Madrycie"},"content":{"rendered":"<p class=\"wp-block-paragraph\">My, przewodnicz\u0105cy Komisji Spraw Zagranicznych naszych parlament\u00f3w (<strong>Czech, Estonii, Francji, Hiszpanii, Kanady, Litwy, \u0141otwy,<\/strong> <strong>Polski, Portugalii, USA, Wielkiej Brytanii, W\u0142och i Parlamentu Europejskiego<\/strong>) wzywamy cz\u0142onk\u00f3w Organizacji Traktatu P\u00f3\u0142nocnoatlantyckiego (NATO) do szybkiego zatwierdzenia przyst\u0105pienia Finlandii i Szwecji do sojuszu naszych pa\u0144stw. Poniewa\u017c Rosja kontynuuje nielegaln\u0105<br>i nieuzasadnion\u0105 inwazj\u0119 na Ukrain\u0119, konieczne jest, aby spo\u0142eczno\u015b\u0107 transatlantycka nadal wysy\u0142a\u0142a jednoznaczny sygna\u0142, \u017ce jeste\u015bmy zjednoczeni w obliczu sta\u0142ego zagro\u017cenia, jakie powoduje W\u0142adimir Putin dla bezpiecze\u0144stwa i porz\u0105dku opartego na prawie mi\u0119dzynarodowym.<\/p>\n\n\n\n<p class=\"wp-block-paragraph\">NATO nie ma sobie r\u00f3wnych jako najbardziej udany i najpot\u0119\u017cniejszy obronny sojusz polityczno-wojskowy w historii. Ten sojusz opiera si\u0119 na naszym oddaniu warto\u015bciom demokratycznym<br>i naszym niezachwianemu zaanga\u017cowaniu na rzecz pokoju i bezpiecze\u0144stwa w Europie i po drugiej stronie Atlantyku. W obliczu nowej dynamiki geopolitycznej NATO musi przyj\u0105\u0107 Finlandi\u0119 i Szwecj\u0119, dw\u00f3ch lojalnych partner\u00f3w, kt\u00f3rzy podzielaj\u0105 nasze warto\u015bci i wzmocni\u0105 nasze zdolno\u015bci w zakresie obrony zbiorowej.<\/p>\n\n\n\n<p class=\"wp-block-paragraph\">Finlandia i Szwecja stanowczo wype\u0142niaj\u0105 zasadnicze kryteria cz\u0142onkostwa w NATO, w tym posiadania silnych instytucji demokratycznych i si\u0142 wojskowych. Oba kraje bra\u0142y udzia\u0142 w misjach NATO, wsp\u00f3lnych \u0107wiczeniach i szkoleniach. Wnios\u0105 one technologie wojskowe, wyposa\u017cenie<br>i specjalistyczn\u0105 wiedz\u0119, kt\u00f3re wzmocni\u0105 nasz Sojusz w obliczu nowych wyzwa\u0144 bezpiecze\u0144stwa w Europie. Ich udzia\u0142 w Sojuszu b\u0119dzie kluczem do wzmocnienia bezpiecze\u0144stwa Ba\u0142tyku<br>i wzmocnienia wschodniej flanki NATO. Ponadto Finlandia i Szwecja s\u0105 \u015bwiatowymi liderami<br>w dziedzinie praw cz\u0142owieka i podstawowych wolno\u015bci, kt\u00f3re s\u0105 drogie naszym narodom.<\/p>\n\n\n\n<p class=\"wp-block-paragraph\">Od pocz\u0105tku brutalnej kampanii Putina przeciwko Ukrainie \u015bwiat by\u0142 \u015bwiadkiem okrucie\u0144stw rosyjskich si\u0142 zbrojnych i bezmy\u015blnego niszczenia szpitali, szk\u00f3\u0142, instytucji religijnych oraz infrastruktury krytycznej w ca\u0142ym kraju. Niesprowokowana agresja Putina na Ukrain\u0119 jest bezpo\u015brednim wyzwaniem dla suwerenno\u015bci wszystkich pokojowych narod\u00f3w. Musimy poci\u0105gn\u0105\u0107 Putina i jego si\u0142y bezpiecze\u0144stwa do odpowiedzialno\u015bci za brutaln\u0105 inwazj\u0119 na Ukrain\u0119 i podj\u0105\u0107 wszelkie niezb\u0119dne kroki, aby powstrzyma\u0107 rozszerzanie si\u0119 konfliktu w Europie.<\/p>\n\n\n\n<p class=\"wp-block-paragraph\">Szczyt w Madrycie, w Hiszpanii, jest wyj\u0105tkow\u0105 okazj\u0105 do wzmocnienia NATO i powitania Finlandii i Szwecji jako jego najnowszych cz\u0142onk\u00f3w. Czyni\u0105c to, wy\u015blemy r\u00f3wnie\u017c jasny sygna\u0142 do autorytarnych przyw\u00f3dc\u00f3w, kt\u00f3rzy chcieliby wykorzysta\u0107 nowe formy wojny hybrydowej, cyberatak\u00f3w i przymusu gospodarczego do podwa\u017cenia demokratycznych rz\u0105d\u00f3w<br>\u2013 \u017ce pozostajemy niezachwiani w obronie naszych narod\u00f3w, naszych warto\u015bci i naszych demokracji.<\/p>\n\n\n\n<p class=\"wp-block-paragraph\"><strong>Bob Menendez&nbsp;&nbsp;&nbsp;&nbsp;&nbsp;&nbsp;&nbsp;&nbsp;&nbsp;&nbsp;&nbsp;&nbsp;&nbsp;&nbsp;&nbsp;&nbsp;&nbsp;&nbsp;&nbsp;&nbsp;&nbsp;Pau Mar\u00ed Klose&nbsp;&nbsp;&nbsp;&nbsp;&nbsp;&nbsp;&nbsp;&nbsp;&nbsp;&nbsp;&nbsp;&nbsp;&nbsp;&nbsp;&nbsp;&nbsp;&nbsp;&nbsp;&nbsp;&nbsp;&nbsp; Antonio Guti\u00e9rrez Limones<\/strong><\/p>\n\n\n\n<p class=\"wp-block-paragraph\">Senat&nbsp;&nbsp;&nbsp;&nbsp;&nbsp;&nbsp;&nbsp;&nbsp;&nbsp;&nbsp;&nbsp;&nbsp;&nbsp;&nbsp;&nbsp;&nbsp;&nbsp;&nbsp;&nbsp;&nbsp;&nbsp;&nbsp;&nbsp;&nbsp;&nbsp;&nbsp;&nbsp;&nbsp;&nbsp;&nbsp;&nbsp;&nbsp;&nbsp;&nbsp;&nbsp;&nbsp;&nbsp;&nbsp;&nbsp;&nbsp; Kongres Deputowanych&nbsp;&nbsp;&nbsp;&nbsp;&nbsp;&nbsp;&nbsp;Senat<\/p>\n\n\n\n<p class=\"wp-block-paragraph\">USA&nbsp;&nbsp;&nbsp;&nbsp;&nbsp;&nbsp;&nbsp;&nbsp;&nbsp;&nbsp;&nbsp;&nbsp;&nbsp;&nbsp;&nbsp;&nbsp;&nbsp;&nbsp;&nbsp;&nbsp;&nbsp;&nbsp;&nbsp;&nbsp;&nbsp;&nbsp; &nbsp;&nbsp;&nbsp;&nbsp;&nbsp;&nbsp;&nbsp;&nbsp;&nbsp;&nbsp;&nbsp;&nbsp;&nbsp;&nbsp;&nbsp;&nbsp;&nbsp;Hiszpania&nbsp;&nbsp;&nbsp;&nbsp;&nbsp;&nbsp;&nbsp;&nbsp;&nbsp;&nbsp;&nbsp;&nbsp;&nbsp;&nbsp;&nbsp;&nbsp;&nbsp;&nbsp;&nbsp;&nbsp;&nbsp;&nbsp;&nbsp;&nbsp;&nbsp;&nbsp;&nbsp;&nbsp;&nbsp;&nbsp;&nbsp;&nbsp;&nbsp;&nbsp;Hiszpania<\/p>\n\n\n\n<p class=\"wp-block-paragraph\"><strong>Ali Ehsassi&nbsp;&nbsp;&nbsp;&nbsp;&nbsp;&nbsp;&nbsp;&nbsp;&nbsp;&nbsp;&nbsp;&nbsp;&nbsp;&nbsp;&nbsp;&nbsp;&nbsp;&nbsp;&nbsp;&nbsp;&nbsp;&nbsp;&nbsp;&nbsp;&nbsp;&nbsp;&nbsp;&nbsp;&nbsp;&nbsp; Pavel Fischer&nbsp;&nbsp;&nbsp;&nbsp;&nbsp;&nbsp;&nbsp;&nbsp;&nbsp;&nbsp;&nbsp;&nbsp;&nbsp;&nbsp;&nbsp;&nbsp;&nbsp;&nbsp;&nbsp;&nbsp;&nbsp;&nbsp;&nbsp;&nbsp; Bogdan Klich<\/strong><\/p>\n\n\n\n<p class=\"wp-block-paragraph\">Izba Gmin&nbsp;&nbsp;&nbsp;&nbsp;&nbsp;&nbsp;&nbsp;&nbsp;&nbsp;&nbsp;&nbsp;&nbsp;&nbsp;&nbsp; &nbsp;&nbsp;&nbsp;&nbsp;&nbsp;&nbsp;&nbsp;&nbsp;&nbsp;&nbsp;&nbsp;&nbsp;&nbsp;&nbsp;&nbsp;&nbsp;&nbsp;&nbsp; Senat&nbsp;&nbsp;&nbsp;&nbsp;&nbsp;&nbsp;&nbsp;&nbsp;&nbsp;&nbsp;&nbsp;&nbsp;&nbsp;&nbsp;&nbsp;&nbsp;&nbsp;&nbsp;&nbsp;&nbsp;&nbsp;&nbsp;&nbsp;&nbsp;&nbsp;&nbsp;&nbsp;&nbsp;&nbsp;&nbsp;&nbsp;&nbsp;&nbsp;&nbsp;&nbsp;&nbsp;&nbsp;&nbsp; &nbsp;&nbsp;&nbsp;Senat<\/p>\n\n\n\n<p class=\"wp-block-paragraph\">Kanada&nbsp;&nbsp;&nbsp;&nbsp;&nbsp;&nbsp;&nbsp;&nbsp;&nbsp;&nbsp;&nbsp;&nbsp;&nbsp;&nbsp;&nbsp;&nbsp;&nbsp;&nbsp;&nbsp;&nbsp;&nbsp;&nbsp;&nbsp;&nbsp;&nbsp;&nbsp;&nbsp;&nbsp;&nbsp;&nbsp;&nbsp;&nbsp;&nbsp;&nbsp;&nbsp;&nbsp;&nbsp;&nbsp; Republika Czeska&nbsp;&nbsp;&nbsp;&nbsp;&nbsp;&nbsp;&nbsp;&nbsp;&nbsp;&nbsp;&nbsp;&nbsp;&nbsp;&nbsp;&nbsp;&nbsp;&nbsp;&nbsp;&nbsp;Polska<\/p>\n\n\n\n<p class=\"wp-block-paragraph\"><strong>Marko Mihkelson&nbsp;&nbsp;&nbsp;&nbsp;&nbsp;&nbsp;&nbsp;&nbsp;&nbsp;&nbsp;&nbsp;&nbsp;&nbsp;&nbsp;&nbsp;&nbsp; David McAllister&nbsp;&nbsp;&nbsp;&nbsp;&nbsp;&nbsp;&nbsp;&nbsp;&nbsp;&nbsp;&nbsp;&nbsp;&nbsp;&nbsp;&nbsp;&nbsp;&nbsp;&nbsp; Laima Andrikien\u0117<\/strong><\/p>\n\n\n\n<p class=\"wp-block-paragraph\">Riigikogu&nbsp;&nbsp;&nbsp;&nbsp;&nbsp;&nbsp;&nbsp;&nbsp;&nbsp;&nbsp;&nbsp;&nbsp;&nbsp;&nbsp;&nbsp;&nbsp;&nbsp;&nbsp;&nbsp;&nbsp;&nbsp;&nbsp;&nbsp;&nbsp;&nbsp;&nbsp;&nbsp;&nbsp;&nbsp;&nbsp;&nbsp;&nbsp;&nbsp;&nbsp; Parlament Europejski&nbsp;&nbsp;&nbsp;&nbsp;&nbsp;&nbsp;&nbsp;&nbsp;&nbsp;&nbsp;&nbsp;&nbsp;Seimas<\/p>\n\n\n\n<p class=\"wp-block-paragraph\">Estonia&nbsp;&nbsp;&nbsp;&nbsp;&nbsp;&nbsp;&nbsp;&nbsp;&nbsp;&nbsp;&nbsp;&nbsp;&nbsp;&nbsp;&nbsp;&nbsp;&nbsp;&nbsp;&nbsp;&nbsp;&nbsp;&nbsp;&nbsp;&nbsp;&nbsp;&nbsp;&nbsp;&nbsp;&nbsp;&nbsp;&nbsp;&nbsp;&nbsp;&nbsp;&nbsp;&nbsp;&nbsp;&nbsp;&nbsp;&nbsp;&nbsp;&nbsp;&nbsp;&nbsp;&nbsp;&nbsp;&nbsp;&nbsp;&nbsp;&nbsp;&nbsp;&nbsp;&nbsp;&nbsp;&nbsp;&nbsp;&nbsp;&nbsp;&nbsp;&nbsp;&nbsp;&nbsp;&nbsp;&nbsp;&nbsp;&nbsp;&nbsp;&nbsp;&nbsp; &nbsp;&nbsp;&nbsp;&nbsp;&nbsp;&nbsp;&nbsp;&nbsp;&nbsp;&nbsp;&nbsp;&nbsp;&nbsp;&nbsp;&nbsp; &nbsp;&nbsp;&nbsp;&nbsp;&nbsp;&nbsp;&nbsp;Litwa<\/p>\n\n\n\n<p class=\"wp-block-paragraph\"><strong>Rihards Kols<\/strong>&nbsp;&nbsp;&nbsp;&nbsp;&nbsp;&nbsp;&nbsp;&nbsp;&nbsp;&nbsp;&nbsp;&nbsp;&nbsp;&nbsp;&nbsp;&nbsp;&nbsp;&nbsp;&nbsp;&nbsp;&nbsp;&nbsp;&nbsp;&nbsp;&nbsp;&nbsp; <strong>Piero Fassino<\/strong>&nbsp;&nbsp;&nbsp;&nbsp;&nbsp;&nbsp;&nbsp;&nbsp;&nbsp;&nbsp;&nbsp;&nbsp;&nbsp;&nbsp;&nbsp;&nbsp;&nbsp;&nbsp;&nbsp;&nbsp;&nbsp;&nbsp;&nbsp;&nbsp;&nbsp;<strong>Marek \u017den\u00ed\u0161ek<\/strong><\/p>\n\n\n\n<p class=\"wp-block-paragraph\">Saeima&nbsp;&nbsp;&nbsp;&nbsp;&nbsp;&nbsp;&nbsp;&nbsp;&nbsp;&nbsp;&nbsp;&nbsp;&nbsp;&nbsp;&nbsp;&nbsp;&nbsp;&nbsp;&nbsp;&nbsp;&nbsp;&nbsp;&nbsp;&nbsp;&nbsp;&nbsp;&nbsp;&nbsp;&nbsp;&nbsp;&nbsp;&nbsp;&nbsp;&nbsp;&nbsp;&nbsp;&nbsp;&nbsp; Izba Deputowanych&nbsp;&nbsp;&nbsp;&nbsp;&nbsp;&nbsp;&nbsp;&nbsp;&nbsp;&nbsp;&nbsp;&nbsp;&nbsp;&nbsp; Izba Poselska&nbsp;&nbsp;&nbsp;&nbsp;&nbsp;&nbsp;&nbsp;&nbsp;&nbsp;&nbsp;&nbsp;&nbsp;&nbsp;&nbsp;&nbsp;&nbsp;&nbsp;&nbsp;&nbsp;&nbsp;&nbsp;<\/p>\n\n\n\n<p class=\"wp-block-paragraph\">\u0141otwa&nbsp;&nbsp;&nbsp;&nbsp;&nbsp;&nbsp;&nbsp;&nbsp;&nbsp;&nbsp;&nbsp;&nbsp;&nbsp;&nbsp;&nbsp;&nbsp;&nbsp;&nbsp;&nbsp;&nbsp;&nbsp;&nbsp;&nbsp;&nbsp;&nbsp;&nbsp;&nbsp;&nbsp;&nbsp;&nbsp;&nbsp;&nbsp;&nbsp;&nbsp;&nbsp;&nbsp;&nbsp;&nbsp;&nbsp;&nbsp; W\u0142ochy&nbsp;&nbsp;&nbsp;&nbsp;&nbsp;&nbsp;&nbsp;&nbsp;&nbsp;&nbsp;&nbsp;&nbsp;&nbsp;&nbsp;&nbsp;&nbsp;&nbsp;&nbsp;&nbsp;&nbsp;&nbsp;&nbsp;&nbsp;&nbsp;&nbsp;&nbsp;&nbsp;&nbsp;&nbsp;&nbsp;&nbsp;&nbsp;&nbsp;&nbsp;&nbsp;&nbsp;&nbsp;&nbsp; Republika Czeska<\/p>\n\n\n\n<p class=\"wp-block-paragraph\"><strong>Marek Kuchci\u0144ski<\/strong>&nbsp;&nbsp;&nbsp;&nbsp;&nbsp;&nbsp;&nbsp;&nbsp;&nbsp;&nbsp;&nbsp;&nbsp;&nbsp;&nbsp; &nbsp;<strong>Christian Cambon<\/strong>&nbsp;&nbsp;&nbsp;&nbsp;&nbsp;&nbsp;&nbsp;&nbsp;&nbsp;&nbsp;&nbsp;&nbsp;&nbsp;&nbsp;&nbsp; &nbsp;<strong>S\u00e9rgio Sousa Pinto<\/strong><\/p>\n\n\n\n<p class=\"wp-block-paragraph\">Sejm&nbsp;&nbsp;&nbsp;&nbsp;&nbsp;&nbsp;&nbsp;&nbsp;&nbsp;&nbsp;&nbsp;&nbsp;&nbsp;&nbsp;&nbsp;&nbsp;&nbsp;&nbsp;&nbsp;&nbsp;&nbsp;&nbsp;&nbsp;&nbsp;&nbsp;&nbsp;&nbsp;&nbsp;&nbsp;&nbsp;&nbsp;&nbsp;&nbsp;&nbsp;&nbsp;&nbsp;&nbsp;&nbsp;&nbsp;&nbsp;&nbsp;&nbsp; &nbsp;Senat&nbsp;&nbsp;&nbsp;&nbsp;&nbsp;&nbsp;&nbsp;&nbsp;&nbsp;&nbsp;&nbsp;&nbsp;&nbsp;&nbsp;&nbsp;&nbsp;&nbsp;&nbsp;&nbsp;&nbsp;&nbsp;&nbsp;&nbsp;&nbsp;&nbsp;&nbsp;&nbsp;&nbsp;&nbsp;&nbsp;&nbsp;&nbsp;&nbsp;&nbsp;&nbsp;&nbsp;&nbsp;&nbsp;&nbsp; &nbsp;&nbsp;&nbsp;Zgromadzenie Republiki<\/p>\n\n\n\n<p class=\"wp-block-paragraph\">Polska&nbsp;&nbsp;&nbsp;&nbsp;&nbsp;&nbsp;&nbsp;&nbsp;&nbsp;&nbsp;&nbsp;&nbsp;&nbsp;&nbsp;&nbsp;&nbsp;&nbsp;&nbsp;&nbsp;&nbsp;&nbsp;&nbsp;&nbsp;&nbsp;&nbsp;&nbsp;&nbsp;&nbsp;&nbsp;&nbsp;&nbsp;&nbsp;&nbsp;&nbsp;&nbsp;&nbsp;&nbsp;&nbsp; &nbsp;&nbsp;Francja&nbsp;&nbsp;&nbsp;&nbsp;&nbsp;&nbsp;&nbsp;&nbsp;&nbsp;&nbsp;&nbsp;&nbsp;&nbsp;&nbsp;&nbsp;&nbsp;&nbsp;&nbsp;&nbsp;&nbsp;&nbsp;&nbsp;&nbsp;&nbsp;&nbsp;&nbsp;&nbsp;&nbsp;&nbsp;&nbsp;&nbsp;&nbsp;&nbsp;&nbsp;&nbsp;&nbsp;&nbsp;&nbsp; Portugalia<\/p>\n\n\n\n<p class=\"wp-block-paragraph\"><strong>Tom Tugendhat<\/strong><\/p>\n\n\n\n<p class=\"wp-block-paragraph\">Izba Gmin<\/p>\n\n\n\n<p class=\"wp-block-paragraph\">Wielka Brytania<\/p>","protected":false},"excerpt":{"rendered":"<p>My, przewodnicz\u0105cy Komisji Spraw Zagranicznych naszych parlament\u00f3w (Czech, Estonii, Francji, Hiszpanii, Kanady, Litwy, \u0141otwy, Polski, Portugalii, USA, Wielkiej Brytanii, W\u0142och i Parlamentu Europejskiego) wzywamy cz\u0142onk\u00f3w Organizacji Traktatu P\u00f3\u0142nocnoatlantyckiego (NATO) do szybkiego zatwierdzenia przyst\u0105pienia Finlandii i Szwecji do sojuszu naszych pa\u0144stw. Poniewa\u017c Rosja kontynuuje nielegaln\u0105i nieuzasadnion\u0105 inwazj\u0119 na Ukrain\u0119, konieczne jest, aby spo\u0142eczno\u015b\u0107 transatlantycka nadal wysy\u0142a\u0142a [&hellip;]<\/p>\n","protected":false},"author":3,"featured_media":25610,"comment_status":"open","ping_status":"open","sticky":false,"template":"","format":"standard","meta":{"ngg_post_thumbnail":0,"footnotes":""},"categories":[50,3],"tags":[],"class_list":["post-25607","post","type-post","status-publish","format-standard","has-post-thumbnail","hentry","category-wspolpraca-miedzynarodowa","category-wydarzenia"],"yoast_head":"<!-- This site is optimized with the Yoast SEO plugin v28.4 - https:\/\/yoast.com\/product\/yoast-seo-wordpress\/ -->\n<title>O\u015bwiadczenie przewodnicz\u0105cych Komisji Spraw Zagranicznych na temat Szczytu NATO w Madrycie &#8211; Marek Kuchci\u0144ski<\/title>\n<meta name=\"robots\" content=\"index, follow, max-snippet:-1, max-image-preview:large, max-video-preview:-1\" \/>\n<link rel=\"canonical\" href=\"https:\/\/marekkuchcinski.pl\/en\/wydarzenia\/oswiadczenie-przewodniczacych-komisji-spraw-zagranicznych-na-temat-szczytu-nato-w-madrycie\/\" \/>\n<meta property=\"og:locale\" content=\"en_GB\" \/>\n<meta property=\"og:type\" content=\"article\" \/>\n<meta property=\"og:title\" content=\"O\u015bwiadczenie przewodnicz\u0105cych Komisji Spraw Zagranicznych na temat Szczytu NATO w Madrycie &#8211; Marek Kuchci\u0144ski\" \/>\n<meta property=\"og:description\" content=\"My, przewodnicz\u0105cy Komisji Spraw Zagranicznych naszych parlament\u00f3w (Czech, Estonii, Francji, Hiszpanii, Kanady, Litwy, \u0141otwy, Polski, Portugalii, USA, Wielkiej Brytanii, W\u0142och i Parlamentu Europejskiego) wzywamy cz\u0142onk\u00f3w Organizacji Traktatu P\u00f3\u0142nocnoatlantyckiego (NATO) do szybkiego zatwierdzenia przyst\u0105pienia Finlandii i Szwecji do sojuszu naszych pa\u0144stw. Poniewa\u017c Rosja kontynuuje nielegaln\u0105i nieuzasadnion\u0105 inwazj\u0119 na Ukrain\u0119, konieczne jest, aby spo\u0142eczno\u015b\u0107 transatlantycka nadal wysy\u0142a\u0142a [&hellip;]\" \/>\n<meta property=\"og:url\" content=\"https:\/\/marekkuchcinski.pl\/en\/wydarzenia\/oswiadczenie-przewodniczacych-komisji-spraw-zagranicznych-na-temat-szczytu-nato-w-madrycie\/\" \/>\n<meta property=\"og:site_name\" content=\"Marek Kuchci\u0144ski\" \/>\n<meta property=\"article:published_time\" content=\"2022-06-30T23:07:46+00:00\" \/>\n<meta property=\"article:modified_time\" content=\"2022-06-30T23:20:11+00:00\" \/>\n<meta property=\"og:image\" content=\"https:\/\/marekkuchcinski.pl\/wp-content\/uploads\/2022\/07\/FVcvEWtXwAgYpJK.jpg\" \/>\n\t<meta property=\"og:image:width\" content=\"800\" \/>\n\t<meta property=\"og:image:height\" content=\"587\" \/>\n\t<meta property=\"og:image:type\" content=\"image\/jpeg\" \/>\n<meta name=\"author\" content=\"Marta Olejnik\" \/>\n<meta name=\"twitter:card\" content=\"summary_large_image\" \/>\n<meta name=\"twitter:label1\" content=\"Written by\" \/>\n\t<meta name=\"twitter:data1\" content=\"Marta Olejnik\" \/>\n\t<meta name=\"twitter:label2\" content=\"Est. reading time\" \/>\n\t<meta name=\"twitter:data2\" content=\"2 minutes\" \/>\n<script type=\"application\/ld+json\" class=\"yoast-schema-graph\">{\"@context\":\"https:\\\/\\\/schema.org\",\"@graph\":[{\"@type\":\"Article\",\"@id\":\"https:\\\/\\\/marekkuchcinski.pl\\\/wydarzenia\\\/oswiadczenie-przewodniczacych-komisji-spraw-zagranicznych-na-temat-szczytu-nato-w-madrycie\\\/#article\",\"isPartOf\":{\"@id\":\"https:\\\/\\\/marekkuchcinski.pl\\\/wydarzenia\\\/oswiadczenie-przewodniczacych-komisji-spraw-zagranicznych-na-temat-szczytu-nato-w-madrycie\\\/\"},\"author\":{\"name\":\"Marta Olejnik\",\"@id\":\"https:\\\/\\\/marekkuchcinski.pl\\\/#\\\/schema\\\/person\\\/bd3f15dee67fee76e83c8350d0154101\"},\"headline\":\"O\u015bwiadczenie przewodnicz\u0105cych Komisji Spraw Zagranicznych na temat Szczytu NATO w Madrycie\",\"datePublished\":\"2022-06-30T23:07:46+00:00\",\"dateModified\":\"2022-06-30T23:20:11+00:00\",\"mainEntityOfPage\":{\"@id\":\"https:\\\/\\\/marekkuchcinski.pl\\\/wydarzenia\\\/oswiadczenie-przewodniczacych-komisji-spraw-zagranicznych-na-temat-szczytu-nato-w-madrycie\\\/\"},\"wordCount\":1423,\"commentCount\":0,\"publisher\":{\"@id\":\"https:\\\/\\\/marekkuchcinski.pl\\\/#organization\"},\"image\":{\"@id\":\"https:\\\/\\\/marekkuchcinski.pl\\\/wydarzenia\\\/oswiadczenie-przewodniczacych-komisji-spraw-zagranicznych-na-temat-szczytu-nato-w-madrycie\\\/#primaryimage\"},\"thumbnailUrl\":\"https:\\\/\\\/marekkuchcinski.pl\\\/wp-content\\\/uploads\\\/2022\\\/07\\\/FVcvEWtXwAgYpJK.jpg\",\"articleSection\":[\"Wsp\u00f3\u0142praca mi\u0119dzynarodowa\",\"Wydarzenia\"],\"inLanguage\":\"en-GB\",\"potentialAction\":[{\"@type\":\"CommentAction\",\"name\":\"Comment\",\"target\":[\"https:\\\/\\\/marekkuchcinski.pl\\\/wydarzenia\\\/oswiadczenie-przewodniczacych-komisji-spraw-zagranicznych-na-temat-szczytu-nato-w-madrycie\\\/#respond\"]}]},{\"@type\":\"WebPage\",\"@id\":\"https:\\\/\\\/marekkuchcinski.pl\\\/wydarzenia\\\/oswiadczenie-przewodniczacych-komisji-spraw-zagranicznych-na-temat-szczytu-nato-w-madrycie\\\/\",\"url\":\"https:\\\/\\\/marekkuchcinski.pl\\\/wydarzenia\\\/oswiadczenie-przewodniczacych-komisji-spraw-zagranicznych-na-temat-szczytu-nato-w-madrycie\\\/\",\"name\":\"O\u015bwiadczenie przewodnicz\u0105cych Komisji Spraw Zagranicznych na temat Szczytu NATO w Madrycie &#8211; Marek Kuchci\u0144ski\",\"isPartOf\":{\"@id\":\"https:\\\/\\\/marekkuchcinski.pl\\\/#website\"},\"primaryImageOfPage\":{\"@id\":\"https:\\\/\\\/marekkuchcinski.pl\\\/wydarzenia\\\/oswiadczenie-przewodniczacych-komisji-spraw-zagranicznych-na-temat-szczytu-nato-w-madrycie\\\/#primaryimage\"},\"image\":{\"@id\":\"https:\\\/\\\/marekkuchcinski.pl\\\/wydarzenia\\\/oswiadczenie-przewodniczacych-komisji-spraw-zagranicznych-na-temat-szczytu-nato-w-madrycie\\\/#primaryimage\"},\"thumbnailUrl\":\"https:\\\/\\\/marekkuchcinski.pl\\\/wp-content\\\/uploads\\\/2022\\\/07\\\/FVcvEWtXwAgYpJK.jpg\",\"datePublished\":\"2022-06-30T23:07:46+00:00\",\"dateModified\":\"2022-06-30T23:20:11+00:00\",\"breadcrumb\":{\"@id\":\"https:\\\/\\\/marekkuchcinski.pl\\\/wydarzenia\\\/oswiadczenie-przewodniczacych-komisji-spraw-zagranicznych-na-temat-szczytu-nato-w-madrycie\\\/#breadcrumb\"},\"inLanguage\":\"en-GB\",\"potentialAction\":[{\"@type\":\"ReadAction\",\"target\":[\"https:\\\/\\\/marekkuchcinski.pl\\\/wydarzenia\\\/oswiadczenie-przewodniczacych-komisji-spraw-zagranicznych-na-temat-szczytu-nato-w-madrycie\\\/\"]}]},{\"@type\":\"ImageObject\",\"inLanguage\":\"en-GB\",\"@id\":\"https:\\\/\\\/marekkuchcinski.pl\\\/wydarzenia\\\/oswiadczenie-przewodniczacych-komisji-spraw-zagranicznych-na-temat-szczytu-nato-w-madrycie\\\/#primaryimage\",\"url\":\"https:\\\/\\\/marekkuchcinski.pl\\\/wp-content\\\/uploads\\\/2022\\\/07\\\/FVcvEWtXwAgYpJK.jpg\",\"contentUrl\":\"https:\\\/\\\/marekkuchcinski.pl\\\/wp-content\\\/uploads\\\/2022\\\/07\\\/FVcvEWtXwAgYpJK.jpg\",\"width\":800,\"height\":587},{\"@type\":\"BreadcrumbList\",\"@id\":\"https:\\\/\\\/marekkuchcinski.pl\\\/wydarzenia\\\/oswiadczenie-przewodniczacych-komisji-spraw-zagranicznych-na-temat-szczytu-nato-w-madrycie\\\/#breadcrumb\",\"itemListElement\":[{\"@type\":\"ListItem\",\"position\":1,\"name\":\"Strona g\u0142\u00f3wna\",\"item\":\"https:\\\/\\\/marekkuchcinski.pl\\\/\"},{\"@type\":\"ListItem\",\"position\":2,\"name\":\"O\u015bwiadczenie przewodnicz\u0105cych Komisji Spraw Zagranicznych na temat Szczytu NATO w Madrycie\"}]},{\"@type\":\"WebSite\",\"@id\":\"https:\\\/\\\/marekkuchcinski.pl\\\/#website\",\"url\":\"https:\\\/\\\/marekkuchcinski.pl\\\/\",\"name\":\"Marek Kuchci\u0144ski\",\"description\":\"Marek Kuchci\u0144ski \",\"publisher\":{\"@id\":\"https:\\\/\\\/marekkuchcinski.pl\\\/#organization\"},\"potentialAction\":[{\"@type\":\"SearchAction\",\"target\":{\"@type\":\"EntryPoint\",\"urlTemplate\":\"https:\\\/\\\/marekkuchcinski.pl\\\/?s={search_term_string}\"},\"query-input\":{\"@type\":\"PropertyValueSpecification\",\"valueRequired\":true,\"valueName\":\"search_term_string\"}}],\"inLanguage\":\"en-GB\"},{\"@type\":\"Organization\",\"@id\":\"https:\\\/\\\/marekkuchcinski.pl\\\/#organization\",\"name\":\"Marek Kuchci\u0144ski\",\"url\":\"https:\\\/\\\/marekkuchcinski.pl\\\/\",\"logo\":{\"@type\":\"ImageObject\",\"inLanguage\":\"en-GB\",\"@id\":\"https:\\\/\\\/marekkuchcinski.pl\\\/#\\\/schema\\\/logo\\\/image\\\/\",\"url\":\"https:\\\/\\\/marekkuchcinski.pl\\\/wp-content\\\/uploads\\\/2022\\\/09\\\/Marek.jpg\",\"contentUrl\":\"https:\\\/\\\/marekkuchcinski.pl\\\/wp-content\\\/uploads\\\/2022\\\/09\\\/Marek.jpg\",\"width\":1600,\"height\":971,\"caption\":\"Marek Kuchci\u0144ski\"},\"image\":{\"@id\":\"https:\\\/\\\/marekkuchcinski.pl\\\/#\\\/schema\\\/logo\\\/image\\\/\"}},{\"@type\":\"Person\",\"@id\":\"https:\\\/\\\/marekkuchcinski.pl\\\/#\\\/schema\\\/person\\\/bd3f15dee67fee76e83c8350d0154101\",\"name\":\"Marta Olejnik\",\"image\":{\"@type\":\"ImageObject\",\"inLanguage\":\"en-GB\",\"@id\":\"https:\\\/\\\/secure.gravatar.com\\\/avatar\\\/24754edd6080383402e292374b406b553027d572e97d60e7aa89a6940e88659a?s=96&d=mm&r=g\",\"url\":\"https:\\\/\\\/secure.gravatar.com\\\/avatar\\\/24754edd6080383402e292374b406b553027d572e97d60e7aa89a6940e88659a?s=96&d=mm&r=g\",\"contentUrl\":\"https:\\\/\\\/secure.gravatar.com\\\/avatar\\\/24754edd6080383402e292374b406b553027d572e97d60e7aa89a6940e88659a?s=96&d=mm&r=g\",\"caption\":\"Marta Olejnik\"},\"url\":\"https:\\\/\\\/marekkuchcinski.pl\\\/en\\\/author\\\/marta\\\/\"}]}<\/script>\n<!-- \/ Yoast SEO plugin. -->","yoast_head_json":{"title":"O\u015bwiadczenie przewodnicz\u0105cych Komisji Spraw Zagranicznych na temat Szczytu NATO w Madrycie &#8211; Marek Kuchci\u0144ski","robots":{"index":"index","follow":"follow","max-snippet":"max-snippet:-1","max-image-preview":"max-image-preview:large","max-video-preview":"max-video-preview:-1"},"canonical":"https:\/\/marekkuchcinski.pl\/en\/wydarzenia\/oswiadczenie-przewodniczacych-komisji-spraw-zagranicznych-na-temat-szczytu-nato-w-madrycie\/","og_locale":"en_GB","og_type":"article","og_title":"O\u015bwiadczenie przewodnicz\u0105cych Komisji Spraw Zagranicznych na temat Szczytu NATO w Madrycie &#8211; Marek Kuchci\u0144ski","og_description":"My, przewodnicz\u0105cy Komisji Spraw Zagranicznych naszych parlament\u00f3w (Czech, Estonii, Francji, Hiszpanii, Kanady, Litwy, \u0141otwy, Polski, Portugalii, USA, Wielkiej Brytanii, W\u0142och i Parlamentu Europejskiego) wzywamy cz\u0142onk\u00f3w Organizacji Traktatu P\u00f3\u0142nocnoatlantyckiego (NATO) do szybkiego zatwierdzenia przyst\u0105pienia Finlandii i Szwecji do sojuszu naszych pa\u0144stw. Poniewa\u017c Rosja kontynuuje nielegaln\u0105i nieuzasadnion\u0105 inwazj\u0119 na Ukrain\u0119, konieczne jest, aby spo\u0142eczno\u015b\u0107 transatlantycka nadal wysy\u0142a\u0142a [&hellip;]","og_url":"https:\/\/marekkuchcinski.pl\/en\/wydarzenia\/oswiadczenie-przewodniczacych-komisji-spraw-zagranicznych-na-temat-szczytu-nato-w-madrycie\/","og_site_name":"Marek Kuchci\u0144ski","article_published_time":"2022-06-30T23:07:46+00:00","article_modified_time":"2022-06-30T23:20:11+00:00","og_image":[{"width":800,"height":587,"url":"https:\/\/marekkuchcinski.pl\/wp-content\/uploads\/2022\/07\/FVcvEWtXwAgYpJK.jpg","type":"image\/jpeg"}],"author":"Marta Olejnik","twitter_card":"summary_large_image","twitter_misc":{"Written by":"Marta Olejnik","Est. reading time":"2 minutes"},"schema":{"@context":"https:\/\/schema.org","@graph":[{"@type":"Article","@id":"https:\/\/marekkuchcinski.pl\/wydarzenia\/oswiadczenie-przewodniczacych-komisji-spraw-zagranicznych-na-temat-szczytu-nato-w-madrycie\/#article","isPartOf":{"@id":"https:\/\/marekkuchcinski.pl\/wydarzenia\/oswiadczenie-przewodniczacych-komisji-spraw-zagranicznych-na-temat-szczytu-nato-w-madrycie\/"},"author":{"name":"Marta Olejnik","@id":"https:\/\/marekkuchcinski.pl\/#\/schema\/person\/bd3f15dee67fee76e83c8350d0154101"},"headline":"O\u015bwiadczenie przewodnicz\u0105cych Komisji Spraw Zagranicznych na temat Szczytu NATO w Madrycie","datePublished":"2022-06-30T23:07:46+00:00","dateModified":"2022-06-30T23:20:11+00:00","mainEntityOfPage":{"@id":"https:\/\/marekkuchcinski.pl\/wydarzenia\/oswiadczenie-przewodniczacych-komisji-spraw-zagranicznych-na-temat-szczytu-nato-w-madrycie\/"},"wordCount":1423,"commentCount":0,"publisher":{"@id":"https:\/\/marekkuchcinski.pl\/#organization"},"image":{"@id":"https:\/\/marekkuchcinski.pl\/wydarzenia\/oswiadczenie-przewodniczacych-komisji-spraw-zagranicznych-na-temat-szczytu-nato-w-madrycie\/#primaryimage"},"thumbnailUrl":"https:\/\/marekkuchcinski.pl\/wp-content\/uploads\/2022\/07\/FVcvEWtXwAgYpJK.jpg","articleSection":["Wsp\u00f3\u0142praca mi\u0119dzynarodowa","Wydarzenia"],"inLanguage":"en-GB","potentialAction":[{"@type":"CommentAction","name":"Comment","target":["https:\/\/marekkuchcinski.pl\/wydarzenia\/oswiadczenie-przewodniczacych-komisji-spraw-zagranicznych-na-temat-szczytu-nato-w-madrycie\/#respond"]}]},{"@type":"WebPage","@id":"https:\/\/marekkuchcinski.pl\/wydarzenia\/oswiadczenie-przewodniczacych-komisji-spraw-zagranicznych-na-temat-szczytu-nato-w-madrycie\/","url":"https:\/\/marekkuchcinski.pl\/wydarzenia\/oswiadczenie-przewodniczacych-komisji-spraw-zagranicznych-na-temat-szczytu-nato-w-madrycie\/","name":"O\u015bwiadczenie przewodnicz\u0105cych Komisji Spraw Zagranicznych na temat Szczytu NATO w Madrycie &#8211; Marek Kuchci\u0144ski","isPartOf":{"@id":"https:\/\/marekkuchcinski.pl\/#website"},"primaryImageOfPage":{"@id":"https:\/\/marekkuchcinski.pl\/wydarzenia\/oswiadczenie-przewodniczacych-komisji-spraw-zagranicznych-na-temat-szczytu-nato-w-madrycie\/#primaryimage"},"image":{"@id":"https:\/\/marekkuchcinski.pl\/wydarzenia\/oswiadczenie-przewodniczacych-komisji-spraw-zagranicznych-na-temat-szczytu-nato-w-madrycie\/#primaryimage"},"thumbnailUrl":"https:\/\/marekkuchcinski.pl\/wp-content\/uploads\/2022\/07\/FVcvEWtXwAgYpJK.jpg","datePublished":"2022-06-30T23:07:46+00:00","dateModified":"2022-06-30T23:20:11+00:00","breadcrumb":{"@id":"https:\/\/marekkuchcinski.pl\/wydarzenia\/oswiadczenie-przewodniczacych-komisji-spraw-zagranicznych-na-temat-szczytu-nato-w-madrycie\/#breadcrumb"},"inLanguage":"en-GB","potentialAction":[{"@type":"ReadAction","target":["https:\/\/marekkuchcinski.pl\/wydarzenia\/oswiadczenie-przewodniczacych-komisji-spraw-zagranicznych-na-temat-szczytu-nato-w-madrycie\/"]}]},{"@type":"ImageObject","inLanguage":"en-GB","@id":"https:\/\/marekkuchcinski.pl\/wydarzenia\/oswiadczenie-przewodniczacych-komisji-spraw-zagranicznych-na-temat-szczytu-nato-w-madrycie\/#primaryimage","url":"https:\/\/marekkuchcinski.pl\/wp-content\/uploads\/2022\/07\/FVcvEWtXwAgYpJK.jpg","contentUrl":"https:\/\/marekkuchcinski.pl\/wp-content\/uploads\/2022\/07\/FVcvEWtXwAgYpJK.jpg","width":800,"height":587},{"@type":"BreadcrumbList","@id":"https:\/\/marekkuchcinski.pl\/wydarzenia\/oswiadczenie-przewodniczacych-komisji-spraw-zagranicznych-na-temat-szczytu-nato-w-madrycie\/#breadcrumb","itemListElement":[{"@type":"ListItem","position":1,"name":"Strona g\u0142\u00f3wna","item":"https:\/\/marekkuchcinski.pl\/"},{"@type":"ListItem","position":2,"name":"O\u015bwiadczenie przewodnicz\u0105cych Komisji Spraw Zagranicznych na temat Szczytu NATO w Madrycie"}]},{"@type":"WebSite","@id":"https:\/\/marekkuchcinski.pl\/#website","url":"https:\/\/marekkuchcinski.pl\/","name":"Marek Kuchci\u0144ski","description":"Marek Kuchci\u0144ski","publisher":{"@id":"https:\/\/marekkuchcinski.pl\/#organization"},"potentialAction":[{"@type":"SearchAction","target":{"@type":"EntryPoint","urlTemplate":"https:\/\/marekkuchcinski.pl\/?s={search_term_string}"},"query-input":{"@type":"PropertyValueSpecification","valueRequired":true,"valueName":"search_term_string"}}],"inLanguage":"en-GB"},{"@type":"Organization","@id":"https:\/\/marekkuchcinski.pl\/#organization","name":"Marek Kuchci\u0144ski","url":"https:\/\/marekkuchcinski.pl\/","logo":{"@type":"ImageObject","inLanguage":"en-GB","@id":"https:\/\/marekkuchcinski.pl\/#\/schema\/logo\/image\/","url":"https:\/\/marekkuchcinski.pl\/wp-content\/uploads\/2022\/09\/Marek.jpg","contentUrl":"https:\/\/marekkuchcinski.pl\/wp-content\/uploads\/2022\/09\/Marek.jpg","width":1600,"height":971,"caption":"Marek Kuchci\u0144ski"},"image":{"@id":"https:\/\/marekkuchcinski.pl\/#\/schema\/logo\/image\/"}},{"@type":"Person","@id":"https:\/\/marekkuchcinski.pl\/#\/schema\/person\/bd3f15dee67fee76e83c8350d0154101","name":"Marta Olejnik","image":{"@type":"ImageObject","inLanguage":"en-GB","@id":"https:\/\/secure.gravatar.com\/avatar\/24754edd6080383402e292374b406b553027d572e97d60e7aa89a6940e88659a?s=96&d=mm&r=g","url":"https:\/\/secure.gravatar.com\/avatar\/24754edd6080383402e292374b406b553027d572e97d60e7aa89a6940e88659a?s=96&d=mm&r=g","contentUrl":"https:\/\/secure.gravatar.com\/avatar\/24754edd6080383402e292374b406b553027d572e97d60e7aa89a6940e88659a?s=96&d=mm&r=g","caption":"Marta Olejnik"},"url":"https:\/\/marekkuchcinski.pl\/en\/author\/marta\/"}]}},"_links":{"self":[{"href":"https:\/\/marekkuchcinski.pl\/en\/wp-json\/wp\/v2\/posts\/25607","targetHints":{"allow":["GET"]}}],"collection":[{"href":"https:\/\/marekkuchcinski.pl\/en\/wp-json\/wp\/v2\/posts"}],"about":[{"href":"https:\/\/marekkuchcinski.pl\/en\/wp-json\/wp\/v2\/types\/post"}],"author":[{"embeddable":true,"href":"https:\/\/marekkuchcinski.pl\/en\/wp-json\/wp\/v2\/users\/3"}],"replies":[{"embeddable":true,"href":"https:\/\/marekkuchcinski.pl\/en\/wp-json\/wp\/v2\/comments?post=25607"}],"version-history":[{"count":1,"href":"https:\/\/marekkuchcinski.pl\/en\/wp-json\/wp\/v2\/posts\/25607\/revisions"}],"predecessor-version":[{"id":25609,"href":"https:\/\/marekkuchcinski.pl\/en\/wp-json\/wp\/v2\/posts\/25607\/revisions\/25609"}],"wp:featuredmedia":[{"embeddable":true,"href":"https:\/\/marekkuchcinski.pl\/en\/wp-json\/wp\/v2\/media\/25610"}],"wp:attachment":[{"href":"https:\/\/marekkuchcinski.pl\/en\/wp-json\/wp\/v2\/media?parent=25607"}],"wp:term":[{"taxonomy":"category","embeddable":true,"href":"https:\/\/marekkuchcinski.pl\/en\/wp-json\/wp\/v2\/categories?post=25607"},{"taxonomy":"post_tag","embeddable":true,"href":"https:\/\/marekkuchcinski.pl\/en\/wp-json\/wp\/v2\/tags?post=25607"}],"curies":[{"name":"wp","href":"https:\/\/api.w.org\/{rel}","templated":true}]}}