{"id":25589,"date":"2022-06-29T23:30:46","date_gmt":"2022-06-29T21:30:46","guid":{"rendered":"https:\/\/marekkuchcinski.pl\/?p=25589"},"modified":"2022-06-29T23:30:48","modified_gmt":"2022-06-29T21:30:48","slug":"o-dziedzictwie-kulturowo-przyrodniczym-i-obrazach-karpat-w-tworczosci-wybitnych-postaci-3-lipca-w-cisowej-na-podkarpaciu","status":"publish","type":"post","link":"https:\/\/marekkuchcinski.pl\/en\/wydarzenia\/o-dziedzictwie-kulturowo-przyrodniczym-i-obrazach-karpat-w-tworczosci-wybitnych-postaci-3-lipca-w-cisowej-na-podkarpaciu\/","title":{"rendered":"The cultural and natural heritage and images of the Carpathians in the works of outstanding personalities - July 3 in Cisowa, Podkarpacie"},"content":{"rendered":"<p>The Przemy\u015bl Cultural Society is organizing a series of meetings devoted to<br>events and people from our region in Carpathian Europe. The first session in this series<br>was held on May 13 this year, in conjunction with the XXXIII Carpathian Europe Conference in Krasiczyn, where the<br>We discussed the diversity of the Carpathians and civilization's journey through the Carpathian Mountains<br>countries.<br>The second meeting will be an outdoor picnic and will be held on 3<br>July this year, at 14:00 in Cisowa near Przemy\u015bl - a branch of the Arboretum and Physiography Department<br>in Bolestraszyce, a sanctuary of silence and natural beauty. We are planning two themes:<br>1\/ On cultural and natural heritage, exemplified by the work of, among others, John<br>Gwalbert Pawlikowski and Jerzy Pi\u00f3recki.<br>2\/ Images of the Carpathians in the works of prominent figures, including Stanislaw Vincenz,<br>Kazimierz Wierzynski and St. John Paul II.<br>The meeting will be attended by: professors Krzysztof Dybciak and Csaba Gy\u00f6rgy Kiss<br>from Budapest, Dr. Narcyz Pi\u00f3recki and Waldemar Wiglusz.<br>We kindly invite you to participate in our meeting, during which<br>Together we will reflect on the heritage of nature and culture and our contribution<br>in protecting the environment and passing on this legacy to future generations.<\/p>\n\n\n\n<figure class=\"wp-block-image size-large\"><a href=\"https:\/\/marekkuchcinski.pl\/wp-content\/uploads\/2022\/06\/Plakat-3-lipca.jpg\"><img fetchpriority=\"high\" decoding=\"async\" width=\"724\" height=\"1024\" src=\"https:\/\/marekkuchcinski.pl\/wp-content\/uploads\/2022\/06\/Plakat-3-lipca-724x1024.jpg\" alt=\"\" class=\"wp-image-25590\" srcset=\"https:\/\/marekkuchcinski.pl\/wp-content\/uploads\/2022\/06\/Plakat-3-lipca-724x1024.jpg 724w, https:\/\/marekkuchcinski.pl\/wp-content\/uploads\/2022\/06\/Plakat-3-lipca-212x300.jpg 212w, https:\/\/marekkuchcinski.pl\/wp-content\/uploads\/2022\/06\/Plakat-3-lipca-768x1086.jpg 768w, https:\/\/marekkuchcinski.pl\/wp-content\/uploads\/2022\/06\/Plakat-3-lipca-1087x1536.jpg 1087w, https:\/\/marekkuchcinski.pl\/wp-content\/uploads\/2022\/06\/Plakat-3-lipca-8x12.jpg 8w, https:\/\/marekkuchcinski.pl\/wp-content\/uploads\/2022\/06\/Plakat-3-lipca.jpg 1132w\" sizes=\"(max-width: 724px) 100vw, 724px\" \/><\/a><\/figure>\n\n\n\n<p><\/p>","protected":false},"excerpt":{"rendered":"<p>The Przemy\u015bl Cultural Society organizes a series of meetings devoted to events and people from our region in the Europe of the Carpathians. The first session of the series took place on May 13 this year, in conjunction with the XXXIII Conference Europe of the Carpathians in Krasiczyn, where we discussed the diversity of the Carpathians and civilizational wanderings through the Carpathian countries.The second meeting will have an open-air picnic and will be held on July 3 this year, at [...]<\/p>","protected":false},"author":21,"featured_media":25590,"comment_status":"open","ping_status":"open","sticky":false,"template":"","format":"standard","meta":{"ngg_post_thumbnail":0,"footnotes":""},"categories":[3],"tags":[],"class_list":["post-25589","post","type-post","status-publish","format-standard","has-post-thumbnail","hentry","category-wydarzenia"],"yoast_head":"<!-- This site is optimized with the Yoast SEO plugin v24.7 - https:\/\/yoast.com\/wordpress\/plugins\/seo\/ -->\n<title>O dziedzictwie kulturowo-przyrodniczym i obrazach Karpat w tw\u00f3rczo\u015bci wybitnych postaci - 3 lipca w Cisowej na Podkarpaciu &#8211; Marek Kuchci\u0144ski<\/title>\n<meta name=\"robots\" content=\"index, follow, max-snippet:-1, max-image-preview:large, max-video-preview:-1\" \/>\n<link rel=\"canonical\" href=\"https:\/\/marekkuchcinski.pl\/en\/wydarzenia\/o-dziedzictwie-kulturowo-przyrodniczym-i-obrazach-karpat-w-tworczosci-wybitnych-postaci-3-lipca-w-cisowej-na-podkarpaciu\/\" \/>\n<meta property=\"og:locale\" content=\"en_GB\" \/>\n<meta property=\"og:type\" content=\"article\" \/>\n<meta property=\"og:title\" content=\"O dziedzictwie kulturowo-przyrodniczym i obrazach Karpat w tw\u00f3rczo\u015bci wybitnych postaci - 3 lipca w Cisowej na Podkarpaciu &#8211; Marek Kuchci\u0144ski\" \/>\n<meta property=\"og:description\" content=\"Przemyskie Towarzystwo Kulturalne organizuje cykl spotka\u0144 po\u015bwi\u0119conychwydarzeniom i ludziom z naszego regionu w Europie Karpat. Pierwsza sesja z tego cykluodby\u0142a si\u0119 13 maja br., wsp\u00f3lnie z XXXIII konferencj\u0105 Europa Karpat w Krasiczynie, gdziedyskutowali\u015bmy o r\u00f3\u017cnorodno\u015bci Karpat i cywilizacyjnych w\u0119dr\u00f3wkach poprzez karpackiekraje.Drugie spotkanie b\u0119dzie mia\u0142o charakter plenerowo-piknikowy i odb\u0119dzie si\u0119 w dniu 3lipca br., o godzinie [&hellip;]\" \/>\n<meta property=\"og:url\" content=\"https:\/\/marekkuchcinski.pl\/en\/wydarzenia\/o-dziedzictwie-kulturowo-przyrodniczym-i-obrazach-karpat-w-tworczosci-wybitnych-postaci-3-lipca-w-cisowej-na-podkarpaciu\/\" \/>\n<meta property=\"og:site_name\" content=\"Marek Kuchci\u0144ski\" \/>\n<meta property=\"article:published_time\" content=\"2022-06-29T21:30:46+00:00\" \/>\n<meta property=\"article:modified_time\" content=\"2022-06-29T21:30:48+00:00\" \/>\n<meta property=\"og:image\" content=\"https:\/\/marekkuchcinski.pl\/wp-content\/uploads\/2022\/06\/Plakat-3-lipca.jpg\" \/>\n\t<meta property=\"og:image:width\" content=\"1132\" \/>\n\t<meta property=\"og:image:height\" content=\"1600\" \/>\n\t<meta property=\"og:image:type\" content=\"image\/jpeg\" \/>\n<meta name=\"author\" content=\"Marta Olejnik\" \/>\n<meta name=\"twitter:card\" content=\"summary_large_image\" \/>\n<meta name=\"twitter:label1\" content=\"Written by\" \/>\n\t<meta name=\"twitter:data1\" content=\"Marta Olejnik\" \/>\n\t<meta name=\"twitter:label2\" content=\"Estimated reading time\" \/>\n\t<meta name=\"twitter:data2\" content=\"1 minute\" \/>\n<script type=\"application\/ld+json\" class=\"yoast-schema-graph\">{\"@context\":\"https:\/\/schema.org\",\"@graph\":[{\"@type\":\"Article\",\"@id\":\"https:\/\/marekkuchcinski.pl\/wydarzenia\/o-dziedzictwie-kulturowo-przyrodniczym-i-obrazach-karpat-w-tworczosci-wybitnych-postaci-3-lipca-w-cisowej-na-podkarpaciu\/#article\",\"isPartOf\":{\"@id\":\"https:\/\/marekkuchcinski.pl\/wydarzenia\/o-dziedzictwie-kulturowo-przyrodniczym-i-obrazach-karpat-w-tworczosci-wybitnych-postaci-3-lipca-w-cisowej-na-podkarpaciu\/\"},\"author\":{\"name\":\"Marta Olejnik\",\"@id\":\"https:\/\/marekkuchcinski.pl\/#\/schema\/person\/51d5d4ee3b5317b8e4dd2b48af359229\"},\"headline\":\"O dziedzictwie kulturowo-przyrodniczym i obrazach Karpat w tw\u00f3rczo\u015bci wybitnych postaci &#8211; 3 lipca w Cisowej na Podkarpaciu\",\"datePublished\":\"2022-06-29T21:30:46+00:00\",\"dateModified\":\"2022-06-29T21:30:48+00:00\",\"mainEntityOfPage\":{\"@id\":\"https:\/\/marekkuchcinski.pl\/wydarzenia\/o-dziedzictwie-kulturowo-przyrodniczym-i-obrazach-karpat-w-tworczosci-wybitnych-postaci-3-lipca-w-cisowej-na-podkarpaciu\/\"},\"wordCount\":202,\"commentCount\":0,\"publisher\":{\"@id\":\"https:\/\/marekkuchcinski.pl\/#organization\"},\"image\":{\"@id\":\"https:\/\/marekkuchcinski.pl\/wydarzenia\/o-dziedzictwie-kulturowo-przyrodniczym-i-obrazach-karpat-w-tworczosci-wybitnych-postaci-3-lipca-w-cisowej-na-podkarpaciu\/#primaryimage\"},\"thumbnailUrl\":\"https:\/\/marekkuchcinski.pl\/wp-content\/uploads\/2022\/06\/Plakat-3-lipca.jpg\",\"articleSection\":[\"Wydarzenia\"],\"inLanguage\":\"en-GB\",\"potentialAction\":[{\"@type\":\"CommentAction\",\"name\":\"Comment\",\"target\":[\"https:\/\/marekkuchcinski.pl\/wydarzenia\/o-dziedzictwie-kulturowo-przyrodniczym-i-obrazach-karpat-w-tworczosci-wybitnych-postaci-3-lipca-w-cisowej-na-podkarpaciu\/#respond\"]}]},{\"@type\":\"WebPage\",\"@id\":\"https:\/\/marekkuchcinski.pl\/wydarzenia\/o-dziedzictwie-kulturowo-przyrodniczym-i-obrazach-karpat-w-tworczosci-wybitnych-postaci-3-lipca-w-cisowej-na-podkarpaciu\/\",\"url\":\"https:\/\/marekkuchcinski.pl\/wydarzenia\/o-dziedzictwie-kulturowo-przyrodniczym-i-obrazach-karpat-w-tworczosci-wybitnych-postaci-3-lipca-w-cisowej-na-podkarpaciu\/\",\"name\":\"O dziedzictwie kulturowo-przyrodniczym i obrazach Karpat w tw\u00f3rczo\u015bci wybitnych postaci - 3 lipca w Cisowej na Podkarpaciu &#8211; Marek Kuchci\u0144ski\",\"isPartOf\":{\"@id\":\"https:\/\/marekkuchcinski.pl\/#website\"},\"primaryImageOfPage\":{\"@id\":\"https:\/\/marekkuchcinski.pl\/wydarzenia\/o-dziedzictwie-kulturowo-przyrodniczym-i-obrazach-karpat-w-tworczosci-wybitnych-postaci-3-lipca-w-cisowej-na-podkarpaciu\/#primaryimage\"},\"image\":{\"@id\":\"https:\/\/marekkuchcinski.pl\/wydarzenia\/o-dziedzictwie-kulturowo-przyrodniczym-i-obrazach-karpat-w-tworczosci-wybitnych-postaci-3-lipca-w-cisowej-na-podkarpaciu\/#primaryimage\"},\"thumbnailUrl\":\"https:\/\/marekkuchcinski.pl\/wp-content\/uploads\/2022\/06\/Plakat-3-lipca.jpg\",\"datePublished\":\"2022-06-29T21:30:46+00:00\",\"dateModified\":\"2022-06-29T21:30:48+00:00\",\"breadcrumb\":{\"@id\":\"https:\/\/marekkuchcinski.pl\/wydarzenia\/o-dziedzictwie-kulturowo-przyrodniczym-i-obrazach-karpat-w-tworczosci-wybitnych-postaci-3-lipca-w-cisowej-na-podkarpaciu\/#breadcrumb\"},\"inLanguage\":\"en-GB\",\"potentialAction\":[{\"@type\":\"ReadAction\",\"target\":[\"https:\/\/marekkuchcinski.pl\/wydarzenia\/o-dziedzictwie-kulturowo-przyrodniczym-i-obrazach-karpat-w-tworczosci-wybitnych-postaci-3-lipca-w-cisowej-na-podkarpaciu\/\"]}]},{\"@type\":\"ImageObject\",\"inLanguage\":\"en-GB\",\"@id\":\"https:\/\/marekkuchcinski.pl\/wydarzenia\/o-dziedzictwie-kulturowo-przyrodniczym-i-obrazach-karpat-w-tworczosci-wybitnych-postaci-3-lipca-w-cisowej-na-podkarpaciu\/#primaryimage\",\"url\":\"https:\/\/marekkuchcinski.pl\/wp-content\/uploads\/2022\/06\/Plakat-3-lipca.jpg\",\"contentUrl\":\"https:\/\/marekkuchcinski.pl\/wp-content\/uploads\/2022\/06\/Plakat-3-lipca.jpg\",\"width\":1132,\"height\":1600},{\"@type\":\"BreadcrumbList\",\"@id\":\"https:\/\/marekkuchcinski.pl\/wydarzenia\/o-dziedzictwie-kulturowo-przyrodniczym-i-obrazach-karpat-w-tworczosci-wybitnych-postaci-3-lipca-w-cisowej-na-podkarpaciu\/#breadcrumb\",\"itemListElement\":[{\"@type\":\"ListItem\",\"position\":1,\"name\":\"Strona g\u0142\u00f3wna\",\"item\":\"https:\/\/marekkuchcinski.pl\/\"},{\"@type\":\"ListItem\",\"position\":2,\"name\":\"O dziedzictwie kulturowo-przyrodniczym i obrazach Karpat w tw\u00f3rczo\u015bci wybitnych postaci &#8211; 3 lipca w Cisowej na Podkarpaciu\"}]},{\"@type\":\"WebSite\",\"@id\":\"https:\/\/marekkuchcinski.pl\/#website\",\"url\":\"https:\/\/marekkuchcinski.pl\/\",\"name\":\"Marek Kuchci\u0144ski\",\"description\":\"Pose\u0142 na sejm RP &ndash; okr\u0119g nr 22\",\"publisher\":{\"@id\":\"https:\/\/marekkuchcinski.pl\/#organization\"},\"potentialAction\":[{\"@type\":\"SearchAction\",\"target\":{\"@type\":\"EntryPoint\",\"urlTemplate\":\"https:\/\/marekkuchcinski.pl\/?s={search_term_string}\"},\"query-input\":{\"@type\":\"PropertyValueSpecification\",\"valueRequired\":true,\"valueName\":\"search_term_string\"}}],\"inLanguage\":\"en-GB\"},{\"@type\":\"Organization\",\"@id\":\"https:\/\/marekkuchcinski.pl\/#organization\",\"name\":\"Marek Kuchci\u0144ski\",\"url\":\"https:\/\/marekkuchcinski.pl\/\",\"logo\":{\"@type\":\"ImageObject\",\"inLanguage\":\"en-GB\",\"@id\":\"https:\/\/marekkuchcinski.pl\/#\/schema\/logo\/image\/\",\"url\":\"https:\/\/marekkuchcinski.pl\/wp-content\/uploads\/2022\/09\/Marek.jpg\",\"contentUrl\":\"https:\/\/marekkuchcinski.pl\/wp-content\/uploads\/2022\/09\/Marek.jpg\",\"width\":1600,\"height\":971,\"caption\":\"Marek Kuchci\u0144ski\"},\"image\":{\"@id\":\"https:\/\/marekkuchcinski.pl\/#\/schema\/logo\/image\/\"}},{\"@type\":\"Person\",\"@id\":\"https:\/\/marekkuchcinski.pl\/#\/schema\/person\/51d5d4ee3b5317b8e4dd2b48af359229\",\"name\":\"Marta Olejnik\",\"image\":{\"@type\":\"ImageObject\",\"inLanguage\":\"en-GB\",\"@id\":\"https:\/\/marekkuchcinski.pl\/#\/schema\/person\/image\/\",\"url\":\"https:\/\/secure.gravatar.com\/avatar\/e39914b2aa6a48959e24d475b5dc9793?s=96&d=mm&r=g\",\"contentUrl\":\"https:\/\/secure.gravatar.com\/avatar\/e39914b2aa6a48959e24d475b5dc9793?s=96&d=mm&r=g\",\"caption\":\"Marta Olejnik\"},\"url\":\"https:\/\/marekkuchcinski.pl\/en\/author\/marta\/\"}]}<\/script>\n<!-- \/ Yoast SEO plugin. -->","yoast_head_json":{"title":"O dziedzictwie kulturowo-przyrodniczym i obrazach Karpat w tw\u00f3rczo\u015bci wybitnych postaci - 3 lipca w Cisowej na Podkarpaciu &#8211; Marek Kuchci\u0144ski","robots":{"index":"index","follow":"follow","max-snippet":"max-snippet:-1","max-image-preview":"max-image-preview:large","max-video-preview":"max-video-preview:-1"},"canonical":"https:\/\/marekkuchcinski.pl\/en\/wydarzenia\/o-dziedzictwie-kulturowo-przyrodniczym-i-obrazach-karpat-w-tworczosci-wybitnych-postaci-3-lipca-w-cisowej-na-podkarpaciu\/","og_locale":"en_GB","og_type":"article","og_title":"O dziedzictwie kulturowo-przyrodniczym i obrazach Karpat w tw\u00f3rczo\u015bci wybitnych postaci - 3 lipca w Cisowej na Podkarpaciu &#8211; Marek Kuchci\u0144ski","og_description":"Przemyskie Towarzystwo Kulturalne organizuje cykl spotka\u0144 po\u015bwi\u0119conychwydarzeniom i ludziom z naszego regionu w Europie Karpat. Pierwsza sesja z tego cykluodby\u0142a si\u0119 13 maja br., wsp\u00f3lnie z XXXIII konferencj\u0105 Europa Karpat w Krasiczynie, gdziedyskutowali\u015bmy o r\u00f3\u017cnorodno\u015bci Karpat i cywilizacyjnych w\u0119dr\u00f3wkach poprzez karpackiekraje.Drugie spotkanie b\u0119dzie mia\u0142o charakter plenerowo-piknikowy i odb\u0119dzie si\u0119 w dniu 3lipca br., o godzinie [&hellip;]","og_url":"https:\/\/marekkuchcinski.pl\/en\/wydarzenia\/o-dziedzictwie-kulturowo-przyrodniczym-i-obrazach-karpat-w-tworczosci-wybitnych-postaci-3-lipca-w-cisowej-na-podkarpaciu\/","og_site_name":"Marek Kuchci\u0144ski","article_published_time":"2022-06-29T21:30:46+00:00","article_modified_time":"2022-06-29T21:30:48+00:00","og_image":[{"width":1132,"height":1600,"url":"https:\/\/marekkuchcinski.pl\/wp-content\/uploads\/2022\/06\/Plakat-3-lipca.jpg","type":"image\/jpeg"}],"author":"Marta Olejnik","twitter_card":"summary_large_image","twitter_misc":{"Written by":"Marta Olejnik","Estimated reading time":"1 minute"},"schema":{"@context":"https:\/\/schema.org","@graph":[{"@type":"Article","@id":"https:\/\/marekkuchcinski.pl\/wydarzenia\/o-dziedzictwie-kulturowo-przyrodniczym-i-obrazach-karpat-w-tworczosci-wybitnych-postaci-3-lipca-w-cisowej-na-podkarpaciu\/#article","isPartOf":{"@id":"https:\/\/marekkuchcinski.pl\/wydarzenia\/o-dziedzictwie-kulturowo-przyrodniczym-i-obrazach-karpat-w-tworczosci-wybitnych-postaci-3-lipca-w-cisowej-na-podkarpaciu\/"},"author":{"name":"Marta Olejnik","@id":"https:\/\/marekkuchcinski.pl\/#\/schema\/person\/51d5d4ee3b5317b8e4dd2b48af359229"},"headline":"O dziedzictwie kulturowo-przyrodniczym i obrazach Karpat w tw\u00f3rczo\u015bci wybitnych postaci &#8211; 3 lipca w Cisowej na Podkarpaciu","datePublished":"2022-06-29T21:30:46+00:00","dateModified":"2022-06-29T21:30:48+00:00","mainEntityOfPage":{"@id":"https:\/\/marekkuchcinski.pl\/wydarzenia\/o-dziedzictwie-kulturowo-przyrodniczym-i-obrazach-karpat-w-tworczosci-wybitnych-postaci-3-lipca-w-cisowej-na-podkarpaciu\/"},"wordCount":202,"commentCount":0,"publisher":{"@id":"https:\/\/marekkuchcinski.pl\/#organization"},"image":{"@id":"https:\/\/marekkuchcinski.pl\/wydarzenia\/o-dziedzictwie-kulturowo-przyrodniczym-i-obrazach-karpat-w-tworczosci-wybitnych-postaci-3-lipca-w-cisowej-na-podkarpaciu\/#primaryimage"},"thumbnailUrl":"https:\/\/marekkuchcinski.pl\/wp-content\/uploads\/2022\/06\/Plakat-3-lipca.jpg","articleSection":["Wydarzenia"],"inLanguage":"en-GB","potentialAction":[{"@type":"CommentAction","name":"Comment","target":["https:\/\/marekkuchcinski.pl\/wydarzenia\/o-dziedzictwie-kulturowo-przyrodniczym-i-obrazach-karpat-w-tworczosci-wybitnych-postaci-3-lipca-w-cisowej-na-podkarpaciu\/#respond"]}]},{"@type":"WebPage","@id":"https:\/\/marekkuchcinski.pl\/wydarzenia\/o-dziedzictwie-kulturowo-przyrodniczym-i-obrazach-karpat-w-tworczosci-wybitnych-postaci-3-lipca-w-cisowej-na-podkarpaciu\/","url":"https:\/\/marekkuchcinski.pl\/wydarzenia\/o-dziedzictwie-kulturowo-przyrodniczym-i-obrazach-karpat-w-tworczosci-wybitnych-postaci-3-lipca-w-cisowej-na-podkarpaciu\/","name":"O dziedzictwie kulturowo-przyrodniczym i obrazach Karpat w tw\u00f3rczo\u015bci wybitnych postaci - 3 lipca w Cisowej na Podkarpaciu &#8211; Marek Kuchci\u0144ski","isPartOf":{"@id":"https:\/\/marekkuchcinski.pl\/#website"},"primaryImageOfPage":{"@id":"https:\/\/marekkuchcinski.pl\/wydarzenia\/o-dziedzictwie-kulturowo-przyrodniczym-i-obrazach-karpat-w-tworczosci-wybitnych-postaci-3-lipca-w-cisowej-na-podkarpaciu\/#primaryimage"},"image":{"@id":"https:\/\/marekkuchcinski.pl\/wydarzenia\/o-dziedzictwie-kulturowo-przyrodniczym-i-obrazach-karpat-w-tworczosci-wybitnych-postaci-3-lipca-w-cisowej-na-podkarpaciu\/#primaryimage"},"thumbnailUrl":"https:\/\/marekkuchcinski.pl\/wp-content\/uploads\/2022\/06\/Plakat-3-lipca.jpg","datePublished":"2022-06-29T21:30:46+00:00","dateModified":"2022-06-29T21:30:48+00:00","breadcrumb":{"@id":"https:\/\/marekkuchcinski.pl\/wydarzenia\/o-dziedzictwie-kulturowo-przyrodniczym-i-obrazach-karpat-w-tworczosci-wybitnych-postaci-3-lipca-w-cisowej-na-podkarpaciu\/#breadcrumb"},"inLanguage":"en-GB","potentialAction":[{"@type":"ReadAction","target":["https:\/\/marekkuchcinski.pl\/wydarzenia\/o-dziedzictwie-kulturowo-przyrodniczym-i-obrazach-karpat-w-tworczosci-wybitnych-postaci-3-lipca-w-cisowej-na-podkarpaciu\/"]}]},{"@type":"ImageObject","inLanguage":"en-GB","@id":"https:\/\/marekkuchcinski.pl\/wydarzenia\/o-dziedzictwie-kulturowo-przyrodniczym-i-obrazach-karpat-w-tworczosci-wybitnych-postaci-3-lipca-w-cisowej-na-podkarpaciu\/#primaryimage","url":"https:\/\/marekkuchcinski.pl\/wp-content\/uploads\/2022\/06\/Plakat-3-lipca.jpg","contentUrl":"https:\/\/marekkuchcinski.pl\/wp-content\/uploads\/2022\/06\/Plakat-3-lipca.jpg","width":1132,"height":1600},{"@type":"BreadcrumbList","@id":"https:\/\/marekkuchcinski.pl\/wydarzenia\/o-dziedzictwie-kulturowo-przyrodniczym-i-obrazach-karpat-w-tworczosci-wybitnych-postaci-3-lipca-w-cisowej-na-podkarpaciu\/#breadcrumb","itemListElement":[{"@type":"ListItem","position":1,"name":"Strona g\u0142\u00f3wna","item":"https:\/\/marekkuchcinski.pl\/"},{"@type":"ListItem","position":2,"name":"O dziedzictwie kulturowo-przyrodniczym i obrazach Karpat w tw\u00f3rczo\u015bci wybitnych postaci &#8211; 3 lipca w Cisowej na Podkarpaciu"}]},{"@type":"WebSite","@id":"https:\/\/marekkuchcinski.pl\/#website","url":"https:\/\/marekkuchcinski.pl\/","name":"Marek Kuchci\u0144ski","description":"Pose\u0142 na sejm RP &ndash; okr\u0119g nr 22","publisher":{"@id":"https:\/\/marekkuchcinski.pl\/#organization"},"potentialAction":[{"@type":"SearchAction","target":{"@type":"EntryPoint","urlTemplate":"https:\/\/marekkuchcinski.pl\/?s={search_term_string}"},"query-input":{"@type":"PropertyValueSpecification","valueRequired":true,"valueName":"search_term_string"}}],"inLanguage":"en-GB"},{"@type":"Organization","@id":"https:\/\/marekkuchcinski.pl\/#organization","name":"Marek Kuchci\u0144ski","url":"https:\/\/marekkuchcinski.pl\/","logo":{"@type":"ImageObject","inLanguage":"en-GB","@id":"https:\/\/marekkuchcinski.pl\/#\/schema\/logo\/image\/","url":"https:\/\/marekkuchcinski.pl\/wp-content\/uploads\/2022\/09\/Marek.jpg","contentUrl":"https:\/\/marekkuchcinski.pl\/wp-content\/uploads\/2022\/09\/Marek.jpg","width":1600,"height":971,"caption":"Marek Kuchci\u0144ski"},"image":{"@id":"https:\/\/marekkuchcinski.pl\/#\/schema\/logo\/image\/"}},{"@type":"Person","@id":"https:\/\/marekkuchcinski.pl\/#\/schema\/person\/51d5d4ee3b5317b8e4dd2b48af359229","name":"Marta Olejnik","image":{"@type":"ImageObject","inLanguage":"en-GB","@id":"https:\/\/marekkuchcinski.pl\/#\/schema\/person\/image\/","url":"https:\/\/secure.gravatar.com\/avatar\/e39914b2aa6a48959e24d475b5dc9793?s=96&d=mm&r=g","contentUrl":"https:\/\/secure.gravatar.com\/avatar\/e39914b2aa6a48959e24d475b5dc9793?s=96&d=mm&r=g","caption":"Marta Olejnik"},"url":"https:\/\/marekkuchcinski.pl\/en\/author\/marta\/"}]}},"_links":{"self":[{"href":"https:\/\/marekkuchcinski.pl\/en\/wp-json\/wp\/v2\/posts\/25589","targetHints":{"allow":["GET"]}}],"collection":[{"href":"https:\/\/marekkuchcinski.pl\/en\/wp-json\/wp\/v2\/posts"}],"about":[{"href":"https:\/\/marekkuchcinski.pl\/en\/wp-json\/wp\/v2\/types\/post"}],"author":[{"embeddable":true,"href":"https:\/\/marekkuchcinski.pl\/en\/wp-json\/wp\/v2\/users\/21"}],"replies":[{"embeddable":true,"href":"https:\/\/marekkuchcinski.pl\/en\/wp-json\/wp\/v2\/comments?post=25589"}],"version-history":[{"count":1,"href":"https:\/\/marekkuchcinski.pl\/en\/wp-json\/wp\/v2\/posts\/25589\/revisions"}],"predecessor-version":[{"id":25591,"href":"https:\/\/marekkuchcinski.pl\/en\/wp-json\/wp\/v2\/posts\/25589\/revisions\/25591"}],"wp:featuredmedia":[{"embeddable":true,"href":"https:\/\/marekkuchcinski.pl\/en\/wp-json\/wp\/v2\/media\/25590"}],"wp:attachment":[{"href":"https:\/\/marekkuchcinski.pl\/en\/wp-json\/wp\/v2\/media?parent=25589"}],"wp:term":[{"taxonomy":"category","embeddable":true,"href":"https:\/\/marekkuchcinski.pl\/en\/wp-json\/wp\/v2\/categories?post=25589"},{"taxonomy":"post_tag","embeddable":true,"href":"https:\/\/marekkuchcinski.pl\/en\/wp-json\/wp\/v2\/tags?post=25589"}],"curies":[{"name":"wp","href":"https:\/\/api.w.org\/{rel}","templated":true}]}}