{"id":25536,"date":"2022-06-13T23:36:00","date_gmt":"2022-06-13T21:36:00","guid":{"rendered":"https:\/\/marekkuchcinski.pl\/?p=25536"},"modified":"2022-06-17T10:55:01","modified_gmt":"2022-06-17T08:55:01","slug":"budapeszt-inauguracja-klubow-europy-karpat-w-scruton-cafe","status":"publish","type":"post","link":"https:\/\/marekkuchcinski.pl\/en\/wydarzenia\/budapeszt-inauguracja-klubow-europy-karpat-w-scruton-cafe\/","title":{"rendered":"Budapest: Inauguration of Carpathian Europe Clubs at Scruton Cafe"},"content":{"rendered":"<p>On June 13, a panel discussion was held in Budapest as part of the inauguration of the Carpathian Europe Clubs on Polish-Hungarian relations and the war in Ukraine.<\/p>\n\n\n\n<p>It was attended, among others, by Ryszard Terlecki - Speaker of the Sejm<\/p>\n\n\n\n<p>Marek Kuchci\u0144ski, Chairman of the Foreign Affairs Committee<br>Bogus\u0142aw Sonik, member of Polish Parliament<\/p>\n\n\n\n<p>Zsolt N\u00e9meth, Chairman of the Foreign Affairs Committee of the Hungarian National Assembly<\/p>\n\n\n\n<p>Bal\u00e1zs Orb\u00e1n, Deputy Minister in the Office of the Prime Minister of Hungary<\/p>\n\n\n\n<p>and guests - oppositionists of the communist system.<\/p>\n\n\n\n<p>The discussion was moderated by the Director of the Wac\u0142aw Felczak Institute, Professor Maciej Szymanowski.<\/p>\n\n\n\n<p>Meeting place: the Scruton Caf\u00e9.<\/p>\n\n\n\n<p>The first to speak was Balazs Orban. He was asked to introduce the figure of Roger Scruton, a conservative philosopher and writer, and explain what a coffee house actually is - a well-known place for meetings and discussions. The second speaker was Zsolt N\u00e9meth, who in his introduction referred to Professor Ryszard Terlecki's book \"Solidarity 1980-1989. The Polish Way to Freedom\", which was recently published in Hungary. Then he informed about the plans of creating Scruton's caf\u00e9 in Poland, e.g. in Warsaw or in Przemysl. In the next part, referring to the topic of the panel, he said that recently the Polish-Hungarian friendship has been put to the test. The breakthrough was the visit of the newly elected President of Hungary to Poland and the arrival of the Polish delegation is a response to it.<br>He expressed his conviction that in terms of goals Hungary's and Poland's position is the same, but differs in terms of the means and the way of achieving them. He declared Hungary's full support for Ukraine's accession to the European Union, presented his vision of a conservative Europe - a Europe of nations, and stated that it is unacceptable to rebuild the Soviet Union. These are common positions of both countries. However, he noted that Europe is facing an economic recession and sanctions will cost us a lot. This approach differentiates our countries and this is what we need to discuss. Then the moderator of the panel, Professor Szymanowski, took the floor again. He talked about the idea of the Carpathian Europe conference and gave a concrete example: the postulate to build the Via Carpatia road was formulated during one of the conferences and today we can already enjoy the first effects - the partially already built and under construction express road.<\/p>\n\n\n\n<p><br>Marek Kuchcinski spoke next, explaining the idea behind the Carpathian Europe Clubs. It is about discussing our values, ideas, conservatism or Roger Scruton's vision. Today's challenges require such common discussions and that is why Clubs of Carpathian Europe were inaugurated. He also announced the institutionalization of the Carpathian Europe. He referred to the fact that by joining the EU we rejected barriers and borders, e.g. we can travel freely, but some barriers remain. The war in Ukraine is one such barrier, that is - a new challenge. He stressed that strengthening Polish-Hungarian relations is our future, but it requires discussion and he expressed his satisfaction that it is happening now and in such an unusual place.<br>The next speaker was Deputy Speaker of the Sejm Ryszard Terlecki, who began by saying that the war took us by surprise, both its outbreak and the heroic resistance of the Ukrainians<br>and the helplessness of the rest of the world. In the first days we were afraid of a global conflict, but we overcame our fear and started to help Ukraine in real terms. For Poland it is obvious that we must help our neighbor, which should defend its sovereignty and at the same time weaken Russia. However, Terlecki expressed concern that the positions of various countries were divided. Poland, among others, was surprised that Hungary perceives the situation differently, but we are able to understand this in the economic and political context. He also expressed concern that the visit of Polish parliamentarians could be used as propaganda for the opposition, which could accuse our government of being pro-Putin by acting in this way. They can accuse our government of being pro-Putin by acting in this way. He links this to the fact that elections are approaching in Poland, and this can be an argument in the campaign. In Hungary the situation is completely different, because elections have already been held there. Bogus\u0142aw Sonik spoke next and said that the problems we faced concerned free countries. The new problem is different - Ukraine is fighting for its freedom as well as ours. Supporting Ukraine has a huge price, but freedom and independence is priceless. Therefore, Hungary cannot be guided only by its own interests, nor can it fear criticism from others, because not only Hungary is criticized, but for example France with Emanuel Macron and Germany with Olaf Scholz. Finally, he added that Hungary's failure to support Ukraine was perceived by Poland as a lack of empathy.<\/p>\n\n\n\n<p><br>Balazs Orban was the next to speak for the second time, presenting Hungary's point of view that anyone can be their enemy or their friend, yet Hungary must strengthen itself. However, he believes that war is a great tragedy and a threat to them. He compared the war to a movie that we all watch but interpret differently. Both Hungary and Poland have condemned Russia, supported Ukraine, and behaved humanely. But Europe needs to show more unity. He allows military support for Ukraine, but economic sanctions must be recalculated. As an example, he pointed to the 2014 sanctions imposed on Russia after the annexation of Crimea, which had no effect but heavy losses for Hungary, and yet 8 years later Russia attacked again. According to him, the logic of Hungarians is based on peace. It does not matter who wins, it is important to restore peace, because it is in Hungary's interest.<\/p>\n\n\n\n<p><br>Zsolt N\u00e9meth, in turn, stressed that sanctions are very important, but he agrees that they must be recalculated. He stated that we are dealing with a propagandistic war, and differences cannot spoil the very good Polish-Hungarian relations, which have been developed for a thousand years, emphasizing their strength. He stressed that he is very much afraid of economic recession, which can have tragic consequences, therefore he asks for understanding of the other side. He expresses his gratitude to Marek Kuchci\u0144ski, because when writing about it in Polish media, he stresses that we cannot say that we differ, but only try to understand it and Marek Kuchci\u0144ski understands that. He believes that regardless of military support, diplomacy is needed. Russia will still be a part of the world and we have to act in such a way that it will still be a part of the world, but will not pose a threat in the future.<\/p>\n\n\n\n<p>Marek Kuchci\u0144ski, thanking Zsolt Nemeth for writing an article in the Polish media, as it explains the Hungarian position and encourages discussion. Once again, he expresses his satisfaction that we can discuss such serious and interesting topics during this panel. Free with free, equal with equal. This is how we have to build Europe, because when we had this motto, our neighbors did not pose a threat to us. That is how he would see the European Union - as a Europe of the Fatherlands, not as a submission to the idea of a European superstate. This is what unites us and we need to understand it. The Speaker stated that thinking that Ukraine should give up part of its territory is anachronistic. According to him, the principle of inviolability of borders is unquestionable. A new nation is being formed in Ukraine, if the Russian-speaking citizens stand up against the Russian-speaking aggressor, we respect it and that is why we support Ukraine so much.<\/p>\n\n\n\n<p>Ryszard Terlecki spoke next, mentioning that for many years it was promised that Ukraine would be admitted to the European Union. The situation is similar with Montenegro or Macedonia, which, despite the fact that they meet the conditions and belong to NATO, are still not members. As a result of the war, the situation has changed, Ukraine and all the other countries are facing the opportunity to join the Union, because the old Union has understood the essence of the problem. Huge geopolitical changes are taking place right in front of our eyes. Central Europe must finally get along. The reduction of coal and atom in energy production has been planned in the Union for a very long time, sanctions in the Union also lead to this. Despite the differences, we must be strong, we must be together and convince others of this. In the end, the panel moderator, Professor Maciej Szymanowski, took the floor and expressed his satisfaction with the fact that just such a discussion, very serious and concrete, was inaugurated by the Carpathian Europe Clubs in Budapest.<\/p>\n\n\n\n<figure class=\"wp-block-image size-large\"><a href=\"https:\/\/marekkuchcinski.pl\/wp-content\/uploads\/2022\/06\/287133530_766098791236018_3677367738293129420_n.jpg\"><img fetchpriority=\"high\" decoding=\"async\" width=\"1024\" height=\"682\" src=\"https:\/\/marekkuchcinski.pl\/wp-content\/uploads\/2022\/06\/287133530_766098791236018_3677367738293129420_n-1024x682.jpg\" alt=\"\" class=\"wp-image-25538\" srcset=\"https:\/\/marekkuchcinski.pl\/wp-content\/uploads\/2022\/06\/287133530_766098791236018_3677367738293129420_n-1024x682.jpg 1024w, https:\/\/marekkuchcinski.pl\/wp-content\/uploads\/2022\/06\/287133530_766098791236018_3677367738293129420_n-300x200.jpg 300w, https:\/\/marekkuchcinski.pl\/wp-content\/uploads\/2022\/06\/287133530_766098791236018_3677367738293129420_n-768x511.jpg 768w, https:\/\/marekkuchcinski.pl\/wp-content\/uploads\/2022\/06\/287133530_766098791236018_3677367738293129420_n-18x12.jpg 18w, https:\/\/marekkuchcinski.pl\/wp-content\/uploads\/2022\/06\/287133530_766098791236018_3677367738293129420_n.jpg 1442w\" sizes=\"(max-width: 1024px) 100vw, 1024px\" \/><\/a><\/figure>\n\n\n\n<figure class=\"wp-block-image size-large\"><a href=\"https:\/\/marekkuchcinski.pl\/wp-content\/uploads\/2022\/06\/20220613_181802-1.jpg\"><img decoding=\"async\" width=\"1024\" height=\"675\" src=\"https:\/\/marekkuchcinski.pl\/wp-content\/uploads\/2022\/06\/20220613_181802-1-1024x675.jpg\" alt=\"\" class=\"wp-image-25546\" srcset=\"https:\/\/marekkuchcinski.pl\/wp-content\/uploads\/2022\/06\/20220613_181802-1-1024x675.jpg 1024w, https:\/\/marekkuchcinski.pl\/wp-content\/uploads\/2022\/06\/20220613_181802-1-300x198.jpg 300w, https:\/\/marekkuchcinski.pl\/wp-content\/uploads\/2022\/06\/20220613_181802-1-768x506.jpg 768w, https:\/\/marekkuchcinski.pl\/wp-content\/uploads\/2022\/06\/20220613_181802-1-1536x1013.jpg 1536w, https:\/\/marekkuchcinski.pl\/wp-content\/uploads\/2022\/06\/20220613_181802-1-18x12.jpg 18w, https:\/\/marekkuchcinski.pl\/wp-content\/uploads\/2022\/06\/20220613_181802-1.jpg 1600w\" sizes=\"(max-width: 1024px) 100vw, 1024px\" \/><\/a><\/figure>\n\n\n\n<figure class=\"wp-block-image size-large\"><a href=\"https:\/\/marekkuchcinski.pl\/wp-content\/uploads\/2022\/06\/IMG_0980-1.jpg\"><img decoding=\"async\" width=\"1024\" height=\"662\" src=\"https:\/\/marekkuchcinski.pl\/wp-content\/uploads\/2022\/06\/IMG_0980-1-1024x662.jpg\" alt=\"\" class=\"wp-image-25552\" srcset=\"https:\/\/marekkuchcinski.pl\/wp-content\/uploads\/2022\/06\/IMG_0980-1-1024x662.jpg 1024w, https:\/\/marekkuchcinski.pl\/wp-content\/uploads\/2022\/06\/IMG_0980-1-300x194.jpg 300w, https:\/\/marekkuchcinski.pl\/wp-content\/uploads\/2022\/06\/IMG_0980-1-768x496.jpg 768w, https:\/\/marekkuchcinski.pl\/wp-content\/uploads\/2022\/06\/IMG_0980-1-1536x993.jpg 1536w, https:\/\/marekkuchcinski.pl\/wp-content\/uploads\/2022\/06\/IMG_0980-1-18x12.jpg 18w, https:\/\/marekkuchcinski.pl\/wp-content\/uploads\/2022\/06\/IMG_0980-1.jpg 1600w\" sizes=\"(max-width: 1024px) 100vw, 1024px\" \/><\/a><\/figure>\n\n\n\n<figure class=\"wp-block-image size-large is-resized\"><a href=\"https:\/\/marekkuchcinski.pl\/wp-content\/uploads\/2022\/06\/20220613_134707-2.jpg\"><img loading=\"lazy\" decoding=\"async\" src=\"https:\/\/marekkuchcinski.pl\/wp-content\/uploads\/2022\/06\/20220613_134707-2-777x1024.jpg\" alt=\"\" class=\"wp-image-25549\" width=\"839\" height=\"1106\" srcset=\"https:\/\/marekkuchcinski.pl\/wp-content\/uploads\/2022\/06\/20220613_134707-2-777x1024.jpg 777w, https:\/\/marekkuchcinski.pl\/wp-content\/uploads\/2022\/06\/20220613_134707-2-228x300.jpg 228w, https:\/\/marekkuchcinski.pl\/wp-content\/uploads\/2022\/06\/20220613_134707-2-768x1012.jpg 768w, https:\/\/marekkuchcinski.pl\/wp-content\/uploads\/2022\/06\/20220613_134707-2-1165x1536.jpg 1165w, https:\/\/marekkuchcinski.pl\/wp-content\/uploads\/2022\/06\/20220613_134707-2-9x12.jpg 9w, https:\/\/marekkuchcinski.pl\/wp-content\/uploads\/2022\/06\/20220613_134707-2.jpg 1214w\" sizes=\"(max-width: 839px) 100vw, 839px\" \/><\/a><\/figure>\n\n\n\n<figure class=\"wp-block-image size-large\"><a href=\"https:\/\/marekkuchcinski.pl\/wp-content\/uploads\/2022\/06\/288358205_434543048491591_8589212648238512700_n-1.jpg\"><img loading=\"lazy\" decoding=\"async\" width=\"1024\" height=\"682\" src=\"https:\/\/marekkuchcinski.pl\/wp-content\/uploads\/2022\/06\/288358205_434543048491591_8589212648238512700_n-1-1024x682.jpg\" alt=\"\" class=\"wp-image-25550\" srcset=\"https:\/\/marekkuchcinski.pl\/wp-content\/uploads\/2022\/06\/288358205_434543048491591_8589212648238512700_n-1-1024x682.jpg 1024w, https:\/\/marekkuchcinski.pl\/wp-content\/uploads\/2022\/06\/288358205_434543048491591_8589212648238512700_n-1-300x200.jpg 300w, https:\/\/marekkuchcinski.pl\/wp-content\/uploads\/2022\/06\/288358205_434543048491591_8589212648238512700_n-1-768x511.jpg 768w, https:\/\/marekkuchcinski.pl\/wp-content\/uploads\/2022\/06\/288358205_434543048491591_8589212648238512700_n-1-1536x1022.jpg 1536w, https:\/\/marekkuchcinski.pl\/wp-content\/uploads\/2022\/06\/288358205_434543048491591_8589212648238512700_n-1-18x12.jpg 18w, https:\/\/marekkuchcinski.pl\/wp-content\/uploads\/2022\/06\/288358205_434543048491591_8589212648238512700_n-1.jpg 1600w\" sizes=\"(max-width: 1024px) 100vw, 1024px\" \/><\/a><figcaption>Zsolt Nemeth and Marek Kuchci\u0144ski in the Hungarian Parliament<\/figcaption><\/figure>\n\n\n\n<figure class=\"wp-block-image size-large\"><a href=\"https:\/\/marekkuchcinski.pl\/wp-content\/uploads\/2022\/06\/288013030_434543221824907_4202571593048912699_n-1.jpg\"><img loading=\"lazy\" decoding=\"async\" width=\"1024\" height=\"682\" src=\"https:\/\/marekkuchcinski.pl\/wp-content\/uploads\/2022\/06\/288013030_434543221824907_4202571593048912699_n-1-1024x682.jpg\" alt=\"\" class=\"wp-image-25551\" srcset=\"https:\/\/marekkuchcinski.pl\/wp-content\/uploads\/2022\/06\/288013030_434543221824907_4202571593048912699_n-1-1024x682.jpg 1024w, https:\/\/marekkuchcinski.pl\/wp-content\/uploads\/2022\/06\/288013030_434543221824907_4202571593048912699_n-1-300x200.jpg 300w, https:\/\/marekkuchcinski.pl\/wp-content\/uploads\/2022\/06\/288013030_434543221824907_4202571593048912699_n-1-768x511.jpg 768w, https:\/\/marekkuchcinski.pl\/wp-content\/uploads\/2022\/06\/288013030_434543221824907_4202571593048912699_n-1-1536x1022.jpg 1536w, https:\/\/marekkuchcinski.pl\/wp-content\/uploads\/2022\/06\/288013030_434543221824907_4202571593048912699_n-1-18x12.jpg 18w, https:\/\/marekkuchcinski.pl\/wp-content\/uploads\/2022\/06\/288013030_434543221824907_4202571593048912699_n-1.jpg 1600w\" sizes=\"(max-width: 1024px) 100vw, 1024px\" \/><\/a><\/figure>","protected":false},"excerpt":{"rendered":"<p>A panel discussion was held in Budapest on June 13 as part of the inauguration of the Carpathian Europe Clubs on Polish-Hungarian relations and the war in Ukraine. Participants included Ryszard Terlecki - Speaker of the Polish Sejm Marek Kuchcinski, Chairman of the Foreign Affairs CommitteeBoguslaw Sonik, MP Zsolt N\u00e9meth, Chairman of the Foreign Affairs Committee of the Hungarian National Assembly Bal\u00e1zs Orb\u00e1n, [...]<\/p>","protected":false},"author":21,"featured_media":25538,"comment_status":"open","ping_status":"open","sticky":false,"template":"","format":"standard","meta":{"ngg_post_thumbnail":0,"footnotes":""},"categories":[50,3],"tags":[],"class_list":["post-25536","post","type-post","status-publish","format-standard","has-post-thumbnail","hentry","category-wspolpraca-miedzynarodowa","category-wydarzenia"],"yoast_head":"<!-- This site is optimized with the Yoast SEO plugin v24.7 - https:\/\/yoast.com\/wordpress\/plugins\/seo\/ -->\n<title>Budapeszt: Inauguracja Klub\u00f3w Europy Karpat w Scruton Cafe &#8211; Marek Kuchci\u0144ski<\/title>\n<meta name=\"robots\" content=\"index, follow, max-snippet:-1, max-image-preview:large, max-video-preview:-1\" \/>\n<link rel=\"canonical\" href=\"https:\/\/marekkuchcinski.pl\/en\/wydarzenia\/budapeszt-inauguracja-klubow-europy-karpat-w-scruton-cafe\/\" \/>\n<meta property=\"og:locale\" content=\"en_GB\" \/>\n<meta property=\"og:type\" content=\"article\" \/>\n<meta property=\"og:title\" content=\"Budapeszt: Inauguracja Klub\u00f3w Europy Karpat w Scruton Cafe &#8211; Marek Kuchci\u0144ski\" \/>\n<meta property=\"og:description\" content=\"13 czerwca w Budapeszcie odby\u0142 si\u0119 panel dyskusyjny w ramach inauguracji Klub\u00f3w Europy Karpat na temat stosunk\u00f3w polsko-w\u0119gierskich i wojny na Ukrainie. Udzia\u0142 w nim wzi\u0119li m.in. Ryszard Terlecki &#8211; marsza\u0142ek Sejmu RP Marek Kuchci\u0144ski, przewodnicz\u0105cy Komisji Spraw ZagranicznychBogus\u0142aw Sonik, pose\u0142 na Sejm RP Zsolt N\u00e9meth, przewodnicz\u0105cy Komisji Spraw Zagranicznych Zgromadzenia Narodowego W\u0119gier Bal\u00e1zs Orb\u00e1n, [&hellip;]\" \/>\n<meta property=\"og:url\" content=\"https:\/\/marekkuchcinski.pl\/en\/wydarzenia\/budapeszt-inauguracja-klubow-europy-karpat-w-scruton-cafe\/\" \/>\n<meta property=\"og:site_name\" content=\"Marek Kuchci\u0144ski\" \/>\n<meta property=\"article:published_time\" content=\"2022-06-13T21:36:00+00:00\" \/>\n<meta property=\"article:modified_time\" content=\"2022-06-17T08:55:01+00:00\" \/>\n<meta property=\"og:image\" content=\"https:\/\/marekkuchcinski.pl\/wp-content\/uploads\/2022\/06\/287133530_766098791236018_3677367738293129420_n.jpg\" \/>\n\t<meta property=\"og:image:width\" content=\"1442\" \/>\n\t<meta property=\"og:image:height\" content=\"960\" \/>\n\t<meta property=\"og:image:type\" content=\"image\/jpeg\" \/>\n<meta name=\"author\" content=\"Marta Olejnik\" \/>\n<meta name=\"twitter:card\" content=\"summary_large_image\" \/>\n<meta name=\"twitter:label1\" content=\"Written by\" \/>\n\t<meta name=\"twitter:data1\" content=\"Marta Olejnik\" \/>\n\t<meta name=\"twitter:label2\" content=\"Estimated reading time\" \/>\n\t<meta name=\"twitter:data2\" content=\"7 minutes\" \/>\n<script type=\"application\/ld+json\" class=\"yoast-schema-graph\">{\"@context\":\"https:\/\/schema.org\",\"@graph\":[{\"@type\":\"Article\",\"@id\":\"https:\/\/marekkuchcinski.pl\/wydarzenia\/budapeszt-inauguracja-klubow-europy-karpat-w-scruton-cafe\/#article\",\"isPartOf\":{\"@id\":\"https:\/\/marekkuchcinski.pl\/wydarzenia\/budapeszt-inauguracja-klubow-europy-karpat-w-scruton-cafe\/\"},\"author\":{\"name\":\"Marta Olejnik\",\"@id\":\"https:\/\/marekkuchcinski.pl\/#\/schema\/person\/51d5d4ee3b5317b8e4dd2b48af359229\"},\"headline\":\"Budapeszt: Inauguracja Klub\u00f3w Europy Karpat w Scruton Cafe\",\"datePublished\":\"2022-06-13T21:36:00+00:00\",\"dateModified\":\"2022-06-17T08:55:01+00:00\",\"mainEntityOfPage\":{\"@id\":\"https:\/\/marekkuchcinski.pl\/wydarzenia\/budapeszt-inauguracja-klubow-europy-karpat-w-scruton-cafe\/\"},\"wordCount\":1480,\"commentCount\":0,\"publisher\":{\"@id\":\"https:\/\/marekkuchcinski.pl\/#organization\"},\"image\":{\"@id\":\"https:\/\/marekkuchcinski.pl\/wydarzenia\/budapeszt-inauguracja-klubow-europy-karpat-w-scruton-cafe\/#primaryimage\"},\"thumbnailUrl\":\"https:\/\/marekkuchcinski.pl\/wp-content\/uploads\/2022\/06\/287133530_766098791236018_3677367738293129420_n.jpg\",\"articleSection\":[\"Wsp\u00f3\u0142praca mi\u0119dzynarodowa\",\"Wydarzenia\"],\"inLanguage\":\"en-GB\",\"potentialAction\":[{\"@type\":\"CommentAction\",\"name\":\"Comment\",\"target\":[\"https:\/\/marekkuchcinski.pl\/wydarzenia\/budapeszt-inauguracja-klubow-europy-karpat-w-scruton-cafe\/#respond\"]}]},{\"@type\":\"WebPage\",\"@id\":\"https:\/\/marekkuchcinski.pl\/wydarzenia\/budapeszt-inauguracja-klubow-europy-karpat-w-scruton-cafe\/\",\"url\":\"https:\/\/marekkuchcinski.pl\/wydarzenia\/budapeszt-inauguracja-klubow-europy-karpat-w-scruton-cafe\/\",\"name\":\"Budapeszt: Inauguracja Klub\u00f3w Europy Karpat w Scruton Cafe &#8211; Marek Kuchci\u0144ski\",\"isPartOf\":{\"@id\":\"https:\/\/marekkuchcinski.pl\/#website\"},\"primaryImageOfPage\":{\"@id\":\"https:\/\/marekkuchcinski.pl\/wydarzenia\/budapeszt-inauguracja-klubow-europy-karpat-w-scruton-cafe\/#primaryimage\"},\"image\":{\"@id\":\"https:\/\/marekkuchcinski.pl\/wydarzenia\/budapeszt-inauguracja-klubow-europy-karpat-w-scruton-cafe\/#primaryimage\"},\"thumbnailUrl\":\"https:\/\/marekkuchcinski.pl\/wp-content\/uploads\/2022\/06\/287133530_766098791236018_3677367738293129420_n.jpg\",\"datePublished\":\"2022-06-13T21:36:00+00:00\",\"dateModified\":\"2022-06-17T08:55:01+00:00\",\"breadcrumb\":{\"@id\":\"https:\/\/marekkuchcinski.pl\/wydarzenia\/budapeszt-inauguracja-klubow-europy-karpat-w-scruton-cafe\/#breadcrumb\"},\"inLanguage\":\"en-GB\",\"potentialAction\":[{\"@type\":\"ReadAction\",\"target\":[\"https:\/\/marekkuchcinski.pl\/wydarzenia\/budapeszt-inauguracja-klubow-europy-karpat-w-scruton-cafe\/\"]}]},{\"@type\":\"ImageObject\",\"inLanguage\":\"en-GB\",\"@id\":\"https:\/\/marekkuchcinski.pl\/wydarzenia\/budapeszt-inauguracja-klubow-europy-karpat-w-scruton-cafe\/#primaryimage\",\"url\":\"https:\/\/marekkuchcinski.pl\/wp-content\/uploads\/2022\/06\/287133530_766098791236018_3677367738293129420_n.jpg\",\"contentUrl\":\"https:\/\/marekkuchcinski.pl\/wp-content\/uploads\/2022\/06\/287133530_766098791236018_3677367738293129420_n.jpg\",\"width\":1442,\"height\":960},{\"@type\":\"BreadcrumbList\",\"@id\":\"https:\/\/marekkuchcinski.pl\/wydarzenia\/budapeszt-inauguracja-klubow-europy-karpat-w-scruton-cafe\/#breadcrumb\",\"itemListElement\":[{\"@type\":\"ListItem\",\"position\":1,\"name\":\"Strona g\u0142\u00f3wna\",\"item\":\"https:\/\/marekkuchcinski.pl\/\"},{\"@type\":\"ListItem\",\"position\":2,\"name\":\"Budapeszt: Inauguracja Klub\u00f3w Europy Karpat w Scruton Cafe\"}]},{\"@type\":\"WebSite\",\"@id\":\"https:\/\/marekkuchcinski.pl\/#website\",\"url\":\"https:\/\/marekkuchcinski.pl\/\",\"name\":\"Marek Kuchci\u0144ski\",\"description\":\"Pose\u0142 na sejm RP &ndash; okr\u0119g nr 22\",\"publisher\":{\"@id\":\"https:\/\/marekkuchcinski.pl\/#organization\"},\"potentialAction\":[{\"@type\":\"SearchAction\",\"target\":{\"@type\":\"EntryPoint\",\"urlTemplate\":\"https:\/\/marekkuchcinski.pl\/?s={search_term_string}\"},\"query-input\":{\"@type\":\"PropertyValueSpecification\",\"valueRequired\":true,\"valueName\":\"search_term_string\"}}],\"inLanguage\":\"en-GB\"},{\"@type\":\"Organization\",\"@id\":\"https:\/\/marekkuchcinski.pl\/#organization\",\"name\":\"Marek Kuchci\u0144ski\",\"url\":\"https:\/\/marekkuchcinski.pl\/\",\"logo\":{\"@type\":\"ImageObject\",\"inLanguage\":\"en-GB\",\"@id\":\"https:\/\/marekkuchcinski.pl\/#\/schema\/logo\/image\/\",\"url\":\"https:\/\/marekkuchcinski.pl\/wp-content\/uploads\/2022\/09\/Marek.jpg\",\"contentUrl\":\"https:\/\/marekkuchcinski.pl\/wp-content\/uploads\/2022\/09\/Marek.jpg\",\"width\":1600,\"height\":971,\"caption\":\"Marek Kuchci\u0144ski\"},\"image\":{\"@id\":\"https:\/\/marekkuchcinski.pl\/#\/schema\/logo\/image\/\"}},{\"@type\":\"Person\",\"@id\":\"https:\/\/marekkuchcinski.pl\/#\/schema\/person\/51d5d4ee3b5317b8e4dd2b48af359229\",\"name\":\"Marta Olejnik\",\"image\":{\"@type\":\"ImageObject\",\"inLanguage\":\"en-GB\",\"@id\":\"https:\/\/marekkuchcinski.pl\/#\/schema\/person\/image\/\",\"url\":\"https:\/\/secure.gravatar.com\/avatar\/e39914b2aa6a48959e24d475b5dc9793?s=96&d=mm&r=g\",\"contentUrl\":\"https:\/\/secure.gravatar.com\/avatar\/e39914b2aa6a48959e24d475b5dc9793?s=96&d=mm&r=g\",\"caption\":\"Marta Olejnik\"},\"url\":\"https:\/\/marekkuchcinski.pl\/en\/author\/marta\/\"}]}<\/script>\n<!-- \/ Yoast SEO plugin. -->","yoast_head_json":{"title":"Budapeszt: Inauguracja Klub\u00f3w Europy Karpat w Scruton Cafe &#8211; Marek Kuchci\u0144ski","robots":{"index":"index","follow":"follow","max-snippet":"max-snippet:-1","max-image-preview":"max-image-preview:large","max-video-preview":"max-video-preview:-1"},"canonical":"https:\/\/marekkuchcinski.pl\/en\/wydarzenia\/budapeszt-inauguracja-klubow-europy-karpat-w-scruton-cafe\/","og_locale":"en_GB","og_type":"article","og_title":"Budapeszt: Inauguracja Klub\u00f3w Europy Karpat w Scruton Cafe &#8211; Marek Kuchci\u0144ski","og_description":"13 czerwca w Budapeszcie odby\u0142 si\u0119 panel dyskusyjny w ramach inauguracji Klub\u00f3w Europy Karpat na temat stosunk\u00f3w polsko-w\u0119gierskich i wojny na Ukrainie. Udzia\u0142 w nim wzi\u0119li m.in. Ryszard Terlecki &#8211; marsza\u0142ek Sejmu RP Marek Kuchci\u0144ski, przewodnicz\u0105cy Komisji Spraw ZagranicznychBogus\u0142aw Sonik, pose\u0142 na Sejm RP Zsolt N\u00e9meth, przewodnicz\u0105cy Komisji Spraw Zagranicznych Zgromadzenia Narodowego W\u0119gier Bal\u00e1zs Orb\u00e1n, [&hellip;]","og_url":"https:\/\/marekkuchcinski.pl\/en\/wydarzenia\/budapeszt-inauguracja-klubow-europy-karpat-w-scruton-cafe\/","og_site_name":"Marek Kuchci\u0144ski","article_published_time":"2022-06-13T21:36:00+00:00","article_modified_time":"2022-06-17T08:55:01+00:00","og_image":[{"width":1442,"height":960,"url":"https:\/\/marekkuchcinski.pl\/wp-content\/uploads\/2022\/06\/287133530_766098791236018_3677367738293129420_n.jpg","type":"image\/jpeg"}],"author":"Marta Olejnik","twitter_card":"summary_large_image","twitter_misc":{"Written by":"Marta Olejnik","Estimated reading time":"7 minutes"},"schema":{"@context":"https:\/\/schema.org","@graph":[{"@type":"Article","@id":"https:\/\/marekkuchcinski.pl\/wydarzenia\/budapeszt-inauguracja-klubow-europy-karpat-w-scruton-cafe\/#article","isPartOf":{"@id":"https:\/\/marekkuchcinski.pl\/wydarzenia\/budapeszt-inauguracja-klubow-europy-karpat-w-scruton-cafe\/"},"author":{"name":"Marta Olejnik","@id":"https:\/\/marekkuchcinski.pl\/#\/schema\/person\/51d5d4ee3b5317b8e4dd2b48af359229"},"headline":"Budapeszt: Inauguracja Klub\u00f3w Europy Karpat w Scruton Cafe","datePublished":"2022-06-13T21:36:00+00:00","dateModified":"2022-06-17T08:55:01+00:00","mainEntityOfPage":{"@id":"https:\/\/marekkuchcinski.pl\/wydarzenia\/budapeszt-inauguracja-klubow-europy-karpat-w-scruton-cafe\/"},"wordCount":1480,"commentCount":0,"publisher":{"@id":"https:\/\/marekkuchcinski.pl\/#organization"},"image":{"@id":"https:\/\/marekkuchcinski.pl\/wydarzenia\/budapeszt-inauguracja-klubow-europy-karpat-w-scruton-cafe\/#primaryimage"},"thumbnailUrl":"https:\/\/marekkuchcinski.pl\/wp-content\/uploads\/2022\/06\/287133530_766098791236018_3677367738293129420_n.jpg","articleSection":["Wsp\u00f3\u0142praca mi\u0119dzynarodowa","Wydarzenia"],"inLanguage":"en-GB","potentialAction":[{"@type":"CommentAction","name":"Comment","target":["https:\/\/marekkuchcinski.pl\/wydarzenia\/budapeszt-inauguracja-klubow-europy-karpat-w-scruton-cafe\/#respond"]}]},{"@type":"WebPage","@id":"https:\/\/marekkuchcinski.pl\/wydarzenia\/budapeszt-inauguracja-klubow-europy-karpat-w-scruton-cafe\/","url":"https:\/\/marekkuchcinski.pl\/wydarzenia\/budapeszt-inauguracja-klubow-europy-karpat-w-scruton-cafe\/","name":"Budapeszt: Inauguracja Klub\u00f3w Europy Karpat w Scruton Cafe &#8211; Marek Kuchci\u0144ski","isPartOf":{"@id":"https:\/\/marekkuchcinski.pl\/#website"},"primaryImageOfPage":{"@id":"https:\/\/marekkuchcinski.pl\/wydarzenia\/budapeszt-inauguracja-klubow-europy-karpat-w-scruton-cafe\/#primaryimage"},"image":{"@id":"https:\/\/marekkuchcinski.pl\/wydarzenia\/budapeszt-inauguracja-klubow-europy-karpat-w-scruton-cafe\/#primaryimage"},"thumbnailUrl":"https:\/\/marekkuchcinski.pl\/wp-content\/uploads\/2022\/06\/287133530_766098791236018_3677367738293129420_n.jpg","datePublished":"2022-06-13T21:36:00+00:00","dateModified":"2022-06-17T08:55:01+00:00","breadcrumb":{"@id":"https:\/\/marekkuchcinski.pl\/wydarzenia\/budapeszt-inauguracja-klubow-europy-karpat-w-scruton-cafe\/#breadcrumb"},"inLanguage":"en-GB","potentialAction":[{"@type":"ReadAction","target":["https:\/\/marekkuchcinski.pl\/wydarzenia\/budapeszt-inauguracja-klubow-europy-karpat-w-scruton-cafe\/"]}]},{"@type":"ImageObject","inLanguage":"en-GB","@id":"https:\/\/marekkuchcinski.pl\/wydarzenia\/budapeszt-inauguracja-klubow-europy-karpat-w-scruton-cafe\/#primaryimage","url":"https:\/\/marekkuchcinski.pl\/wp-content\/uploads\/2022\/06\/287133530_766098791236018_3677367738293129420_n.jpg","contentUrl":"https:\/\/marekkuchcinski.pl\/wp-content\/uploads\/2022\/06\/287133530_766098791236018_3677367738293129420_n.jpg","width":1442,"height":960},{"@type":"BreadcrumbList","@id":"https:\/\/marekkuchcinski.pl\/wydarzenia\/budapeszt-inauguracja-klubow-europy-karpat-w-scruton-cafe\/#breadcrumb","itemListElement":[{"@type":"ListItem","position":1,"name":"Strona g\u0142\u00f3wna","item":"https:\/\/marekkuchcinski.pl\/"},{"@type":"ListItem","position":2,"name":"Budapeszt: Inauguracja Klub\u00f3w Europy Karpat w Scruton Cafe"}]},{"@type":"WebSite","@id":"https:\/\/marekkuchcinski.pl\/#website","url":"https:\/\/marekkuchcinski.pl\/","name":"Marek Kuchci\u0144ski","description":"Pose\u0142 na sejm RP &ndash; okr\u0119g nr 22","publisher":{"@id":"https:\/\/marekkuchcinski.pl\/#organization"},"potentialAction":[{"@type":"SearchAction","target":{"@type":"EntryPoint","urlTemplate":"https:\/\/marekkuchcinski.pl\/?s={search_term_string}"},"query-input":{"@type":"PropertyValueSpecification","valueRequired":true,"valueName":"search_term_string"}}],"inLanguage":"en-GB"},{"@type":"Organization","@id":"https:\/\/marekkuchcinski.pl\/#organization","name":"Marek Kuchci\u0144ski","url":"https:\/\/marekkuchcinski.pl\/","logo":{"@type":"ImageObject","inLanguage":"en-GB","@id":"https:\/\/marekkuchcinski.pl\/#\/schema\/logo\/image\/","url":"https:\/\/marekkuchcinski.pl\/wp-content\/uploads\/2022\/09\/Marek.jpg","contentUrl":"https:\/\/marekkuchcinski.pl\/wp-content\/uploads\/2022\/09\/Marek.jpg","width":1600,"height":971,"caption":"Marek Kuchci\u0144ski"},"image":{"@id":"https:\/\/marekkuchcinski.pl\/#\/schema\/logo\/image\/"}},{"@type":"Person","@id":"https:\/\/marekkuchcinski.pl\/#\/schema\/person\/51d5d4ee3b5317b8e4dd2b48af359229","name":"Marta Olejnik","image":{"@type":"ImageObject","inLanguage":"en-GB","@id":"https:\/\/marekkuchcinski.pl\/#\/schema\/person\/image\/","url":"https:\/\/secure.gravatar.com\/avatar\/e39914b2aa6a48959e24d475b5dc9793?s=96&d=mm&r=g","contentUrl":"https:\/\/secure.gravatar.com\/avatar\/e39914b2aa6a48959e24d475b5dc9793?s=96&d=mm&r=g","caption":"Marta Olejnik"},"url":"https:\/\/marekkuchcinski.pl\/en\/author\/marta\/"}]}},"_links":{"self":[{"href":"https:\/\/marekkuchcinski.pl\/en\/wp-json\/wp\/v2\/posts\/25536","targetHints":{"allow":["GET"]}}],"collection":[{"href":"https:\/\/marekkuchcinski.pl\/en\/wp-json\/wp\/v2\/posts"}],"about":[{"href":"https:\/\/marekkuchcinski.pl\/en\/wp-json\/wp\/v2\/types\/post"}],"author":[{"embeddable":true,"href":"https:\/\/marekkuchcinski.pl\/en\/wp-json\/wp\/v2\/users\/21"}],"replies":[{"embeddable":true,"href":"https:\/\/marekkuchcinski.pl\/en\/wp-json\/wp\/v2\/comments?post=25536"}],"version-history":[{"count":2,"href":"https:\/\/marekkuchcinski.pl\/en\/wp-json\/wp\/v2\/posts\/25536\/revisions"}],"predecessor-version":[{"id":25553,"href":"https:\/\/marekkuchcinski.pl\/en\/wp-json\/wp\/v2\/posts\/25536\/revisions\/25553"}],"wp:featuredmedia":[{"embeddable":true,"href":"https:\/\/marekkuchcinski.pl\/en\/wp-json\/wp\/v2\/media\/25538"}],"wp:attachment":[{"href":"https:\/\/marekkuchcinski.pl\/en\/wp-json\/wp\/v2\/media?parent=25536"}],"wp:term":[{"taxonomy":"category","embeddable":true,"href":"https:\/\/marekkuchcinski.pl\/en\/wp-json\/wp\/v2\/categories?post=25536"},{"taxonomy":"post_tag","embeddable":true,"href":"https:\/\/marekkuchcinski.pl\/en\/wp-json\/wp\/v2\/tags?post=25536"}],"curies":[{"name":"wp","href":"https:\/\/api.w.org\/{rel}","templated":true}]}}